{"id":15507,"date":"2024-04-05T00:08:00","date_gmt":"2024-04-04T22:08:00","guid":{"rendered":"https:\/\/lemotdujour.fr\/?p=15507"},"modified":"2024-04-04T23:51:49","modified_gmt":"2024-04-04T21:51:49","slug":"vendredi-5-avril-2024","status":"publish","type":"post","link":"https:\/\/lemotdujour.fr\/?p=15507","title":{"rendered":"Vendredi 5 avril 2024"},"content":{"rendered":"<div class=\"mdjTexte\">\u00ab Mais, au nom de Dieu, qu&rsquo;on laisse tranquille la Palestine \u00bb<\/div>\n<div class=\"mdjAuteur\">Yusuf Dia Khalidi (1842-1906), dans une lettre du 1er Mars 1899,destin\u00e9e \u00e0 Theodor Herzl<\/div>\n<p><span style=\"color: #777777; font-family: arial;\">Est-il n\u00e9cessaire de faire le point sur la situation \u00e0 Gaza et au Proche-Orient ?<\/span><\/p>\n<p><span style=\"color: #777777; font-family: arial;\"><span style=\"color: #777777; font-family: arial;\">Nous sommes au milieu du chaos. Le Hamas, sans aucune consid\u00e9ration et humanit\u00e9 \u00e0 l\u2019\u00e9gard de la population de Gaza, a lanc\u00e9 une attaque terroriste d\u2019une ampleur et d\u2019une violence inou\u00efe\u00a0 contre Isra\u00ebl et sa population. <\/span><\/span><\/p>\n<p><span style=\"color: #777777; font-family: arial;\"><span style=\"color: #777777; font-family: arial;\">Depuis, dans un mouvement de r\u00e9action mais aussi de rage et de vengeance, Isra\u00ebl s\u2019acharne sur les maisons de Gaza et surtout sa population. <\/span><\/span><\/p>\n<p><span style=\"color: #777777; font-family: arial;\"><span style=\"color: #777777; font-family: arial;\">Aujourd\u2019hui, je voudrai partager une page d\u2019Histoire. <\/span><\/span><span style=\"color: #777777; font-family: arial;\"><span style=\"color: #777777; font-family: arial;\">Du 29 au 31 ao\u00fbt 1897, <strong>Theodor Herzl<\/strong> convoqua le <a href=\"https:\/\/fr.wikipedia.org\/wiki\/Premier_congr%C3%A8s_sioniste\"><span style=\"color: #0000ff;\"><u>Premier Congr\u00e8s Sioniste mondial \u00e0 B\u00e2le<\/u><\/span><\/a>, en Suisse. Ce congr\u00e8s appelle \u00e0 la cr\u00e9ation d\u2019un foyer juif en Palestine. Dans son journal, \u00e0 la date du 3 septembre 1897, il \u00e9crit :<\/span><\/span><\/p>\n<p style=\"margin-left: 28pt;\"><span style=\"color: #c00000; font-family: arial;\">\u00abA B\u00e2le, j\u2019ai fond\u00e9 l\u2019\u00c9tat juif\u2026 Dans cinq ans peut-\u00eatre, dans cinquante s\u00fbrement, chacun le verra.\u00bb <\/span><\/p>\n<p><span style=\"color: #777777; font-family: arial;\">Un homme, un arabe de Palestine observe ce mouvement avec attention et angoisse. Il a pour nom <strong>Yusuf Dia Khalidi<\/strong> , certains \u00e9crivent son nom : Youssef Diya Al-Khalidi. <\/span><\/p>\n<p><span style=\"color: #777777; font-family: arial;\">C\u2019est un homme \u00e9rudit, polyglotte, il a \u00e9t\u00e9 maire de J\u00e9rusalem \u00e0 plusieurs reprises. Il conna\u00eet le projet sioniste par les journaux. Et, il a observ\u00e9 les premi\u00e8res frictions entre les nouveaux arrivants et les fellahs (paysans) locaux, d\u00e9plac\u00e9s de force pour permettre la cr\u00e9ation des colonies. <\/span><\/p>\n<p><span style=\"color: #777777; font-family: arial;\">Alors, le 1er mars 1899, Yusuf Dia Khalidi qui est alors d\u00e9put\u00e9 au Parlement imp\u00e9rial ottoman \u00e0 Constantinople, prend la plume et envoie, en langue fran\u00e7aise, une lettre de sept pages au grand rabbin de France, Zadoc Kahn, lui demandant de la transmettre \u00e0 Herzl. <\/span><\/p>\n<p><span style=\"color: #777777; font-family: arial;\">Vous trouverez cette lettre, ainsi que la r\u00e9ponse de Theodor Herzl sur ce site &lt;<a href=\"https:\/\/revue-conditions.com\/correspondance\"><span style=\"color: #0000ff;\"><u>Correspondance 1899<\/u><\/span><\/a>&gt;. J\u2019en cite quelques extraits. Voici d\u2019abord l\u2019introduction qui montre son empathie pour le peuple juif.<\/span><\/p>\n<p style=\"margin-left: 28pt;\"><span style=\"color: #c00000; font-family: arial;\">\u00ab Je me flatte de penser que je n&rsquo;ai besoin de parler de mes sentiments vers Votre peuple. Tous ceux qui me connaissent savent bien, que je ne fais aucune distinction entre juifs, chr\u00e9tiens et musulmans. <\/span><\/p>\n<p style=\"margin-left: 28pt;\"><span style=\"color: #c00000; font-family: arial;\">Je m&rsquo;inspire toujours de la sublime parole de Votre Proph\u00e8te Malachie, n&rsquo;est-ce pas que nous avons un p\u00e8re commun \u00e0 nous tous ? N&rsquo;est-ce pas le m\u00eame Dieu qui nous \u00e0 cr\u00e9\u00e9 tous ?<\/span><\/p>\n<p style=\"margin-left: 28pt;\"><span style=\"color: #c00000; font-family: arial;\">En ce qui concerne les isra\u00e9lites je prends cette parole au sens de la lettre, car, en dehors de ce que je les estime pour leurs hautes qualit\u00e9s morales et intellectuelles, je les consid\u00e8re vraiment comme parents \u00e0 nous autres, arabes, pour nous ils sont des cousins, nous avons vraiment le m\u00eame P\u00e8re, Abraham, dont nous descendons \u00e9galement. [\u2026] Ce sont ces sentiments qui me mettent \u00e0 l&rsquo;aise pour Vous parler franchement de la grande question qui agite actuellement le peuple juif. Vous Vous doutez bien que je veux parler du Sionisme. \u00bb<\/span><\/p>\n<p><span style=\"color: #777777; font-family: arial;\">Et, il \u00e9crit ensuite ce paragraphe que l\u2019historien juif, <strong>Georges Bensoussan<\/strong>, rel\u00e8ve dans son livre \u00ab <strong>Les origines du conflit isra\u00e9lo-arabe (1870-1950)<\/strong> \u00bb : <\/span><\/p>\n<p style=\"margin-left: 28pt;\"><span style=\"color: #c00000; font-family: arial;\">\u00ab L&rsquo;id\u00e9e en elle-m\u00eame n&rsquo;est que toute naturelle, belle et juste. <strong>Qui peut contester les droits des Juifs sur la Palestine ? Mon Dieu, historiquement c&rsquo;est bien Votre pays !<\/strong> Et quel spectacle merveilleux \u00e7a serait si les Juifs, si dou\u00e9s, \u00e9taient de nouveau reconstitu\u00e9s en une nation ind\u00e9pendante, respect\u00e9e, heureuse, pouvant rendre \u00e0 la pauvre humanit\u00e9 des services dans le domaine moral comme autrefois ! \u00bb<\/span><\/p>\n<p><span style=\"color: #777777; font-family: arial;\">Yusuf Dia Khalidi exprime d\u2019abord l\u2019id\u00e9e que le projet sioniste est vou\u00e9 \u00e0 l\u2019\u00e9chec. L\u2019Histoire lui a donn\u00e9 tort, l&rsquo;\u00c9tat d&rsquo;Isra\u00ebl a bel et bien vu le jour. Mais quand il \u00e9crivait cela, il ne pouvait imaginer une succession d\u2019\u00e9v\u00e8nements au XX\u00e8me si\u00e8cle qui vont rendre possible ce qui semblait impossible : la Premi\u00e8re guerre mondiale, la disparition de l&rsquo;Empire ottoman, l\u2019attitude ambig\u00fce, perverse et colonisatrice britannique, la seconde guerre mondiale, la shoah. Cette succession d\u2019horreurs et d\u2019interventions d\u00e9l\u00e9t\u00e8res des \u00c9tats europ\u00e9ens vont permettre, avec la volont\u00e9, l&rsquo;action et l&rsquo;organisation des juifs de Palestine, la r\u00e9alisation de l&rsquo;utopie sioniste : <\/span><\/p>\n<p style=\"margin-left: 28pt;\"><span style=\"color: #c00000; font-family: arial;\">\u00ab <\/span><span style=\"color: #c00000; font-family: arial;\">Malheureusement, les destin\u00e9es des nations ne sont point gouvern\u00e9es seulement par ces conceptions abstraites, si pures, si nobles qu&rsquo;elles puissent \u00eatre. Il faut compter avec la r\u00e9alit\u00e9, avec les faits acquis, avec la force, oui avec la force brutale des circonstances. [\u2026] J&rsquo;ai \u00e9t\u00e9 pendant dix ans maire de J\u00e9rusalem, et apr\u00e8s d\u00e9put\u00e9 de cette ville au Parlement imp\u00e9rial et je le suis encore ; je travaille maintenant pour le bien de cette ville pour y amener de l&rsquo;eau salubre. Je suis en \u00e9tat de Vous parler en connaissance de cause. Nous nous consid\u00e9rons nous Arabes et Turcs, comme gardiens des lieux \u00e9galement sacr\u00e9s pour les trois religions, le juda\u00efsme, la chr\u00e9tient\u00e9 et l&rsquo;Islam. Eh bien, comment les meneurs du Sionisme peuvent-ils s&rsquo;imaginer qu&rsquo;ils parviendraient \u00e0 arracher ces lieux sacr\u00e9s aux deux autres religions qui sont l&rsquo;immense majorit\u00e9 ? Quelles forces mat\u00e9rielles les juifs poss\u00e8dent-ils pour imposer leur volont\u00e9 eux qui sont 10 millions au plus, aux 350 millions des chr\u00e9tiens et 300 millions des musulmans. Les Juifs poss\u00e8dent certainement des capitaux et de l&rsquo;intelligence. Mais si grande que soit la force de l&rsquo;argent dans ce monde, on ne peut acheter tout \u00e0 coups de millions. [\u2026] C&rsquo;est donc une pure folie de la part de Dr. Herzl, que j&rsquo;estime d&rsquo;ailleurs comme homme et comme \u00e9crivain de talent, et comme vrai patriote juif, et de ses amis, de s&rsquo;imaginer que, m\u00eame s&rsquo;il \u00e9tait possible d&rsquo;obtenir le consentement de S.M. le Sultan, ils arriveraient un jour de s&#8217;emparer de la Palestine.\u00bb<\/span><\/p>\n<p><span style=\"color: #777777; font-family: arial;\">Mais s&rsquo;il s&rsquo;est tromp\u00e9 dans sa premi\u00e8re pr\u00e9diction, il ne s&rsquo;est pas tromp\u00e9 sur le fanatisme et le bain de sang que suivrait une telle r\u00e9alisation. Il pensait que la plus grande haine viendrait des chr\u00e9tiens, il a sous estim\u00e9 la r\u00e9action des arabes musulmans de Palestine qui se sont sentis trahis, envahis, ignor\u00e9s, d\u00e9poss\u00e9d\u00e9s : <\/span><\/p>\n<p style=\"margin-left: 28pt;\"><span style=\"color: #c00000; font-family: arial;\"> Mais je ne me croirais pas en droit d&rsquo;intervenir si je ne pr\u00e9voyais pas un grand danger de ce mouvement pour les isra\u00e9lites en Turquie et surtout en Palestine.<br \/>\nCertes, les Turcs et les Arabes sont g\u00e9n\u00e9ralement bien dispos\u00e9s envers Vos coreligionnaires. Cependant il y a parmi eux aussi des fanatiques, eux aussi, comme toutes les autres nations, m\u00eame les plus civilis\u00e9es, ne sont pas exemptes des sentiments de haine de race. En r\u00e9alit\u00e9, il y a en Palestine des Chr\u00e9tiens fanatiques, surtout parmi les orthodoxes et les catholiques, qui consid\u00e9rant la Palestine comme devant appartenir \u00e0 eux seulement, sont tr\u00e8s jaloux des progr\u00e8s des Juifs dans le pays de leurs anc\u00eatres et ne laissent passer aucune occasion pour exciter la haine des musulmans contre les Juifs. Il y a lieu de craindre un mouvement populaire contre Vos coreligionnaires, malheureux depuis tant de si\u00e8cles, qui leur serait fatal et que le gouvernement dou\u00e9 des meilleures dispositions du monde ne pourra \u00e9touffer facilement. C&rsquo;est cette \u00e9ventualit\u00e9 tr\u00e8s possible qui me met la plume dans la main pour vous \u00e9crire. Il faut donc pour la tranquillit\u00e9 des Juifs en Turquie que le mouvement sioniste, dans le sens <u>g\u00e9ographique<\/u> du mot, cesse. Que l&rsquo;on cherche un endroit quelque part pour la malheureuse nation juive, rien de plus juste et \u00e9quitable. Mon Dieu, la terre est assez vaste, il y a encore des pays inhabit\u00e9s ou l&rsquo;on pourrait placer les millions d&rsquo;isra\u00e9lites pauvres, qui y deviendraient peut-\u00eatre heureux et un jour constitueraient une nation. Ce serait peut-\u00eatre la meilleure, la plus rationnelle solution de la question juive. Mais, au nom de Dieu, qu&rsquo;on laisse tranquille la Palestine. \u00bb<\/span><\/p>\n<p><span style=\"color: #777777; font-family: arial;\"><a href=\"https:\/\/www.lemonde.fr\/international\/article\/2024\/01\/07\/la-palestine-une-terre-deux-fois-promise_6209558_3210.html\"><img loading=\"lazy\" decoding=\"async\" class=\"alignright\" style=\"margin: 0px 0px 18px; display: inline; background-image: none;\" title=\"18970101_PD0019\" src=\"https:\/\/lemotdujour.fr\/wp-content\/uploads\/2024\/04\/Herzl-et-Youssef-Diya-Al-Khalidi.jpg\" alt=\"18970101_PD0019\" width=\"484\" height=\"397\" border=\"0\" \/><\/a><\/span><span style=\"color: #777777; font-family: arial;\">Theodor Herzl lui r\u00e9pondra avec diplomatie, sens de l\u2019\u00e9conomie et en minimisant l\u2019ambition sioniste en ce lieu. A sa d\u00e9charge, lui aussi ne pouvait imaginer ce que la premi\u00e8re moiti\u00e9 du XX\u00e8me si\u00e8cle allait bouleverser dans l\u2019histoire de l\u2019humanit\u00e9 et particuli\u00e8rement de l\u2019Europe : <\/span><\/p>\n<p style=\"margin-left: 28pt;\"><span style=\"color: #c00000; font-family: arial;\">\u00ab [\u2026] les Juifs n&rsquo;ont aucune puissance bellig\u00e9rante derri\u00e8re eux, et ils ne sont pas eux-m\u00eames de nature guerri\u00e8re. C&rsquo;est un \u00e9l\u00e9ment tout \u00e0 fait paisible, et tr\u00e8s satisfaisant s&rsquo;ils sont laiss\u00e9s en paix. Il n&rsquo;y a donc absolument rien \u00e0 craindre de leur immigration. [\u2026]<br \/>\nVous voyez une autre difficult\u00e9, Excellence, dans l&rsquo;existence de la population non-juive en Palestine. Mais qui penserait \u00e0 les renvoyer ? C&rsquo;est leur bien-\u00eatre, leur richesse individuelle que nous augmenterons en y apportant la n\u00f4tre. Pensez-vous qu&rsquo;un Arabe qui poss\u00e8de un terrain ou une maison en Palestine d&rsquo;une valeur de trois ou quatre mille francs sera tr\u00e8s f\u00e2ch\u00e9 de voir le prix de sa terre augmenter en peu de temps, de la voir augmenter de cinq \u00e0 dix fois en valeur peut-\u00eatre en quelques mois ? D&rsquo;ailleurs, cela se produira n\u00e9cessairement avec l&rsquo;arriv\u00e9e des Juifs. C&rsquo;est ce que la population indig\u00e8ne doit r\u00e9aliser, qu&rsquo;elle gagnera d&rsquo;excellents fr\u00e8res comme le Sultan gagnera des sujets fid\u00e8les et bons qui feront prosp\u00e9rer cette province, cette province qui est leur patrie historique. \u00bb <\/span><\/p>\n<p><span style=\"color: #777777; font-family: arial;\">Je vous redonne le lien vers le site qui donne l\u2019int\u00e9gralit\u00e9 des lettres : &lt;<a href=\"https:\/\/revue-conditions.com\/correspondance\"><span style=\"color: #0000ff;\"><u>Correspondance 1899<\/u><\/span><\/a>&gt;. J\u2019ai appris l\u2019existence de cet \u00e9change par l\u2019excellente s\u00e9rie que <strong>Thomas Sn\u00e9goroff<\/strong> a consacr\u00e9 \u00e0 ce conflit \u00ab <a href=\"https:\/\/www.radiofrance.fr\/franceinter\/podcasts\/serie-six-dates-cles\"><span style=\"color: #0000ff;\"><u>Six dates cl\u00e9s<\/u><\/span><\/a> \u00bb et particuli\u00e8rement la premi\u00e8re \u00e9mission avec l\u2019historien Vincent Lemire : \u00ab <a href=\"https:\/\/www.radiofrance.fr\/franceinter\/podcasts\/le-grand-face-a-face\/1917-8684537\"><span style=\"color: #0000ff;\"><u>1897, l&rsquo;utopie sioniste<\/u><\/span><\/a> \u00bb<\/span><\/p>\n<p><span style=\"color: #777777; font-family: arial;\">Bien s\u00fbr, ce ne seront pas les historiens qui trouveront les solutions de la Paix aujourd\u2019hui. Mais ils permettent quand m\u00eame de comprendre que ce territoire est celui de deux peuples et qu\u2019il faut des hommes d\u2019\u00c9tat qui soient capables de trouver les conditions de cohabitation des deux peuples dans l\u2019honneur et la s\u00e9curit\u00e9. Celles et ceux qui pensent qu\u2019il est possible de vider ce territoire de l\u2019autre peuple sont atteints de folie qui ne peut que faire perdurer le bain de sang.<\/span><\/p>\n<p><span style=\"color: #c00000; font-family: arial;\">&lt;1800&gt;<\/span><\/p>\n","protected":false},"excerpt":{"rendered":"<p>\u00ab Mais, au nom de Dieu, qu&rsquo;on laisse tranquille la Palestine \u00bb Yusuf Dia Khalidi (1842-1906), dans une lettre du 1er Mars 1899,destin\u00e9e \u00e0 Theodor Herzl Est-il n\u00e9cessaire de faire le point sur la situation \u00e0 Gaza et au Proche-Orient<\/p>\n","protected":false},"author":1,"featured_media":0,"comment_status":"open","ping_status":"closed","sticky":false,"template":"","format":"standard","meta":{"footnotes":""},"categories":[1],"tags":[17,201,245],"class_list":["post-15507","post","type-post","status-publish","format-standard","hentry","category-motdujour","tag-histoire","tag-palestine","tag-sionisme"],"_links":{"self":[{"href":"https:\/\/lemotdujour.fr\/index.php?rest_route=\/wp\/v2\/posts\/15507","targetHints":{"allow":["GET"]}}],"collection":[{"href":"https:\/\/lemotdujour.fr\/index.php?rest_route=\/wp\/v2\/posts"}],"about":[{"href":"https:\/\/lemotdujour.fr\/index.php?rest_route=\/wp\/v2\/types\/post"}],"author":[{"embeddable":true,"href":"https:\/\/lemotdujour.fr\/index.php?rest_route=\/wp\/v2\/users\/1"}],"replies":[{"embeddable":true,"href":"https:\/\/lemotdujour.fr\/index.php?rest_route=%2Fwp%2Fv2%2Fcomments&post=15507"}],"version-history":[{"count":5,"href":"https:\/\/lemotdujour.fr\/index.php?rest_route=\/wp\/v2\/posts\/15507\/revisions"}],"predecessor-version":[{"id":15513,"href":"https:\/\/lemotdujour.fr\/index.php?rest_route=\/wp\/v2\/posts\/15507\/revisions\/15513"}],"wp:attachment":[{"href":"https:\/\/lemotdujour.fr\/index.php?rest_route=%2Fwp%2Fv2%2Fmedia&parent=15507"}],"wp:term":[{"taxonomy":"category","embeddable":true,"href":"https:\/\/lemotdujour.fr\/index.php?rest_route=%2Fwp%2Fv2%2Fcategories&post=15507"},{"taxonomy":"post_tag","embeddable":true,"href":"https:\/\/lemotdujour.fr\/index.php?rest_route=%2Fwp%2Fv2%2Ftags&post=15507"}],"curies":[{"name":"wp","href":"https:\/\/api.w.org\/{rel}","templated":true}]}}