{"id":1548,"date":"2015-12-11T01:00:00","date_gmt":"2015-12-10T22:00:00","guid":{"rendered":"http:\/\/lemotdujour.fr\/?p=1548"},"modified":"2017-10-08T22:53:06","modified_gmt":"2017-10-08T20:53:06","slug":"vendredi-11-decembre-2015","status":"publish","type":"post","link":"https:\/\/lemotdujour.fr\/?p=1548","title":{"rendered":"Vendredi 11 d\u00e9cembre 2015"},"content":{"rendered":"<div class=\"mdjDate\">Vendredi 11 d\u00e9cembre 2015<\/div>\n<div class=\"mdjTexte\">\u00abD\u00eetes aux gens que vous aimez, que vous les aimez.\u00bb<\/div>\n<div class=\"mdjAuteur\">La famille de Yannick Minvielle une des victimes du bataclan<\/div>\n<div class=\"mdjComplements\">Il n&rsquo;est pas possible et pas tr\u00e8s raisonnable d&rsquo;avoir tous les jours un mot de la consistance intellectuelle de celui consacr\u00e9 au discours de Helmut Schmidt en d\u00e9cembre 2011.<\/div>\n<div class=\"mdjComplements\">Celui d&rsquo;aujourd&rsquo;hui \u00e0 une consistance moindre en intellect, mais il est tout aussi profond pour ce qui est essentiel et donne go\u00fbt \u00e0 notre vie terrestre.<\/div>\n<div class=\"mdjComplements\">C\u2019est <a href=\"http:\/\/www.franceinter.fr\/emission-la-revue-de-presse-de-frederic-pommier-la-revue-de-presse-du-samedi-5-decembre\"><span style=\"color: #0000ff;\">la revue de presse de Fr\u00e9d\u00e9ric Pommier <\/span><\/a>du 5 d\u00e9cembre qui a cit\u00e9 Lib\u00e9ration qui m&rsquo;a pouss\u00e9 \u00e0 \u00e9crire ce mot\u00a0:<\/div>\n<div class=\"mdjComplements\"><em>\u00ab<\/em>Dans <strong>LIBERATION<\/strong>, vous lirez les remerciements de la famille de Yannick Minvielle. Il allait avoir 40 ans, et il compte parmi les victimes de la tuerie au Bataclan. Et ce sont donc ses proches qui ont r\u00e9dig\u00e9 quelques lignes publi\u00e9es dans le journal&#8230; Ses parents, sa s\u0153ur, son fr\u00e8re, son petit prince de fils&#8230;<\/div>\n<div class=\"mdjCiter\">\u00ab\u00a0Merci, le mot est bien faible, \u00e9crivent-ils, pour vous exprimer toute la chaleur, la douceur que vous nous avez apport\u00e9es pour accompagner Yannick. Malgr\u00e9 les centaines, voire le millier et plus, de marques de sympathie, par votre pr\u00e9sence, votre pens\u00e9e, vos messages, vos fleurs, soyez assur\u00e9s que nous avons tout vu, lu, entendu et retenu. Nous regrettons sinc\u00e8rement de ne pouvoir r\u00e9pondre \u00e0 chacun. Mais si Yannick vous a apport\u00e9 du bonheur, redistribuez-l\u00a0: il vous a aim\u00e9. Partagez largement cet amour et surtout, c&rsquo;est important\u00a0: \u00ab\u00a0D\u00eetes aux gens que vous aimez, que vous les aimez.\u00a0\u00bb\u00a0\u00bb<\/div>\n<div class=\"mdjComplements\">Fr\u00e9d\u00e9ric Pommier a fini son \u00e9mission en faisant \u00e9couter la chanson chant\u00e9e par la famille Chedid : <a href=\"https:\/\/www.youtube.com\/watch?v=3sNyJAq0x4c\"><span style=\"color: #0000ff;\">&lt;On ne dit jamais assez aux gens qu&rsquo;on aime qu&rsquo;on les aime dans une version live \u00e0 Bercy&gt;<\/span><\/a><span style=\"color: #0000ff;\">\u00a0<\/span>\u00a0\u00a0 <a href=\"https:\/\/www.youtube.com\/watch?v=W5eDAne7nl0\">&lt;Ou ici une version enregistr\u00e9e en studio&gt;<\/a><\/div>\n<div class=\"mdjComplements\">Le Monde a d\u00e9cid\u00e9 de publier un article sur chacune des victimes des attentats de Novembre :<\/div>\n<div class=\"mdjComplements\"><a href=\"http:\/\/www.lemonde.fr\/attaques-a-paris\/visuel\/2015\/11\/25\/enmemoire_4817200_4809495.html\"><span style=\"color: #0000ff;\">http:\/\/www.lemonde.fr\/attaques-a-paris\/visuel\/2015\/11\/25\/enmemoire_4817200_4809495.html<\/span><\/a><\/div>\n<div><span style=\"color: #800000;\">&lt;615&gt;<\/span><\/div>\n","protected":false},"excerpt":{"rendered":"<p>Vendredi 11 d\u00e9cembre 2015 \u00abD\u00eetes aux gens que vous aimez, que vous les aimez.\u00bb La famille de Yannick Minvielle une des victimes du bataclan Il n&rsquo;est pas possible et pas tr\u00e8s raisonnable d&rsquo;avoir tous les jours un mot de la<\/p>\n","protected":false},"author":1,"featured_media":0,"comment_status":"closed","ping_status":"closed","sticky":false,"template":"","format":"standard","meta":{"footnotes":""},"categories":[1],"tags":[53,54,14],"class_list":["post-1548","post","type-post","status-publish","format-standard","hentry","category-motdujour","tag-affect","tag-humanisme","tag-recit"],"_links":{"self":[{"href":"https:\/\/lemotdujour.fr\/index.php?rest_route=\/wp\/v2\/posts\/1548","targetHints":{"allow":["GET"]}}],"collection":[{"href":"https:\/\/lemotdujour.fr\/index.php?rest_route=\/wp\/v2\/posts"}],"about":[{"href":"https:\/\/lemotdujour.fr\/index.php?rest_route=\/wp\/v2\/types\/post"}],"author":[{"embeddable":true,"href":"https:\/\/lemotdujour.fr\/index.php?rest_route=\/wp\/v2\/users\/1"}],"replies":[{"embeddable":true,"href":"https:\/\/lemotdujour.fr\/index.php?rest_route=%2Fwp%2Fv2%2Fcomments&post=1548"}],"version-history":[{"count":3,"href":"https:\/\/lemotdujour.fr\/index.php?rest_route=\/wp\/v2\/posts\/1548\/revisions"}],"predecessor-version":[{"id":3307,"href":"https:\/\/lemotdujour.fr\/index.php?rest_route=\/wp\/v2\/posts\/1548\/revisions\/3307"}],"wp:attachment":[{"href":"https:\/\/lemotdujour.fr\/index.php?rest_route=%2Fwp%2Fv2%2Fmedia&parent=1548"}],"wp:term":[{"taxonomy":"category","embeddable":true,"href":"https:\/\/lemotdujour.fr\/index.php?rest_route=%2Fwp%2Fv2%2Fcategories&post=1548"},{"taxonomy":"post_tag","embeddable":true,"href":"https:\/\/lemotdujour.fr\/index.php?rest_route=%2Fwp%2Fv2%2Ftags&post=1548"}],"curies":[{"name":"wp","href":"https:\/\/api.w.org\/{rel}","templated":true}]}}