{"id":15428,"date":"2024-03-11T00:13:00","date_gmt":"2024-03-10T23:13:00","guid":{"rendered":"https:\/\/lemotdujour.fr\/?p=15428"},"modified":"2024-03-25T00:06:42","modified_gmt":"2024-03-24T23:06:42","slug":"lundi-11-mars-2024","status":"publish","type":"post","link":"https:\/\/lemotdujour.fr\/?p=15428","title":{"rendered":"Lundi 11 mars 2024"},"content":{"rendered":"<div class=\"mdjTexte\">\u00ab\u00a0C&rsquo;est vous qui avez fait cela\u00a0?\u00a0\u00bb<\/div>\n<div class=\"mdjAuteur\">Otto Abetz et Pablo Picasso<\/div>\n<p><span style=\"color: #777777; font-family: Arial;\">C&rsquo;est un \u00e9change connu ou, au moins, racont\u00e9 entre l&rsquo;ambassadeur allemand \u00e0 Paris, Otto Abetz et Pablo Picasso devant une photo de la Toile \u00ab Guernica \u00bb de l&rsquo;artiste.<br \/>\n<\/span><br \/>\n<span style=\"color: #777777; font-family: Arial;\">L&rsquo;ambassadeur demande \u00e0 Picasso\u00a0:<br \/>\n<\/span><br \/>\n<span style=\"color: #777777;\"><span style=\"font-family: Arial;\">\u00ab <span style=\"color: #c00000;\">C&rsquo;est vous qui avez fait cela ?<span style=\"color: #777777;\"> \u00bb, l&rsquo;artiste a r\u00e9pondu : \u00ab <span style=\"color: #c00000;\">Non\u2026 vous<span style=\"color: #777777;\"> \u00bb<\/span><\/span><\/span><\/span><\/span><span style=\"font-family: Times New Roman;\"><br \/>\n<\/span><\/span><\/p>\n<p><a href=\"https:\/\/www.lemonde.fr\/international\/article\/2024\/03\/08\/guerre-israel-hamas-jour-154-corridor-maritime-entre-chypre-et-gaza-cinq-personnes-tuees-a-gaza-lors-d-un-largage-humanitaire-ce-qu-il-faut-savoir_6220956_3210.html\"><img decoding=\"async\" class=\"alignleft\" src=\"https:\/\/lemotdujour.fr\/wp-content\/uploads\/2024\/03\/031024_2110_Lundi11mars1.jpg\" alt=\"\" align=\"left\" border=\"0\" \/><\/a><span style=\"color: #777777; font-family: Arial;\">Gaza est d\u00e9truit.<br \/>\n<\/span><\/p>\n<p><span style=\"color: #777777; font-family: Arial;\">Et, il y a plus de 2 000 000 d&rsquo;habitants.<br \/>\n<\/span><\/p>\n<p><span style=\"color: #777777; font-family: Arial;\">Ils vivent dans les gravats, la salet\u00e9.<br \/>\n<\/span><\/p>\n<p><span style=\"color: #777777; font-family: Arial;\">Avoir de l&rsquo;eau potable, avoir de la nourriture est un probl\u00e8me incommensurable chaque jour.<br \/>\n<\/span><\/p>\n<p><span style=\"color: #777777; font-family: Arial;\">D&rsquo;un c\u00f4t\u00e9 comme de l&rsquo;autre, on utilise des mots\u00a0: \u00ab\u00a0pogrom\u00a0\u00bb, \u00ab\u00a0g\u00e9nocide\u00a0\u00bb. Des mots venant de l&rsquo;Histoire, qui rappellent d&rsquo;autre moments, d&rsquo;autres faits.<br \/>\n<\/span><\/p>\n<p><span style=\"color: #777777; font-family: Arial;\">Pour faire r\u00e9agir, pour essayer d&rsquo;expliquer le d\u00e9sastre, le chaos.<br \/>\n<\/span><\/p>\n<p><span style=\"color: #777777; font-family: Arial;\">Faire en sorte que le monde r\u00e9agisse en faveur du camp d\u00e9fendu.<br \/>\n<\/span><\/p>\n<p><span style=\"color: #777777; font-family: Arial;\">Je ne crois pas que cela soit la bonne m\u00e9thode.<br \/>\n<\/span><\/p>\n<p><span style=\"color: #777777; font-family: Arial;\">Peut-on simplement dire les faits\u00a0?<br \/>\n<\/span><\/p>\n<p><span style=\"color: #777777; font-family: Arial;\">Les membres du Hamas ont attaqu\u00e9 Isra\u00ebl le 7 octobre, ils ont tu\u00e9 1160 personnes, en majorit\u00e9 des civils et ont emmen\u00e9 250 otages.<br \/>\n<\/span><\/p>\n<p><span style=\"color: #777777; font-family: Arial;\">Ce furent des massacres, film\u00e9s par les assaillants eux-m\u00eames et diffus\u00e9s sur les r\u00e9seaux en forme de propagande.<br \/>\n<\/span><\/p>\n<p><span style=\"color: #777777; font-family: Arial;\">La violence fut extr\u00eame, les viols assez syst\u00e9matiques.<br \/>\n<\/span><\/p>\n<p><span style=\"color: #777777; font-family: Arial;\">En face, l&rsquo;arm\u00e9e d&rsquo;Isra\u00ebl a r\u00e9agi tardivement. Elle n&rsquo;a pas anticip\u00e9 l&rsquo;attaque<br \/>\n<\/span><\/p>\n<p><span style=\"color: #777777; font-family: Arial;\">&lt;<span style=\"color: #0000ff;\"><a style=\"color: #0000ff;\" href=\"https:\/\/www.courrierinternational.com\/article\/temoignages-ces-soldates-israeliennes-qui-ont-alerte-sur-l-attaque-du-7-octobre-et-ont-ete-ignorees-par-sexisme\">Des observatrices de l&rsquo;arm\u00e9e<\/a><\/span>&gt; avaient pourtant inform\u00e9 leurs sup\u00e9rieurs que des choses bizarres se passaient du c\u00f4t\u00e9 de Gaza. Elles n&rsquo;ont pas \u00e9t\u00e9 entendues.<br \/>\n<\/span><\/p>\n<p><span style=\"color: #777777; font-family: Arial;\">Les troupes qui devaient d\u00e9fendre Isra\u00ebl du c\u00f4t\u00e9 de Gaza \u00e9taient r\u00e9duites \u00e0 la portion congrue.<br \/>\n<\/span><\/p>\n<p><span style=\"color: #777777; font-family: Arial;\">D&rsquo;abord, parce qu&rsquo;une partie de ces troupes \u00e9taient mobilis\u00e9e en Cisjordanie, Jud\u00e9e-Samarie disent beaucoup d&rsquo;isra\u00e9liens. Elles \u00e9taient mobilis\u00e9es pour d\u00e9fendre les isra\u00e9liens qui se sont install\u00e9s sur ces territoires qu&rsquo;ils consid\u00e8rent aujourd&rsquo;hui comme leur pays historique, mais qui avaient \u00e9t\u00e9 attribu\u00e9s aux arabes dans le plan de partage de l&rsquo;ONU de 1947.<br \/>\n<\/span><\/p>\n<p><span style=\"color: #777777; font-family: Arial;\">Cette pr\u00e9sence juive sur une terre qui devait former une partie essentielle de l\u2019\u00c9tat arabe de Palestine est contraire au Droit International.<br \/>\n<\/span><\/p>\n<p><span style=\"color: #777777; font-family: Arial;\">Mais les implantations juives sont de plus en plus importantes et sont \u00e9videmment rejet\u00e9es par la partie Palestinienne d&rsquo;o\u00f9 le besoin de pr\u00e9sence de l&rsquo;arm\u00e9e pour prot\u00e9ger les citoyens juifs et \u00e9viter les d\u00e9sordres.<br \/>\n<\/span><\/p>\n<p><span style=\"color: #777777; font-family: Arial;\">Ensuite, une partie plus importante de soldats que d&rsquo;habitude avaient eu le droit de retourner dans leur famille pour des f\u00eates religieuses apr\u00e8s que le gouvernement ait c\u00e9d\u00e9 \u00e0 des lobbys religieux qui demandaient cette \u00e9volution.<br \/>\n<\/span><\/p>\n<p><span style=\"color: #777777; font-family: Arial;\">Ces deux faits\u00a0: la non anticipation et la pr\u00e9sence r\u00e9duite de forces de d\u00e9fenses ont facilit\u00e9 l&rsquo;attaque du Hamas et l&rsquo;ampleur du d\u00e9sastre.<br \/>\n<\/span><\/p>\n<p><span style=\"color: #777777; font-family: Arial;\">La gravit\u00e9 des massacres sur le territoire isra\u00e9lien et le sort des otages a cr\u00e9\u00e9 un traumatisme du c\u00f4t\u00e9 de la population d&rsquo;Isra\u00ebl qui a exig\u00e9 et soutenu une action massive contre le Hamas pour punir et emp\u00eacher que de tels \u00e9v\u00e8nements se reproduisent.<br \/>\n<\/span><\/p>\n<p><a href=\"https:\/\/www.rtbf.be\/article\/guerre-israel-gaza-le-hamas-affirme-ne-pas-savoir-qui-est-vivant-ou-mort-parmi-les-otages-a-gaza-revoir-notre-direct-11338793\"><img loading=\"lazy\" decoding=\"async\" class=\"alignright\" src=\"https:\/\/lemotdujour.fr\/wp-content\/uploads\/2024\/03\/031024_2110_Lundi11mars2.jpg\" alt=\"\" width=\"506\" height=\"285\" align=\"left\" border=\"0\" \/><\/a><span style=\"color: #777777; font-family: Arial;\">Et c&rsquo;est ainsi que les bombardements et l&rsquo;attaque de l&rsquo;arm\u00e9e d\u2019Isra\u00ebl sur Gaza ont commenc\u00e9.<br \/>\n<\/span><\/p>\n<p><span style=\"color: #777777; font-family: Arial;\">Nous sommes ce lundi au 157<sup>\u00e8me<\/sup> jour de guerre.<br \/>\n<\/span><\/p>\n<p><span style=\"color: #777777; font-family: Arial;\">Isra\u00ebl a beaucoup d\u00e9truit, rendant le territoire de Gaza invivable.<br \/>\n<\/span><\/p>\n<p><span style=\"color: #777777; font-family: Arial;\">Mais aucun des principaux chefs du Hamas n&rsquo;a pu \u00eatre neutralis\u00e9. Le Hamas n&rsquo;est pas d\u00e9truit et continue \u00e0 agir.<br \/>\n<\/span><\/p>\n<p><span style=\"color: #777777; font-family: Arial;\">Les habitants de Gaza sont prisonniers sur leur territoire.<br \/>\n<\/span><\/p>\n<p><span style=\"color: #777777; font-family: Arial;\">Leurs conditions de vie sont terrifiantes.<br \/>\n<\/span><\/p>\n<p><span style=\"color: #777777; font-family: Arial;\">Je lis r\u00e9guli\u00e8rement \u00ab\u00a0<a href=\"https:\/\/fr.timesofisrael.com\/\"><span style=\"color: #0000ff;\">Times of Isra\u00ebl\u00a0<\/span><\/a>\u00bb qui donne le point de vue d&rsquo;isra\u00e9liens.<br \/>\n<\/span><\/p>\n<p><span style=\"color: #777777; font-family: Arial;\">Il n&rsquo;y a aucune information concernant la situation humanitaire, de famine, de chaos, d&rsquo;urgence sanitaire et d&rsquo;acc\u00e8s \u00e0 l&rsquo;eau de la population de Gaza.<br \/>\n<\/span><\/p>\n<p><span style=\"color: #777777; font-family: Arial;\">Du c\u00f4t\u00e9 arabe, notamment d&rsquo;Al Jazeera, l&rsquo;ampleur et la barbarie des massacres du 7 octobre sont parall\u00e8lement \u00e9dulcor\u00e9es.<br \/>\n<\/span><\/p>\n<p><span style=\"color: #777777; font-family: Arial;\">L\u2019\u00c9tat H\u00e9breu<span style=\"color: #0000ff;\"> <a style=\"color: #0000ff;\" href=\"https:\/\/www.lefigaro.fr\/international\/israel-les-humanitaires-pour-gaza-prives-de-visa-par-l-etat-hebreu-20240308\">limite aussi le renouvellement<\/a><\/span> des visas des humanitaires pouvant apporter l&rsquo;aide \u00e0 Gaza.<br \/>\n<\/span><\/p>\n<p><span style=\"color: #777777; font-family: Arial;\">On peut lire dans l&rsquo;Obs\u00a0: \u00ab <span style=\"color: #0000ff;\"><a style=\"color: #0000ff;\" href=\"https:\/\/www.nouvelobs.com\/monde\/20240308.OBS85472\/a-gaza-la-famine-est-devenue-une-arme-de-guerre.html\">A Gaza, la famine est devenue une arme de guerre<\/a><\/span> \u00bb<br \/>\n<\/span><\/p>\n<p style=\"margin-left: 28pt;\"><span style=\"color: #c00000; font-family: Arial;\">\u00ab\u00a0Presque aucune aide n&rsquo;atteint le Nord, o\u00f9 des enfants commencent \u00e0 mourir de faim. [\u2026]<span style=\"color: #777777;\"><br \/>\n<\/span><\/span><\/p>\n<p style=\"margin-left: 28pt;\"><span style=\"color: #c00000; font-family: Arial;\">A l&rsquo;h\u00f4pital Kamal Adwan, le seul h\u00f4pital p\u00e9diatrique du nord de la bande de Gaza, pr\u00e8s de Beit Lahia, une quinzaine d&rsquo;enfants sont morts de faim depuis le d\u00e9but du mois de mars. Les m\u00e9decins, d\u00e9bord\u00e9s, voient chaque jour des m\u00e8res affam\u00e9es mendier du lait pour leurs b\u00e9b\u00e9s. Tr\u00e8s peu nourries pendant leur grossesse, ces femmes ne parviennent plus \u00e0 allaiter leurs nouveau-n\u00e9s et sont contraintes de les nourrir d&rsquo;une \u00e0 deux dattes \u00e9cras\u00e9es par jour.\u00a0[\u2026]<br \/>\n<\/span><\/p>\n<p style=\"margin-left: 28pt;\"><span style=\"color: #c00000; font-family: Arial;\">C&rsquo;est dans le Nord de Gaza, ravag\u00e9 par les bombes, d\u00e9sormais sous contr\u00f4le militaire isra\u00e9lien et o\u00f9 vivent encore 300 \u00e0 500 000 Gazaouis, que la situation est la plus d\u00e9sesp\u00e9r\u00e9e. \u00ab Les terres n&rsquo;y sont pas cultivables, les puits sont pourris, on y boit de l&rsquo;eau saum\u00e2tre. Les Gazaouis sont prisonniers et cr\u00e8vent de faim \u00bb, relate Jean-Fran\u00e7ois Corty, m\u00e9decin et vice-pr\u00e9sident de M\u00e9decins du Monde.\u00a0\u00bb.<br \/>\n<\/span><\/p>\n<p><span style=\"color: #777777; font-family: Arial;\">Il y a aussi ce billet de <strong>Guillaume Erner<\/strong> sur France Culture <\/span><span style=\"font-family: Arial;\">&lt;<\/span><span style=\"font-family: Arial;\"><a href=\"https:\/\/www.radiofrance.fr\/franceculture\/podcasts\/l-humeur-du-matin-par-guillaume-erner\/l-humeur-du-jour-emission-du-mercredi-06-mars-2024-5048147\"><span style=\"color: #0000ff;\">La famine organis\u00e9e dans la bande de Gaza<\/span><\/a><\/span><span style=\"color: #0000ff;\"><span style=\"font-family: Arial;\">&gt;<\/span><\/span><span style=\"color: #777777; font-family: Arial;\"><br \/>\n<\/span><\/p>\n<p><span style=\"color: #777777; font-family: Arial;\">Il parle de son oncle Dov qui vit en Isra\u00ebl et qui a presque 100 ans. <\/span><span style=\"color: #777777; font-family: Arial;\">Il avait \u00e9migr\u00e9 en Isra\u00ebl apr\u00e8s la Shoah.<br \/>\n<\/span><\/p>\n<p><span style=\"color: #777777; font-family: Arial;\">Guillaume Erner le d\u00e9crit ainsi\u00a0:<br \/>\n<\/span><\/p>\n<p style=\"margin-left: 28pt;\"><span style=\"color: #c00000; font-family: Arial;\">\u00ab\u00a0Dov a \u00e9t\u00e9 un militant inlassable de la paix, d&rsquo;une solution \u00e0 deux \u00c9tats. Il est devenu artiste, grand artiste.\u00a0\u00bb<br \/>\n<\/span><\/p>\n<p><span style=\"color: #777777; font-family: Arial;\">Et il finit son billet par ces mots :<br \/>\n<\/span><\/p>\n<p style=\"margin-left: 28pt;\"><span style=\"color: #c00000; font-family: Arial;\">\u00ab Et c&rsquo;est pourquoi, en voyant ce visage d&rsquo;enfant Gazaoui \u00e9maci\u00e9, d\u00e9crit comme \u00e9tant en train de mourir de faim, je me suis dit que Dov n&rsquo;avait jamais voulu cela, que ces images insupportables allaient doublement le hanter, comme homme, mais aussi comme rescap\u00e9. Si cette image d&rsquo;un enfant \u00e0 Gaza est vraie, et rien n&rsquo;indique aujourd&rsquo;hui qu&rsquo;elle soit fausse, alors l&rsquo;Isra\u00ebl que voulait Dov est un Isra\u00ebl \u00e0 l&rsquo;agonie, car rien ne justifie bien s\u00fbr cette famine. Famine organis\u00e9e, une famine que m\u00eame les \u00c9tats-Unis ne parviennent pas \u00e0 rompre. Si cet enfant Gazaoui meurt, c&rsquo;est avec lui une certaine conception d&rsquo;Isra\u00ebl qui va dispara\u00eetre. \u00bb<br \/>\n<\/span><\/p>\n<p><span style=\"color: #777777; font-family: Arial;\">Devant ce d\u00e9sastre, on va poser la question\u00a0: <span style=\"color: #c00000;\">\u00ab\u00a0C&rsquo;est vous qui avez fait cela\u00a0?\u00a0\u00bb<br \/>\n<\/span><\/span><\/p>\n<p><span style=\"color: #777777; font-family: Arial;\">Le \u00ab\u00a0Vous\u00a0\u00bb c&rsquo;est le Hamas, le Hamas qui garde les otages, qui a pris l&rsquo;initiative de cette guerre en sachant que les gazaouis deviendraient les victimes de la r\u00e9action d&rsquo;Isra\u00ebl meurtri. Mais pour eux les victimes ne sont pas des humains qui souffrent mais des martyrs qui aident leur cause.<br \/>\n<\/span><\/p>\n<p><span style=\"color: #777777; font-family: Arial;\">Mais aujourd&rsquo;hui le \u00ab\u00a0Vous\u00a0\u00bb c&rsquo;est aussi le gouvernement d&rsquo;Isra\u00ebl et son bras prolong\u00e9 l&rsquo;arm\u00e9e d&rsquo;Isra\u00ebl qui s&rsquo;obstine dans une strat\u00e9gie.<br \/>\n<\/span><\/p>\n<p><span style=\"color: #777777; font-family: Arial;\">Le peuple de la Shoah peut-il assumer ce qui se passe sur cette petite enclave, prison de 2000 000 d&rsquo;habitants qui meurent de faim, de soif et de manque de soins\u00a0?<br \/>\n<\/span><\/p>\n<p><span style=\"color: #777777; font-family: Arial;\">C&rsquo;est vous qui avez fait cela\u00a0?<br \/>\n<\/span><\/p>\n<p><span style=\"color: #c00000; font-family: Arial;\">&lt;1797&gt;<\/span><\/p>\n","protected":false},"excerpt":{"rendered":"<p>\u00ab\u00a0C&rsquo;est vous qui avez fait cela\u00a0?\u00a0\u00bb Otto Abetz et Pablo Picasso C&rsquo;est un \u00e9change connu ou, au moins, racont\u00e9 entre l&rsquo;ambassadeur allemand \u00e0 Paris, Otto Abetz et Pablo Picasso devant une photo de la Toile \u00ab Guernica \u00bb de l&rsquo;artiste.<\/p>\n","protected":false},"author":1,"featured_media":0,"comment_status":"open","ping_status":"closed","sticky":false,"template":"","format":"standard","meta":{"footnotes":""},"categories":[1],"tags":[151,153,201],"class_list":["post-15428","post","type-post","status-publish","format-standard","hentry","category-motdujour","tag-israel","tag-mort","tag-palestine"],"_links":{"self":[{"href":"https:\/\/lemotdujour.fr\/index.php?rest_route=\/wp\/v2\/posts\/15428","targetHints":{"allow":["GET"]}}],"collection":[{"href":"https:\/\/lemotdujour.fr\/index.php?rest_route=\/wp\/v2\/posts"}],"about":[{"href":"https:\/\/lemotdujour.fr\/index.php?rest_route=\/wp\/v2\/types\/post"}],"author":[{"embeddable":true,"href":"https:\/\/lemotdujour.fr\/index.php?rest_route=\/wp\/v2\/users\/1"}],"replies":[{"embeddable":true,"href":"https:\/\/lemotdujour.fr\/index.php?rest_route=%2Fwp%2Fv2%2Fcomments&post=15428"}],"version-history":[{"count":5,"href":"https:\/\/lemotdujour.fr\/index.php?rest_route=\/wp\/v2\/posts\/15428\/revisions"}],"predecessor-version":[{"id":15489,"href":"https:\/\/lemotdujour.fr\/index.php?rest_route=\/wp\/v2\/posts\/15428\/revisions\/15489"}],"wp:attachment":[{"href":"https:\/\/lemotdujour.fr\/index.php?rest_route=%2Fwp%2Fv2%2Fmedia&parent=15428"}],"wp:term":[{"taxonomy":"category","embeddable":true,"href":"https:\/\/lemotdujour.fr\/index.php?rest_route=%2Fwp%2Fv2%2Fcategories&post=15428"},{"taxonomy":"post_tag","embeddable":true,"href":"https:\/\/lemotdujour.fr\/index.php?rest_route=%2Fwp%2Fv2%2Ftags&post=15428"}],"curies":[{"name":"wp","href":"https:\/\/api.w.org\/{rel}","templated":true}]}}