{"id":1540,"date":"2015-12-07T01:00:00","date_gmt":"2015-12-06T22:00:00","guid":{"rendered":"http:\/\/lemotdujour.fr\/?p=1540"},"modified":"2017-05-08T13:41:46","modified_gmt":"2017-05-08T11:41:46","slug":"lundi-7-decembre-2015","status":"publish","type":"post","link":"https:\/\/lemotdujour.fr\/?p=1540","title":{"rendered":"Lundi 7 d\u00e9cembre 2015"},"content":{"rendered":"<div class=\"mdjDate\">Lundi 7 d\u00e9cembre 2015<\/div>\n<div class=\"mdjTexte\">\u00abLa s\u00e9cession de populations enti\u00e8res avec le syst\u00e8me politique de gouvernement du pays.\u00bb<\/div>\n<div class=\"mdjAuteur\">Axel Kahn<\/div>\n<div class=\"mdjComplements\"><em>Introduction que doivent ignorer les nombreux destinataires press\u00e9s<\/em><\/div>\n<div class=\"mdjComplements\"><em>Aujourd&rsquo;hui je suis en cong\u00e9 d&rsquo;abord parce qu&rsquo;il \u00e9tait pr\u00e9vu que nous nous trouvions en pleine f\u00eate des Lumi\u00e8res \u00e0 Lyon, ensuite parce que j&rsquo;avais un de ces rendez-vous d\u00e9sormais habituel pour moi avec un disciple d&rsquo;Esculape. Je n&rsquo;avais pas pr\u00e9vu de suspendre le mot du jour car je disposais de quelques r\u00e9serves que je pouvais partager avec vous. Mais \u00e0 la r\u00e9flexion, il m&rsquo;a paru ce matin qu&rsquo;il n&rsquo;y en avait aucun qui correspondait au temps du jour. Et rien de ce que j&rsquo;avais entendu hier soir, ni ce matin ne me paraissait de nature \u00e0 \u00e9clairer ce qui doit \u00eatre la pr\u00e9occupation du plus grand nombre. Je me suis donc abstenu. Mais je suis d\u00e9sormais \u00e0 la mi-journ\u00e9e en mesure de vous proposer deux r\u00e9flexions.<\/em><\/div>\n<div class=\"mdjComplements\">Le r\u00e9sultat d&rsquo;hier ne saurait constituer une surprise. Toute personne rationnelle s&rsquo;attendait \u00e0 une consolidation des r\u00e9sultats de ce Parti qui n&rsquo;a pas de solutions pour la France mais dont les d\u00e9nonciations du syst\u00e8me politique largement inefficace pour agir sur les choses qui comptent pour les gens, de la corruption de quelques-uns, de la connivence et de l&rsquo;entre soi du plus grand nombre, rencontre la peur, les angoisses et les exasp\u00e9rations d&rsquo;une grande partie de la population fran\u00e7aise.<\/div>\n<div class=\"mdjComplements\">50% de la population ne se sent pas concern\u00e9 par les \u00e9lections et ne viennent m\u00eame plus voter. Et parmi les 50% qui viennent il y a maintenant 3 p\u00f4les : le p\u00f4le le plus important celui de l&rsquo;exasp\u00e9ration et de la d\u00e9nonciation, les p\u00f4les de la droite et de la gauche qui ont l&rsquo;habitude de gouverner. L&rsquo;extr\u00eame gauche et les \u00e9cologistes sont marginalis\u00e9s alors que les probl\u00e8mes sociaux et environnementaux n&rsquo;ont jamais \u00e9t\u00e9 plus pr\u00e9gnants.<\/div>\n<div class=\"mdjComplements\">Le mot du jour est <a href=\"http:\/\/axelkahn.fr\/4963-2\/\">&lt;un extrait d&rsquo;un billet qu&rsquo;Axel Kahn vient de publier il y a un peu plus d&rsquo;une heure sur son blog&gt;l<\/a><\/div>\n<div class=\"mdjComplements\">Il utilise le terme de s\u00e9cession. Car oui la France est divis\u00e9e en deux plut\u00f4t qu&rsquo;en 3 comme dit pr\u00e9c\u00e9demment.<\/div>\n<div class=\"mdjComplements\">Il ne s&rsquo;agit plus d&rsquo;une division entre la gauche et la droite, entre les partisans de l&rsquo;Etat et ceux du lib\u00e9ralisme.<\/div>\n<div class=\"mdjComplements\">Non. La France est divis\u00e9e entre ceux qui sont inclus dans le syst\u00e8me qui habitent les m\u00e9tropoles, disposent de dipl\u00f4mes et des clefs leur permettant de s&rsquo;en sortir, d&rsquo;avoir des espoirs raisonnables pour leurs enfants, et la disponibilit\u00e9 ainsi que l&rsquo;\u00e9loignement suffisant avec les probl\u00e8mes pour d\u00e9velopper une pens\u00e9e ouverte et positive au monde et ceux qui sont exclus ou craignent \u00e0 courte \u00e9ch\u00e9ance d&rsquo;\u00eatre exclus.<\/div>\n<div class=\"mdjComplements\">Et sur ce point j&rsquo;ai trouv\u00e9 une autre tribune dont je partage la plus grande part : <a href=\"http:\/\/www.authueil.org\/?2015\/12\/05\/2314-contre-le-fn-construire-plutot-que-denoncer\">&lt;Contre le FN construire plut\u00f4t que d\u00e9noncer&gt;<\/a> : <\/div>\n<div class=\"mdjCiter\">\u00ab\u00a0L&rsquo;<a href=\"http:\/\/abonnes.lemonde.fr\/idees\/article\/2015\/12\/04\/le-front-national-cette-imposture_4824550_3232.html\">\u00e9dito<\/a> \u00ab\u00a0anti-FN\u00a0\u00bb du directeur du Monde, publi\u00e9 \u00e0 la veille des \u00e9lections r\u00e9gionales, est affligeant. Au bout de 30 ans, ils arrivent encore \u00e0 croire que les \u00e9ditoriaux critiquant le FN vont faire reculer ce parti. Juste \u00e0 pleurer de voir tant d&rsquo;aveuglement, \u00e0 moins que \u00e7a ne soit du cynisme, pour obliger par la peur, \u00e0 faire voter pour les partis dits \u00ab\u00a0de gouvernement\u00a0\u00bb.<\/div>\n<div class=\"mdjCiter\">Si le FN monte aux \u00e9lections, c&rsquo;est pour des raisons bien connues de qui veut bien regarder. Il est le sympt\u00f4me d&rsquo;un malaise profond de la France, d&rsquo;une certaine France qui se sent exclue et m\u00e9pris\u00e9e, pour qui l&rsquo;action publique, depuis 30 ans, n&rsquo;a \u00e9t\u00e9 qu&rsquo;une s\u00e9rie de d\u00e9ceptions. On leur a tout promis, droite comme gauche, et ils n&rsquo;ont vu qu&rsquo;une d\u00e9gradation de leur situation. En prime, ils se font traiter de cons par des gens qui vivent dans une tour d&rsquo;ivoire, bien \u00e0 l&rsquo;abri dans une forteresse dont les autres sont exclus.<\/div>\n<div class=\"mdjCiter\">Le FN monte parce que la France est un pays barricad\u00e9, qui pr\u00e9carise une partie de sa population (qui en finit par voter FN), pour s\u00e9curiser une petite minorit\u00e9 (celle qui lit Le Monde). Il suffit de voir la difficult\u00e9 qu&rsquo;il peut y avoir pour certains \u00e0 avoir un travail, un logement, m\u00eame simplement acc\u00e8s \u00e0 internet ou aux services publics. Quand vous habitez au fin fond de la Picardie, que vous \u00eates au ch\u00f4mage (et sans espoir de sortir des petits boulots), que le bureau de poste de la commune d&rsquo;\u00e0 c\u00f4t\u00e9 vient de fermer, que votre d\u00e9bit internet est encore de 512K, quel effet peut avoir l&rsquo;\u00e9dito du monde, qui vous explique que le programme du FN est une imposture\u00a0? D\u00e9j\u00e0 pour commencer, vous ne lisez pas le Monde. Vous ne lisez pas plus les programmes de partis politiques, quels qu&rsquo;ils soient. Pour ce qu&rsquo;ils valent, ce n&rsquo;est pas plus mal, car si le programme du FN est mauvais, il a le m\u00e9rite d&rsquo;exister. J&rsquo;aimerais bien lire le programme du PS, enfin, le vrai, celui qu&rsquo;ils appliquent, pas celui qui \u00e9tait sur leur tract au moment des \u00e9lections (rappelez-vous\u00a0: \u00ab\u00a0le changement, c&rsquo;est maintenant\u00a0\u00bb). <\/div>\n<div class=\"mdjCiter\">La question du FN n&rsquo;est donc pas une histoire de programme politique qu&rsquo;il faudrait d\u00e9monter de mani\u00e8re syst\u00e9matique et rationnelle. C&rsquo;est d&rsquo;abord l&rsquo;histoire d&rsquo;une fracture sociale (encore un vieux slogan non suivi d&rsquo;effets) et d&rsquo;un immobilisme des \u00e9lites, qui s&rsquo;est doubl\u00e9, ces derniers temps, de la r\u00e9v\u00e9lation de leur incomp\u00e9tence totale. Il a suffi d&rsquo;une crise li\u00e9e \u00e0 des attentats pour que le d\u00e9cor s&rsquo;\u00e9croule et qu&rsquo;on s\u2019aper\u00e7oive que ces \u00e9lus pontifiants ne maitrisent plus rien. La seule ressource de Fran\u00e7ois Hollande pour r\u00e9pondre \u00e0 la menace terroriste est de <a href=\"http:\/\/abonnes.lemonde.fr\/attaques-a-paris\/article\/2015\/12\/05\/la-liste-musclee-des-envies-des-policiers_4825245_4809495.html?xtmc=liste_musclee&amp;xtcr=1\">donner les pleins pouvoirs<\/a> \u00e0 la Police, au m\u00e9pris total des Libert\u00e9s publiques.<\/div>\n<div class=\"mdjCiter\">Depuis le 13 novembre, et la mani\u00e8re dont se comportent nos \u00e9lus, j&rsquo;en viens \u00e0 comprendre le vote FN. Je n&rsquo;en suis pas encore l\u00e0 (et il en faudra vraiment beaucoup pour que j&rsquo;y arrive) mais je partage d\u00e9sormais la col\u00e8re que les \u00e9lecteurs cherchent \u00e0 exprimer en votant pour le FN. Je comprends que pour certains, le vote FN est un cr\u00e8ve-c\u0153ur, mais cela leur apparait comme la seule porte de sortie, faute d&rsquo;alternative.<\/div>\n<div class=\"mdjCiter\">Cette alternative, il faut la b\u00e2tir et la col\u00e8re peut \u00eatre un moteur. Il y a beaucoup de boulot en perspective. Certains vont se pr\u00e9cipiter sur la premi\u00e8re solution qui vient \u00e0 l&rsquo;esprit\u00a0: monter un parti politique et pr\u00e9senter des candidats aux \u00e9lections. C&rsquo;est la derni\u00e8re \u00e9tape du processus, si rien n&rsquo;a march\u00e9 avant.<\/div>\n<div class=\"mdjCiter\">Il faut commencer par b\u00e2tir un programme. C&rsquo;est un boulot \u00e9norme de se poser, de dire ce que l&rsquo;on veut, de le formaliser. Cela peut \u00eatre des mesures tr\u00e8s pr\u00e9cises, mais aussi des lignes directrices ou de grandes aspirations. Il faut aussi le diffuser et le faire partager. Il est donc n\u00e9cessaire de \u00ab\u00a0rencontrer un public\u00a0\u00bb et cela n&rsquo;est possible que si le programme r\u00e9pond aux aspirations et attentes d&rsquo;une g\u00e9n\u00e9ration. Ce n&rsquo;est pas possible de le faire dans les \u00e9ditoriaux de grands journaux parisiens ou depuis les plateaux de t\u00e9l\u00e9vision. Non seulement ils sont squatt\u00e9s par la vieille g\u00e9n\u00e9ration, mais surtout, ils ne sont que des moyens de diffusion. Quand on n&rsquo;a rien \u00e0 dire, comme une bonne partie de notre classe politique l&rsquo;illustre, passer en boucle \u00e0 la t\u00e9l\u00e9vision ne sert pas \u00e0 grand-chose. Les outils, notamment num\u00e9riques, existent, mais cela demande aussi une structuration, qui pour le moment, fait d\u00e9faut. Si des structures existent, aucune ne s&rsquo;est vraiment donn\u00e9 comme objectif de porter un projet politique.\u00a0\u00bb<\/div>\n<div class=\"mdjComplements\">Un projet politique comme aurait dit Mend\u00e9s France, une strat\u00e9gie non pas \u00e9lectorale mais pour le monde demain cr\u00e9dible et compatible avec les int\u00e9r\u00eats du plus grand nombre et encore plus compliqu\u00e9, compatible avec les contraintes de notre terre. <\/div>\n","protected":false},"excerpt":{"rendered":"<p>Lundi 7 d\u00e9cembre 2015 \u00abLa s\u00e9cession de populations enti\u00e8res avec le syst\u00e8me politique de gouvernement du pays.\u00bb Axel Kahn Introduction que doivent ignorer les nombreux destinataires press\u00e9s Aujourd&rsquo;hui je suis en cong\u00e9 d&rsquo;abord parce qu&rsquo;il \u00e9tait pr\u00e9vu que nous nous<\/p>\n","protected":false},"author":1,"featured_media":0,"comment_status":"closed","ping_status":"closed","sticky":false,"template":"","format":"standard","meta":{"footnotes":""},"categories":[1],"tags":[],"class_list":["post-1540","post","type-post","status-publish","format-standard","hentry","category-motdujour"],"_links":{"self":[{"href":"https:\/\/lemotdujour.fr\/index.php?rest_route=\/wp\/v2\/posts\/1540","targetHints":{"allow":["GET"]}}],"collection":[{"href":"https:\/\/lemotdujour.fr\/index.php?rest_route=\/wp\/v2\/posts"}],"about":[{"href":"https:\/\/lemotdujour.fr\/index.php?rest_route=\/wp\/v2\/types\/post"}],"author":[{"embeddable":true,"href":"https:\/\/lemotdujour.fr\/index.php?rest_route=\/wp\/v2\/users\/1"}],"replies":[{"embeddable":true,"href":"https:\/\/lemotdujour.fr\/index.php?rest_route=%2Fwp%2Fv2%2Fcomments&post=1540"}],"version-history":[{"count":1,"href":"https:\/\/lemotdujour.fr\/index.php?rest_route=\/wp\/v2\/posts\/1540\/revisions"}],"predecessor-version":[{"id":1541,"href":"https:\/\/lemotdujour.fr\/index.php?rest_route=\/wp\/v2\/posts\/1540\/revisions\/1541"}],"wp:attachment":[{"href":"https:\/\/lemotdujour.fr\/index.php?rest_route=%2Fwp%2Fv2%2Fmedia&parent=1540"}],"wp:term":[{"taxonomy":"category","embeddable":true,"href":"https:\/\/lemotdujour.fr\/index.php?rest_route=%2Fwp%2Fv2%2Fcategories&post=1540"},{"taxonomy":"post_tag","embeddable":true,"href":"https:\/\/lemotdujour.fr\/index.php?rest_route=%2Fwp%2Fv2%2Ftags&post=1540"}],"curies":[{"name":"wp","href":"https:\/\/api.w.org\/{rel}","templated":true}]}}