{"id":15378,"date":"2024-02-26T05:36:00","date_gmt":"2024-02-26T04:36:00","guid":{"rendered":"https:\/\/lemotdujour.fr\/?p=15378"},"modified":"2024-03-05T21:43:32","modified_gmt":"2024-03-05T20:43:32","slug":"lundi-26-fevrier-2024","status":"publish","type":"post","link":"https:\/\/lemotdujour.fr\/?p=15378","title":{"rendered":"Lundi 26 f\u00e9vrier 2024"},"content":{"rendered":"<div class=\"mdjTexte\">\u00ab\u00a0Pour r\u00e9sister, il faudrait une arm\u00e9e d&rsquo;adultes\u00a0!\u00a0\u00bb<\/div>\n<div class=\"mdjAuteur\">Judith Godr\u00e8che<\/div>\n<p><span style=\"color: #777777; font-family: Arial;\">Nous ne sommes pas sortis de la p\u00e9dophilie, de l&rsquo;inceste, de la violence faite aux femmes et aux enfants.<br \/>\n<\/span><\/p>\n<p><span style=\"color: #777777; font-family: Arial;\">Le mot du jour a souvent parl\u00e9 de ces sujets, en montrant combien ces crimes sont incroyablement nombreux et ont \u00e9t\u00e9 odieusement banalis\u00e9s.<br \/>\n<\/span><\/p>\n<p><span style=\"color: #777777; font-family: Arial;\">Aujourd&rsquo;hui c&rsquo;est <strong>Judith Godr\u00e8che<\/strong> qui occupe le devant de la sc\u00e8ne.<br \/>\n<\/span><\/p>\n<p><span style=\"color: #777777; font-family: Arial;\">Je l&rsquo;ai \u00e9cout\u00e9e sur France Inter &lt;<a href=\"https:\/\/www.youtube.com\/watch?v=LtlvQ9m4ZEk\">J<span style=\"color: #0000ff;\">e n&rsquo;ai jamais \u00e9t\u00e9 attir\u00e9e par Beno\u00eet Jacquot mais j&rsquo;ai \u00e9t\u00e9 son enfant femme<\/span><\/a><span style=\"color: #0000ff;\">&gt;<\/span><br \/>\n<\/span><\/p>\n<p><span style=\"color: #777777; font-family: Arial;\">Elle raconte, l&#8217;emprise, la violence, les coups, la peur \u00e0 la journaliste <strong>Sonia Devillers <\/strong>dont j&rsquo;ai appr\u00e9ci\u00e9 la qualit\u00e9 d&rsquo;\u00e9coute et la sensibilit\u00e9 pour accompagner ce t\u00e9moignage avec dignit\u00e9 et douceur<strong>.<\/strong><br \/>\n<\/span><\/p>\n<p><a href=\"https:\/\/www.lemonde.fr\/societe\/article\/2024\/02\/07\/c-est-une-histoire-d-enfant-kidnappee-l-actrice-judith-godreche-porte-plainte-contre-le-realisateur-benoit-jacquot_6215155_3224.html\" target=\"_blank\" rel=\"noopener\"><span style=\"font-family: Arial;\"><span style=\"color: #0000ff;\">Interrog\u00e9 par\u00a0Le Monde<\/span><\/span><\/a><span style=\"color: #777777; font-family: Arial;\">, Beno\u00eet Jacquot nie l&rsquo;ensemble des accusations. Il insiste sur le caract\u00e8re \u00ab\u00a0<em>amoureux\u00a0\u00bb<\/em>\u00a0de cette relation longue.<br \/>\n<\/span><\/p>\n<p><span style=\"color: #777777; font-family: Arial;\">Et puis, il y eut aussi Jacques Doillon.<br \/>\n<\/span><\/p>\n<p><span style=\"color: #777777; font-family: Arial;\">Elle a exprim\u00e9 une parole forte aux C\u00e9sar 2024\u00a0: &lt;<span style=\"color: #0000ff;\"><a style=\"color: #0000ff;\" href=\"https:\/\/www.youtube.com\/watch?v=Pm9h5ntR9Ks\">Je parle mais je ne vous entends pas<\/a><\/span>&gt;<br \/>\n<\/span><\/p>\n<p><span style=\"color: #777777; font-family: Arial;\">La rentr\u00e9e litt\u00e9raire fut marqu\u00e9e par un livre remarquable de <strong>Neige Sinno<\/strong>\u00a0: \u00ab\u00a0<span style=\"color: #0000ff;\"><a style=\"color: #0000ff;\" href=\"https:\/\/www.pol-editeur.com\/index.php?spec=livre&amp;ISBN=978-2-8180-5826-8\">Triste Tigre\u00a0<\/a><\/span>\u00bb, dans lequel elle raconte son inceste subi entre l&rsquo;\u00e2ge de 4 \u00e0 7 ans.<br \/>\n<\/span><\/p>\n<p><span style=\"color: #777777; font-family: Arial;\">Entre temps, il y eut les accusations nombreuses et coh\u00e9rentes contre G\u00e9rard Depardieu et aussi G\u00e9rard Miller pour des viols et des violences faites aux femmes. Dans le monde du journalisme il y a PPDA<br \/>\n<\/span><\/p>\n<p><span style=\"color: #777777; font-family: Arial;\">J&rsquo;ai \u00e9cout\u00e9 le t\u00e9moignage <strong>d&rsquo;Anouk Grinbert<\/strong>, &lt;<span style=\"color: #0000ff;\"><a style=\"color: #0000ff;\" href=\"https:\/\/www.radiofrance.fr\/franceinter\/podcasts\/l-invite-de-7h50\/l-invite-de-7h50-du-lundi-11-decembre-2023-2721783\">Depardieu est comme \u00e7a parce que tout le monde lui permet d&rsquo;\u00eatre comme \u00e7a<\/a><\/span>&gt;<br \/>\n<\/span><\/p>\n<p><span style=\"color: #777777; font-family: Arial;\">L&rsquo;\u00e9mission &lt;<strong>L&rsquo;Esprit Public<\/strong>&gt; du 25 f\u00e9vrier est revenue, de mani\u00e8re plus globale, sur ces sujets\u00a0: &lt;<a href=\"https:\/\/www.radiofrance.fr\/franceculture\/podcasts\/l-esprit-public\/metoo-du-cinema-le-proces-d-une-epoque-1681035\"><span style=\"color: #0000ff;\">Metoo du cin\u00e9ma : le proc\u00e8s d&rsquo;une \u00e9poque ?<\/span><\/a>&gt; en soulignant notamment le caract\u00e8re symbolique du cin\u00e9ma\u00a0:<br \/>\n<\/span><\/p>\n<p style=\"margin-left: 28pt;\"><span style=\"color: #c00000; font-family: Arial;\">\u00ab\u00a0Le 7\u00e8me art a aussi une responsabilit\u00e9 particuli\u00e8re en ceci qu&rsquo;il v\u00e9hicule les st\u00e9r\u00e9otypes, comme celui de la jeune fille sexy qui s\u00e9duit les hommes bien plus \u00e2g\u00e9s qu&rsquo;elle.\u00a0\u00bb<br \/>\n<\/span><\/p>\n<p><span style=\"color: #777777; font-family: Arial;\">Ce sont souvent des actes qui ont \u00e9t\u00e9 commis au vu et au su de beaucoup de monde.<br \/>\n<\/span><\/p>\n<p><span style=\"color: #777777; font-family: Arial;\">Des parents, des adultes, des femmes et des hommes \u00e9taient l\u00e0\u00a0!<br \/>\n<\/span><\/p>\n<p><span style=\"color: #777777; font-family: Arial;\">Ils n&rsquo;ont rien dit, rien fait, ils n&rsquo;ont rien emp\u00each\u00e9.<br \/>\n<\/span><\/p>\n<p><span style=\"color: #777777; font-family: Arial;\">Dans l&rsquo;interview avec Sonia Devillers, Judith Godr\u00e8che exprime cette supplique\u00a0:<br \/>\n<\/span><\/p>\n<p style=\"margin-left: 28pt;\"><span style=\"color: #c00000; font-family: Arial;\">\u00ab\u00a0Pour emp\u00eacher cela il aurait fallu une arm\u00e9e d&rsquo;adultes. Pour r\u00e9sister il faudrait une arm\u00e9e d&rsquo;adultes.\u00a0\u00bb<br \/>\n<\/span><\/p>\n<p><span style=\"color: #777777; font-family: Arial;\">Alors, on peut se lancer dans de multiples analyses sur le patriarcat, sur la lib\u00e9ration des m\u0153urs de mai 68 qui a \u00e9t\u00e9 d\u00e9l\u00e9t\u00e8re sur certains points pour les femmes et les enfants.<br \/>\n<\/span><\/p>\n<p><span style=\"color: #777777; font-family: Arial;\">Aujourd&rsquo;hui j&rsquo;en resterai uniquement sur ce point-l\u00e0\u00a0: \u00ab\u00a0<strong>il faut une arm\u00e9e d&rsquo;adultes<\/strong>\u00a0\u00bb.<br \/>\n<\/span><\/p>\n<p><span style=\"color: #777777; font-family: Arial;\">Des adultes qui connaissent la Loi et qui emp\u00eachent quand un homme qu&rsquo;ils connaissent et qu&rsquo;ils voient ne s&#8217;emp\u00eache pas.<br \/>\n<\/span><\/p>\n<p><span style=\"color: #777777; font-family: Arial;\">On en revient \u00e0 ces mots du p\u00e8re d&rsquo;Albert Camus\u00a0: \u00ab<span style=\"color: #0000ff;\">\u00a0<a style=\"color: #0000ff;\" href=\"https:\/\/lemotdujour.fr\/?p=3245\">Non, un homme \u00e7a s&#8217;emp\u00eache. Voil\u00e0 ce qu&rsquo;est un homme, ou sinon\u2026\u00a0<\/a><\/span>\u00bb<br \/>\n<\/span><\/p>\n<p><span style=\"color: #777777; font-family: Arial;\">Albert Einstein, n&rsquo;a pas toujours \u00e9t\u00e9 un mod\u00e8le de vertu et d&rsquo;\u00e9thique, mais il a \u00e9crit une phrase tr\u00e8s juste\u00a0:<br \/>\n<\/span><\/p>\n<p style=\"margin-left: 28pt;\"><span style=\"color: #c00000; font-family: Arial;\">\u00ab\u00a0Le monde ne sera pas d\u00e9truit par ceux qui font le mal, mais par ceux qui les regardent sans rien faire.<br \/>\n<em>Albert Einstein Comment je vois le monde (1934)<br \/>\n<\/em><\/span><\/p>\n<p><span style=\"color: #777777; font-family: Arial;\">Des adultes qui prot\u00e8gent les enfants\u00a0!<br \/>\n<\/span><\/p>\n<p><span style=\"color: #777777; font-family: Arial;\">Mais aussi des adultes qui prot\u00e8gent d&rsquo;autres adultes quand ce qu&rsquo;ils voient, entendent ou savent n&rsquo;est pas acceptable.<br \/>\n<\/span><\/p>\n<p><span style=\"color: #777777; font-family: Arial;\">Encore faut-il \u00eatre clair dans sa t\u00eate sur ces sujets.<br \/>\n<\/span><\/p>\n<p><span style=\"color: #777777; font-family: Arial;\">Aussi, je partage aujourd&rsquo;hui une initiative du d\u00e9partement de Seine Saint Denis reprise par\u00a0 la <a href=\"https:\/\/www.maisonegalitefemmeshommes.fr\/ressource\/471\/514-le-violentometre.htm\"><span style=\"color: #0000ff;\">maison de l&rsquo;\u00e9galit\u00e9 homme femme<\/span><\/a> de Grenoble et qui tente d&rsquo;\u00e9valuer les violences \u00e0 l&rsquo;int\u00e9rieur d&rsquo;un couple : &lt;<span style=\"color: #0000ff;\"><a style=\"color: #0000ff;\" href=\"https:\/\/www.maisonegalitefemmeshommes.fr\/uploads\/Ressource\/a3\/471_386_211028_Maquette_IMPRESSION_vecteurs_violentometre.pdf\">Le violentom\u00e8tre<\/a><\/span>&gt;<br \/>\n<\/span><\/p>\n<p><span style=\"color: #777777; font-family: Arial;\">Cet outil utilise un code couleur Vert, Orange et Rouge qui qualifie des comportements.<br \/>\n<\/span><\/p>\n<p><span style=\"color: #777777; font-family: Arial;\">Le vert, correspond \u00e0 des attitudes qualifi\u00e9es de saine, comme par exemple\u00a0: \u00ab\u00a0le partenaire accepte tes d\u00e9cisions et tes go\u00fbts\u00a0\u00bb<br \/>\n<\/span><\/p>\n<p><span style=\"color: #777777; font-family: Arial;\">L&rsquo;orange correspond \u00e0 une situation dans laquelle il faut \u00eatre vigilant et dire Stop, par exemple\u00a0: \u00ab\u00a0le partenaire rabaisse tes opinions et tes projets\u00a0\u00bb<br \/>\n<\/span><\/p>\n<p><span style=\"color: #777777; font-family: Arial;\">Pour le rouge qui est le dernier stade, il faut se prot\u00e9ger, demander de l&rsquo;aide car il y a danger par exemple \u00ab\u00a0P\u00e8te les plombs lorsque quelque chose lui d\u00e9plait\u00a0\u00bb.<br \/>\n<\/span><\/p>\n<p><span style=\"color: #777777; font-family: Arial;\">Je ne reproduis pas ici cette \u00e9chelle que vous trouverez derri\u00e8re ce lien : &lt;<a href=\"https:\/\/www.maisonegalitefemmeshommes.fr\/uploads\/Ressource\/a3\/471_386_211028_Maquette_IMPRESSION_vecteurs_violentometre.pdf\"><span style=\"color: #0000ff;\">Le violentom\u00e8tre<\/span><\/a>&gt;<br \/>\n<\/span><\/p>\n<p><span style=\"color: #777777; font-family: Arial;\">Des adultes ce sont des humains qui posent des limites et avant tout qui se posent des limites \u00e0 eux-m\u00eames.<br \/>\n<\/span><\/p>\n<p><span style=\"color: maroon; font-family: Arial;\">&lt;1795&gt;<span style=\"color: #777777;\"><br \/>\n<\/span><\/span><\/p>\n","protected":false},"excerpt":{"rendered":"<p>\u00ab\u00a0Pour r\u00e9sister, il faudrait une arm\u00e9e d&rsquo;adultes\u00a0!\u00a0\u00bb Judith Godr\u00e8che Nous ne sommes pas sortis de la p\u00e9dophilie, de l&rsquo;inceste, de la violence faite aux femmes et aux enfants. Le mot du jour a souvent parl\u00e9 de ces sujets, en montrant<\/p>\n","protected":false},"author":1,"featured_media":0,"comment_status":"open","ping_status":"closed","sticky":false,"template":"","format":"standard","meta":{"footnotes":""},"categories":[1],"tags":[16,36,228,242],"class_list":["post-15378","post","type-post","status-publish","format-standard","hentry","category-motdujour","tag-droit","tag-feminisme","tag-inceste","tag-pedophilie"],"_links":{"self":[{"href":"https:\/\/lemotdujour.fr\/index.php?rest_route=\/wp\/v2\/posts\/15378","targetHints":{"allow":["GET"]}}],"collection":[{"href":"https:\/\/lemotdujour.fr\/index.php?rest_route=\/wp\/v2\/posts"}],"about":[{"href":"https:\/\/lemotdujour.fr\/index.php?rest_route=\/wp\/v2\/types\/post"}],"author":[{"embeddable":true,"href":"https:\/\/lemotdujour.fr\/index.php?rest_route=\/wp\/v2\/users\/1"}],"replies":[{"embeddable":true,"href":"https:\/\/lemotdujour.fr\/index.php?rest_route=%2Fwp%2Fv2%2Fcomments&post=15378"}],"version-history":[{"count":5,"href":"https:\/\/lemotdujour.fr\/index.php?rest_route=\/wp\/v2\/posts\/15378\/revisions"}],"predecessor-version":[{"id":15420,"href":"https:\/\/lemotdujour.fr\/index.php?rest_route=\/wp\/v2\/posts\/15378\/revisions\/15420"}],"wp:attachment":[{"href":"https:\/\/lemotdujour.fr\/index.php?rest_route=%2Fwp%2Fv2%2Fmedia&parent=15378"}],"wp:term":[{"taxonomy":"category","embeddable":true,"href":"https:\/\/lemotdujour.fr\/index.php?rest_route=%2Fwp%2Fv2%2Fcategories&post=15378"},{"taxonomy":"post_tag","embeddable":true,"href":"https:\/\/lemotdujour.fr\/index.php?rest_route=%2Fwp%2Fv2%2Ftags&post=15378"}],"curies":[{"name":"wp","href":"https:\/\/api.w.org\/{rel}","templated":true}]}}