{"id":15373,"date":"2024-02-23T18:15:00","date_gmt":"2024-02-23T17:15:00","guid":{"rendered":"https:\/\/lemotdujour.fr\/?p=15373"},"modified":"2024-03-05T21:44:37","modified_gmt":"2024-03-05T20:44:37","slug":"vendredi-23-fevrier-2024","status":"publish","type":"post","link":"https:\/\/lemotdujour.fr\/?p=15373","title":{"rendered":"Vendredi 23 f\u00e9vrier 2024"},"content":{"rendered":"<div class=\"mdjTexte\">\u00ab\u00a0Merci pour toutes ces heures d&rsquo;\u00e9coute.\u00a0\u00bb<\/div>\n<div class=\"mdjAuteur\">Cl\u00e9mentine Lecalot-Vergnaud<\/div>\n<p><span style=\"color: #777777; font-family: Arial;\"><strong>Cl\u00e9mentine Vergnaud<\/strong> est morte le 23 d\u00e9cembre 2023, apr\u00e8s un an et demi de lutte, \u00e0 l&rsquo;\u00e2ge de 31 ans, des suites d&rsquo;un cancer des voies biliaires.<br \/>\n<\/span><\/p>\n<p><span style=\"color: #777777; font-family: Arial;\">J&rsquo;en ai parl\u00e9 deux fois d\u00e9j\u00e0.<br \/>\n<\/span><\/p>\n<p><span style=\"color: #777777; font-family: Arial;\">Le 22 juin 2023\u00a0: \u00ab\u00a0<a href=\"https:\/\/lemotdujour.fr\/?p=14737\"><span style=\"color: #0000ff;\">La mort est au bout du chemin, mais elle s&rsquo;est un peu \u00e9loign\u00e9e.\u00a0<\/span><\/a>\u00bb. C&rsquo;\u00e9tait au moment de la publication de la s\u00e9rie de 10 podcasts dans lesquels elle d\u00e9crivait son combat, ses espoirs, sa peur et ses relations avec les m\u00e9decins et l&rsquo;administration.<br \/>\n<\/span><\/p>\n<p><span style=\"color: #777777; font-family: Arial;\">Le 27 d\u00e9cembre 2023\u00a0: \u00ab\u00a0<span style=\"color: #0000ff;\"><a style=\"color: #0000ff;\" href=\"https:\/\/lemotdujour.fr\/?p=15247\">18 mois de vie.\u00a0<\/a><\/span>\u00bb au moment de son d\u00e9c\u00e8s.<br \/>\n<\/span><\/p>\n<p><span style=\"color: #777777; font-family: Arial;\">Ce troisi\u00e8me article est motiv\u00e9 par la publication de 6 nouveaux podcasts, les 6 derniers qu&rsquo;elle a enregistr\u00e9s et dans lesquels elle raconte ses derni\u00e8res semaines, son mariage \u00e0 l&rsquo;h\u00f4pital, et le moment o\u00f9 elle a compris que la maladie avait toujours un coup d&rsquo;avance et qu&rsquo;il fallait pour elle, l\u00e2cher prise,\u00a0 vivre ses derniers jours avec le plus d&rsquo;intensit\u00e9 et de saveur possible, tout en reconnaissant la peur devant l&rsquo;inconnu.<br \/>\n<\/span><\/p>\n<p><span style=\"color: #777777; font-family: Arial;\">Elle raconte sa peur\u00a0:<br \/>\n<\/span><\/p>\n<p style=\"margin-left: 28pt;\"><span style=\"color: #c00000; font-family: Arial;\">\u00ab\u00a0Comme l&rsquo;autre soir, alors que j&rsquo;\u00e9tais cens\u00e9e me reposer, juste r\u00e9cup\u00e9rer sur mon lit, et o\u00f9 c&rsquo;est mont\u00e9.<br \/>\nEt j&rsquo;avais mon papa en face de moi, assis sur sa chaise, qui attendait que je me repose.<br \/>\nEt j&rsquo;ai su lui dire, juste : papa, j&rsquo;ai peur.<br \/>\nEt il n&rsquo;a rien fait d&rsquo;incroyable, il est juste venu pr\u00e8s de moi, il a pris ma main et il a dit : \u00ab\u00a0Moi aussi j&rsquo;ai peur\u00a0\u00bb. Ce n&rsquo;\u00e9tait pas grand-chose, mais sa main, ma main dans la sienne, et juste savoir qu&rsquo;il \u00e9tait l\u00e0, qu&rsquo;il entendait, qu&rsquo;il comprenait que je puisse avoir peur, que lui aussi partageait \u00e7a&#8230;<br \/>\nC&rsquo;est peu de chose, mais il y a des fois o\u00f9 juste se lib\u00e9rer de cette \u00e9motion, juste la dire, la formuler, rien que \u00e7a, c&rsquo;est salvateur.<br \/>\nEt de savoir que les autres sont \u00e0 c\u00f4t\u00e9, qu&rsquo;ils comprennent ou qu&rsquo;ils ne comprennent pas, mais en tout cas de lire dans leur regard ou dans leurs gestes qu&rsquo;ils seront l\u00e0 quoi qu&rsquo;il arrive, c&rsquo;est quelque chose qui fait \u00e9norm\u00e9ment de bien.\u00a0\u00bb<br \/>\n<\/span><\/p>\n<p><span style=\"color: #777777; font-family: Arial;\">Elle avait v\u00e9cu d&rsquo;espoir, la th\u00e9rapie cibl\u00e9e qui lui avait \u00e9t\u00e9 propos\u00e9e semblait pleine de promesse. Mais elle a provoqu\u00e9 comme effet collat\u00e9ral un \u00ab\u00a0<strong>takotsubo<\/strong> \u00bb : appel\u00e9 aussi syndrome du c\u0153ur bris\u00e9, proche des sympt\u00f4mes d&rsquo;un infarctus. La lutte contre le cancer aboutissait \u00e0 ce que le c\u0153ur l\u00e2che. Elle b\u00e9n\u00e9ficiera d&rsquo;une autre th\u00e9rapie, une chimioth\u00e9rapie qui aura aussi des effets collat\u00e9raux d\u00e9sastreux.<br \/>\n<\/span><\/p>\n<p><span style=\"color: #777777; font-family: Arial;\">Souvent l&rsquo;\u00e9motion d\u00e9chire le t\u00e9moignage, ces 6 \u00e9missions constituent une le\u00e7on de vie dans ce qu&rsquo;elle a de plus profond, de plus humain.<br \/>\n<\/span><\/p>\n<ul>\n<li><a href=\"https:\/\/www.francetvinfo.fr\/replay-radio\/ma-vie-face-au-cancer-le-journal-de-clementine\/ma-vie-face-au-cancer-11-16-la-soupe-a-la-grimace_6305457.html\"><span style=\"font-family: Arial;\"><span style=\"color: #0000ff;\">&lt;11 La soupe \u00e0 la grimace&gt;<\/span><\/span><\/a><span style=\"color: #0000ff; font-family: Arial;\"><br \/>\n<\/span><\/li>\n<li><span style=\"color: #0000ff;\"><a style=\"color: #0000ff;\" href=\"https:\/\/www.radiofrance.fr\/franceinfo\/podcasts\/ma-vie-face-au-cancer-le-journal-de-clementine\/ma-vie-face-au-cancer-12-16-le-coeur-en-chamade-8909677\"><span style=\"font-family: Arial;\">&lt;12 Le c\u0153ur en chamade&gt;<\/span><\/a><span style=\"font-family: Arial;\"><br \/>\n<\/span><\/span><\/li>\n<li><span style=\"color: #0000ff;\"><a style=\"color: #0000ff;\" href=\"https:\/\/www.radiofrance.fr\/franceinfo\/podcasts\/ma-vie-face-au-cancer-le-journal-de-clementine\/ma-vie-face-au-cancer-13-16-nous-nous-sommes-aimes-9775421\"><span style=\"font-family: Arial;\">&lt;13 Nous nous sommes aim\u00e9s&gt;<\/span><\/a><span style=\"font-family: Arial;\"><br \/>\n<\/span><\/span><\/li>\n<li><span style=\"color: #0000ff;\"><a style=\"color: #0000ff;\" href=\"https:\/\/www.radiofrance.fr\/franceinfo\/podcasts\/ma-vie-face-au-cancer-le-journal-de-clementine\/ma-vie-face-au-cancer-14-16-compagnons-des-mauvais-jours-6180286\"><span style=\"font-family: Arial;\">&lt;14 Compagnons des mauvais jours&gt;<\/span><\/a><span style=\"font-family: Arial;\"><br \/>\n<\/span><\/span><\/li>\n<li><span style=\"color: #0000ff;\"><a style=\"color: #0000ff;\" href=\"https:\/\/www.radiofrance.fr\/franceinfo\/podcasts\/ma-vie-face-au-cancer-le-journal-de-clementine\/ma-vie-face-au-cancer-15-16-toujours-un-coup-d-avance-5937717\"><span style=\"font-family: Arial;\">&lt;15 Toujours un coup d&rsquo;avance&gt;<\/span><\/a><span style=\"font-family: Arial;\"><br \/>\n<\/span><\/span><\/li>\n<li><span style=\"color: #0000ff;\"><a style=\"color: #0000ff;\" href=\"https:\/\/www.radiofrance.fr\/franceinfo\/podcasts\/ma-vie-face-au-cancer-le-journal-de-clementine\/episode-16-l-experience-d-une-vie-5257423\"><span style=\"font-family: Arial;\">&lt;16 L&rsquo;exp\u00e9rience d&rsquo;une vie&gt;<\/span><\/a><\/span><span style=\"color: #777777; font-family: Arial;\"><br \/>\n<\/span><\/li>\n<\/ul>\n<p><span style=\"color: #777777; font-family: Arial;\">Il faut \u00eatre pr\u00eat \u00e0 \u00e9couter et \u00e0 entrer dans ce t\u00e9moignage poignant.<br \/>\n<\/span><\/p>\n<p><span style=\"color: #777777; font-family: Arial;\">Pour ma part, j&rsquo;ai \u00e9t\u00e9 boulevers\u00e9, mais aussi rempli de force et d&rsquo;intelligence pour vivre ce qui doit \u00eatre v\u00e9cu en restant pleinement humain et lucide, jusqu&rsquo;au bout du chemin.<br \/>\n<\/span><\/p>\n<p><span style=\"color: #777777; font-family: Arial;\">Elle a termin\u00e9 ces 6 \u00e9missions par ces mots\u00a0:<br \/>\n<\/span><\/p>\n<p style=\"margin-left: 28pt;\"><span style=\"color: #c00000; font-family: Arial;\">\u00ab\u00a0La maladie m&rsquo;a forc\u00e9ment chang\u00e9e. Je ne suis plus la m\u00eame personne.<br \/>\nJe dirais que je suis \u00e0 la fois plus enjou\u00e9e, plus reconnaissante des petits moments, ces petits moments dor\u00e9s dont on parlait, qu&rsquo;on peut peut-\u00eatre laisser filer quand on n&rsquo;est pas malade.<br \/>\nEt qu&rsquo;on n&rsquo;a pas conscience du caract\u00e8re t\u00e9nu de ce fil de la vie. [\u2026]. Et en m\u00eame temps, il y a toujours eu cette esp\u00e8ce d&rsquo;ombre qui plane au-dessus et qui m&rsquo;a enlev\u00e9e toute mon insouciance [\u2026]<br \/>\n<\/span><\/p>\n<p style=\"margin-left: 28pt;\"><span style=\"color: #c00000; font-family: Arial;\">Je pense aussi que \u00e7a m&rsquo;a rendu une part de joie de vivre parce qu&rsquo;on a quand m\u00eame beaucoup rigol\u00e9 dans toutes ces \u00e9preuves, souvent. [\u2026].<br \/>\nEt puis l&rsquo;envie de donner, beaucoup, l&rsquo;envie de donner aux autres et notamment au travers du podcast. Je m&rsquo;en suis rendue compte par les r\u00e9percussions qu&rsquo;il a eu : je pouvais donner \u00e9norm\u00e9ment de choses aux gens en ayant l&rsquo;impression d&rsquo;en faire peu, finalement.<br \/>\n[\u2026] Si j&rsquo;ai pu aider au moins une personne avec ce podcast, moi, je suis mille fois heureuse parce que quand on est malade, on subit beaucoup.<br \/>\nEt \u00e7a m&rsquo;a rendu tellement de pouvoir sur tout \u00e7a. De prise. De possibilit\u00e9s de faire. D&rsquo;\u00eatre dans l&rsquo;agir, d&rsquo;\u00eatre l\u00e0 pour les autres.<br \/>\nC&rsquo;\u00e9tait vraiment, je crois, l&rsquo;exp\u00e9rience \u00e0 faire dans cette maladie, l&rsquo;exp\u00e9rience d&rsquo;une vie.<br \/>\n<\/span><\/p>\n<p style=\"margin-left: 28pt;\"><span style=\"color: #c00000; font-family: Arial;\">Merci pour toutes ces heures d&rsquo;\u00e9coute. Merci pour \u00e7a.\u00a0\u00bb<br \/>\n<\/span><\/p>\n<p><span style=\"color: #777777; font-family: Arial;\">\u00ab\u00a0<strong>Merci pour toutes ces heures d&rsquo;\u00e9coute<\/strong> \u00bb, ces remerciements que Cl\u00e9mentine Vergnaud adresse \u00e0 celles et ceux qui l&rsquo;ont \u00e9cout\u00e9e, peuvent aussi bien \u00eatre renvoy\u00e9s vers elle, sous la forme d&rsquo;une immense gratitude que l&rsquo;on peut exprimer pour ce qu&rsquo;elle a su donner \u00e0 celles et ceux qui ont eu la capacit\u00e9 de recevoir son t\u00e9moignage et sa le\u00e7on de vie et de partage.<br \/>\n<\/span><\/p>\n<p><span style=\"color: #777777; font-family: Arial;\">Son compagnon et mari, <strong>Gr\u00e9goire Lecalot<\/strong>, a \u00e9t\u00e9 l&rsquo;invit\u00e9 de France 5 pour raconter sa part dans cette histoire tragique et lumineuse. &lt;<span style=\"color: #0000ff;\"><a style=\"color: #0000ff;\" href=\"https:\/\/www.youtube.com\/watch?v=7uUgMyuiO9w\">le podcast bouleversant de Cl\u00e9mentine<\/a><\/span>&gt;<br \/>\n<\/span><\/p>\n<p><a href=\"https:\/\/www.youtube.com\/watch?v=7uUgMyuiO9w\"><img decoding=\"async\" src=\"https:\/\/lemotdujour.fr\/wp-content\/uploads\/2024\/02\/022524_1415_Vendredi23f1.png\" alt=\"\" border=\"0\" \/><\/a><span style=\"color: #777777; font-family: Arial;\"><br \/>\n<\/span><\/p>\n<p><span style=\"color: #777777; font-family: Arial;\">Il parait juste aussi de citer <strong>Samuel Aslanoff <\/strong>qui a co-produit et r\u00e9alis\u00e9 cette s\u00e9rie de 16 podcasts au total<strong>.<br \/>\n<\/strong><\/span><\/p>\n<p><span style=\"color: maroon; font-family: Arial;\">&lt;1794&gt;<\/span><\/p>\n","protected":false},"excerpt":{"rendered":"<p>\u00ab\u00a0Merci pour toutes ces heures d&rsquo;\u00e9coute.\u00a0\u00bb Cl\u00e9mentine Lecalot-Vergnaud Cl\u00e9mentine Vergnaud est morte le 23 d\u00e9cembre 2023, apr\u00e8s un an et demi de lutte, \u00e0 l&rsquo;\u00e2ge de 31 ans, des suites d&rsquo;un cancer des voies biliaires. J&rsquo;en ai parl\u00e9 deux fois<\/p>\n","protected":false},"author":1,"featured_media":0,"comment_status":"open","ping_status":"closed","sticky":false,"template":"","format":"standard","meta":{"footnotes":""},"categories":[1],"tags":[54,153,13],"class_list":["post-15373","post","type-post","status-publish","format-standard","hentry","category-motdujour","tag-humanisme","tag-mort","tag-sante"],"_links":{"self":[{"href":"https:\/\/lemotdujour.fr\/index.php?rest_route=\/wp\/v2\/posts\/15373","targetHints":{"allow":["GET"]}}],"collection":[{"href":"https:\/\/lemotdujour.fr\/index.php?rest_route=\/wp\/v2\/posts"}],"about":[{"href":"https:\/\/lemotdujour.fr\/index.php?rest_route=\/wp\/v2\/types\/post"}],"author":[{"embeddable":true,"href":"https:\/\/lemotdujour.fr\/index.php?rest_route=\/wp\/v2\/users\/1"}],"replies":[{"embeddable":true,"href":"https:\/\/lemotdujour.fr\/index.php?rest_route=%2Fwp%2Fv2%2Fcomments&post=15373"}],"version-history":[{"count":7,"href":"https:\/\/lemotdujour.fr\/index.php?rest_route=\/wp\/v2\/posts\/15373\/revisions"}],"predecessor-version":[{"id":15421,"href":"https:\/\/lemotdujour.fr\/index.php?rest_route=\/wp\/v2\/posts\/15373\/revisions\/15421"}],"wp:attachment":[{"href":"https:\/\/lemotdujour.fr\/index.php?rest_route=%2Fwp%2Fv2%2Fmedia&parent=15373"}],"wp:term":[{"taxonomy":"category","embeddable":true,"href":"https:\/\/lemotdujour.fr\/index.php?rest_route=%2Fwp%2Fv2%2Fcategories&post=15373"},{"taxonomy":"post_tag","embeddable":true,"href":"https:\/\/lemotdujour.fr\/index.php?rest_route=%2Fwp%2Fv2%2Ftags&post=15373"}],"curies":[{"name":"wp","href":"https:\/\/api.w.org\/{rel}","templated":true}]}}