{"id":1536,"date":"2015-12-03T01:00:00","date_gmt":"2015-12-02T22:00:00","guid":{"rendered":"http:\/\/lemotdujour.fr\/?p=1536"},"modified":"2017-05-08T13:41:45","modified_gmt":"2017-05-08T11:41:45","slug":"jeudi-3-decembre-2015","status":"publish","type":"post","link":"https:\/\/lemotdujour.fr\/?p=1536","title":{"rendered":"Jeudi 3 d\u00e9cembre 2015"},"content":{"rendered":"<div class=\"mdjDate\">Jeudi 3 d\u00e9cembre 2015<\/div>\n<div class=\"mdjTexte\">\u00ab\u00a0Nous avons affaire \u00e0 un projet politique et religieux\u00a0 fondamentaliste venant de l&rsquo;Islam\u00a0\u00bb<\/div>\n<div class=\"mdjAuteur\">Marcel Gauchet dans l\u2019\u00e9mission d\u2019Anne Sinclair du 22\/11\/2015<\/div>\n<div class=\"mdjComplements\">Nous avons besoin de comprendre ce qui nous arrive.<\/div>\n<div class=\"mdjComplements\">Pour cela, il faut faire appel \u00e0 des intellectuels qui pensent les ph\u00e9nom\u00e8nes dans leur globalit\u00e9. Les diff\u00e9rents \u00e9clairages peuvent \u00eatre compl\u00e9mentaires, quelquefois m\u00eame se frictionner un peu, sans toutefois se contredire.<\/div>\n<div class=\"mdjComplements\">\u00a0<\/div>\n<div class=\"mdjComplements\">Olivier Roy d\u00e9fend la th\u00e8se que ce n\u2019est pas <a href=\"http:\/\/www.franceculture.fr\/emission-le-journal-des-idees-l-islamisation-de-la-radicalite-2015-11-25\">\u00ab\u00a0l\u2019Islam qui se radicalise, mais la radicalisation qui s\u2019islamise.\u00a0\u00bb.<\/a><\/div>\n<div class=\"mdjComplements\">Il d\u00e9crit la situation de ces jeunes dont certains ne sont pas n\u00e9s musulmans, mais ce sont convertis et qui entrent dans cet univers effrayant de l\u2019appel \u00e0 la mort. Il \u00a0pense que la jeunesse a de tout temps eu besoin d\u2019absolu, de rallier une cause sup\u00e9rieure pour laquelle cela valait la peine de mourir et aussi de donner la mort. <\/div>\n<div class=\"mdjComplements\">Historiquement il y eut \u00e0 la fin du XIX\u00e8me si\u00e8cle les anarchistes qui multipliaient les attentats, puis il y eut les fascistes, puis les mouvements r\u00e9volutionnaires. Aujourd\u2019hui, Olivier Roy explique que la seule cause qui se trouve sur le march\u00e9 est l\u2019islamisme. Les jeunes qui \u00e9prouvent ce besoin de radicalit\u00e9 se tournent alors vers l\u2019islam et ses franges les plus rigoristes, les plus absolues. C\u2019est pour cette raison qu\u2019il parle de l\u2019islamisation de la radicalisation. <\/div>\n<div class=\"mdjComplements\">J\u2019\u00e9mets pour ma part l\u2019hypoth\u00e8se que demain peut-\u00eatre l\u2019\u00e9cologie pourrait aussi \u00eatre une cause de radicalisation. Peut-\u00eatre qu\u2019alors des attentats ou des crimes horribles seront commis au nom de cette extraordinaire cause \u00a0\u00ab\u00a0sauver la plan\u00e8te\u00a0\u00bb qui serait plus justement d\u00e9crite par l\u2019expression \u00ab\u00a0 sauver l\u2019esp\u00e8ce humaine\u00a0\u00bb. C\u2019est une hypoth\u00e8se qui me para\u00eet cr\u00e9dible.<\/div>\n<div class=\"mdjComplements\">La vision de Marcel Gauchet est compl\u00e9mentaire et il parle moins des jeunes tueurs d\u2019ici que des id\u00e9ologues de DAECH, mais aussi des fondamentalistes salafistes d\u2019ici et des pays du moyen orient et de la p\u00e9ninsule arabique.<\/div>\n<div class=\"mdjComplements\">C\u2019est ainsi qu\u2019il commence son intervention dans<a href=\"http:\/\/www.europe1.fr\/emissions\/l-interview\/marcel-gauchet-linterview-integrale-2624075\"> l\u2019\u00e9mission d\u2019Anne Sinclair\u00a0<\/a>: \u00ab\u00a0Nous avons affaire \u00e0 un projet politique et religieux\u00a0 fondamentaliste venant de l&rsquo;Islam. [..]. Ce fondamentalisme rel\u00e8ve d&rsquo;une r\u00e9action \u00e0 la\u00a0 p\u00e9n\u00e9tration dans des soci\u00e9t\u00e9s encore largement traditionnelles\u00a0 des valeurs occidentales modernes qui d\u00e9stabilisent ce terreau social et qui suscite une r\u00e9action mi identitaire mi religieuse qui peut prendre l\u2019aspect d\u2019un projet de restauration en bonne et due forme d\u2019une soci\u00e9t\u00e9 int\u00e9gralement organis\u00e9e par le religieux.\u00a0\u00bb<\/div>\n<div class=\"mdjComplements\">Marcel Gauchet insiste beaucoup sur notre incapacit\u00e9 de concevoir la religion comme projet de soci\u00e9t\u00e9 comme organisation de la soci\u00e9t\u00e9. Dans notre conception la religion est individuelle.<\/div>\n<div class=\"mdjComplements\"> \u00ab\u00a0Pour nous, le religieux c\u2019est le personnel par excellence, mais le religieux historiquement jusqu\u2019\u00e0 une date tout \u00e0 fait r\u00e9cente jusqu\u2019\u00e0 il y a deux si\u00e8cle et demi dans le monde europ\u00e9en, c\u2019\u00e9tait tout autre chose, c\u2019\u00e9tait une mani\u00e8re pour les soci\u00e9t\u00e9s de s\u2019organiser sous tous leurs aspects\u00a0\u00bb. Et Marcel Gauchet constate que dans les pays musulmans, l\u2019Islam organise encore grandement ces soci\u00e9t\u00e9s.<\/div>\n<div class=\"mdjComplements\">Des tensions surviennent parce que dans ces soci\u00e9t\u00e9s la mondialisation, l\u2019individualisme, bref les normes occidentales sont en train de s\u00e9duire la population et le fondamentalisme est alors une r\u00e9action rigoriste contre cette s\u00e9duction, cette corruption des masses musulmanes d\u00e9crites comme diabolique.<\/div>\n<div class=\"mdjComplements\">Il y a un autre point sur lequel il insiste concernant l\u2019imaginaire musulman.\u00a0Pour les pieux musulmans le troisi\u00e8me monoth\u00e9isme est le plus accompli, celui qui domine les autres par ses valeurs et son intelligence. Or cette sup\u00e9riorit\u00e9 spirituelle se heurte \u00e0 la r\u00e9alit\u00e9 culturelle et \u00e9conomique du monde. Gauchet explique que pour ces musulmans \u00ab\u00a0les dominants religieux sont les domin\u00e9s culturels et \u00e9conomiques\u00a0\u00bb. C\u2019est une situation qui va susciter un antagonisme tr\u00e8s fort qui prend la forme d\u2019une haine terrible et une d\u00e9testation absolue comme l\u2019exprime par exemple le communiqu\u00e9 de DAECH revendiquant les attentats.<\/div>\n<div class=\"mdjComplements\">Vers la fin de l\u2019\u00e9mission il r\u00e9v\u00e8le une autre incapacit\u00e9 conceptuelle de nos esprits contemporains qui vivons en d\u00e9mocratie, dans des pays de libert\u00e9 o\u00f9 on peut tout critiquer m\u00eame la d\u00e9mocratie\u00a0: Nous ne pouvons pas comprendre qu\u2019on ne nous aime pas, qu\u2019on peut ne pas aimer notre mani\u00e8re de vivre, notre d\u00e9mocratie, notre libert\u00e9, notre individualisme.<\/div>\n<div class=\"mdjComplements\">Or tel est le cas, il y a des soci\u00e9t\u00e9s, des groupes, des organisations, des structures \u00e9tatiques qui ne nous aiment pas du tout, qui sont oppos\u00e9s \u00e0 nos valeurs qu\u2019ils consid\u00e8rent comme erron\u00e9s selon leur conception du monde.<\/div>\n<div class=\"mdjComplements\">Vous trouverez en pi\u00e8ce jointe, un article du Monde o\u00f9 Marcel Gauchet d\u00e9veloppe aussi sa r\u00e9flexion sur ce qui nous arrive.<\/div>\n<div class=\"mdjComplements\">Il \u00e9crit notamment\u00a0: \u00ab\u00a0Nous allons tout de suite chercher des causes \u00e9conomiques et sociales. Or celles-ci jouent tout au plus un r\u00f4le de d\u00e9clencheur. C\u2019est bien \u00e0 un ph\u00e9nom\u00e8ne religieux que nous avons affaire. Tant que nous ne regarderons pas ce fait en face, nous ne comprendrons pas ce qui nous arrive.\u00a0\u00bb<\/div>\n<div class=\"mdjComplements\">Apr\u00e8s un d\u00e9veloppement o\u00f9 il approfondit encore les causes du fondamentalisme il arrive \u00e0 une conclusion assez optimiste pour l\u2019avenir car il pense que \u00a0le fondamentalisme est en d\u00e9pit de tout et malgr\u00e9 lui une voie d\u2019entr\u00e9e \u00e0 reculons dans la modernit\u00e9\u00a0: \u00ab\u00a0Il ne constitue pas pour moi une menace capable de remettre en question la mani\u00e8re d\u2019\u00eatre de nos soci\u00e9t\u00e9s. Bien s\u00fbr, il peut tuer beaucoup de gens, faire des d\u00e9g\u00e2ts \u00e9pouvantables et cr\u00e9er des situations atroces, mais il ne repr\u00e9sente pas une alternative en mesure de nous submerger. Affrontons-le pour ce qu\u2019il est, sans lui pr\u00eater une puissance qu\u2019il n\u2019a pas.\u00a0\u00bb<\/div>\n","protected":false},"excerpt":{"rendered":"<p>Jeudi 3 d\u00e9cembre 2015 \u00ab\u00a0Nous avons affaire \u00e0 un projet politique et religieux\u00a0 fondamentaliste venant de l&rsquo;Islam\u00a0\u00bb Marcel Gauchet dans l\u2019\u00e9mission d\u2019Anne Sinclair du 22\/11\/2015 Nous avons besoin de comprendre ce qui nous arrive. Pour cela, il faut faire appel<\/p>\n","protected":false},"author":1,"featured_media":0,"comment_status":"closed","ping_status":"closed","sticky":false,"template":"","format":"standard","meta":{"footnotes":""},"categories":[1],"tags":[],"class_list":["post-1536","post","type-post","status-publish","format-standard","hentry","category-motdujour"],"_links":{"self":[{"href":"https:\/\/lemotdujour.fr\/index.php?rest_route=\/wp\/v2\/posts\/1536","targetHints":{"allow":["GET"]}}],"collection":[{"href":"https:\/\/lemotdujour.fr\/index.php?rest_route=\/wp\/v2\/posts"}],"about":[{"href":"https:\/\/lemotdujour.fr\/index.php?rest_route=\/wp\/v2\/types\/post"}],"author":[{"embeddable":true,"href":"https:\/\/lemotdujour.fr\/index.php?rest_route=\/wp\/v2\/users\/1"}],"replies":[{"embeddable":true,"href":"https:\/\/lemotdujour.fr\/index.php?rest_route=%2Fwp%2Fv2%2Fcomments&post=1536"}],"version-history":[{"count":1,"href":"https:\/\/lemotdujour.fr\/index.php?rest_route=\/wp\/v2\/posts\/1536\/revisions"}],"predecessor-version":[{"id":1537,"href":"https:\/\/lemotdujour.fr\/index.php?rest_route=\/wp\/v2\/posts\/1536\/revisions\/1537"}],"wp:attachment":[{"href":"https:\/\/lemotdujour.fr\/index.php?rest_route=%2Fwp%2Fv2%2Fmedia&parent=1536"}],"wp:term":[{"taxonomy":"category","embeddable":true,"href":"https:\/\/lemotdujour.fr\/index.php?rest_route=%2Fwp%2Fv2%2Fcategories&post=1536"},{"taxonomy":"post_tag","embeddable":true,"href":"https:\/\/lemotdujour.fr\/index.php?rest_route=%2Fwp%2Fv2%2Ftags&post=1536"}],"curies":[{"name":"wp","href":"https:\/\/api.w.org\/{rel}","templated":true}]}}