{"id":15353,"date":"2024-02-19T00:37:45","date_gmt":"2024-02-18T23:37:45","guid":{"rendered":"https:\/\/lemotdujour.fr\/?p=15353"},"modified":"2024-03-03T16:17:15","modified_gmt":"2024-03-03T15:17:15","slug":"lundi-19-fevrier-2024","status":"publish","type":"post","link":"https:\/\/lemotdujour.fr\/?p=15353","title":{"rendered":"Lundi 19 f\u00e9vrier 2024"},"content":{"rendered":"<div class=\"mdjTexte\">\u00ab\u00a0Si cela se produit, s&rsquo;ils d\u00e9cident de me tuer,\u00a0N&rsquo;abandonnez pas\u00a0!\u00a0\u00bb<\/div>\n<div class=\"mdjAuteur\">Alexei Navalny<\/div>\n<p><span style=\"color: #777777; font-family: Arial;\">C&rsquo;est dans un documentaire<span style=\"color: #0000ff;\">\u00a0<a style=\"color: #0000ff;\" href=\"https:\/\/www.youtube.com\/watch?v=ZF_HsKCWEHw\">Navalny,<\/a><\/span> sorti en 2022, que le cin\u00e9aste <strong>Daniel Roher<\/strong> avait interrog\u00e9 l&rsquo;opposant, juste avant son d\u00e9part pour Moscou, sur la possibilit\u00e9 qu&rsquo;il soit tu\u00e9 en prison.<br \/>\n<strong>Alexe\u00ef Navalny<\/strong>, comme tr\u00e8s souvent souriant, avait r\u00e9pondu par un message \u00e0 ses concitoyens\u00a0:<br \/>\n<\/span><\/p>\n<p style=\"margin-left: 28pt;\"><span style=\"color: #c00000; font-family: Arial;\">\u00ab\u00a0N&rsquo;abandonnez pas. Si cela se produit, s&rsquo;ils d\u00e9cident de me tuer\u00a0\u00bb<br \/>\n<\/span><\/p>\n<p><span style=\"color: #777777; font-family: Arial;\"><img loading=\"lazy\" decoding=\"async\" class=\"size-full wp-image-15362 alignleft\" src=\"https:\/\/lemotdujour.fr\/wp-content\/uploads\/2024\/02\/Alaxei-Navalny-01.jpg\" alt=\"\" width=\"282\" height=\"255\" \/>En 2020 il avait \u00e9t\u00e9 empoisonn\u00e9 par l&rsquo;utilisation d&rsquo;un agent neurotoxique de type Novitchok, arme favorite des services secrets russes. Il avait r\u00e9chapp\u00e9 \u00e0 l&#8217;empoisonnement apr\u00e8s avoir pu \u00eatre hospitalis\u00e9 dans un h\u00f4pital de Berlin et gr\u00e2ce \u00e0 l&rsquo;intervention de m\u00e9decins allemands.<br \/>\n<\/span><\/p>\n<p><span style=\"color: #777777; font-family: Arial;\">Le 17 janvier 2021 il a voulu retourner en Russie, en ayant la conviction que malgr\u00e9 les risques, il ne pouvait appeler \u00e0 la r\u00e9sistance ses concitoyens s&rsquo;il ne se trouvait pas sur le territoire russe, partageant avec eux le combat contre Poutine et sa clique.<br \/>\n<\/span><\/p>\n<p><span style=\"color: #777777; font-family: Arial;\">C&rsquo;est avant son d\u00e9part qu&rsquo;il a prononc\u00e9 ces mots.<br \/>\n<\/span><\/p>\n<p><span style=\"color: #777777; font-family: Arial;\">D\u00e8s son arriv\u00e9e \u00e0 Moscou, il fut imm\u00e9diatement arr\u00eat\u00e9, condamn\u00e9 pour des motifs d&rsquo;une vacuit\u00e9 indescriptible\u00a0: \u00ab extr\u00e9misme\u00a0\u00bb, \u00ab\u00a0escroquerie \u00bb, \u00ab outrage au tribunal \u00bb et \u00ab fraude aux dons \u00bb.<br \/>\n<\/span><\/p>\n<p><span style=\"color: #777777; font-family: Arial;\">Dans un parcours p\u00e9nitentiaire de plus en plus rude, il est transf\u00e9r\u00e9 en d\u00e9cembre 2023, dans la colonie p\u00e9nitentiaire n\u00b03, surnomm\u00e9e \u00ab Loup polaire \u00bb de la localit\u00e9 de Kharp, dans l&rsquo;Arctique russe. On est au-del\u00e0 du cercle polaire : certaines nuits, la temp\u00e9rature peut atteindre les -30 \u00b0 Celsius.<br \/>\n<\/span><\/p>\n<p><span style=\"color: #777777; font-family: Arial;\">Le service f\u00e9d\u00e9ral de l&rsquo;ex\u00e9cution des peines a annonc\u00e9 la mort d&rsquo;Alexe\u00ef Navalny, vendredi 16 f\u00e9vrier, \u00e0 47 ans, dans la prison du Grand Nord russe o\u00f9 il purgeait une peine de dix-neuf ans d&rsquo;incarc\u00e9ration.<br \/>\n<\/span><\/p>\n<p><span style=\"color: #777777; font-family: Arial;\">Depuis son arrestation \u00e0 son retour en Russie, il a \u00e9t\u00e9 envoy\u00e9 vingt-sept fois au mitard, pour les pr\u00e9textes les plus fallacieux : \u00ab a mal boutonn\u00e9 son uniforme \u00bb ; \u00ab n&rsquo;a pas mis ses mains derri\u00e8re le dos en marchant \u00bb ; \u00ab a cit\u00e9 une d\u00e9cision de la Cour europ\u00e9enne des droits de l&rsquo;homme \u00bb ; \u00ab a mal nettoy\u00e9 la cour \u00bb\u2026<br \/>\n<\/span><\/p>\n<p><span style=\"color: #777777; font-family: Arial;\"><img loading=\"lazy\" decoding=\"async\" class=\" wp-image-15364 alignright\" src=\"https:\/\/lemotdujour.fr\/wp-content\/uploads\/2024\/02\/Alexei-Navalny-02.jpg\" alt=\"\" width=\"407\" height=\"413\" srcset=\"https:\/\/lemotdujour.fr\/wp-content\/uploads\/2024\/02\/Alexei-Navalny-02.jpg 617w, https:\/\/lemotdujour.fr\/wp-content\/uploads\/2024\/02\/Alexei-Navalny-02-296x300.jpg 296w\" sizes=\"auto, (max-width: 407px) 100vw, 407px\" \/>Au mitard, il partageait fr\u00e9quemment sa cellule avec un prisonnier fou et non lav\u00e9, qui hurlait toute la journ\u00e9e. Alexe\u00ef Navalny se plaignait aussi de devoir \u00e9couter, jour apr\u00e8s jour, de longues rediffusions des discours de Vladimir Poutine.<br \/>\n<\/span><\/p>\n<p><span style=\"color: #777777; font-family: Arial;\">Est-il mort assassin\u00e9 brutalement ou est-il mort d&rsquo;\u00e9puisement, on ne le sait pas\u00a0?<br \/>\n<\/span><\/p>\n<p><span style=\"color: #777777; font-family: Arial;\">Il avait sa part d&rsquo;ombre, il a commenc\u00e9 sa carri\u00e8re politique en tant que nationaliste belliqueux ayant des propos scandaleux \u00e0 l&rsquo;\u00e9gard des tch\u00e9tch\u00e8nes.<br \/>\n<\/span><\/p>\n<p><span style=\"color: #777777; font-family: Arial;\">Mais par la suite il a engag\u00e9 un bras de fer avec Poutine et ses sbires, d\u00e9non\u00e7ant leurs crimes contre la d\u00e9mocratie et la libert\u00e9 ainsi que et leur corruption g\u00e9n\u00e9ralis\u00e9e, en la d\u00e9montrant de mani\u00e8re explicite.<br \/>\n<\/span><\/p>\n<p><span style=\"color: #777777; font-family: Arial;\">Grand orateur, il souriait et maniait l&rsquo;humour jusque dans le dernier moment o\u00f9 il a \u00e9t\u00e9 vu, trois jours avant sa mort, dans une \u00e9ni\u00e8me confrontation avec un juge. Il \u00e9tait devenu le symbole de la libert\u00e9 et de l&rsquo;opposition \u00e0 Poutine.<br \/>\n<\/span><\/p>\n<p><span style=\"color: #777777; font-family: Arial;\">Vous pouvez \u00e9couter l&rsquo;\u00e9mission de <strong>Christine Ockrent<\/strong> qui lui a \u00e9t\u00e9 consacr\u00e9e ce samedi 17 f\u00e9vrier\u00a0: &lt; <a href=\"https:\/\/www.radiofrance.fr\/franceculture\/podcasts\/affaires-etrangeres\/russie-le-martyre-de-navalny-9087906\"><span style=\"color: #0000ff;\">Russie : le martyre de Navalny<\/span><\/a> &gt;<br \/>\n<\/span><\/p>\n<p><span style=\"color: #777777; font-family: Arial;\">Il y a aussi ces articles \u00ab\u00a0du Monde\u00a0\u00bb\u00a0:<br \/>\n<\/span><\/p>\n<p><span style=\"color: #777777; font-family: Arial;\"><span style=\"color: #0000ff;\">&lt;<a style=\"color: #0000ff;\" href=\"https:\/\/www.lemonde.fr\/international\/article\/2024\/02\/17\/alexei-navalny-meurt-en-emmenant-avec-lui-les-derniers-espoirs-d-une-russie-libre_6217038_3210.html\">Navalny meurt en emmenant avec lui \u00ab les derniers espoirs \u00bb d&rsquo;une Russie libre<\/a>&gt;<\/span><br \/>\n<\/span><\/p>\n<p><span style=\"color: #777777; font-family: Arial;\">&lt;<span style=\"color: #0000ff;\"><a style=\"color: #0000ff;\" href=\"Alexe\u00ef%20Navalny,%20de%20l\u2019engagement%20au%20sacrifice\">Alexe\u00ef Navalny, de l&rsquo;engagement au sacrifice<\/a><\/span>&gt;<br \/>\n<\/span><\/p>\n<p><span style=\"color: #777777; font-family: Arial;\">Il semble utile aussi de s&rsquo;int\u00e9resser \u00e0 cette affaire qui a conduit la filiale russe de l&rsquo;entreprise fran\u00e7aise Yves Rocher \u00e0 attaquer Navalny et son fr\u00e8re, en justice, sur des accusations mensong\u00e8res pour complaire au gouvernement : &lt;<span style=\"color: #0000ff;\"><a style=\"color: #0000ff;\" href=\"https:\/\/www.lemonde.fr\/international\/article\/2014\/12\/30\/proces-navalny-yves-rocher-une-plainte-au-service-du-pouvoir_4547460_3210.html\">Proc\u00e8s Navalny : Yves Rocher, une plainte au service du pouvoir<\/a><\/span>&gt;<br \/>\n<\/span><\/p>\n<p><span style=\"color: #777777; font-family: Arial;\">Toutes les personnes qui en France ou en Europe manifestent la moindre complaisance \u00e0 ce tyran sanguinaire qu&rsquo;est Poutine, ne pourront plus se cacher : l&rsquo;homme qu&rsquo;ils traitaient avec bienveillance, est un monstre.<br \/>\n<\/span><\/p>\n<p><span style=\"color: #777777; font-family: Arial;\">Alexei Navalny \u00e9tait un homme courageux et qui menait un noble combat.<br \/>\n<\/span><\/p>\n<p><span style=\"color: #777777; font-family: Arial;\">Ces choses sont claires et dites.<br \/>\n<\/span><\/p>\n<p><span style=\"color: #777777; font-family: Arial;\">Mais je ne souhaite pas m&rsquo;arr\u00eater l\u00e0.<br \/>\n<\/span><\/p>\n<p><span style=\"color: #777777; font-family: Arial;\">Le 26 septembre 2022, Vladimir Poutine a accord\u00e9 la citoyennet\u00e9 russe \u00e0 <strong>Edouard Snowden<\/strong>, pour lui permettre d&rsquo;\u00e9chapper \u00e0 la justice ou plut\u00f4t la vindicte des \u00c9tats-Unis.<br \/>\n<\/span><\/p>\n<p><span style=\"color: #777777; font-family: Arial;\"><img loading=\"lazy\" decoding=\"async\" class=\"wp-image-15365 alignleft\" src=\"https:\/\/lemotdujour.fr\/wp-content\/uploads\/2024\/02\/Edouard-Snowden.jpg\" alt=\"\" width=\"411\" height=\"233\" srcset=\"https:\/\/lemotdujour.fr\/wp-content\/uploads\/2024\/02\/Edouard-Snowden.jpg 600w, https:\/\/lemotdujour.fr\/wp-content\/uploads\/2024\/02\/Edouard-Snowden-300x170.jpg 300w\" sizes=\"auto, (max-width: 411px) 100vw, 411px\" \/>Ce n&rsquo;\u00e9tait pas le premier choix du lanceur d&rsquo;alerte. D\u00e8s 2013, il avait demand\u00e9 l&rsquo;asile politique \u00e0 la France pr\u00e9sid\u00e9e par Fran\u00e7ois Hollande. Le 16 septembre 2019, Snowden avait r\u00e9it\u00e9r\u00e9 son souhait d&rsquo;\u00eatre accueilli par la France. Le 19 septembre 2019, jour de la sortie en France de son autobiographie \u00ab <strong>M\u00e9moires vives<\/strong>\u00a0\u00bb, sa demande \u00e9tait de nouveau rejet\u00e9e, le minist\u00e8re des Affaires \u00e9trang\u00e8res indiquant n&rsquo;avoir \u00ab pas chang\u00e9 d&rsquo;avis \u00bb et lui refusant l&rsquo;asile.<br \/>\n<\/span><\/p>\n<p><span style=\"color: #777777; font-family: Arial;\">Quel est le crime d&rsquo;Edouard Snowden\u00a0?<br \/>\n<\/span><\/p>\n<p><span style=\"color: #777777; font-family: Arial;\">Edward Joseph Snowden, n\u00e9 le 21 juin 1983 en Caroline du Nord a r\u00e9v\u00e9l\u00e9 l&rsquo;existence de plusieurs programmes de surveillance de masse am\u00e9ricains et britanniques.<br \/>\n<\/span><\/p>\n<p><span style=\"color: #777777; font-family: Arial;\">\u00c0 compter du 6 juin 2013, Snowden rend publiques, par l&rsquo;interm\u00e9diaire des m\u00e9dias, des informations class\u00e9es top-secr\u00e8tes de la NSA concernant la captation des donn\u00e9es de connexion des appels t\u00e9l\u00e9phoniques aux \u00c9tats-Unis, ainsi que les syst\u00e8mes d&rsquo;\u00e9coute sur Internet des programmes de surveillance.<br \/>\n<\/span><\/p>\n<p><span style=\"color: #777777; font-family: Arial;\">Le 14 avril 2014, l&rsquo;\u00e9dition am\u00e9ricaine du Guardian et le Washington Post se voient d\u00e9cerner le prix Pulitzer pour la publication des r\u00e9v\u00e9lations de Snowden sur le syst\u00e8me de surveillance de la NSA, rendues possibles gr\u00e2ce aux documents qu&rsquo;il leur a fournis.<br \/>\n<\/span><\/p>\n<p><span style=\"color: #777777; font-family: Arial;\">Quand Snowden quitte les \u00c9tats-Unis, en mai 2013, \u00e0 29 ans, apr\u00e8s la perte d&rsquo;un emploi qui lui assurait une vie confortable, il explique :<br \/>\n<\/span><\/p>\n<p style=\"margin-left: 28pt;\"><span style=\"color: #c00000; font-family: Arial;\">\u00ab Je suis pr\u00eat \u00e0 sacrifier tout cela parce que je ne peux, en mon \u00e2me et conscience, laisser le gouvernement am\u00e9ricain d\u00e9truire la vie priv\u00e9e, la libert\u00e9 d&rsquo;Internet et les libert\u00e9s essentielles des gens du monde entier avec cet \u00e9norme syst\u00e8me de surveillance qu&rsquo;il est en train de b\u00e2tir secr\u00e8tement \u00bb<br \/>\n<\/span><\/p>\n<p><span style=\"color: #777777; font-family: Arial;\">Quelques voix se sont cependant \u00e9lev\u00e9es pour d\u00e9fendre Snowden et dire la v\u00e9rit\u00e9 \u00ab crue \u00bb : les man\u0153uvres ill\u00e9gales commises par Snowden sont n\u00e9gligeables devant l&rsquo;int\u00e9r\u00eat de ses r\u00e9v\u00e9lations qui d\u00e9montrent que la \u00ab grande \u00bb d\u00e9mocratie am\u00e9ricaine, donneuse de le\u00e7ons au monde entier, \u00e9coute massivement les citoyens et les dirigeants des pays alli\u00e9s et cela m\u00eame davantage pour des motifs \u00e9conomiques que pour des motifs de suret\u00e9 nationale. Aggravant ainsi leur faute contre la d\u00e9mocratie et la libert\u00e9.<br \/>\n<\/span><\/p>\n<p><span style=\"color: #777777; font-family: Arial;\">Ainsi, le 10 juin 2014, l&rsquo;ancien vice-pr\u00e9sident <strong>Al Gore<\/strong> indique qu&rsquo;Edward Snowden a \u00ab <span style=\"color: #c00000;\">rendu un important service<span style=\"color: #777777;\"> \u00bb, en\u202f\u00ab <span style=\"color: #c00000;\">r\u00e9v\u00e9lant le viol de lois importantes, dont des violations de la Constitution des \u00c9tats-Unis<span style=\"color: #777777;\"> \u00bb, ce qui \u00e9tait \u00ab <span style=\"color: #c00000;\">bien plus s\u00e9rieux que les crimes qu&rsquo;il a commis<span style=\"color: #777777;\"> \u00bb<br \/>\n<\/span><\/span><\/span><\/span><\/span><\/span><\/span><\/p>\n<p><span style=\"color: #777777; font-family: Arial;\">Mais rien n&rsquo;y fait, Les \u00c9tats-Unis ne renoncent pas aux poursuites et les pays occidentaux comme la France se rangent d\u00e9lib\u00e9r\u00e9ment dans le camp des ennemis de la libert\u00e9, faisant \u00e0 la Russie de Poutine le cadeau d&rsquo;appara\u00eetre comme un pseudo d\u00e9fenseur des droits proclam\u00e9s par les occidentaux.<br \/>\n<\/span><\/p>\n<p><span style=\"color: #777777; font-family: Arial;\">Cela n&rsquo;enl\u00e8ve rien \u00e0 l&rsquo;ignominie du ma\u00eetre du Kremlin qui n&rsquo;agit ainsi que pour s&rsquo;opposer aux occidentaux.<br \/>\n<\/span><\/p>\n<p><span style=\"color: #777777; font-family: Arial;\">Mais nous [l&rsquo;Occident] ne sommes d\u00e9cid\u00e9ment pas le camp du bien.<br \/>\n<\/span><\/p>\n<p><span style=\"color: #777777; font-family: Arial;\">Vous pouvez avoir d&rsquo;amples informations sur la &lt;<span style=\"color: #0000ff;\"> <a style=\"color: #0000ff;\" href=\"https:\/\/fr.wikipedia.org\/wiki\/Edward_Snowden\">Page Wikipedia<\/a><\/span> &gt; qui lui est consacr\u00e9e.<br \/>\n<\/span><\/p>\n<p><span style=\"color: #777777; font-family: Arial;\">On peut encore citer le cas de <strong>Julian Assange <\/strong>qui est informaticien, journaliste et lanceur d&rsquo;alerte australien. Il est fondateur, r\u00e9dacteur en chef et porte-parole de<span style=\"color: #0000ff;\"><a style=\"color: #0000ff;\" href=\"https:\/\/wikileaks.org\/\"> WikiLeaks<\/a><\/span> qui font des r\u00e9v\u00e9lations sur la mani\u00e8re dont les \u00c9tats-Unis et leurs alli\u00e9s m\u00e8nent la guerre en Irak et en Afghanistan,<br \/>\n<\/span><\/p>\n<p><span style=\"color: #777777; font-family: Arial;\">Il dispose aussi d&rsquo;une &lt; <span style=\"color: #0000ff;\"><a style=\"color: #0000ff;\" href=\"https:\/\/fr.wikipedia.org\/wiki\/Julian_Assange\">Page wikipedia<\/a><\/span> &gt;qui relate les diff\u00e9rentes \u00e9tapes de sa vie qui l&rsquo;ont amen\u00e9 dans une prison de haute s\u00e9curit\u00e9 du Royaume-Uni dans l&rsquo;attente de son extradition aux \u00c9tats-Unis o\u00f9 il risque plus de 170 ann\u00e9es de prison.<br \/>\n<\/span><\/p>\n<p><span style=\"color: #777777; font-family: Arial;\"><img loading=\"lazy\" decoding=\"async\" class=\"wp-image-15366 alignright\" src=\"https:\/\/lemotdujour.fr\/wp-content\/uploads\/2024\/02\/Julian-Assange.jpg\" alt=\"\" width=\"283\" height=\"159\" srcset=\"https:\/\/lemotdujour.fr\/wp-content\/uploads\/2024\/02\/Julian-Assange.jpg 480w, https:\/\/lemotdujour.fr\/wp-content\/uploads\/2024\/02\/Julian-Assange-300x169.jpg 300w\" sizes=\"auto, (max-width: 283px) 100vw, 283px\" \/>On y lit notamment\u00a0:<br \/>\n<\/span><\/p>\n<p style=\"margin-left: 28pt;\"><span style=\"color: #c00000; font-family: Arial;\">\u00ab Assange est soumis \u00e0 un isolement strict en principe r\u00e9serv\u00e9 aux terroristes internationaux, alors qu&rsquo;il est journaliste en d\u00e9tention provisoire. Il est maintenu 23 heures par jour dans un isolement total et ne dispose que de 45 minutes par jour de promenade dans une cour rev\u00eatue de b\u00e9ton. WikiLeaks affirme que la d\u00e9tention d&rsquo;Assange ternit la r\u00e9putation de d\u00e9fenseur de la libert\u00e9 de la presse du Royaume-Uni. Quand il quitte sa cellule, \u00ab tous les couloirs par lesquels il passe sont \u00e9vacu\u00e9s et toutes les portes des cellules sont ferm\u00e9es pour \u00e9viter tout contact avec les autres d\u00e9tenus \u00bb<br \/>\n<\/span><\/p>\n<p><span style=\"color: #777777; font-family: Arial;\">Dans un \u00e9tat de sant\u00e9 pr\u00e9caire, ses amis et proches craignent pour sa vie.<br \/>\n<\/span><\/p>\n<p><span style=\"color: #777777; font-family: Arial;\">Je voulais parler aujourd&rsquo;hui d&rsquo;<strong>Alexei Navalny<\/strong> et du comportement criminel des autorit\u00e9s russes qui ont conduit \u00e0 sa mort.<br \/>\n<\/span><\/p>\n<p><span style=\"color: #777777; font-family: Arial;\">Mais que dire, pour les cas d&rsquo;<strong>Edward Snowden<\/strong> et de <strong>Julien Assange<\/strong>, des autorit\u00e9s de l\u2019\u00c9tat qui les poursuivent et de la complicit\u00e9 des autres \u00c9tats occidentaux qui laissent faire ou participent \u00e0 cet acharnement contre les lanceurs d&rsquo;alerte ? <\/span><\/p>\n<p><span style=\"color: #777777; font-family: Arial;\">La voix des occidentaux devient de plus en plus faible aux oreilles du reste du monde, en raison de nos manquements immenses aux valeurs que nous proclamons.<br \/>\n<\/span><\/p>\n<p><span style=\"color: maroon; font-family: Arial;\">&lt;1793&gt;<\/span><\/p>\n","protected":false},"excerpt":{"rendered":"<p>\u00ab\u00a0Si cela se produit, s&rsquo;ils d\u00e9cident de me tuer,\u00a0N&rsquo;abandonnez pas\u00a0!\u00a0\u00bb Alexei Navalny C&rsquo;est dans un documentaire\u00a0Navalny, sorti en 2022, que le cin\u00e9aste Daniel Roher avait interrog\u00e9 l&rsquo;opposant, juste avant son d\u00e9part pour Moscou, sur la possibilit\u00e9 qu&rsquo;il soit tu\u00e9 en<\/p>\n","protected":false},"author":1,"featured_media":0,"comment_status":"open","ping_status":"closed","sticky":false,"template":"","format":"standard","meta":{"footnotes":""},"categories":[1],"tags":[113,65,78],"class_list":["post-15353","post","type-post","status-publish","format-standard","hentry","category-motdujour","tag-droits-de-lhomme","tag-etats-unis","tag-russie"],"_links":{"self":[{"href":"https:\/\/lemotdujour.fr\/index.php?rest_route=\/wp\/v2\/posts\/15353","targetHints":{"allow":["GET"]}}],"collection":[{"href":"https:\/\/lemotdujour.fr\/index.php?rest_route=\/wp\/v2\/posts"}],"about":[{"href":"https:\/\/lemotdujour.fr\/index.php?rest_route=\/wp\/v2\/types\/post"}],"author":[{"embeddable":true,"href":"https:\/\/lemotdujour.fr\/index.php?rest_route=\/wp\/v2\/users\/1"}],"replies":[{"embeddable":true,"href":"https:\/\/lemotdujour.fr\/index.php?rest_route=%2Fwp%2Fv2%2Fcomments&post=15353"}],"version-history":[{"count":9,"href":"https:\/\/lemotdujour.fr\/index.php?rest_route=\/wp\/v2\/posts\/15353\/revisions"}],"predecessor-version":[{"id":15404,"href":"https:\/\/lemotdujour.fr\/index.php?rest_route=\/wp\/v2\/posts\/15353\/revisions\/15404"}],"wp:attachment":[{"href":"https:\/\/lemotdujour.fr\/index.php?rest_route=%2Fwp%2Fv2%2Fmedia&parent=15353"}],"wp:term":[{"taxonomy":"category","embeddable":true,"href":"https:\/\/lemotdujour.fr\/index.php?rest_route=%2Fwp%2Fv2%2Fcategories&post=15353"},{"taxonomy":"post_tag","embeddable":true,"href":"https:\/\/lemotdujour.fr\/index.php?rest_route=%2Fwp%2Fv2%2Ftags&post=15353"}],"curies":[{"name":"wp","href":"https:\/\/api.w.org\/{rel}","templated":true}]}}