{"id":15348,"date":"2024-02-13T00:14:00","date_gmt":"2024-02-12T23:14:00","guid":{"rendered":"https:\/\/lemotdujour.fr\/?p=15348"},"modified":"2024-03-03T16:16:33","modified_gmt":"2024-03-03T15:16:33","slug":"mardi-13-fevrier-2024","status":"publish","type":"post","link":"https:\/\/lemotdujour.fr\/?p=15348","title":{"rendered":"Mardi 13 f\u00e9vrier 2024"},"content":{"rendered":"<div class=\"mdjTexte\">\u00ab\u00a0Isra\u00ebl est n\u00e9 d&rsquo;une angoisse de mort comme aucun peuple n&rsquo;en a connue \u00e0 ses origines.\u00a0\u00bb<\/div>\n<div class=\"mdjAuteur\">Robert Badinter<\/div>\n<p><span style=\"color: #777777; font-family: Arial;\">Robert Badinter a v\u00e9cu les horreurs de l&rsquo;antis\u00e9mitisme. :<br \/>\n<\/span><\/p>\n<p><span style=\"color: #777777; font-family: Arial;\">Il se d\u00e9finissait comme \u00ab\u00a0<strong>r\u00e9publicain, la\u00efque et juif<\/strong>\u00a0\u00bb, c&rsquo;est ce qu&rsquo;a rappel\u00e9 Richard Zelmati, lors de la &lt;<span style=\"color: #0000ff;\"><a style=\"color: #0000ff;\" href=\"https:\/\/www.lyoncapitale.fr\/actualite\/rafle-de-la-rue-sainte-catherine-a-lyon-hommages-a-robert-badinter-et-evocation-de-l-attaque-du-hamas\">comm\u00e9moration<\/a><\/span>&gt; de la rafle du 12 de la rue Sainte-Catherine \u00e0 Lyon, en bas des pentes de la Croix Rousse.<\/span><\/p>\n<p><span style=\"color: #777777; font-family: Arial;\">Cette rafle a eu lieu le 9 f\u00e9vrier 1943. Parmi les 86 personnes arr\u00eat\u00e9es, il y avait <strong>Simon Badinter<\/strong> le p\u00e8re de <strong>Robert Badinter.<br \/>\n<\/strong><\/span><\/p>\n<p><span style=\"color: #777777; font-family: Arial;\">Le destin a voulu que Robert Badinter soit d\u00e9c\u00e9d\u00e9 81 ans, jour pour jour, apr\u00e8s l&rsquo;arrestation de son p\u00e8re \u00e0 Lyon.<br \/>\n<\/span><\/p>\n<p><span style=\"color: #777777; font-family: Arial;\">&lt;<span style=\"color: #0000ff;\"><a style=\"color: #0000ff;\" href=\"https:\/\/www.memorialdelashoah.org\/9-fevrier-1943-la-rafle-de-la-rue-sainte-catherine-a-lyon.html\">Le M\u00e9morial de la Shoah<\/a><\/span>&gt; pr\u00e9cise\u00a0:<br \/>\n<\/span><\/p>\n<p style=\"margin-left: 28pt;\"><span style=\"color: #c00000; font-family: Arial;\">\u00ab\u00a0C&rsquo;est un pie\u0300ge que les nazis tendent au 12 de la rue Sainte-Catherine, si\u00e8ge de la F\u00e9d\u00e9ration des soci\u00e9t\u00e9s juives de France et du comit\u00e9\u0301 d&rsquo;assistance aux refugies, r\u00e9unis au sein de l&rsquo;Union g\u00e9n\u00e9rale des isra\u00e9lites de France. La Gestapo attend plusieurs heures sur place pour arr\u00eater le maximum de personnes, employ\u00e9s et personnes qui se pr\u00e9sentent dans les locaux.<br \/>\nD&rsquo;abord emprisonne\u0301 au <strong>Fort Lamothe<\/strong>, le groupe est transf\u00e9r\u00e9\u0301 au camp de Drancy le 12 f\u00e9vrier. Sur place, se trouvent notamment les victimes de la rafle du d\u00e9partement de la Seine des 10 et 11 f\u00e9vrier, op\u00e9r\u00e9e par la police fran\u00e7aise a\u0300 l&rsquo;initiative des autorit\u00e9s allemandes. Il s&rsquo;agit pour beaucoup de personnes a\u0302ge\u0301es et d&rsquo;enfants accueillis dans des foyers et des hospices, notamment ceux de la fondation Rothschild.<br \/>\nSur les 86 Juifs rafle\u0301s a\u0300 Lyon, 80 sont d\u00e9port\u00e9s dans <strong>les camps d&rsquo;Auschwitz-Birkenau<\/strong>, <strong>Sobibor<\/strong> et <strong>Bergen-Belsen<\/strong>. Le plus jeune a 13 ans. Parmi eux figure Simon Badinter, le pe\u0300re de Robert Badinter.<br \/>\nEn 1945, il demeure 4 survivants.\u00a0\u00bb<br \/>\n<\/span><\/p>\n<p><span style=\"color: #777777; font-family: Arial;\">Le p\u00e8re de Robert Badinter, mourra \u00e0 47 ans, dans le camp d&rsquo;extermination de Sobibor<br \/>\n<\/span><\/p>\n<p><span style=\"color: #777777; font-family: Arial;\">Robert Badinter fut toujours en premi\u00e8re ligne dans le combat contre l&rsquo;antis\u00e9mitisme et le n\u00e9gationnisme.<br \/>\n<\/span><\/p>\n<p><span style=\"color: #777777; font-family: Arial;\">Isra\u00ebl \u00e9tait important pour lui, comme un refuge protecteur des juifs. Mais il consid\u00e9rait toujours qu&rsquo;Isra\u00ebl devait, pour sa suret\u00e9, accepter un \u00e9tat palestinien \u00e0 c\u00f4t\u00e9 de lui.<br \/>\n<\/span><\/p>\n<p><span style=\"color: #777777; font-family: Arial;\">J&rsquo;ai retrouv\u00e9 un article dans lequel il expliquait la psychologie de la majorit\u00e9 des juifs isra\u00e9liens de mani\u00e8re qui m&rsquo;a paru tr\u00e8s p\u00e9n\u00e9trante.<br \/>\n<\/span><\/p>\n<p><span style=\"color: #777777; font-family: Arial;\">J&rsquo;ajoute tout de suite qu&rsquo;il ne parle pas de la minorit\u00e9 des messianiques qui poursuivent une vision religieuse d\u00e9lirante du destin d&rsquo;Isra\u00ebl et qui, au m\u00eame titre que le Hamas, sont des propagandistes de la haine et du chaos.<br \/>\n<\/span><\/p>\n<p><span style=\"color: #777777; font-family: Arial;\">Le Monde avait publi\u00e9 le 20 ao\u00fbt 2001 cet article\u00a0: <a href=\"https:\/\/www.lemonde.fr\/archives\/article\/2001\/08\/20\/l-angoisse-et-la-paix-par-robert-badinter_215374_1819218.html\"><span style=\"color: #0000ff;\">&lt;L&rsquo;angoisse et la paix par Robert Badinter&gt;<\/span><\/a><br \/>\n<\/span><\/p>\n<p><span style=\"color: #777777; font-family: Arial;\">Il r\u00e9agissait apr\u00e8s un attentat anti-isra\u00e9lien dans une pizzeria, au c\u0153ur de J\u00e9rusalem, dans lequel 3 enfants de 14 ans, 4 ans, 2 ans avaient \u00e9t\u00e9 tu\u00e9s avec leurs parents<br \/>\n<\/span><\/p>\n<p><span style=\"color: #777777; font-family: Arial;\">Robert Badinter \u00e9crivait\u00a0:<br \/>\n<\/span><\/p>\n<p style=\"margin-left: 28pt;\"><span style=\"color: #c00000; font-family: Arial;\">\u00ab\u00a0Nul ne saurait demeurer indiff\u00e9rent aux morts et aux souffrances du peuple palestinien. Pour ma part, je souhaite depuis longtemps qu&rsquo;il connaisse une vie paisible dans un Etat ind\u00e9pendant.\u00a0\u00bb<br \/>\n<\/span><\/p>\n<p><span style=\"color: #777777; font-family: Arial;\">Et puis il a ajout\u00e9 cela sur Isra\u00ebl, les juifs et les palestiniens :<br \/>\n<\/span><\/p>\n<p style=\"margin-left: 28pt;\"><span style=\"color: #c00000; font-family: Arial;\">\u00ab\u00a0Juif du XXe si\u00e8cle ayant travers\u00e9, jeune adolescent, les t\u00e9n\u00e8bres de la guerre et de l&rsquo;Occupation, j&rsquo;ai vu na\u00eetre, au travers d&rsquo;\u00e9preuves inou\u00efes, l&rsquo;Etat d&rsquo;Isra\u00ebl. Il en va des peuples comme des humains.<br \/>\n<\/span><\/p>\n<p style=\"margin-left: 28pt;\"><span style=\"color: #c00000; font-family: Arial;\">Les premiers jours de leur vie et ceux qui pr\u00e9c\u00e8dent leur naissance sont lourds de cons\u00e9quences pour leur sensibilit\u00e9 et leur avenir.<br \/>\n<\/span><\/p>\n<p style=\"margin-left: 28pt;\"><span style=\"color: #c00000; font-family: Arial;\">Or Isra\u00ebl est le fruit de la plus tragique histoire. Les peuples arabes rappellent avec raison qu&rsquo;ils ne portent pas la responsabilit\u00e9 de la Shoah. Ce crime sans pareil contre l&rsquo;humanit\u00e9 s&rsquo;inscrit en lettres de sang dans l&rsquo;histoire europ\u00e9enne. D\u00e8s l&rsquo;origine, le projet sioniste a pris corps parce que dans les premi\u00e8res d\u00e9cennies du 20e si\u00e8cle l&rsquo;antis\u00e9mitisme n&rsquo;avait cess\u00e9 de r\u00e9gner en Europe jusqu&rsquo;\u00e0 l&rsquo;apocalypse nazie.<br \/>\n<\/span><\/p>\n<p style=\"margin-left: 28pt;\"><span style=\"color: #c00000; font-family: Arial;\">Les vagues d&rsquo;immigrants en Palestine depuis le d\u00e9but du 20e si\u00e8cle succ\u00e8dent aux pers\u00e9cutions. Le \u00ab\u00a0foyer juif\u00a0\u00bb promis par Lord Balfour pendant la premi\u00e8re guerre mondiale r\u00e9pond \u00e0 cette aspiration d&rsquo;un peuple si \u00e9prouv\u00e9 \u00e0 trouver, sur la terre dont les \u00e9critures disent qu&rsquo;elle lui fut promise, un refuge, un lieu de paix et d&rsquo;enracinement.<br \/>\n<\/span><\/p>\n<p style=\"margin-left: 28pt;\"><span style=\"color: #c00000; font-family: Arial;\">On sait ce qu&rsquo;il advint de cette promesse d&rsquo;un \u00ab\u00a0foyer juif\u00a0\u00bb du temps du mandat britannique.<br \/>\nSur la terre de Palestine, les immigrants en petit nombre rencontr\u00e8rent l&rsquo;hostilit\u00e9 de ceux qui s&rsquo;y \u00e9taient \u00e9tablis avant eux. A croire que seuls les juifs n&rsquo;avaient pas le droit de vivre en Terre sainte !<br \/>\nApr\u00e8s la guerre, lorsque les survivants de la Shoah se compt\u00e8rent, l&rsquo;\u00e9lan fut irr\u00e9sistible qui poussa les plus engag\u00e9s d&rsquo;entre eux vers la Palestine. Si les autorit\u00e9s anglaises s&rsquo;y oppos\u00e8rent, c&rsquo;est d&rsquo;abord parce que les peuples arabes de la r\u00e9gion ne voulaient pas d&rsquo;un Etat h\u00e9breu parmi eux. On a trop oubli\u00e9 dans quelles conditions fut arrach\u00e9e la reconnaissance de l&rsquo;Etat d&rsquo;Isra\u00ebl, l\u00e0 o\u00f9 d&rsquo;ailleurs n&rsquo;avait jamais exist\u00e9 d&rsquo;Etat palestinien. Cet Etat h\u00e9breu \u00e9tait l&rsquo;expression non pas de l&rsquo;imp\u00e9rialisme colonial, comme certains le disent aujourd&rsquo;hui, mais de la tragique condition qu&rsquo;avait souffert \u00e0 travers les si\u00e8cles un peuple dispers\u00e9 et toujours pers\u00e9cut\u00e9. Isra\u00ebl est n\u00e9 de la Shoah. Il ne faut jamais l&rsquo;oublier. Non parce que les Isra\u00e9liens ou les juifs seraient devenus des cr\u00e9anciers moraux du monde jusqu&rsquo;\u00e0 la fin des temps. Mais parce qu&rsquo;on ne peut rien comprendre \u00e0 l&rsquo;Isra\u00ebl d&rsquo;aujourd&rsquo;hui si on ne prend pas en compte cette v\u00e9rit\u00e9 : <strong>Isra\u00ebl est n\u00e9 d&rsquo;une angoisse de mort comme aucun peuple n&rsquo;en a connue \u00e0 ses origines.<br \/>\n<\/strong><\/span><\/p>\n<p style=\"margin-left: 28pt;\"><span style=\"color: #c00000; font-family: Arial;\">Or cette angoisse-l\u00e0, elle ne l&rsquo;a jamais quitt\u00e9. Il faut rappeler \u00e0 ceux qui aujourd&rsquo;hui mettent l&rsquo;accent sur les exactions et les crimes commis par les activistes sionistes lors de la guerre de 1948 que, d\u00e8s la proclamation de l&rsquo;Etat d&rsquo;Isra\u00ebl, toutes les puissances arabes, ses voisins, ont proclam\u00e9 la guerre sainte et jur\u00e9 sa destruction. Si le sort des armes n&rsquo;en avait pas d\u00e9cid\u00e9 autrement, si les Isra\u00e9liens avaient succomb\u00e9 sous le nombre et le poids de leurs ennemis coalis\u00e9s, il n&rsquo;y aurait jamais eu d&rsquo;Etat d&rsquo;Isra\u00ebl.<br \/>\n<\/span><\/p>\n<p style=\"margin-left: 28pt;\"><span style=\"color: #c00000; font-family: Arial;\">Apr\u00e8s un demi-si\u00e8cle \u00e9coul\u00e9 et tant de campagnes victorieuses, les Isra\u00e9liens demeurent convaincus en majorit\u00e9 que les peuples arabes autour d&rsquo;eux veulent en d\u00e9finitive l&rsquo;an\u00e9antissement de l&rsquo;Etat d&rsquo;Isra\u00ebl. Sentiment absurde, disent les esprits raisonnables. Tsahal est la premi\u00e8re arm\u00e9e de la r\u00e9gion. Isra\u00ebl jouit de l&rsquo;appui inconditionnel des Etats-Unis, superpuissance du monde et gardien ultime de l&rsquo;ordre international. Aucune menace s\u00e9rieuse ne p\u00e8se donc sur l&rsquo;avenir d&rsquo;Isra\u00ebl, hormis son impuissance \u00e0 r\u00e9soudre le probl\u00e8me palestinien.<br \/>\nMais l\u00e0 est pr\u00e9cis\u00e9ment le c\u0153ur du probl\u00e8me. La plupart des Isra\u00e9liens sont pr\u00eats aux plus importantes concessions pour obtenir une paix r\u00e9elle pour eux et leurs enfants. Mais la paix n&rsquo;est acquise r\u00e9ellement que lorsque les adversaires ont renonc\u00e9 en eux-m\u00eames \u00e0 la volont\u00e9 d&rsquo;abattre l&rsquo;autre. La seule paix durable, c&rsquo;est celle du c\u0153ur et de l&rsquo;esprit. A d\u00e9faut, il n&rsquo;y a que des armistices entre deux guerres.<br \/>\n<\/span><\/p>\n<p style=\"margin-left: 28pt;\"><span style=\"color: #c00000; font-family: Arial;\">Or cette paix-l\u00e0, cette paix spirituelle sans laquelle rien ne sera acquis au Proche-Orient, nombre d&rsquo;Isra\u00e9liens aujourd&rsquo;hui demeurent convaincus qu&rsquo;elle est hors de leur port\u00e9e. A lire les manuels d&rsquo;histoire palestiniens, \u00e0 \u00e9couter les discours \u00e0 usage interne des leaders, \u00e0 entendre les cris de haine des plus violents d&rsquo;entre eux, les Isra\u00e9liens ressentent que c&rsquo;est bien la destruction d&rsquo;Isra\u00ebl que leurs adversaires veulent.<br \/>\nRien ne leur para\u00eet, \u00e0 cet \u00e9gard, avoir chang\u00e9 depuis l&rsquo;\u00e9poque o\u00f9 les chefs des Etats arabes s&rsquo;unissaient pour envahir et d\u00e9truire le minuscule Etat qui venait de na\u00eetre. A ce sentiment-l\u00e0, chaque attentat terroriste donne une intensit\u00e9 nouvelle. La mort des victimes, au-del\u00e0 de la souffrance des parents, r\u00e9sonne dans tout Isra\u00ebl comme le glas de l&rsquo;esp\u00e9rance de paix. Elle fait rena\u00eetre cette angoisse existentielle qui n&rsquo;a jamais cess\u00e9 depuis la naissance d&rsquo;Isra\u00ebl, enfant des pogromes et de la Shoah. A quoi bon rendre les territoires, abandonner les colonies de peuplement, reconna\u00eetre \u00e0 J\u00e9rusalem-Est le statut de capitale de l&rsquo;Etat palestinien, indemniser les r\u00e9fugi\u00e9s palestiniens, \u00e0 quoi bon tant de concessions et de renoncements si l&rsquo;on n&rsquo;atteint pas le but : la paix, la vraie paix, celle des \u00e2mes.<br \/>\nLe recours \u00e0 la force qui assure le statu quo permet au moins de rassurer pour un moment les esprits. Jusqu&rsquo;au prochain attentat, jusqu&rsquo;au prochain mort. La douleur rena\u00eet alors, et la col\u00e8re, et la fureur. Et la riposte vient qui s\u00e8me \u00e0 son tour la mort de l&rsquo;autre c\u00f4t\u00e9, en attendant la prochaine bombe de kamikaze qui lui fera \u00e9cho.<br \/>\n<\/span><\/p>\n<p style=\"margin-left: 28pt;\"><span style=\"color: #c00000; font-family: Arial;\">Devant pareil d\u00e9sastre, les hommes de paix s&rsquo;interrogent sur les moyens de mettre un terme \u00e0 cette violence toujours sanglante, toujours st\u00e9rile. Mais tous les efforts demeureront vains s&rsquo;ils ne prennent pas en compte cette donn\u00e9e psychologique essentielle <strong>: le sentiment angoiss\u00e9 des Isra\u00e9liens qu&rsquo;en d\u00e9finitive, pour leurs ennemis, tout accord n&rsquo;est qu&rsquo;une \u00e9tape vers la r\u00e9alisation de leur objectif ultime : la destruction d&rsquo;Isra\u00ebl<\/strong>.<br \/>\nSans doute il incombe aux Isra\u00e9liens de mettre un terme, sans diff\u00e9rer, aux souffrances et aux humiliations subies par les Palestiniens. Mais il appartient \u00e0 ceux-ci et \u00e0 leurs alli\u00e9s de mesurer enfin que, aussi longtemps que demeurera vivant au c\u0153ur des Isra\u00e9liens la conviction que leurs adversaires veulent la mort de l&rsquo;Etat h\u00e9breu, rien ne sera possible.<br \/>\n<\/span><\/p>\n<p style=\"margin-left: 28pt;\"><span style=\"color: #c00000; font-family: Arial;\">Au moment d\u00e9cisif, l&rsquo;homme d&rsquo;Etat sait que c&rsquo;est \u00e0 l&rsquo;imagination et au c\u0153ur qu&rsquo;il faut s&rsquo;adresser pour donner \u00e0 l&rsquo;histoire un cours nouveau. Le g\u00e9nie de Sadate fut de l&rsquo;avoir un jour compris. Son exemple, h\u00e9las, para\u00eet aujourd&rsquo;hui oubli\u00e9.\u00a0\u00bb<br \/>\n<\/span><\/p>\n<p><span style=\"color: #777777; font-family: Arial;\">Robert Badinter pr\u00e9sente l&rsquo;Histoire de ce conflit du point de vue d&rsquo;Isra\u00ebl.<br \/>\n<\/span><\/p>\n<p><span style=\"color: #777777; font-family: Arial;\">Comme toujours, il trouve les mots justes pour d\u00e9crire tr\u00e8s pr\u00e9cis\u00e9ment les sentiments et les peurs du c\u00f4t\u00e9 isra\u00e9lien de cette trag\u00e9die.<br \/>\n<\/span><\/p>\n<p><span style=\"color: #777777; font-family: Arial;\">\u00ab\u00a0<span style=\"color: #0000ff;\"><a style=\"color: #0000ff;\" href=\"https:\/\/www.challenges.fr\/idees\/robert-badinter-l-eternel_883286\">Challenges<\/a><\/span>\u00a0\u00bb lui avait rendu visite apr\u00e8s le 7 octobre 2023.<br \/>\n<\/span><\/p>\n<p><span style=\"color: #777777; font-family: Arial;\">Le journaliste Maurice Szafran r\u00e9sume cet entretien, sur ce sujet du 7 octobre et de la suite de la mani\u00e8re suivante\u00a0:<br \/>\n<\/span><\/p>\n<p style=\"margin-left: 28pt;\"><span style=\"color: #c00000; font-family: Arial;\">\u00ab\u00a0Jusqu&rsquo;\u00e0 ce pogrom du 7 octobre 2023. \u00ab Une monstruosit\u00e9, \u00e9videmment, rel\u00e8ve-t-il. Mais il s&rsquo;est aussi produit un \u00e9v\u00e9nement capital : Isra\u00ebl devait \u00eatre le pays du \u00ab plus jamais \u00e7a \u00bb, prot\u00e9ger, ce devait \u00eatre son r\u00f4le historique. Et l\u00e0, Isra\u00ebl a \u00e9chou\u00e9 dans sa mission \u00bb.<br \/>\nRobert Badinter critique rudement Benyamin Netanyahou \u2014 comment pourrait-il d&rsquo;ailleurs en aller autrement, lui qui a pour r\u00e9f\u00e9rence et \u00ab compagnons \u00bb Itzhak Rabin et Shimon, Peres, lui qui a toujours d\u00e9fendu la solution \u00e0 deux \u00e9tats, lui qui estime que \u00ab la s\u00e9curit\u00e9 des Isra\u00e9liens passe par l&rsquo;\u00e9mancipation des Palestiniens \u00bb. \u00ab Netanyahou, ajoute-t-il sans m\u00eame qu&rsquo;il soit n\u00e9cessaire de lui poser la question, est un danger pour les Isra\u00e9liens, un danger pour les libert\u00e9s publiques, un danger pour la d\u00e9mocratie. Heureusement une partie du peuple s&rsquo;\u00e9tait soulev\u00e9e avant le 7 octobre. Il y a pire encore : des partis ouvertement racistes qui \u00ab font \u00bb la majorit\u00e9 parlementaire, des ministres favorables \u00e0 l&rsquo;expulsion des Palestiniens\u2026 C&rsquo;est invraisemblable \u00bb. Il dit : \u00ab je suis inquiet pour Isra\u00ebl \u00bb. Comme un voile de tristesse sur son visage.\u00a0\u00bb<br \/>\n<\/span><\/p>\n<p><span style=\"color: #777777; font-family: Arial;\">Lucide, pleinement engag\u00e9 pour la s\u00e9curit\u00e9 d&rsquo;Isra\u00ebl dans la paix, il me semble que lire Robert Badinter permet d&rsquo;am\u00e9liorer notre compr\u00e9hension de cette trag\u00e9die.<br \/>\n<\/span><\/p>\n<p><span style=\"color: maroon; font-family: Arial;\">&lt;1792&gt;<\/span><\/p>\n","protected":false},"excerpt":{"rendered":"<p>\u00ab\u00a0Isra\u00ebl est n\u00e9 d&rsquo;une angoisse de mort comme aucun peuple n&rsquo;en a connue \u00e0 ses origines.\u00a0\u00bb Robert Badinter Robert Badinter a v\u00e9cu les horreurs de l&rsquo;antis\u00e9mitisme. : Il se d\u00e9finissait comme \u00ab\u00a0r\u00e9publicain, la\u00efque et juif\u00a0\u00bb, c&rsquo;est ce qu&rsquo;a rappel\u00e9 Richard<\/p>\n","protected":false},"author":1,"featured_media":0,"comment_status":"open","ping_status":"closed","sticky":false,"template":"","format":"standard","meta":{"footnotes":""},"categories":[1],"tags":[134,151,201],"class_list":["post-15348","post","type-post","status-publish","format-standard","hentry","category-motdujour","tag-antisemitisme","tag-israel","tag-palestine"],"_links":{"self":[{"href":"https:\/\/lemotdujour.fr\/index.php?rest_route=\/wp\/v2\/posts\/15348","targetHints":{"allow":["GET"]}}],"collection":[{"href":"https:\/\/lemotdujour.fr\/index.php?rest_route=\/wp\/v2\/posts"}],"about":[{"href":"https:\/\/lemotdujour.fr\/index.php?rest_route=\/wp\/v2\/types\/post"}],"author":[{"embeddable":true,"href":"https:\/\/lemotdujour.fr\/index.php?rest_route=\/wp\/v2\/users\/1"}],"replies":[{"embeddable":true,"href":"https:\/\/lemotdujour.fr\/index.php?rest_route=%2Fwp%2Fv2%2Fcomments&post=15348"}],"version-history":[{"count":5,"href":"https:\/\/lemotdujour.fr\/index.php?rest_route=\/wp\/v2\/posts\/15348\/revisions"}],"predecessor-version":[{"id":15403,"href":"https:\/\/lemotdujour.fr\/index.php?rest_route=\/wp\/v2\/posts\/15348\/revisions\/15403"}],"wp:attachment":[{"href":"https:\/\/lemotdujour.fr\/index.php?rest_route=%2Fwp%2Fv2%2Fmedia&parent=15348"}],"wp:term":[{"taxonomy":"category","embeddable":true,"href":"https:\/\/lemotdujour.fr\/index.php?rest_route=%2Fwp%2Fv2%2Fcategories&post=15348"},{"taxonomy":"post_tag","embeddable":true,"href":"https:\/\/lemotdujour.fr\/index.php?rest_route=%2Fwp%2Fv2%2Ftags&post=15348"}],"curies":[{"name":"wp","href":"https:\/\/api.w.org\/{rel}","templated":true}]}}