{"id":15325,"date":"2024-02-09T01:11:24","date_gmt":"2024-02-09T00:11:24","guid":{"rendered":"https:\/\/lemotdujour.fr\/?p=15325"},"modified":"2024-03-03T16:11:42","modified_gmt":"2024-03-03T15:11:42","slug":"vendredi-9-fevrier-2024","status":"publish","type":"post","link":"https:\/\/lemotdujour.fr\/?p=15325","title":{"rendered":"Vendredi 9 f\u00e9vrier 2024"},"content":{"rendered":"<div class=\"mdjTexte\">\u00ab\u00a0Une d\u00e9faite sans vainqueur \u00bb<\/div>\n<div class=\"mdjAuteur\">Jean-Pierre Filiu<\/div>\n<p><span style=\"color: #777777; font-family: Arial;\">La journaliste de \u00ab\u00a0La Croix l&rsquo;hebdo\u00a0\u00bb <strong>Vinciane Joly<\/strong> a \u00e9chang\u00e9, via WhatsApp, avec Ahmad, un jeune palestinien qui vit \u00e0 Gaza. Au gr\u00e9 des coupures de communication, il lui a racont\u00e9 son quotidien sous les bombes. Leur correspondance est un document unique sur la guerre publi\u00e9 par le journal\u00a0: &lt; <span style=\"color: #0000ff;\"><a style=\"color: #0000ff;\" href=\"https:\/\/www.la-croix.com\/international\/guerre-israel-hamas-gaza-20240207\">Je t&rsquo;\u00e9cris de Gaza<\/a> &gt;.<\/span><br \/>\n<\/span><\/p>\n<p><span style=\"color: #777777; font-family: Arial;\">Ahmad a fui Gaza ville pour aller \u00e0 Khan Younes o\u00f9 un bombardement l&rsquo;attendait, qui a laiss\u00e9 son fr\u00e8re handicap\u00e9\u2026 Les \u00e9changes sont terribles, autant pour ce que dit le Palestinien, que par la distance entre celui qui vit un calvaire et celle qui en France, ne peut que trembler et dire sa piti\u00e9\u2026 Et Ahmad dit\u00a0:<br \/>\n<\/span><\/p>\n<p style=\"margin-left: 28pt;\"><span style=\"color: #c00000; font-family: Arial;\">\u00ab\u00a0Nous nous plaindrons de ce monde \u00e0 Dieu quand nous Le rencontrerons.\u00a0\u00bb<br \/>\n<\/span><\/p>\n<p><span style=\"color: #777777; font-family: Arial;\">Le Calvaire continue pour la population de Gaza. Du c\u00f4t\u00e9 isra\u00e9lien, l&rsquo;angoisse et le traumatisme du massacre du 7 octobre persistent.<br \/>\n<\/span><\/p>\n<p><span style=\"color: #777777; font-family: Arial;\">Dieu qui est invoqu\u00e9 des deux c\u00f4t\u00e9s ne dispose visiblement d&rsquo;aucun moyen d&rsquo;action pour intervenir\u2026<br \/>\n<\/span><\/p>\n<p><span style=\"color: #777777; font-family: Arial;\">Je comprends la r\u00e9action d&rsquo;Ahmad et il aura bien raison de se plaindre \u00e0 ce Dieu qui semble responsable de toute cette trag\u00e9die et qui n&rsquo;intervient pas.<br \/>\n<\/span><\/p>\n<p><span style=\"color: #777777; font-family: Arial;\">Et je pense que pour toutes celles et ceux qui croient en Dieu, \u00ab\u00a0la temp\u00eate sous un cr\u00e2ne\u00a0\u00bb pour reprendre la phrase utilis\u00e9e par Victor Hugo dans les Mis\u00e9rables est de plus en plus forte.<br \/>\n<\/span><\/p>\n<p><span style=\"color: #777777; font-family: Arial;\">Pour celles et ceux qui ne croient pas ou qui croient mais gardent un doute f\u00e9cond, il me semble pertinent d&rsquo;\u00e9couter et de suivre les r\u00e9flexions de l&rsquo;historien, sp\u00e9cialiste du Moyen-Orient contemporain, <strong>Jean-Pierre Filiu<\/strong>.<br \/>\n<\/span><\/p>\n<p><span style=\"color: #0000ff;\"><img decoding=\"async\" class=\"alignleft\" src=\"https:\/\/lemotdujour.fr\/wp-content\/uploads\/2024\/02\/020924_0009_Vendredi9fv1.jpg\" alt=\"\" align=\"left\" \/><\/span><span style=\"color: #777777; font-family: Arial;\">Ce 9 f\u00e9vrier il fait para\u00eetre un livre\u00a0: \u00ab<span style=\"color: #0000ff;\">\u00a0<a style=\"color: #0000ff;\" href=\"https:\/\/www.fnac.com\/a19025130\/Jean-Pierre-Filiu-Comment-la-Palestine-fut-perdue\"><strong>Comment la Palestine fut perdue<\/strong>\u00a0<\/a><\/span>\u00bb et comme sous-titre \u00ab\u00a0Et pourquoi Isra\u00ebl n&rsquo;a pas gagn\u00e9. Histoire d&rsquo;un conflit (XIXe-XXIe si\u00e8cle)\u00a0\u00bb<br \/>\n<\/span><\/p>\n<p><span style=\"color: #777777; font-family: Arial;\">Il \u00e9tait l&rsquo;invit\u00e9 du \u00ab\u00a0<strong>Grand Entretien<\/strong>\u00a0\u00bb de France Inter du mardi 5 f\u00e9vrier 2024\u00a0: &lt;<span style=\"color: #0000ff;\"><a style=\"color: #0000ff;\" href=\"https:\/\/www.radiofrance.fr\/franceinter\/podcasts\/l-invite-de-8h20-le-grand-entretien\/l-invite-de-8h20-le-grand-entretien-du-mardi-06-fevrier-2024-2841887\">La d\u00e9faite palestinienne est claire, elle est \u00e9crasante<\/a><\/span>&gt;.<br \/>\n<\/span><\/p>\n<p><span style=\"color: #777777; font-family: Arial;\">Il fait d&rsquo;abord le constat que la d\u00e9faite palestinienne depuis le d\u00e9but de ce conflit est \u00e9crasante et pourtant Isra\u00ebl, malgr\u00e9 sa sup\u00e9riorit\u00e9 militaire gigantesque et les victoires obtenues dans toutes les guerres contre les palestiniens et les arabes, n&rsquo;a pas gagn\u00e9.<br \/>\n<\/span><\/p>\n<p><span style=\"color: #777777; font-family: Arial;\">Il n&rsquo;y a en r\u00e9alit\u00e9 pas de victoire d\u00e9finitive d&rsquo;Isra\u00ebl.<br \/>\n<\/span><\/p>\n<p><span style=\"color: #777777; font-family: Arial;\">Il parle d&rsquo;\u00ab <strong>une d\u00e9faite sans vainqueur<\/strong>\u00a0\u00bb.<br \/>\n<\/span><\/p>\n<p><span style=\"color: #777777; font-family: Arial;\">Jean-Pierre Filiu, \u00e0 l&rsquo;instar de beaucoup d&rsquo;autres, affirme que cela montre qu&rsquo;il ne peut pas y avoir de victoire militaire, il ne peut exister qu&rsquo;une solution politique. C&rsquo;\u00e9tait ce que <strong>Itzhak Rabin<\/strong> avait compris, et c&rsquo;est pourquoi il avait entam\u00e9 les n\u00e9gociations du processus d&rsquo;Oslo.<br \/>\n<\/span><\/p>\n<p><span style=\"color: #777777; font-family: Arial;\">Il rappelle qu&rsquo;il existe une historiographie dense sur ce conflit qui a tant dur\u00e9.<br \/>\n<\/span><\/p>\n<p><span style=\"color: #777777; font-family: Arial;\">Mais Jean-Pierre Filiu a voulu rompre avec le r\u00e9cit chronologique des \u00e9v\u00e8nements, les \u00e9tapes de la trag\u00e9die et des solutions avort\u00e9es, pour analyser ce conflit de mani\u00e8re plus globale en opposant ce qu&rsquo;il analyse comme <strong>\u00ab\u00a0les trois forces d&rsquo;Isra\u00ebl<\/strong>\u00a0\u00bb aux \u00ab\u00a0<strong>trois faiblesses Palestiniennes<\/strong>\u00a0\u00bb.<br \/>\n<\/span><\/p>\n<p><span style=\"color: #777777; font-family: Arial;\">Au pr\u00e9alable, il entend d\u00e9noncer un \u00ab\u00a0certain nombre d&rsquo;impasses intellectuelles\u00a0\u00bb.<br \/>\n<\/span><\/p>\n<p><span style=\"color: #777777; font-family: Arial;\">Tout d&rsquo;abord celle du \u00ab\u00a0<strong>mythe d&rsquo;un \u00c9tat binational<\/strong>\u00a0\u00bb partag\u00e9 entre juifs et arabes :<br \/>\n<\/span><\/p>\n<p style=\"margin-left: 28pt;\"><span style=\"color: #c00000; font-family: Arial;\">\u00ab\u00a0L&rsquo;\u00c9tat binational est une fausse bonne id\u00e9e, vu qu&rsquo;on l&rsquo;agite en disant vous voyez qu&rsquo;on n&rsquo;arrivera pas \u00e0 faire les deux \u00c9tats, donc pourquoi pas l&rsquo;Etat binational. Sauf que, l&rsquo;Etat binational existe d\u00e9j\u00e0, mais sous une forme non avou\u00e9e. On a un \u00c9tat binational avec une domination isra\u00e9lienne sur la population palestinienne et manifestement ce n&rsquo;est pas une solution ni pour les uns ni pour les autres.\u00a0\u00bb<br \/>\n<\/span><\/p>\n<p><span style=\"color: #777777; font-family: Arial;\">Ensuite celle \u00ab\u00a0<strong>d&rsquo;une question palestinienne une fois pour toute enterr\u00e9e<\/strong>\u00a0\u00bb\u00a0:<br \/>\n<\/span><\/p>\n<p style=\"margin-left: 28pt;\"><span style=\"color: #c00000; font-family: Arial;\">\u00ab\u00a0Ce mythe a vol\u00e9 en \u00e9clat, tragiquement, \u00e0 la face du monde en automne dernier [le 7 octobre]\u00a0\u00bb<br \/>\n<\/span><\/p>\n<p><span style=\"color: #777777; font-family: Arial;\">A mon sens, ces deux questions sont intimement li\u00e9es.<br \/>\n<\/span><\/p>\n<p><span style=\"color: #777777; font-family: Arial;\">Benyamin Netanyahou n&rsquo;a jamais expliqu\u00e9 comment il entendait sortir de l&rsquo;impasse. Il ne veut pas, depuis toujours, d&rsquo;un Etat palestinien.<br \/>\n<\/span><\/p>\n<p><span style=\"color: #777777; font-family: Arial;\">D\u00e9j\u00e0 en 1984, 12 ans avant de devenir premier ministre pour la premi\u00e8re fois\u00a0; il est ambassadeur d&rsquo;Isra\u00ebl aupr\u00e8s des Nations unies \u00e0 New York. Et il dit son opposition \u00e0 un Etat palestinien. &lt;<a href=\"https:\/\/www.youtube.com\/watch?v=assdk5NfAnU&amp;t=85s\"><span style=\"color: #0000ff;\">Il a \u00e9t\u00e9 film\u00e9<\/span><\/a>&gt;.<br \/>\n<\/span><\/p>\n<p><span style=\"color: #777777; font-family: Arial;\">S&rsquo;il ne veut pas d&rsquo;un \u00c9tat palestinien que reste-t &lsquo;il\u00a0? Un Etat binational\u00a0!<br \/>\n<\/span><\/p>\n<p><span style=\"color: #777777; font-family: Arial;\">S&rsquo;il est d\u00e9mocratique, la souverainet\u00e9 est partag\u00e9e, il n&rsquo;y a plus d&rsquo;\u00c9tat juif. Inacceptable pour les isra\u00e9liens\u00a0!<br \/>\n<\/span><\/p>\n<p><span style=\"color: #777777; font-family: Arial;\">Donc s&rsquo;il est binational et juif, cela devient un Etat d&rsquo;apartheid dans lequel les juifs exercent le pouvoir et les palestiniens sont des citoyens de seconde zone. Inacceptable pour le reste du monde\u00a0!<br \/>\n<\/span><\/p>\n<p><span style=\"color: #777777; font-family: Arial;\">C&rsquo;est pourquoi Netanyahou a voulu rester dans l&rsquo;ambig\u00fcit\u00e9 et le statu quo, c&rsquo;est-\u00e0-dire un \u00e9tat binational qui ne dit pas son nom et qui pr\u00e9tend que la question palestinienne n&rsquo;existe plus. Il ne reste plus qu&rsquo;\u00e0 trouver la voie de la paix avec les Etats arabes, via les accords d&rsquo;Abraham. Les gouvernements arabes \u00e9cartant avec la m\u00eame d\u00e9sinvolture et le m\u00eame cynisme la question palestinienne. C&rsquo;est cette strat\u00e9gie qui a vol\u00e9 en \u00e9clat le 7 octobre 2023, selon l&rsquo;expression de Jean-Pierre Filiu.<br \/>\n<\/span><\/p>\n<p><span style=\"color: #777777; font-family: Arial;\">Dans la suite de l&rsquo;\u00e9mission il d\u00e9veloppe les trois forces de l&rsquo;un et les trois faiblesses de l&rsquo;autre.<br \/>\n<\/span><\/p>\n<p><span style=\"color: #777777; font-family: Arial;\">Les trois forces d&rsquo;Isra\u00ebl sont\u00a0:<br \/>\n<\/span><\/p>\n<ul>\n<li><span style=\"color: #777777; font-family: Arial;\">Le sionisme chr\u00e9tien<br \/>\n<\/span><\/li>\n<li><span style=\"color: #777777; font-family: Arial;\">Un pluralisme de combat<br \/>\n<\/span><\/li>\n<li><span style=\"color: #777777; font-family: Arial;\">Une strat\u00e9gie du fait accompli<br \/>\n<\/span><\/li>\n<\/ul>\n<p><span style=\"color: #777777; font-family: Arial;\">La premi\u00e8re force d&rsquo;Isra\u00ebl, est selon l&rsquo;historien, de mani\u00e8re surprenante \u00ab\u00a0<strong>un sionisme historiquement chr\u00e9tien<\/strong>\u00a0\u00bb\u00a0:<br \/>\n<\/span><\/p>\n<p><span style=\"color: #777777; font-family: Arial;\">Voil\u00e0 ce qu&rsquo;il \u00e9crit dans son livre\u00a0:<br \/>\n<\/span><\/p>\n<p style=\"margin-left: 28pt;\"><span style=\"color: #c00000; font-family: Arial;\">\u00ab\u00a0\u00ab Le sionisme, en tant que mouvement pr\u00f4nant le rassemblement du peuple juif sur la terre d&rsquo;Isra\u00ebl, a \u00e9t\u00e9 historiquement chr\u00e9tien avant que d&rsquo;\u00eatre juif. Cette r\u00e9alit\u00e9 aussi m\u00e9connue que d\u00e9routante a repr\u00e9sent\u00e9 un formidable atout pour l&rsquo;implantation juive en Palestine, malgr\u00e9 la r\u00e9sistance pourtant pr\u00e9coce de la population locale. Le courant \u00e9vang\u00e9lique du protestantisme anglo-saxon consid\u00e8re [\u2026] tant que le peuple juif n&rsquo;y [en Palestine] a pas accompli son suppos\u00e9 destin, ouvrant ainsi la voie \u00e0 l&rsquo;\u00e9tablissement du Royaume de Dieu. Cette obsession eschatologique conforte le soutien des autorit\u00e9s britanniques au projet sioniste en Palestine, puis celui des Etats-Unis au jeune Etat d&rsquo;Isra\u00ebl. [\u2026] Le sionisme chr\u00e9tien devenu progressivement un acteur central de la politique am\u00e9ricaine, joue un r\u00f4le d\u00e9terminant dans le sabotage du processus de paix isra\u00e9lo-palestinien. C&rsquo;est enfin lui qui encourage Donald Trump \u00e0 porter les coups les plus s\u00e9v\u00e8res jamais inflig\u00e9s \u00e0 la l\u00e9gitimit\u00e9 m\u00eame de la cause palestinienne. \u00bb<br \/>\n<em>\u00ab Comment la Palestine fut perdue \u00bb page 18 et 19<\/em><br \/>\n<\/span><\/p>\n<p><span style=\"color: #777777; font-family: Arial;\"><img loading=\"lazy\" decoding=\"async\" class=\"size-full wp-image-15331 alignleft\" src=\"https:\/\/lemotdujour.fr\/wp-content\/uploads\/2024\/02\/La-Palestine-du-Reverend-Bush.jpg\" alt=\"\" width=\"334\" height=\"559\" srcset=\"https:\/\/lemotdujour.fr\/wp-content\/uploads\/2024\/02\/La-Palestine-du-Reverend-Bush.jpg 334w, https:\/\/lemotdujour.fr\/wp-content\/uploads\/2024\/02\/La-Palestine-du-Reverend-Bush-179x300.jpg 179w\" sizes=\"auto, (max-width: 334px) 100vw, 334px\" \/>Et il ajoute dans l&rsquo;\u00e9mission de France Inter\u00a0:<br \/>\n<\/span><\/p>\n<p style=\"margin-left: 28pt;\"><span style=\"color: #c00000; font-family: Arial;\">\u00ab\u00a0C&rsquo;est une force qui s&rsquo;est impos\u00e9e. D&rsquo;abord dans l&rsquo;\u00e9vang\u00e9lisme anglo-saxon et qui a litt\u00e9ralement fa\u00e7onn\u00e9 l&rsquo;imaginaire de d\u00e9cideur protestant, qui d&rsquo;une certaine mani\u00e8re \u00e9tait plus sioniste que les sionistes. En tout cas, il y a une ant\u00e9riorit\u00e9 chronologique incontestable. Et je reproduis une carte tr\u00e8s frappante du r\u00e9v\u00e9rend Busch, en 1844, [\u2026] carte de Palestine, sans palestiniens, avec les tribus d&rsquo;Isra\u00ebl. C&rsquo;est ant\u00e9rieur d&rsquo;un demi-si\u00e8cle de \u00ab\u00a0<strong>L&rsquo;Etat des juifs de Theodor Herzl<\/strong>\u00a0\u00bb.\u00a0\u00bb<br \/>\n<\/span><\/p>\n<p><span style=\"color: #777777; font-family: Arial;\">Dans un article de \u00ab\u00a0l&rsquo;Obs\u00a0\u00bb\u00a0: &lt;<span style=\"color: #0000ff;\"><a style=\"color: #0000ff;\" href=\"https:\/\/www.nouvelobs.com\/monde\/20240208.OBS84243\/jean-pierre-filiu-la-solution-a-deux-etats-est-d-une-urgence-existentielle.html\">La solution \u00e0 deux Etats est d&rsquo;une urgence existentielle<\/a><\/span>&gt; il pr\u00e9cise\u00a0:<br \/>\n<\/span><\/p>\n<p style=\"margin-left: 28pt;\"><span style=\"color: #c00000; font-family: Arial;\">\u00ab\u00a0Pour r\u00e9sumer, cette mouvance \u00e9vang\u00e9lique a li\u00e9 son salut individuel et collectif au \u00ab\u00a0retour\u00a0\u00bb du peuple juif sur \u00ab\u00a0sa\u00a0\u00bb terre. L&rsquo;impr\u00e9gnation biblique du gouvernement britannique a notoirement pes\u00e9 en faveur de la d\u00e9claration Balfour de 1917, \u00e0 laquelle s&rsquo;est oppos\u00e9 en vain Edwin Montagu, le seul ministre juif de ce cabinet.\u00a0\u00bb<br \/>\n<\/span><\/p>\n<p><span style=\"color: #777777; font-family: Arial;\">Selon lui, la d\u00e9claration Balfour, c&rsquo;est-\u00e0-dire l&rsquo;appui que donna le gouvernement britannique \u00e0 l&rsquo;implantation, en Palestine, d&rsquo;un foyer national juif, n&rsquo;aurait pas eu lieu s&rsquo;il n&rsquo;y avait pas eu des membres \u00e9minents du gouvernement britannique, dont Lord Balfour, qui partageait cette vision biblique du retour des juifs dans leur antique patrie.<br \/>\n<\/span><\/p>\n<p><span style=\"color: #777777; font-family: Arial;\">Pour la situation actuelle, il est \u00e9tabli que les \u00e9vang\u00e9liques, cette mouvance fondamentaliste des protestants, ont pris une importance capitale \u00e0 l&rsquo;int\u00e9rieur du Parti r\u00e9publicain et sont les principaux soutiens de Trump.<br \/>\n<\/span><\/p>\n<p><span style=\"color: #777777; font-family: Arial;\">Trump recueille 81% du vote des \u00e9vang\u00e9liques blancs mais que 25% du vote juif. Le Likoud et Netanyahou sont soutenus essentiellement par ces \u00e9vang\u00e9liques et beaucoup moins par la communaut\u00e9 juive.<br \/>\n<\/span><\/p>\n<p><span style=\"color: #777777; font-family: Arial;\">Ces \u00e9vang\u00e9liques croient en la fin des temps, c&rsquo;est la vision eschatologique, et lient cet \u00e9v\u00e8nement au retour des juifs \u00e0 J\u00e9rusalem. Dans leur croyance, ces juifs doivent d&rsquo;ailleurs se convertir, avant l&rsquo;acte final, au christianisme sous peine d&rsquo;\u00eatre d\u00e9finitivement \u00e9limin\u00e9. Ils sont antis\u00e9mites mais Israel occupe une importance essentielle dans leur croyance \u00e9tonnante pour nos yeux de fran\u00e7ais incr\u00e9dules.<br \/>\n<\/span><\/p>\n<p><span style=\"color: #777777; font-family: Arial;\">&lt;<span style=\"color: #0000ff;\"><a style=\"color: #0000ff;\" href=\"https:\/\/www.lemonde.fr\/international\/article\/2020\/10\/11\/comment-les-chretiens-evangeliques-s-organisent-pour-faire-gagner-donald-trump_6055595_3210.html\">Cet article du Monde de 2020<\/a><\/span>&gt; donne les \u00e9l\u00e9ments suivants\u00a0:<br \/>\n<\/span><\/p>\n<p style=\"margin-left: 28pt;\"><span style=\"color: #c00000; font-family: Arial;\">\u00ab\u00a0On estime qu&rsquo;il y a environ 95 millions d&rsquo;\u00e9vang\u00e9liques aux Etats-Unis, tous groupes confondus. Cela inclut les \u00e9vang\u00e9liques charismatiques, qui sont les plus fervents soutiens de Donald Trump, lesquels repr\u00e9sentent 12 \u00e0 15 % de la population am\u00e9ricaine [Mais leur taux de participation aux \u00e9lections est tr\u00e8s sup\u00e9rieur \u00e0 la moyenne am\u00e9ricaine] \u2026.<br \/>\n<\/span><\/p>\n<p style=\"margin-left: 28pt;\"><span style=\"color: #c00000; font-family: Arial;\">Les visions eschatologiques [relatives \u00e0 la fin des temps] et mill\u00e9naristes sont tr\u00e8s ancr\u00e9es chez ces chr\u00e9tiens. Un sondage de 2017 indique que 80 % des \u00e9vang\u00e9liques am\u00e9ricains croient au retour prochain du Christ et qu&rsquo;ils sont convaincus que la cr\u00e9ation de l&rsquo;Etat d&rsquo;Isra\u00ebl en 1948 en est un signe annonciateur.\u00a0\u00bb<br \/>\n<\/span><\/p>\n<p><span style=\"color: #777777; font-family: Arial;\">Il y a donc une gradation, parmi eux, dans les croyances extr\u00e9mistes. Mais parmi ces 95 millions, la croyance en la fin des temps et dans le r\u00f4le d&rsquo;Isra\u00ebl dans cet heureux d\u00e9nouement de notre humanit\u00e9 (selon eux) est proche de l&rsquo;unanimit\u00e9 (4 sur 5).<br \/>\n<\/span><\/p>\n<p><span style=\"color: #777777; font-family: Arial;\">J&rsquo;irais plus vite sur les deux autres forces\u00a0:<br \/>\n<\/span><\/p>\n<p><span style=\"color: #777777; font-family: Arial;\"><strong>Un pluralisme de combat\u00a0: <\/strong>C&rsquo;est-\u00e0-dire la capacit\u00e9 du mouvement sioniste d&rsquo;accueillir en son sein, des tendances contradictoires, mais avec cette dynamique de combat qui ont conduit \u00e0 ce qu&rsquo;il y a toujours eu unit\u00e9 dans les moments essentiels ou existentiels de l&rsquo;histoire du sionisme et d&rsquo;Isra\u00ebl.<br \/>\n<\/span><\/p>\n<p><span style=\"color: #777777; font-family: Arial;\"><strong>Une strat\u00e9gie du fait accompli\u00a0:<br \/>\n<\/strong><\/span><\/p>\n<p style=\"margin-left: 28pt;\"><span style=\"color: #c00000; font-family: Arial;\">\u00ab\u00a0C&rsquo;est le fait de ne jamais donner l&rsquo;objectif final. [\u2026] Cela a permis de mani\u00e8re tr\u00e8s intelligente, pas forc\u00e9ment consciente mais plut\u00f4t dans le cadre d&rsquo;un m\u00e9canisme de survie et de mobilisation collective de ne [rater aucune occasion d&rsquo;avancer], d&rsquo;abord le foyer national juif, l&rsquo;Etat juif en 1947, l&rsquo;occupation des territoires en 1967, et aujourd&rsquo;hui Netanyahou refuse de dire ce qu&rsquo;il veut faire de Gaza.\u00a0\u00bb<br \/>\n<\/span><\/p>\n<p><span style=\"color: #777777; font-family: Arial;\">C&rsquo;est \u00e0 la fois une strat\u00e9gie pour avancer ses pions et puis une fois une position acquise ne jamais reculer.<br \/>\n<\/span><\/p>\n<p><span style=\"color: #777777; font-family: Arial;\">Ce sont donc ces trois forces, qui selon Jean-Pierre Filiu ont permis le d\u00e9veloppement du sionisme et de l&rsquo;Etat d&rsquo;Isra\u00ebl.<br \/>\n<\/span><\/p>\n<p><span style=\"color: #777777; font-family: Arial;\">En face, il y a les trois faiblesses palestiniennes\u00a0:<br \/>\n<\/span><\/p>\n<p><span style=\"color: #777777; font-family: Arial;\"><strong>1<\/strong> <strong>L&rsquo;Illusion de la solidarit\u00e9 arabe<\/strong>. Les palestiniens pensaient qu&rsquo;ils pouvaient compter sur le soutien arabe, or ce soutien des pays et des gouvernements arabes leur a le plus souvent \u00e9t\u00e9 refus\u00e9. Il y eut m\u00eame des guerres atroces entre pays arabes et le nationalisme palestinien : La Jordanie ou la Syrie des Assad ont fait la guerre aux palestiniens et leur ont caus\u00e9 des pertes \u00e9normes. Encore aujourd&rsquo;hui, ils protestent contre la r\u00e9action d&rsquo;Isra\u00ebl \u00e0 Gaza, mais n&rsquo;exercent aucune action concr\u00e8te pour tenter de faire pression contre Isra\u00ebl.<br \/>\n<\/span><\/p>\n<p><span style=\"color: #777777; font-family: Arial;\"><strong>2<\/strong> <strong>La dynamique factionnelle du nationalisme palestinien<\/strong>. Contrairement au pluralisme de combat sioniste, les palestiniens se sont toujours affront\u00e9s en leur sein entre familles, entre clans au d\u00e9triment de leur combat nationaliste.<br \/>\n<\/span><\/p>\n<p><span style=\"color: #777777; font-family: Arial;\"><strong>3 l&rsquo;incapacit\u00e9 de la communaut\u00e9 internationale de faire respecter le droit international<\/strong> par l&rsquo;Etat d&rsquo;Isra\u00ebl. Nous sommes dans ce que l&rsquo;on appelle les deux poids, deux mesures.<br \/>\n<\/span><\/p>\n<p><span style=\"color: #777777; font-family: Arial;\">Dans l&rsquo;article de l&rsquo;Obs, Jean-Pierre Filiu esquisse une porte de sortie de la violence\u00a0:<br \/>\n<\/span><\/p>\n<p style=\"margin-left: 28pt;\"><span style=\"color: #c00000; font-family: Arial;\">\u00ab\u00a0C&rsquo;est pr\u00e9cis\u00e9ment l&rsquo;\u00e9pouvante actuelle qui conf\u00e8re \u00e0 la solution \u00e0 deux Etats un caract\u00e8re d&rsquo;urgence pratiquement existentielle. Les deux peuples ne peuvent plus \u00eatre laiss\u00e9s face \u00e0 face sous peine de s&rsquo;entra\u00eener l&rsquo;un l&rsquo;autre dans une spirale destructrice o\u00f9 chaque affrontement sera plus effroyable que le pr\u00e9c\u00e9dent. Le conflit isra\u00e9lo-palestinien n&rsquo;est pas un jeu \u00e0 somme nulle o\u00f9 les pertes de l&rsquo;un se traduisent m\u00e9caniquement en gains pour l&rsquo;autre, puisque Isra\u00ebl a connu la pire \u00e9preuve de son histoire au moment m\u00eame o\u00f9 le rapport de force en sa faveur \u00e9tait \u00e9crasant.<br \/>\n<\/span><\/p>\n<p style=\"margin-left: 28pt;\"><span style=\"color: #c00000; font-family: Arial;\">Et s&rsquo;il y a une le\u00e7on \u00e0 tirer de l&rsquo;\u00e9chec du processus de paix de 1993-2000, c&rsquo;est qu&rsquo;il faut travailler d&#8217;embl\u00e9e sur le statut final, sans p\u00e9riode int\u00e9rimaire, et avec une implication internationale \u00e0 la fois volontariste et \u00e9quilibr\u00e9e. L&rsquo;Union europ\u00e9enne a un r\u00f4le majeur \u00e0 jouer en tant que puissance de normes et de droit dans un conflit qui a plus que jamais besoin de normes et de droit pour \u00eatre r\u00e9gl\u00e9. Mais soyons clairs, ce processus de paix, m\u00eame s&rsquo;il est couronn\u00e9 de succ\u00e8s, ne fera que n\u00e9gocier les conditions de la d\u00e9faite palestinienne. Et seule la solution \u00e0 deux \u00c9tats permettra \u00e0 Isra\u00ebl de se proclamer enfin vainqueur. D&rsquo;o\u00f9 le sous-titre de mon livre \u00ab Et pourquoi Isra\u00ebl n&rsquo;a pas gagn\u00e9 \u00bb. \u00bb<br \/>\n<\/span><\/p>\n<p><span style=\"color: #777777; font-family: Arial;\">Je vous redonne le lien vers l&rsquo;\u00e9mission de France Inter\u00a0: &lt;<span style=\"color: #0000ff;\"><a style=\"color: #0000ff;\" href=\"https:\/\/www.radiofrance.fr\/franceinter\/podcasts\/l-invite-de-8h20-le-grand-entretien\/l-invite-de-8h20-le-grand-entretien-du-mardi-06-fevrier-2024-2841887\">La d\u00e9faite palestinienne est claire, elle est \u00e9crasante<\/a>&gt;.<\/span><br \/>\n<\/span><\/p>\n<p><span style=\"color: #777777; font-family: Arial;\">L&rsquo;article de l&rsquo;Obs\u00a0: <span style=\"color: #0000ff;\">&lt;<a style=\"color: #0000ff;\" href=\"https:\/\/www.nouvelobs.com\/monde\/20240208.OBS84243\/jean-pierre-filiu-la-solution-a-deux-etats-est-d-une-urgence-existentielle.html\">La solution \u00e0 deux Etats est d&rsquo;une urgence existentielle<\/a>&gt;<\/span><br \/>\n<\/span><\/p>\n<p><span style=\"color: #777777; font-family: Arial;\">Il y a aussi une \u00e9mission de Mediapart du 8 f\u00e9vrier dont Jean-Pierre Filiu \u00e9tait l&rsquo;invit\u00e9\u00a0: &lt;<span style=\"color: #0000ff;\"> <a style=\"color: #0000ff;\" href=\"https:\/\/www.youtube.com\/watch?v=grBzh96rc6w\">Isra\u00ebl est en train de d\u00e9truire Gaza sans d\u00e9truire le Hamas<\/a> &gt;<\/span><br \/>\n<\/span><\/p>\n<p><span style=\"color: maroon; font-family: Arial;\">&lt;1790&gt;<\/span><\/p>\n","protected":false},"excerpt":{"rendered":"<p>\u00ab\u00a0Une d\u00e9faite sans vainqueur \u00bb Jean-Pierre Filiu La journaliste de \u00ab\u00a0La Croix l&rsquo;hebdo\u00a0\u00bb Vinciane Joly a \u00e9chang\u00e9, via WhatsApp, avec Ahmad, un jeune palestinien qui vit \u00e0 Gaza. Au gr\u00e9 des coupures de communication, il lui a racont\u00e9 son quotidien<\/p>\n","protected":false},"author":1,"featured_media":0,"comment_status":"open","ping_status":"closed","sticky":false,"template":"","format":"standard","meta":{"footnotes":""},"categories":[1],"tags":[151,201,34],"class_list":["post-15325","post","type-post","status-publish","format-standard","hentry","category-motdujour","tag-israel","tag-palestine","tag-religion"],"_links":{"self":[{"href":"https:\/\/lemotdujour.fr\/index.php?rest_route=\/wp\/v2\/posts\/15325","targetHints":{"allow":["GET"]}}],"collection":[{"href":"https:\/\/lemotdujour.fr\/index.php?rest_route=\/wp\/v2\/posts"}],"about":[{"href":"https:\/\/lemotdujour.fr\/index.php?rest_route=\/wp\/v2\/types\/post"}],"author":[{"embeddable":true,"href":"https:\/\/lemotdujour.fr\/index.php?rest_route=\/wp\/v2\/users\/1"}],"replies":[{"embeddable":true,"href":"https:\/\/lemotdujour.fr\/index.php?rest_route=%2Fwp%2Fv2%2Fcomments&post=15325"}],"version-history":[{"count":7,"href":"https:\/\/lemotdujour.fr\/index.php?rest_route=\/wp\/v2\/posts\/15325\/revisions"}],"predecessor-version":[{"id":15400,"href":"https:\/\/lemotdujour.fr\/index.php?rest_route=\/wp\/v2\/posts\/15325\/revisions\/15400"}],"wp:attachment":[{"href":"https:\/\/lemotdujour.fr\/index.php?rest_route=%2Fwp%2Fv2%2Fmedia&parent=15325"}],"wp:term":[{"taxonomy":"category","embeddable":true,"href":"https:\/\/lemotdujour.fr\/index.php?rest_route=%2Fwp%2Fv2%2Fcategories&post=15325"},{"taxonomy":"post_tag","embeddable":true,"href":"https:\/\/lemotdujour.fr\/index.php?rest_route=%2Fwp%2Fv2%2Ftags&post=15325"}],"curies":[{"name":"wp","href":"https:\/\/api.w.org\/{rel}","templated":true}]}}