{"id":1532,"date":"2015-12-01T01:00:00","date_gmt":"2015-11-30T22:00:00","guid":{"rendered":"http:\/\/lemotdujour.fr\/?p=1532"},"modified":"2017-05-08T13:41:43","modified_gmt":"2017-05-08T11:41:43","slug":"mardi-1er-decembre-2015","status":"publish","type":"post","link":"https:\/\/lemotdujour.fr\/?p=1532","title":{"rendered":"Mardi 1<sup>er<\/sup> d\u00e9cembre 2015"},"content":{"rendered":"<div class=\"mdjDate\">Mardi 1<sup>er<\/sup> d\u00e9cembre 2015<\/div>\n<div class=\"mdjTexte\">\u00ab\u00a0 C\u2019est formidable d\u2019\u00eatre un con. \u00bb<\/div>\n<div class=\"mdjAuteur\">G\u00e9rard Depardieu<\/div>\n<div class=\"mdjComplements\">Je voudrais \u00e0 nouveau partager avec vous un billet de Fran\u00e7ois Morel, celui du vendredi 27 novembre\u00a0: <\/div>\n<div class=\"mdjComplements\">Depuis vendredi, il y a eu de belles manifestations en ouverture de la COP 21 et aussi des comportements de cons violents.<\/div>\n<div class=\"mdjCiter\">\u00ab\u00a0Et si on parlait d\u2019autre chose.<\/div>\n<div class=\"mdjCiter\">Je feuillette les journaux, Je regarde les infos, j&rsquo;\u00e9coute la radio et je me dis\u00a0: \u00ab\u00a0 tiens si on parlait d\u2019autre chose\u00a0!\u00a0\u00bb<\/div>\n<div class=\"mdjCiter\">Oui mais de quoi\u00a0? <\/div>\n<div class=\"mdjCiter\">De G\u00e9rard Depardieu\u00a0! <\/div>\n<div class=\"mdjCiter\">Il vient de sortir un livre dans lequel il \u00e9crit : \u00ab c\u2019est formidable d\u2019\u00eatre un con. \u00bb <\/div>\n<div class=\"mdjCiter\">Il a raison.<\/div>\n<div class=\"mdjCiter\">Je suis un con disait Wolinski mais quand je vois ce que les gens intelligents ont fait du monde.<\/div>\n<div class=\"mdjCiter\">Un anonyme a dit : \u00ab\u00a0Il vaut mieux \u00eatre bourr\u00e9 qu\u2019\u00eatre con, \u00e7a dure moins longtemps.\u00a0\u00bb Ce n\u2019est pas forc\u00e9ment vrai pour G\u00e9rard Depardieu\u2026<\/div>\n<div class=\"mdjCiter\">Oui G\u00e9rard, c\u2019est formidable d\u2019\u00eatre un con comme nous le dit Brassens\u00a0: \u00ab\u00a0Quand les cons sont braves comme moi, comme toi, comme nous, comme vous, ce n&rsquo;est pas tr\u00e8s grave. Qu&rsquo;ils commettent, se permettent des b\u00eatises, des sottises, qu&rsquo;ils d\u00e9raisonnent, ils n&#8217;emmerdent personne. Par malheur sur terre, la plupart des tocards sont des gens tr\u00e8s m\u00e9chants, des cr\u00e9tins sectaires. Ils s&rsquo;agitent, ils s&rsquo;excitent, ils s&#8217;emploient, ils d\u00e9ploient Leur z\u00e8le \u00e0 la ronde, ils emmerdent tout le monde.\u00a0\u00bb<\/div>\n<div class=\"mdjComplements\"><a href=\"https:\/\/www.youtube.com\/watch?v=LTwlyromCLI&amp;index=1&amp;list=RDLTwlyromCLI\">&lt;C&rsquo;est une chanson posthume de Brassens, vous trouverez ici une interpr\u00e9tation de Maxime Le Forestier&gt;<\/a><\/div>\n<div class=\"mdjCiter\">\u00ab A propos de tocards, de cr\u00e9tins sectaires&#8230; Le p\u00e8re Herv\u00e9 Benoit, chapelain \u00e0 la basilique de Fourvi\u00e8re, juge que les victimes du bataclan \u00e9taient les fr\u00e8res siamois de leurs bourreaux.<\/div>\n<div class=\"mdjCiter\">On peut penser que c\u2019est tr\u00e8s exag\u00e9r\u00e9.<\/div>\n<div class=\"mdjCiter\">On est plus dans la v\u00e9rit\u00e9 si on juge que le p\u00e8re Herv\u00e9 Benoit est le fr\u00e8re siamois de l\u2019imam de Brest qui pr\u00e9tend que ceux qui chantent seront engloutis sous la terre par Allah et transform\u00e9s en porc ou en singe.<\/div>\n<div class=\"mdjCiter\">Iman et Cur\u00e9, Partez en vacances ensemble s\u2019il vous pla\u00eet, le plus loin possible de la terre, vers les paradis o\u00f9 vous pensez trouver la f\u00e9licit\u00e9 et surtout ne revenez jamais\u00a0!<\/div>\n<div class=\"mdjCiter\">Ah Oui\u00a0! Je voulais parler d\u2019autre chose, mais de quoi ?<\/div>\n<div class=\"mdjCiter\">De cons\u00a0! Oui\u00a0! \u00c7\u00e0 c\u2019est un bon sujet.<\/div>\n<div class=\"mdjCiter\">En Belgique, une m\u00e8re de famille a \u00e9t\u00e9 jug\u00e9e pour avoir oblig\u00e9 son fils \u00e0 copier 100 fois : \u00ab je suis un con ! \u00bb parce qu\u2019il ren\u00e2clait devant ses devoirs de vacances. Avant, elle l\u2019avait frapp\u00e9, lui avait administr\u00e9 une douche froide, jet\u00e9 son MP3 dans l\u2019aquarium puis l\u2019avait contraint \u00e0 manger du papier. Apr\u00e8s on va reprocher aux mamans de ne pas \u00eatre assez exigeante avec leurs rejetons. On va condamner une trop grande permissivit\u00e9 dans l\u2019\u00e9ducation des enfants.<\/div>\n<div class=\"mdjCiter\">Abdelhamid Abaoud \u00e9tait un petit con, selon un ex camarade de classe, qui harcelait ses condisciples et ses professeurs. S\u2019il avait \u00e9crit 100 fois : \u00ab je suis un petit \u00a0con ! \u00bb et m\u00e2cher du papier, serait-il devenu moins con\u00a0? Rien n\u2019est moins s\u00fbr.<\/div>\n<div class=\"mdjCiter\">Oui je sais, je voulais parler d\u2019autre chose, des cons, surtout que les cons occupent l\u2019actualit\u00e9. [\u2026]<\/div>\n<div class=\"mdjCiter\">Henry Miller a \u00e9crit un livre en fran\u00e7ais : \u00ab je ne suis pas plus con qu\u2019un autre. On trouve dedans, cette phrase certainement pas plus conne qu\u2019une autre\u00a0: \u00ab N\u2019essayez pas de changer le monde, changer le\u00a0! \u00bb<\/div>\n<div class=\"mdjCiter\">D\u00e9cid\u00e9ment on ne peut pas parler d\u2019autre chose\u00a0! \u00bb<\/div>\n<div class=\"mdjComplements\">Fran\u00e7ois Morel<\/div>\n<div class=\"mdjComplements\">Si vous voulez l&rsquo;\u00e9couter, <a href=\"http:\/\/www.franceinter.fr\/emission-le-billet-de-francois-morel-cest-formidable-detre-un-con\">&lt;c&rsquo;est ici&gt;<\/a><\/div>\n","protected":false},"excerpt":{"rendered":"<p>Mardi 1er d\u00e9cembre 2015 \u00ab\u00a0 C\u2019est formidable d\u2019\u00eatre un con. \u00bb G\u00e9rard Depardieu Je voudrais \u00e0 nouveau partager avec vous un billet de Fran\u00e7ois Morel, celui du vendredi 27 novembre\u00a0: Depuis vendredi, il y a eu de belles manifestations en<\/p>\n","protected":false},"author":1,"featured_media":0,"comment_status":"closed","ping_status":"closed","sticky":false,"template":"","format":"standard","meta":{"footnotes":""},"categories":[1],"tags":[],"class_list":["post-1532","post","type-post","status-publish","format-standard","hentry","category-motdujour"],"_links":{"self":[{"href":"https:\/\/lemotdujour.fr\/index.php?rest_route=\/wp\/v2\/posts\/1532","targetHints":{"allow":["GET"]}}],"collection":[{"href":"https:\/\/lemotdujour.fr\/index.php?rest_route=\/wp\/v2\/posts"}],"about":[{"href":"https:\/\/lemotdujour.fr\/index.php?rest_route=\/wp\/v2\/types\/post"}],"author":[{"embeddable":true,"href":"https:\/\/lemotdujour.fr\/index.php?rest_route=\/wp\/v2\/users\/1"}],"replies":[{"embeddable":true,"href":"https:\/\/lemotdujour.fr\/index.php?rest_route=%2Fwp%2Fv2%2Fcomments&post=1532"}],"version-history":[{"count":1,"href":"https:\/\/lemotdujour.fr\/index.php?rest_route=\/wp\/v2\/posts\/1532\/revisions"}],"predecessor-version":[{"id":1533,"href":"https:\/\/lemotdujour.fr\/index.php?rest_route=\/wp\/v2\/posts\/1532\/revisions\/1533"}],"wp:attachment":[{"href":"https:\/\/lemotdujour.fr\/index.php?rest_route=%2Fwp%2Fv2%2Fmedia&parent=1532"}],"wp:term":[{"taxonomy":"category","embeddable":true,"href":"https:\/\/lemotdujour.fr\/index.php?rest_route=%2Fwp%2Fv2%2Fcategories&post=1532"},{"taxonomy":"post_tag","embeddable":true,"href":"https:\/\/lemotdujour.fr\/index.php?rest_route=%2Fwp%2Fv2%2Ftags&post=1532"}],"curies":[{"name":"wp","href":"https:\/\/api.w.org\/{rel}","templated":true}]}}