{"id":15309,"date":"2024-02-05T00:31:00","date_gmt":"2024-02-04T23:31:00","guid":{"rendered":"https:\/\/lemotdujour.fr\/?p=15309"},"modified":"2024-03-03T16:11:16","modified_gmt":"2024-03-03T15:11:16","slug":"lundi-5-fevrier-2024","status":"publish","type":"post","link":"https:\/\/lemotdujour.fr\/?p=15309","title":{"rendered":"Lundi 5 f\u00e9vrier 2024"},"content":{"rendered":"<div class=\"mdjTexte\">\u00ab\u00a0Le murmure \u00bb<\/div>\n<div class=\"mdjAuteur\">Christian Bobin<\/div>\n<p><span style=\"color: #777777; font-family: Arial;\">\u00ab\u00a0<strong>Le murmure<\/strong> \u00bb, c&rsquo;est un son d\u00e9licat, mais c&rsquo;est aussi le nom que l&rsquo;on donne aux grands rassemblements d&rsquo;oiseaux dans le ciel, o\u00f9 ils forment des masses compactes et mouvantes au cr\u00e9puscule.<br \/>\n<\/span><\/p>\n<p><a href=\"https:\/\/escapadeauxoiseaux.com\/2020\/11\/03\/murmuration-un-phenomene-naturel\/\"><img loading=\"lazy\" decoding=\"async\" class=\"alignleft\" src=\"https:\/\/lemotdujour.fr\/wp-content\/uploads\/2024\/02\/020424_2346_Lundi5fvrie1.jpg\" alt=\"\" width=\"504\" height=\"304\" align=\"left\" border=\"0\" \/><\/a><span style=\"color: #777777; font-family: Arial;\">Cette myst\u00e9rieuse facult\u00e9 que poss\u00e8dent les oiseaux \u00e0 \u00e9voluer, en groupe immense, de mani\u00e8re harmonieuse, sans jamais se cogner, tout en changeant de direction est fascinante.<br \/>\n<\/span><\/p>\n<p><span style=\"color: #777777; font-family: Arial;\">Je me souviens que lors d&rsquo;un entretien avec Jacques Chancel, <strong>Herbert von Karajan<\/strong> parlait du murmure des oiseaux pour expliquer comment se passe les inflexions : les changements de tempo et de nuances au sein d&rsquo;un orchestre symphonique compos\u00e9 seulement d&rsquo;une centaine d&rsquo;individus. Il expliquait que le groupe \u00e9tait suffisamment en harmonie pour que ces \u00e9volutions soient imm\u00e9diatement per\u00e7ues par tous, de sorte qu&rsquo;ils agissent en symbiose.<br \/>\n<\/span><\/p>\n<p><span style=\"color: #777777; font-family: Arial;\">Le r\u00e9alisateur hollandais\u00a0<span style=\"color: #0000ff;\"><a style=\"color: #0000ff;\" href=\"https:\/\/www.laboiteverte.fr\/impressionnants-murmures-oiseaux\/\"><strong>Jan Van Ijken<\/strong><\/a> <\/span>nous apprend dans un documentaire que les formations d&rsquo;oiseaux ne sont pas dirig\u00e9es par un seul individu mais bien par tout le groupe. Quand un des individus change quelque chose, les autres r\u00e9agissent instantan\u00e9ment quelle que soit la taille du murmure. L&rsquo;information circule dans le groupe quasi sans d\u00e9gradation.<br \/>\n<\/span><\/p>\n<p><span style=\"color: #777777; font-family: Arial;\">\u00ab\u00a0<strong>Le murmure<\/strong>\u00a0\u00bb est l&rsquo;ultime livre \u00e9crit par <strong>Christian Bobin<\/strong>.<br \/>\n<\/span><\/p>\n<p><span style=\"color: #777777; font-family: Arial;\">Il est paru le 1<sup>er<\/sup> f\u00e9vrier 2024. <\/span><span style=\"color: #777777; font-family: Arial;\">Le 2 f\u00e9vrier j&rsquo;avais fini de le lire, mais certainement pas d&rsquo;y revenir, maintes et maintes fois.<br \/>\n<\/span><\/p>\n<p><span style=\"color: #777777; font-family: Arial;\">Le 2 octobre 2022, un Christian Bobin lumineux et semble t&rsquo;il en forme, \u00e9tait l&rsquo;invit\u00e9 du \u00ab\u00a0Grand Atelier\u00a0\u00bb de <strong>Vincent Josse<\/strong> sur France Inter\u00a0: \u00ab<span style=\"color: #0000ff;\">\u00a0<\/span><span style=\"color: #000080;\"><a style=\"color: #000080;\" href=\"https:\/\/www.radiofrance.fr\/franceinter\/podcasts\/le-grand-atelier\/le-grand-atelier-du-dimanche-02-octobre-2022-9698443\"><span style=\"color: #0000ff;\">Nous existons si peu, c&rsquo;est un miracle que cette larme dans les yeux\u00a0<\/span><\/a><\/span><span style=\"color: #0000ff;\">\u00bb<\/span><br \/>\n<\/span><\/p>\n<p><span style=\"color: #777777; font-family: Arial;\">La M\u00e9diatrice de France Inter a <span style=\"color: #000080;\"><a style=\"color: #000080;\" href=\"https:\/\/mediateur.radiofrance.com\/non-classe\/christian-bobin-dans-le-grand-atelier-sur-france-inter\/\"><span style=\"color: #0000ff;\">mis en ligne<\/span><\/a> <\/span>la r\u00e9action de quelques-uns des auditeurs qui se sont exprim\u00e9s suite \u00e0 cette \u00e9mission.<br \/>\n<\/span><\/p>\n<p><span style=\"color: #777777; font-family: Arial;\">J&rsquo;en citerai deux\u00a0:<br \/>\n<\/span><\/p>\n<p style=\"margin-left: 28pt;\"><span style=\"color: #c00000; font-family: Arial;\">\u00ab\u00a0Quel bonheur cette \u00e9mission d&rsquo;aujourd&rsquo;hui ! D&rsquo;un seul coup on grandit, on vibre \u00e0 ses paroles, on est \u00e9mu par son \u00e9motion, sa profondeur. Une interview comme celle-l\u00e0 nous rend plus intelligent. Bravo \u00e0 Christian Bobin et sa po\u00e9sie, sa spiritualit\u00e9 de la vie et merci \u00e0 Vincent Josse de ces deux heures magnifiques ! J&rsquo;en redemande ! Merci merci !\u00bb<br \/>\n<\/span><\/p>\n<p style=\"margin-left: 28pt;\"><span style=\"color: #c00000; font-family: Arial;\">\u00ab\u00a0Ahhhh Monsieur Josse, comme j&rsquo;ai souri en vous entendant dire cette phrase qu&rsquo;ici m\u00eame j&rsquo;envoyais \u00e0 mon amie \u00ab\u00a0Regarde, on va se prendre une rafale de joie\u00a0\u00bb. J&rsquo;avais cette sensation d&rsquo;\u00eatre parmi vous. Un grand merci pour ce beau rendez-vous, Christian Bobin est une lueur sur tant de chemins !!!\u00a0\u00bb<br \/>\n<\/span><\/p>\n<p><span style=\"color: #777777; font-family: Arial;\">J&rsquo;ai r\u00e9\u00e9cout\u00e9 cette \u00e9mission, ce dimanche, pendant ma marche quotidienne et je me suis dit qu&rsquo;il faudrait l&rsquo;\u00e9couter chaque fois qu&rsquo;on n&rsquo;est pas bien, c&rsquo;est plus puissant et moins nocif que tous les antid\u00e9presseurs.<br \/>\n<\/span><\/p>\n<p><span style=\"color: #777777; font-family: Arial;\">Quelques jours apr\u00e8s cette \u00e9mission, Christian Bobin a \u00e9t\u00e9 attaqu\u00e9 par la maladie foudroyante qui allait l&#8217;emporter le 23 novembre 2022.<br \/>\n<\/span><\/p>\n<p><span style=\"color: #777777; font-family: Arial;\">Christian Bobin a fini son existence terrestre, \u00e0 l&rsquo;h\u00f4pital de Chalons sur Sa\u00f4ne, all\u00e9e Saint Jean des Vignes.<br \/>\n<\/span><\/p>\n<p><span style=\"color: #777777; font-family: Arial;\">Il avait commenc\u00e9 son livre en juillet, mais c&rsquo;est sur son lit de souffrance de l&rsquo;h\u00f4pital qu&rsquo;il l&rsquo;a continu\u00e9, et pour la fin il l&rsquo;a dict\u00e9 \u00e0 sa compagne devenue son \u00e9pouse la po\u00e9tesse <strong>Lydie Dattas<\/strong> auquel le livre est d\u00e9di\u00e9. Ce livre est bien plus\u00a0: une ode \u00e0 leur amour partag\u00e9.<br \/>\n<\/span><\/p>\n<p><span style=\"color: #777777; font-family: Arial;\">Lydie Dattas avec l&rsquo;\u00e9ditrice <strong>Gabrielle Lecrivain<\/strong> ont finalis\u00e9 cet ouvrage dont l&rsquo;exergue initial est\u00a0:<br \/>\n<\/span><\/p>\n<p style=\"margin-left: 28pt;\"><span style=\"color: #c00000; font-family: Arial;\">\u00ab\u00a0Rien est le tout de ce que je sais\u00a0\u00bb<br \/>\n<\/span><\/p>\n<p><span style=\"color: #777777; font-family: Arial;\"><strong>Lydie Dattas<\/strong> a accept\u00e9 une interview tr\u00e8s \u00e9mouvante sur le site de \u00ab\u00a0<strong>la Tribune<\/strong>\u00a0\u00bb\u00a0: \u00ab\u00a0<a href=\"https:\/\/www.latribune.fr\/culture-lifestyle\/j-ai-vecu-avec-un-ange-christian-bobin-lydie-dattas-poetesse-francaise-988942.html\"><span style=\"color: #0000ff;\">J&rsquo;ai v\u00e9cu avec un ange, Christian Bobin\u00a0<\/span><\/a><span style=\"color: #0000ff;\">\u00bb .<\/span><br \/>\n<\/span><\/p>\n<p><a href=\"https:\/\/www.latribune.fr\/culture-lifestyle\/j-ai-vecu-avec-un-ange-christian-bobin-lydie-dattas-poetesse-francaise-988942.html\"><img loading=\"lazy\" decoding=\"async\" class=\"wp-image-15321 alignleft\" src=\"https:\/\/lemotdujour.fr\/wp-content\/uploads\/2024\/02\/Lydie-Dattas.jpg\" alt=\"\" width=\"329\" height=\"229\" srcset=\"https:\/\/lemotdujour.fr\/wp-content\/uploads\/2024\/02\/Lydie-Dattas.jpg 720w, https:\/\/lemotdujour.fr\/wp-content\/uploads\/2024\/02\/Lydie-Dattas-300x209.jpg 300w\" sizes=\"auto, (max-width: 329px) 100vw, 329px\" \/><\/a><span style=\"color: #777777; font-family: Arial;\">Lydie Dattas est, elle-m\u00eame, une po\u00e9tesse reconnue par ses pairs. Elle d\u00e9clare dans la Tribune :<br \/>\n<\/span><\/p>\n<p style=\"margin-left: 28pt;\"><span style=\"color: #c00000; font-family: Arial;\">\u00ab A l&rsquo;instant o\u00f9 j&rsquo;ai connu Christian Bobin, je suis devenu sa disciple. J&rsquo;ai tout de suite vu que j&rsquo;avais \u00e0 faire \u00e0 tellement plus grand que moi. \u00bb<br \/>\n<\/span><\/p>\n<p><span style=\"color: #777777; font-family: Arial;\">Lydie Dattas confirme ce que r\u00e9v\u00e8le la quatri\u00e8me de couverture\u00a0: \u00ab\u00a0<strong>Commenc\u00e9 chez lui, au Creusot, en juillet 2022, poursuivi sur son lit d&rsquo;h\u00f4pital durant les deux mois pr\u00e9c\u00e9dant sa mort, le murmure appartient \u00e0 ces \u0153uvres extr\u00eames \u00e9crites dans des conditions extr\u00eames.\u00a0<\/strong>\u00bb<br \/>\n<\/span><\/p>\n<p><span style=\"color: #777777; font-family: Arial;\">Quand le journaliste lui demande si elle l&rsquo;a encourag\u00e9 dans cette aventure inou\u00efe\u00a0:<br \/>\n<\/span><\/p>\n<p style=\"margin-left: 28pt;\"><span style=\"color: #c00000; font-family: Arial;\">\u00ab On n&rsquo;encourage pas le tonnerre \u00e0 tonner, ni le rossignol \u00e0 chanter. Il chante tout seul. Ma seule action dans cette affaire, \u00e7a a \u00e9t\u00e9 de noter, parfois \u00e0 la vitesse de la lumi\u00e8re, une phrase, une parole ou une correction. Parfois en direct, parfois au t\u00e9l\u00e9phone. Dans une telle aventure divino-humaine (le fond po\u00e9tique indestructible du vivant), o\u00f9 la mort peut survenir \u00e0 chaque instant, il ne peut \u00eatre question de plans, de d\u00e9sirs, de souhaits : le verbe arrive et il faut juste \u00eatre \u00e0 la hauteur de son sens. Malgr\u00e9 sa taille modeste, ce livre restera comme le grand \u0153uvre de Christian Bobin. \u00bb<br \/>\n<\/span><\/p>\n<p><span style=\"color: #777777; font-family: Arial;\">Dans ce livre, il est question d&rsquo;art, il cite une dizaine de fois le grand pianiste russe <a href=\"https:\/\/lemotdujour.fr\/?p=15156\"><span style=\"color: #0000ff;\">Grigory Sokolov<\/span><\/a>, qu&rsquo;il a d\u00e9couvert tardivement.<br \/>\n<\/span><\/p>\n<p><span style=\"color: #777777; font-family: Arial;\">Il est question de sa maladie, qui s&rsquo;adresse \u00e0 lui\u00a0:<br \/>\n<\/span><\/p>\n<p style=\"margin-left: 28pt;\"><span style=\"color: #c00000; font-family: Arial;\">\u00ab Et de paix ! S&rsquo;exclama la maladie. Sais-tu seulement de quoi tu parles ? Il ne s&rsquo;agit pas de cesser d&rsquo;\u00e9crire, malheureux ! Regarde : je les ai fait venir pour toi mes auxiliaires : quatre douleurs pour y voir clair. Une guerre pour l&rsquo;\u00e2me, une pour le poumon, tout ! Ils t&rsquo;apporteront lumi\u00e8re, non t\u00e9n\u00e8bres ! Rien de plus \u00e9loign\u00e9 de la mort ! Bon dit la maladie en claquant des doigts pour rameuter sa troupe : en route ! Nous avons encore du chemin \u00e0 faire. Je reviendrai. Le message est clair. [&#8230;]<br \/>\nSi ce livre devrait \u00eatre le dernier, alors il faudrait qu&rsquo;il soit le plus jeune de tous ceux que j&rsquo;ai \u00e9crits. \u00bb<br \/>\n<em>Le Murmure page 19<br \/>\n<\/em><\/span><\/p>\n<p><span style=\"color: #777777; font-family: Arial;\">La gravit\u00e9, on la comprend dans ce dialogue avec le m\u00e9decin\u00a0:<br \/>\n<\/span><\/p>\n<p style=\"margin-left: 28pt;\"><span style=\"color: #c00000; font-family: Arial;\">Le m\u00e9decin entre dans ma chambre, mon dossier dans les mains, et me dit doctement contrari\u00e9 : \u00ab Je ne sais pas qui vous \u00eates, mais c&rsquo;est compl\u00e9tement anormal. Avec ce que vous avez, vous devriez \u00eatre terrass\u00e9 ! \u00bb.<br \/>\n<em>Le Murmure page 47<\/em><br \/>\n<\/span><\/p>\n<p><span style=\"color: #777777; font-family: Arial;\">Tous les m\u00e9decins n&rsquo;ont pas cette brutalit\u00e9, mais nous, je veux dire nous qui fr\u00e9quentons assidument les disciples d&rsquo;Esculape, avons tous rencontr\u00e9 ce que j&rsquo;appelle \u00ab\u00a0des techniciens\u00a0\u00bb qui ont dans leur t\u00eate les protocoles et des tableaux statistiques, mais ont oubli\u00e9 de cocher la case \u00ab\u00a0humanit\u00e9\u00a0\u00bb\u2026<br \/>\n<\/span><\/p>\n<p><span style=\"color: #777777; font-family: Arial;\">Christian Bobin lui r\u00e9pond dans son livre\u00a0:<br \/>\n<\/span><\/p>\n<p style=\"margin-left: 28pt;\"><span style=\"color: #c00000; font-family: Arial;\">\u00ab\u00a0Ce sp\u00e9cialiste ne conna\u00eet pas les ressources des b\u00e9b\u00e9s. Je n&rsquo;ai pas de ruse. Moi j&rsquo;arrive sur mes jambes de 4 ans \u2013 et je cause. Je saute \u00e0 pieds joints dans toutes les flaques de d\u00e9couragement qui sont devant moi et je les change en \u00e9tincelles.\u00a0\u00bb<br \/>\n<\/span><\/p>\n<p><span style=\"color: #777777; font-family: Arial;\">Et il continue par un mot plus piquant, car Bobin est bienveillant et gentil, mais il n&rsquo;est dupe de rien et voit aussi l&rsquo;ombre des choses\u00a0:<br \/>\n<\/span><\/p>\n<p style=\"margin-left: 28pt;\"><span style=\"color: #c00000; font-family: Arial;\">\u00ab\u00a0La sensibilit\u00e9 s&rsquo;est retir\u00e9e du monde. Elle a laiss\u00e9 la place \u00e0 la pr\u00e9cision. Si j&rsquo;\u00e9tais la lune, je commencerais \u00e0 faire mes valises\u2026\u00a0\u00bb<br \/>\n<\/span><\/p>\n<p><span style=\"color: #777777; font-family: Arial;\">Il y a aussi ce moment o\u00f9 le lecteur se dit il est vraiment trop \u2026<br \/>\n<\/span><\/p>\n<p style=\"margin-left: 28pt;\"><span style=\"color: #c00000; font-family: Arial;\">\u00ab\u00a0Il pleut&#8230; Sur mon lit d&rsquo;h\u00f4pital, je mange un plat incomestible entre un mourant et une vitre en larmes. Ensuite, j&rsquo;\u00e9cris ce petit billet pour la cuisini\u00e8re : \u00ab Ch\u00e8re cuisini\u00e8re, je viens de finir mon assiette : c&rsquo;\u00e9tait absolument d\u00e9licieux. Peut \u00eatre seulement un tout petit peu froid\u2026 \u00bb.<br \/>\nJ&rsquo;ai un frisson d&rsquo;ange. Nous ne sommes que rarement les auteurs de nos actes.\u00a0\u00bb<br \/>\n<em>Le Murmure page 35<\/em><br \/>\n<\/span><\/p>\n<p><span style=\"color: #777777; font-family: Arial;\">Mais la critique suit :<br \/>\n<\/span><\/p>\n<p style=\"margin-left: 28pt;\"><span style=\"color: #c00000; font-family: Arial;\">\u00ab\u00a0Si seulement on pouvait s&rsquo;occuper des malades et des pauvres comme leurs majordomes s&rsquo;occupent des riches\u2026\u00a0\u00bb<br \/>\n<\/span><\/p>\n<p><span style=\"color: #777777; font-family: Arial;\">Et il finit par cette analyse sur ceux que notre pr\u00e9sident, lors de la pand\u00e9mie, a d\u00e9crit comme les indispensable de notre soci\u00e9t\u00e9 :<br \/>\n<\/span><\/p>\n<p style=\"margin-left: 28pt;\"><span style=\"color: #c00000; font-family: Arial;\">\u00ab\u00a0C&rsquo;est gr\u00e2ce \u00e0 l&rsquo;insomnie des m\u00e8res consolant un enfant d\u00e9vor\u00e9 par les diables de la nuit ou \u00e0 un balayeur aidant ici ou l\u00e0 un trottoir \u00e0 mieux respirer &#8211; oui : c&rsquo;est gr\u00e2ce \u00e0 ce genre de service que les t\u00e9n\u00e8bres n&rsquo;ont pas encore referm\u00e9 d\u00e9finitivement leurs bras sur les humains. \u00c9crire est ce genre de service. \u00bb<br \/>\n<\/span><\/p>\n<p><span style=\"color: #777777; font-family: Arial;\">Mais ce n&rsquo;est pas la maladie qui a la premi\u00e8re place dans ce livre\u00a0:<br \/>\n<\/span><\/p>\n<p style=\"margin-left: 28pt;\"><span style=\"color: #c00000; font-family: Arial;\">\u00ab J&rsquo;\u00e9cris pour vous construire un nid. Il fait trop froid dehors. \u00bb<br \/>\n<em>Le Murmure page 34<\/em><br \/>\n<\/span><\/p>\n<p><span style=\"color: #777777; font-family: Arial;\">C&rsquo;est un hymne \u00e0 la nature et tant d&rsquo;autres choses<br \/>\n<\/span><\/p>\n<p style=\"margin-left: 28pt;\"><span style=\"color: #c00000; font-family: Arial;\">\u00ab Le Temps est venu d&rsquo;\u00eatre f\u00e9licit\u00e9 pour ce qu&rsquo;on n&rsquo;a pas fait, pour ce qu&rsquo;on n&rsquo;a pas d\u00e9truit, pour notre amour des fleurs sauvages, qui avec les cris du c\u0153ur ont seule puissance de nous gu\u00e9rir.<br \/>\nFie-toi aux fleurs ! Toute fleur est une goutte de courage, une transfusion de couleurs dans nos veines fl\u00e9tries de ne croire qu&rsquo;aux t\u00e9n\u00e8bres. \u00bb<br \/>\n<em>Le Murmure page 119<\/em><br \/>\n<\/span><\/p>\n<p><span style=\"color: #777777; font-family: Arial;\">C&rsquo;est un livre \u00e0 lire, je ne peux dans ce mot du jour que picorer quelques bribes.<br \/>\n<\/span><\/p>\n<p><img decoding=\"async\" class=\"alignright\" src=\"https:\/\/lemotdujour.fr\/wp-content\/uploads\/2024\/02\/020424_2346_Lundi5fvrie3.jpg\" alt=\"\" align=\"left\" \/><span style=\"color: #777777; font-family: Arial;\">Mais je voudrai partager la fin de ce livre, car c&rsquo;est un livre sur la mort et sur l&rsquo;amour\u00a0:<br \/>\n<\/span><\/p>\n<p style=\"margin-left: 28pt;\"><span style=\"color: #c00000; font-family: Arial;\">\u00ab\u00a0Je suis au bout du langage. La po\u00e9sie n&rsquo;est rien, l&rsquo;\u00e9criture n&rsquo;est rien, la musique n&rsquo;est rien. Mais ce qui n&rsquo;est rien ignore la mort. Les larmes et les sourires sans cause survivent \u00e0 la fin du monde. On va vers des jours extraordinaires.<br \/>\n<\/span><\/p>\n<p style=\"margin-left: 28pt;\"><span style=\"color: #c00000; font-family: Arial;\">Nous ne descendrons pas l&rsquo;escalier de tristesse. Plus vite que la vie et plus vite que la mort, je te retrouverai TOI\u00a0. Nous tourbillonnerons dans la lumi\u00e8re.<br \/>\nLe vol magique des \u00e9tourneaux, seconds violons du ciel. Quand ils rencontrent un obstacle \u2013 comme d&rsquo;un roc qui d\u00e9passe d&rsquo;une rivi\u00e8re-, ils scindent en deux cette masse de gr\u00e2ce sans se heurter, vite recomposent leur amiti\u00e9 apr\u00e8s le franchissement de l&rsquo;\u00e9preuve. Cette passe s&rsquo;appelle \u00ab\u00a0le murmure\u00a0\u00bb.<br \/>\nQuand tu mourras notre amour se recomposera. Il se recomposera dans le ciel rouge, comme le murmure des \u00e9tourneaux apr\u00e8s le franchissement de l&rsquo;obstacle.<br \/>\nSur le roc de la mort nous serons deux pr\u00e9sences \u00e9ternelles. Dieu n&rsquo;\u00e9teindra jamais nos yeux qui voyaient.\u00a0\u00bb<br \/>\n<\/span><\/p>\n<p><span style=\"color: #777777; font-family: Arial;\">Et puis vient la toute derni\u00e8re page avec une seule phrase.<br \/>\n<\/span><\/p>\n<p><span style=\"color: #777777; font-family: Arial;\">L&rsquo;\u00e9ditrice Gabrielle Lecrivain a expliqu\u00e9 que la page manuscrite, toujours \u00e9crite \u00e0 la main, \u00e9tait enti\u00e8rement noire, car elle avait \u00e9t\u00e9 int\u00e9gralement \u00e9crite mais barr\u00e9e \u00e0 l&rsquo;exception de cette phrase\u00a0:<br \/>\n<\/span><\/p>\n<p style=\"margin-left: 28pt;\"><span style=\"color: #c00000; font-family: Arial;\">\u00ab\u00a0Nous serons deux enfants r\u00e9enfant\u00e9s\u00a0\u00bb<br \/>\n<\/span><\/p>\n<p><span style=\"color: #777777; font-family: Arial;\">Apr\u00e8s leur rencontre, Lydie Dattas et Christian Bobin se sont install\u00e9s, en 2005, dans une maison isol\u00e9e, au lieudit Champ-Vieux, \u00e0 la lisi\u00e8re du bois de Saint Firmin, \u00e0 une dizaine de kilom\u00e8tres du Creusot. Dans &lt;<span style=\"color: #0000ff;\"><a style=\"color: #0000ff;\" href=\"https:\/\/vendangeslitteraires.overblog.com\/2014\/10\/christian-bobin-dans-le-merveilleux-eclat-de-rire.html\">cet article de blog<\/a><\/span>&gt;, il est question de ce lieu enchanteur. Cette maison, ils l&rsquo;ont abandonn\u00e9e, pour vivre au Creusot, lorsque l&rsquo;\u00e9tat de sant\u00e9 de Christian Bobin s&rsquo;est d\u00e9grad\u00e9. Et, Lydie Dattas finit l&rsquo;article de la Tribune ainsi\u00a0:<br \/>\n<\/span><\/p>\n<p style=\"margin-left: 28pt;\"><span style=\"color: #c00000; font-family: Arial;\">\u00ab\u00a0R\u00e9cemment, pour la premi\u00e8re fois, je suis retourn\u00e9e \u00e0 Champ-Vieux o\u00f9 nous avons v\u00e9cu. Il neigeait. La maison et la clairi\u00e8re \u00e9taient toutes blanches. C&rsquo;\u00e9tait beau \u00e0 pleurer. J&rsquo;ai pens\u00e9\u00a0: \u00ab\u00a0J&rsquo;ai v\u00e9cu au paradis avec un ange. Pourquoi ai-je eu ce privil\u00e8ge\u00a0? Personne ne m\u00e9rite un tel bonheur.\u00a0\u00bb<br \/>\n<\/span><\/p>\n<p><span style=\"color: maroon; font-family: Arial;\">&lt;1789&gt;<\/span><\/p>\n","protected":false},"excerpt":{"rendered":"<p>\u00ab\u00a0Le murmure \u00bb Christian Bobin \u00ab\u00a0Le murmure \u00bb, c&rsquo;est un son d\u00e9licat, mais c&rsquo;est aussi le nom que l&rsquo;on donne aux grands rassemblements d&rsquo;oiseaux dans le ciel, o\u00f9 ils forment des masses compactes et mouvantes au cr\u00e9puscule. Cette myst\u00e9rieuse facult\u00e9<\/p>\n","protected":false},"author":1,"featured_media":0,"comment_status":"open","ping_status":"closed","sticky":false,"template":"","format":"standard","meta":{"footnotes":""},"categories":[1],"tags":[29,9,8],"class_list":["post-15309","post","type-post","status-publish","format-standard","hentry","category-motdujour","tag-hommage","tag-litterature","tag-poesie"],"_links":{"self":[{"href":"https:\/\/lemotdujour.fr\/index.php?rest_route=\/wp\/v2\/posts\/15309","targetHints":{"allow":["GET"]}}],"collection":[{"href":"https:\/\/lemotdujour.fr\/index.php?rest_route=\/wp\/v2\/posts"}],"about":[{"href":"https:\/\/lemotdujour.fr\/index.php?rest_route=\/wp\/v2\/types\/post"}],"author":[{"embeddable":true,"href":"https:\/\/lemotdujour.fr\/index.php?rest_route=\/wp\/v2\/users\/1"}],"replies":[{"embeddable":true,"href":"https:\/\/lemotdujour.fr\/index.php?rest_route=%2Fwp%2Fv2%2Fcomments&post=15309"}],"version-history":[{"count":10,"href":"https:\/\/lemotdujour.fr\/index.php?rest_route=\/wp\/v2\/posts\/15309\/revisions"}],"predecessor-version":[{"id":15399,"href":"https:\/\/lemotdujour.fr\/index.php?rest_route=\/wp\/v2\/posts\/15309\/revisions\/15399"}],"wp:attachment":[{"href":"https:\/\/lemotdujour.fr\/index.php?rest_route=%2Fwp%2Fv2%2Fmedia&parent=15309"}],"wp:term":[{"taxonomy":"category","embeddable":true,"href":"https:\/\/lemotdujour.fr\/index.php?rest_route=%2Fwp%2Fv2%2Fcategories&post=15309"},{"taxonomy":"post_tag","embeddable":true,"href":"https:\/\/lemotdujour.fr\/index.php?rest_route=%2Fwp%2Fv2%2Ftags&post=15309"}],"curies":[{"name":"wp","href":"https:\/\/api.w.org\/{rel}","templated":true}]}}