{"id":15261,"date":"2024-01-05T03:07:00","date_gmt":"2024-01-05T02:07:00","guid":{"rendered":"https:\/\/lemotdujour.fr\/?p=15261"},"modified":"2024-01-29T14:47:28","modified_gmt":"2024-01-29T13:47:28","slug":"vendredi-5-janvier-2024","status":"publish","type":"post","link":"https:\/\/lemotdujour.fr\/?p=15261","title":{"rendered":"Vendredi 5 janvier 2024"},"content":{"rendered":"<div class=\"mdjTexte\">\u00ab\u00a0Mais, n&rsquo;y a-t-il que les nazis pour fonctionner ainsi ?\u00a0\u00bb<\/div>\n<div class=\"mdjAuteur\">Boris Cyrulnik<\/div>\n<p><span style=\"color: #777777; font-family: Arial;\">L&rsquo;ann\u00e9e 2023 a \u00e9t\u00e9 terrible pour sa violence, les guerres qui nous sont rapport\u00e9es par les M\u00e9dias.<br \/>\n<\/span><\/p>\n<p><span style=\"color: #777777; font-family: Arial;\">Bien s\u00fbr des hommes cultiv\u00e9s pourront nous rappeler que ce n&rsquo;\u00e9tait pas mieux avant.<br \/>\n<\/span><\/p>\n<p><span style=\"color: #777777; font-family: Arial;\">Que le XX\u00e8me si\u00e8cle avec ses deux guerres mondiales, ses g\u00e9nocides contre les arm\u00e9niens, les juifs, les tziganes, les tutsis, ses r\u00e9gimes exterminateurs nazis, staliniens, mao\u00efstes, khmers rouges constituent, pour l&rsquo;instant, une norme d&rsquo;horreur insurpassable.<br \/>\n<\/span><\/p>\n<p><span style=\"color: #777777; font-family: Arial;\">Mais il me parait essentiel de toujours revenir \u00e0 l&rsquo;Histoire pour essayer d&rsquo;apprendre et comprendre, les m\u00e9canismes de la sortie des valeurs de l&rsquo;humanisme.<br \/>\n<\/span><\/p>\n<p><span style=\"color: #777777; font-family: Arial;\">En faisant les m\u00e9nage dans ma boite courriels, je suis tomb\u00e9 sur un article de <strong>Boris Cyrulnik<\/strong> que j&rsquo;avais envoy\u00e9 en 2005 \u00e0 quelques-uns de mes amis.<br \/>\n<\/span><\/p>\n<p><span style=\"color: #777777; font-family: Arial;\">Je l&rsquo;ai relu et j&rsquo;ai per\u00e7u toute son actualit\u00e9. C&rsquo;est pourquoi, je partage cet article aujourd&rsquo;hui. J&rsquo;ai aussi \u00e9t\u00e9 saisi par sa phrase de conclusion que j&rsquo;ai utilis\u00e9e comme exergue. <\/span><\/p>\n<p><img loading=\"lazy\" decoding=\"async\" class=\"alignleft\" src=\"https:\/\/lemotdujour.fr\/wp-content\/uploads\/2024\/01\/010524_1207_Vendredi5ja1.jpg\" alt=\"\" width=\"298\" height=\"375\" align=\"left\" \/><span style=\"color: #777777; font-family: Arial;\"><strong>Boris Cyrulnik<\/strong> a \u00e9crit cet article dans le num\u00e9ro 2097 du \u00ab\u00a0<strong>Nouvel Observateur\u00a0\u00bb<\/strong>, paru le 13 janvier 2005.<br \/>\n<\/span><\/p>\n<p><span style=\"color: #777777; font-family: Arial;\">Il s&rsquo;agissait d&rsquo;un num\u00e9ro consacr\u00e9 aux 60 ans de la lib\u00e9ration des camps nazis.<br \/>\n<\/span><\/p>\n<p><span style=\"color: #777777; font-family: Arial;\">Parmi ces camps, <span style=\"color: #0000ff;\"><a style=\"color: #0000ff;\" href=\"https:\/\/fr.wikipedia.org\/wiki\/Lib%C3%A9ration_du_camp_de_concentration_d%27Auschwitz\">la lib\u00e9ration du camp de concentration<\/a><\/span> d&rsquo;Auschwitz a lieu le 27 janvier 1945. L&rsquo;Arm\u00e9e rouge lib\u00e8re environ 7 000 survivants. Plus d&rsquo;un million de victimes ont p\u00e9ri dans ce camp de concentration et centre d&rsquo;extermination nazi.<br \/>\n<\/span><\/p>\n<p><span style=\"color: #777777; font-family: Arial;\">Le titre de son article \u00e9tait\u00a0: \u00ab\u00a0<strong>Auschwitz : Les anges exterminateurs<\/strong>\u00a0\u00bb<br \/>\n<\/span><\/p>\n<p><span style=\"color: #777777; font-family: Arial;\">Le grand psychiatre n&rsquo;\u00e9tait qu&rsquo;un enfant quand ses parents ont \u00e9t\u00e9 rafl\u00e9s \u00e0 Bordeaux.<br \/>\n<\/span><\/p>\n<p><span style=\"color: #777777; font-family: Arial;\">Ils ont disparu \u00e0 Auschwitz. Lui-m\u00eame arr\u00eat\u00e9, il a r\u00e9ussi \u00e0 s&rsquo;enfuir.<br \/>\n<\/span><\/p>\n<p><span style=\"color: #777777; font-family: Arial;\">Soixante ans apr\u00e8s, cette exp\u00e9rience continue de nourrir sa r\u00e9flexion sur le nazisme. Et sur la nature humaine&#8230;\u00a0:<br \/>\n<\/span><\/p>\n<p style=\"margin-left: 28pt;\"><span style=\"color: #c00000; font-family: Arial;\">\u00ab\u00a0J&rsquo;avais 6 ans et demi quand, une nuit, j&rsquo;ai \u00e9t\u00e9 arr\u00eat\u00e9 par des inspecteurs fran\u00e7ais portant des lunettes noires. Les policiers m&rsquo;ont pouss\u00e9 vers la porte o\u00f9 des soldats allemands constituaient avec leurs fusils une haie qui orientait vers des camions. La rue \u00e9tait barr\u00e9e. Le silence et l&rsquo;ordre r\u00e9gnaient. Un inspecteur a dit qu&rsquo;il fallait m&rsquo;\u00e9liminer parce que plus tard je deviendrais un ennemi de la soci\u00e9t\u00e9. J&rsquo;ai appris cette nuit-l\u00e0 que j&rsquo;\u00e9tais destin\u00e9 \u00e0 commettre une faute qui m\u00e9ritait une mise \u00e0 mort pr\u00e9ventive.<br \/>\n<\/span><\/p>\n<p style=\"margin-left: 28pt;\"><span style=\"color: #c00000; font-family: Arial;\">Soixante ans plus tard, je pense que ce policier a d\u00fb \u00e9prouver un merveilleux sentiment d&rsquo;ange exterminateur. En participant avec tant de comp\u00e9tence \u00e0 une s\u00e9rie de coups de filet qui ont tu\u00e9 1645 adultes et 239 enfants sur les 240 rafl\u00e9s, il a ob\u00e9i \u00e0 un ordre moral.<br \/>\n<\/span><\/p>\n<p style=\"margin-left: 28pt;\"><span style=\"color: #c00000; font-family: Arial;\">On peut tuer des innocents sans \u00e9prouver de culpabilit\u00e9 quand l&rsquo;ob\u00e9issance est sacralis\u00e9e par la culture. La soumission d\u00e9responsabilise le tueur puisqu&rsquo;il ne fait que s&rsquo;inscrire dans un syst\u00e8me social o\u00f9 l&rsquo;assujettissement permet le bon fonctionnement.<br \/>\n<\/span><\/p>\n<p style=\"margin-left: 28pt;\"><span style=\"color: #c00000; font-family: Arial;\">Ce qui compte dans ce cas, c&rsquo;est l&rsquo;objectif et non pas la relation. Et m\u00eame le mot \u00ab ob\u00e9issance \u00bb d\u00e9signe des sentiments diff\u00e9rents selon le contexte o\u00f9 il est prononc\u00e9.<br \/>\n<\/span><\/p>\n<p style=\"margin-left: 28pt;\"><span style=\"color: #c00000; font-family: Arial;\">Quand deux personnes s&rsquo;affrontent, celui qui ob\u00e9it \u00e9prouve un sentiment de d\u00e9faite. Tandis que le simple fait d&rsquo;appartenir \u00e0 un groupe ennoblit l&rsquo;ob\u00e9issance, puisque celui qui se soumet donne le pouvoir \u00e0 sa communaut\u00e9 gr\u00e2ce \u00e0 sa subordination.<br \/>\n<\/span><\/p>\n<p style=\"margin-left: 28pt;\"><span style=\"color: #c00000; font-family: Arial;\">Quand l&rsquo;\u00e2me du groupe, un dieu, un demi-dieu, un chef ou un philosophe, propose un merveilleux projet d&rsquo;\u00e9puration, c&rsquo;est au nom de l&rsquo;humanit\u00e9 que la personne ob\u00e9issante participe au crime contre l&rsquo;humanit\u00e9.<br \/>\n<\/span><\/p>\n<p style=\"margin-left: 28pt;\"><span style=\"color: #c00000; font-family: Arial;\">D\u00e8s l&rsquo;\u00e2ge de 6 ans, il m&rsquo;a fallu comprendre que ce qui gouverne un groupe ne correspond pas toujours \u00e0 ce qui gouverne les individus qui composent ce groupe.<br \/>\n<\/span><\/p>\n<p style=\"margin-left: 28pt;\"><span style=\"color: #c00000; font-family: Arial;\">Chaque soir, dans la synagogue de Bordeaux transform\u00e9e en prison, un soldat venait s&rsquo;asseoir pr\u00e8s de moi pour me montrer une photo de sa famille. Je ne comprenais pas ses mots mais je sentais clairement qu&rsquo;il avait besoin de parler de ses proches et de son petit gar\u00e7on qui, d&rsquo;apr\u00e8s ses gestes, avait mon \u00e2ge et me ressemblait.<br \/>\n<\/span><\/p>\n<p style=\"margin-left: 28pt;\"><span style=\"color: #c00000; font-family: Arial;\">Plus tard, j&rsquo;ai vu ce gentil papa frapper \u00e0 coups de crosse les enfants qui ne se dirigeaient pas assez vite vers les wagons \u00e0 bestiaux de la gare Saint-Jean. Quand cet homme venait, le soir, me parler de son fils, il r\u00e9pondait \u00e0 un besoin d&rsquo;affection. Quand ce soldat poussait les enfants vers les wagons scell\u00e9s, il ob\u00e9issait \u00e0 une repr\u00e9sentation th\u00e9orique qui r\u00e9citait les slogans du demi-dieu que sa collectivit\u00e9 v\u00e9n\u00e9rait.<br \/>\n<\/span><\/p>\n<p style=\"margin-left: 28pt;\"><span style=\"color: #c00000; font-family: Arial;\">Depuis ce jour, la r\u00e9citation des certitudes m&rsquo;alarme et la vuln\u00e9rabilit\u00e9 des hommes m&rsquo;attendrit.<br \/>\n<\/span><\/p>\n<p style=\"margin-left: 28pt;\"><span style=\"color: #c00000; font-family: Arial;\">D\u00e8s l&rsquo;\u00e2ge de 6 ans, il m&rsquo;a fallu comprendre que mes ge\u00f4liers se soumettaient avec ravissement, afin de participer \u00e0 un triomphe.<br \/>\n<\/span><\/p>\n<p style=\"margin-left: 28pt;\"><span style=\"color: #c00000; font-family: Arial;\">Aujourd&rsquo;hui, je pense que peu de personnalit\u00e9s sont capables d&rsquo;\u00e9chapper \u00e0 une pression culturelle qui apporte tant de b\u00e9n\u00e9fices : l&rsquo;affection des siens, l&rsquo;estime de soi, la griserie de l&rsquo;appartenance et la noblesse d&rsquo;un projet moral \u00e9purateur fond\u00e9 sur une croyance en une surhumanit\u00e9.<br \/>\n<\/span><\/p>\n<p style=\"margin-left: 28pt;\"><span style=\"color: #c00000; font-family: Arial;\">C&rsquo;est d\u00e9licieux d&rsquo;\u00eatre gouvern\u00e9 par un demi-dieu, \u00e7a d\u00e9responsabilise, \u00e7a supprime l&rsquo;angoisse.<br \/>\n<\/span><\/p>\n<p style=\"margin-left: 28pt;\"><span style=\"color: #c00000; font-family: Arial;\">Quand le \u00ab moi \u00bb est fragile, le \u00ab nous \u00bb sert de proth\u00e8se et les hommes d&rsquo;appareil aiment grimper l&rsquo;\u00e9chelle des valeurs qui leur sont impos\u00e9es.<br \/>\n<\/span><\/p>\n<p style=\"margin-left: 28pt;\"><span style=\"color: #c00000; font-family: Arial;\">Leur facilit\u00e9 \u00e0 apprendre les r\u00e9citations, leur aptitude \u00e0 faire marcher le syst\u00e8me et leur art de la relation les placent rapidement en haut de l&rsquo;\u00e9chelle, quelle qu&rsquo;elle soit.<br \/>\n<\/span><\/p>\n<p style=\"margin-left: 28pt;\"><span style=\"color: #c00000; font-family: Arial;\">Ce qui compte pour eux et provoque leur bonheur, c&rsquo;est de grimper.<br \/>\n<\/span><\/p>\n<p style=\"margin-left: 28pt;\"><span style=\"color: #c00000; font-family: Arial;\">Le moindre doute briserait leur r\u00eave d&rsquo;une soci\u00e9t\u00e9 \u00e9pur\u00e9e.<br \/>\n<\/span><\/p>\n<p style=\"margin-left: 28pt;\"><span style=\"color: #c00000; font-family: Arial;\">Seul un tra\u00eetre peut remettre en cause un si beau projet. Cette heureuse affiliation engage les personnalit\u00e9s conformistes dans une relation perverse, o\u00f9 l&#8217;emprise sur l&rsquo;autre et sa disparition se programment au nom du Bien. Dans tout g\u00e9nocide, le tueur se sent innocent puisqu&rsquo;il transcende le massacre et, en cas de d\u00e9faite, explique qu&rsquo;il n&rsquo;a fait qu&rsquo;ob\u00e9ir. Le soumis-triomphant ne se pense pas comme une personne, mais comme un rouage, ce qui provoque sa fiert\u00e9.<br \/>\n<\/span><\/p>\n<p style=\"margin-left: 28pt;\"><span style=\"color: #c00000; font-family: Arial;\">A la Lib\u00e9ration, de Gaulle a \u00e9t\u00e9 accueilli au Grand H\u00f4tel \u00e0 Bordeaux. On m&rsquo;a demand\u00e9 de lui offrir un bouquet de fleurs. La nuit, un milicien s&rsquo;est infiltr\u00e9 afin d&rsquo;assassiner le G\u00e9n\u00e9ral. L&rsquo;homme a \u00e9t\u00e9 attrap\u00e9 et lentement lynch\u00e9, un coup de poing par-ci, un coup de crosse par-l\u00e0. Il est mort, tu\u00e9 par mes lib\u00e9rateurs, des hommes que j&rsquo;admirais. Ce jour-l\u00e0, il m&rsquo;a fallu comprendre que l&rsquo;ambivalence est au c\u0153ur de la condition humaine et que la vengeance aussi est une soumission au pass\u00e9.<br \/>\n<\/span><\/p>\n<p style=\"margin-left: 28pt;\"><span style=\"color: #c00000; font-family: Arial;\">Le processus qui permet d&rsquo;exterminer un peuple sans \u00e9prouver de sentiment de crime est toujours le m\u00eame. En voici la recette :<br \/>\n<\/span><\/p>\n<ol style=\"margin-left: 64pt;\">\n<li><span style=\"color: #c00000; font-family: Arial;\">D&rsquo;abord, il faut le d\u00e9socialiser afin de le rendre vuln\u00e9rable. Personne n&rsquo;a protest\u00e9 quand une des premi\u00e8res lois de P\u00e9tain a d\u00e9cr\u00e9t\u00e9 la r\u00e9quisition des v\u00e9los des avocats juifs. Ce n&rsquo;est pas grave, entendait-on, tant qu&rsquo;on respecte les personnes. Mais dans une soci\u00e9t\u00e9 d\u00e9pourvue d&rsquo;essence et de voiture, un homme sans v\u00e9lo ne peut plus travailler.<br \/>\n<\/span><\/li>\n<li><span style=\"color: #c00000; font-family: Arial;\">Puis il convient de parler de ce groupe humain en employant des m\u00e9taphores animales : \u00ab des rats qui polluent notre soci\u00e9t\u00e9 \u00bb, \u00ab des vip\u00e8res qui mordent le sein qui les a nourries \u00bb<br \/>\n<\/span><\/li>\n<li><span style=\"color: #c00000; font-family: Arial;\">Quand on arrive enfin \u00e0 la d\u00e9marche administrative sign\u00e9e par un repr\u00e9sentant du demi-dieu ou \u00e9nonc\u00e9e \u00e0 la radio par un porte-parole du ma\u00eetre, il devient possible de mettre \u00e0 mort ce peuple sans \u00e9prouver de culpabilit\u00e9 car \u00ab ce n&rsquo;est pas un crime tout de m\u00eame d&rsquo;\u00e9liminer des rats \u00bb !<br \/>\n<\/span><\/li>\n<\/ol>\n<p style=\"margin-left: 28pt;\"><span style=\"color: #c00000; font-family: Arial;\">Surhommes d\u00e9risoires soumis \u00e0 des demi-dieux absurdes, les nazis ont provoqu\u00e9 une d\u00e9flagration mondiale, un massacre inou\u00ef pour une bagatelle id\u00e9ologique, une th\u00e9orie navrante. Ils ont cru \u00e0 une repr\u00e9sentation incroyable, ils ont r\u00e9cit\u00e9 des fables riquiqui o\u00f9 ils se sont donn\u00e9 un r\u00f4le grandiose.<br \/>\n<\/span><\/p>\n<p style=\"margin-left: 28pt;\"><span style=\"color: #c00000; font-family: Arial;\">Le panurgisme de ces moutons intellectuels leur a offert une br\u00e8ve illusion de grandeur. Ils avaient besoin de haine pour l\u00e9gitimer et exalter leur programme d\u00e9lirant, car dans le quotidien c&rsquo;est la banalit\u00e9 et la soumission qui caract\u00e9risaient leur projet.<br \/>\n<\/span><\/p>\n<p style=\"margin-left: 28pt;\"><span style=\"color: #c00000; font-family: Arial;\">Mais, n&rsquo;y a-t-il que les nazis pour fonctionner ainsi ?\u00a0\u00bb<br \/>\n<\/span><\/p>\n<p style=\"margin-left: 28pt;\"><span style=\"color: #c00000; font-family: Arial;\"><em>Boris Cyrulnik<br \/>\n<\/em><\/span><\/p>\n<p><span style=\"color: #777777; font-family: Arial;\">Je ne veux pas affaiblir ce propos, en pointant tel ou tel groupe humain dans son comportement actuel \u00e0 l&rsquo;\u00e9gard d&rsquo;un autre.<br \/>\n<\/span><\/p>\n<p><span style=\"color: #777777; font-family: Arial;\">Je veux en rester au niveau de l&rsquo;observation des m\u00e9canismes qui conduisent \u00e0 des comportements d&rsquo;inhumanit\u00e9 et au constat que des humains qui, par ailleurs, ont des comportements familiaux et sociaux normalement bienveillants, sont capables de tels comportements.<br \/>\n<\/span><\/p>\n<ul>\n<li><span style=\"color: #777777; font-family: Arial;\">Le premier \u00e9l\u00e9ment du m\u00e9canisme est de d\u00e9shumaniser l&rsquo;autre, celui qui appartient au groupe humain qui est consid\u00e9r\u00e9 comme l&rsquo;ennemi. On dira de lui qu&rsquo;il s&rsquo;agit d&rsquo;un rat, d&rsquo;un serpent, d&rsquo;une vermine, d&rsquo;un insecte\u2026 toute cat\u00e9gorie de vivants qu&rsquo;il semble normal d&rsquo;exterminer.<br \/>\n<\/span><\/li>\n<li><span style=\"color: #777777; font-family: Arial;\">Le deuxi\u00e8me \u00e9l\u00e9ment est l&rsquo;adh\u00e9sion \u00e0 un narratif religieux, raciste, nationaliste ou une utopie qui croit en un monde parfait, une fois \u00e9limin\u00e9 les nuisibles.<br \/>\n<\/span><\/li>\n<li><span style=\"color: #777777; font-family: Arial;\">Ces deux \u00e9l\u00e9ments permettent \u00e0 un homme d&rsquo;\u00eatre affectueux, pr\u00e9venant, g\u00e9n\u00e9reux avec les siens qui sont des humains et monstrueux avec les autres qui ne le sont pas dans son imaginaire.<br \/>\n<\/span><\/li>\n<\/ul>\n<p><span style=\"color: #777777; font-family: Arial;\">Les enfants de Klaus Barbie ont affirm\u00e9 que leur p\u00e8re n&rsquo;\u00e9tait pas capable des horreurs que la justice et que ses victimes d\u00e9non\u00e7aient.<br \/>\n<\/span><\/p>\n<p><span style=\"color: #777777; font-family: Arial;\">On attribue \u00e0 L\u00e9on Tolsto\u00ef cette citation pleine de sagesse\u00a0:<br \/>\n<\/span><\/p>\n<p style=\"margin-left: 28pt;\"><span style=\"color: #c00000; font-family: Arial;\"><strong>\u00ab\u00a0Si vous ressentez de la douleur, vous \u00eates vivant, si vous ressentez la douleur des autres vous \u00eates un \u00eatre humain\u2026\u00a0\u00bb<br \/>\n<\/strong><\/span><\/p>\n<p><span style=\"color: maroon; font-family: Arial;\">&lt;1785&gt;<\/span><\/p>\n","protected":false},"excerpt":{"rendered":"<p>\u00ab\u00a0Mais, n&rsquo;y a-t-il que les nazis pour fonctionner ainsi ?\u00a0\u00bb Boris Cyrulnik L&rsquo;ann\u00e9e 2023 a \u00e9t\u00e9 terrible pour sa violence, les guerres qui nous sont rapport\u00e9es par les M\u00e9dias. Bien s\u00fbr des hommes cultiv\u00e9s pourront nous rappeler que ce n&rsquo;\u00e9tait<\/p>\n","protected":false},"author":1,"featured_media":0,"comment_status":"open","ping_status":"closed","sticky":false,"template":"","format":"standard","meta":{"footnotes":""},"categories":[1],"tags":[157,219,54],"class_list":["post-15261","post","type-post","status-publish","format-standard","hentry","category-motdujour","tag-genocide","tag-guerre","tag-humanisme"],"_links":{"self":[{"href":"https:\/\/lemotdujour.fr\/index.php?rest_route=\/wp\/v2\/posts\/15261","targetHints":{"allow":["GET"]}}],"collection":[{"href":"https:\/\/lemotdujour.fr\/index.php?rest_route=\/wp\/v2\/posts"}],"about":[{"href":"https:\/\/lemotdujour.fr\/index.php?rest_route=\/wp\/v2\/types\/post"}],"author":[{"embeddable":true,"href":"https:\/\/lemotdujour.fr\/index.php?rest_route=\/wp\/v2\/users\/1"}],"replies":[{"embeddable":true,"href":"https:\/\/lemotdujour.fr\/index.php?rest_route=%2Fwp%2Fv2%2Fcomments&post=15261"}],"version-history":[{"count":7,"href":"https:\/\/lemotdujour.fr\/index.php?rest_route=\/wp\/v2\/posts\/15261\/revisions"}],"predecessor-version":[{"id":15297,"href":"https:\/\/lemotdujour.fr\/index.php?rest_route=\/wp\/v2\/posts\/15261\/revisions\/15297"}],"wp:attachment":[{"href":"https:\/\/lemotdujour.fr\/index.php?rest_route=%2Fwp%2Fv2%2Fmedia&parent=15261"}],"wp:term":[{"taxonomy":"category","embeddable":true,"href":"https:\/\/lemotdujour.fr\/index.php?rest_route=%2Fwp%2Fv2%2Fcategories&post=15261"},{"taxonomy":"post_tag","embeddable":true,"href":"https:\/\/lemotdujour.fr\/index.php?rest_route=%2Fwp%2Fv2%2Ftags&post=15261"}],"curies":[{"name":"wp","href":"https:\/\/api.w.org\/{rel}","templated":true}]}}