{"id":15247,"date":"2023-12-27T00:31:40","date_gmt":"2023-12-26T23:31:40","guid":{"rendered":"https:\/\/lemotdujour.fr\/?p=15247"},"modified":"2023-12-27T00:33:01","modified_gmt":"2023-12-26T23:33:01","slug":"mercredi-27-decembre-2023","status":"publish","type":"post","link":"https:\/\/lemotdujour.fr\/?p=15247","title":{"rendered":"Mercredi 27 d\u00e9cembre 2023"},"content":{"rendered":"<div class=\"mdjTexte\">\u00ab\u00a018 mois de vie.\u00a0\u00bb<\/div>\n<div class=\"mdjAuteur\">Cl\u00e9mentine Vergnaud<\/div>\n<p><span style=\"color: #777777; font-family: Arial;\">C&rsquo;est le 15 juin 2022, que Cl\u00e9mentine Vergnaud a appris qu&rsquo;elle souffrait d&rsquo;un cancer des voies biliaires, rare, tr\u00e8s agressif : le cholangiocarcinome.<br \/>\n<\/span><\/p>\n<p><span style=\"color: #777777; font-family: Arial;\">Elle avait d\u00e9crit son combat, ses espoirs, sa peur et ses relations avec les m\u00e9decins et l&rsquo;administration dans une s\u00e9rie de 10 podcasts\u00a0: \u00ab <a href=\"https:\/\/www.francetvinfo.fr\/replay-radio\/ma-vie-face-au-cancer-le-journal-de-clementine\/\"><span style=\"color: #0000ff;\">Ma vie face au cancer : le journal de Cl\u00e9mentine<\/span><\/a><span style=\"color: #0000ff;\">.<\/span> \u00bb publi\u00e9e en juin 2023.<br \/>\n<\/span><\/p>\n<p><span style=\"color: #777777; font-family: Arial;\">J&rsquo;ai commenc\u00e9 \u00e0 \u00e9couter le premier, puis tous les autres d&rsquo;une seule traite, lors d&rsquo;une longue promenade.<br \/>\n<\/span><\/p>\n<p><span style=\"color: #777777; font-family: Arial;\">Je concluais le mot du jour que je lui ai consacr\u00e9\u00a0: \u00ab<span style=\"color: #0000ff;\"> <a style=\"color: #0000ff;\" href=\"https:\/\/lemotdujour.fr\/?p=14737\">La mort est au bout du chemin, mais elle s&rsquo;est un peu \u00e9loign\u00e9e<\/a>.<\/span>\u00a0\u00bb par cette exclamation\u00a0: <strong>Un monument d&rsquo;humanit\u00e9\u00a0!<br \/>\n<\/strong><\/span><\/p>\n<p><span style=\"color: #777777; font-family: Arial;\">Son podcast \u00e9tait une mani\u00e8re de \u00ab <span style=\"color: #c00000;\">laisser une trace<span style=\"color: #777777;\"> \u00bb, comme elle l&rsquo;expliquait sur le plateau de \u00ab\u00a0C \u00e0 vous\u00a0\u00bb.<br \/>\n<\/span><\/span><\/span><\/p>\n<p><img loading=\"lazy\" decoding=\"async\" class=\"alignleft\" src=\"https:\/\/lemotdujour.fr\/wp-content\/uploads\/2023\/12\/122623_2324_Mercredi27d1.png\" alt=\"\" width=\"469\" height=\"264\" align=\"left\" \/><span style=\"color: #777777; font-family: Arial;\">Elle n&rsquo;a pas f\u00eat\u00e9 No\u00ebl, elle est morte le 23 d\u00e9cembre 2023 au matin, 18 mois et quelques jours apr\u00e8s le diagnostic de sa maladie. Elle avait 31 ans.<br \/>\n<\/span><\/p>\n<p><span style=\"color: #777777; font-family: Arial;\">D\u00e9but octobre, elle donnait des nouvelles peu rassurantes sur sa sant\u00e9 sur <a href=\"https:\/\/www.huffingtonpost.fr\/medias\/article\/clementine-vergnaud-journaliste-de-franceinfo-est-morte-emportee-par-un-cancer-a-31-ans_227452.html\"><span style=\"color: #0000ff;\">le r\u00e9seau social X<\/span><\/a>, tout en annon\u00e7ant l&rsquo;enregistrement de la saison 2 de son podcast. Elle \u00e9crivait\u00a0:<br \/>\n<\/span><\/p>\n<p style=\"margin-left: 28pt;\"><span style=\"color: #c00000; font-family: Arial;\">\u00ab Vous \u00eates plusieurs \u00e0 demander de mes nouvelles, \u00e0 vous inqui\u00e9ter de mon silence. Je vais bien, rassurez-vous. Mais les deux derni\u00e8res semaines ont \u00e9t\u00e9 compliqu\u00e9es. Je suis pass\u00e9e \u00e0 un cheveu de la mort \u00e0 cause d&rsquo;un grave accident cardiaque. Maintenant, je me remets doucement \u00bb.<br \/>\n<\/span><\/p>\n<p><span style=\"color: #777777; font-family: Arial;\">Elle travaillait \u00e0 France Info. Ses coll\u00e8gues lui ont rendu &lt;<a href=\"https:\/\/www.francetvinfo.fr\/sante\/cancer\/franceinfo-en-deuil-la-journaliste-clementine-vergnaud-31-ans-emportee-par-un-cancer_6262476.html\"><span style=\"color: #0000ff;\">Hommage<\/span><\/a>&gt;\u00a0:<br \/>\n<\/span><\/p>\n<p style=\"margin-left: 28pt;\"><span style=\"color: #c00000; font-family: Arial;\">\u00ab\u00a0La r\u00e9daction de franceinfo a perdu l&rsquo;une des siennes, une femme merveilleuse, une journaliste de grand talent, une amie pour beaucoup. [\u2026]<br \/>\n<\/span><\/p>\n<p style=\"margin-left: 28pt;\"><span style=\"color: #c00000; font-family: Arial;\">Pendant ces longs mois o\u00f9 elle a combattu la maladie, Cl\u00e9mentine a fait preuve d&rsquo;un courage incroyable, d&rsquo;une d\u00e9termination sans faille et d&rsquo;une immense joie de vivre.<br \/>\nSa force de caract\u00e8re et sa lucidit\u00e9, nous les avons tous entendues dans le podcast \u00ab\u00a0Ma vie face au cancer\u00a0\u00bb qu&rsquo;elle avait tenu \u00e0 faire pour raconter sa vie avec la maladie.<br \/>\n<\/span><\/p>\n<p style=\"margin-left: 28pt;\"><span style=\"color: #c00000; font-family: Arial;\">Dans ce podcast, [\u2026] Elle a apport\u00e9 beaucoup aux malades, \u00e0 leurs proches, aux soignants. Avec une telle justesse des mots et des \u00e9motions.<br \/>\n<\/span><\/p>\n<p style=\"margin-left: 28pt;\"><span style=\"color: #c00000; font-family: Arial;\">[\u2026] Jusqu&rsquo;au dernier moment, Cl\u00e9mentine a voulu profiter de ses \u00ab\u00a0moments dor\u00e9s\u00a0\u00bb : chaque plaisir, chaque bonheur qui passait \u00e0 sa port\u00e9e. \u00ab\u00a0<strong>La fin, elle est connue, nous disait-elle, il n&rsquo;y a pas trop de myst\u00e8re. Mais il y a tout ce qui va y mener et je n&rsquo;ai pas envie de g\u00e2cher ces moments. Aucun de ces moments.<\/strong>\u00a0\u00bb<br \/>\n<\/span><\/p>\n<p style=\"margin-left: 28pt;\"><span style=\"color: #c00000; font-family: Arial;\">Cl\u00e9mentine, c&rsquo;\u00e9tait un rire, un sourire, une voix.<br \/>\nEt cette voix, parce que c&rsquo;est ce qu&rsquo;elle a voulu, nous continuerons \u00e0 l&rsquo;entendre.\u00a0\u00bb<br \/>\n<\/span><\/p>\n<p><span style=\"color: #777777; font-family: Arial;\">Cette jeune femme qui a dit \u00ab\u00a0<span style=\"color: #c00000;\">Je ne suis pas une battante. En fait, je n&rsquo;ai juste pas le choix<span style=\"color: #777777;\"> \u00bb a donn\u00e9 une immense le\u00e7on\u00a0: elle a v\u00e9cu aussi intens\u00e9ment que possible les 18 mois de vie qui lui restait \u00e0 vivre apr\u00e8s son terrible diagnostic.<br \/>\n<\/span><\/span><\/span><\/p>\n<p><span style=\"color: #777777; font-family: Arial;\">L&rsquo;oncologue canadien <strong>Gabriel Sara<\/strong> qui avait jou\u00e9 son propre r\u00f4le dans ce merveilleux film \u00ab\u00a0<a href=\"https:\/\/lemotdujour.fr\/?p=12870\"><span style=\"color: #0000ff;\">De son vivant<\/span>\u00a0<\/a>\u00bb avait r\u00e9v\u00e9l\u00e9 cette trag\u00e9die dans la trag\u00e9die\u00a0: \u00ab\u00a0Mourir de son vivant\u00a0\u00bb, c&rsquo;est-\u00e0-dire ne pas vivre ce qui reste \u00e0 vivre\u00a0:<br \/>\n<\/span><\/p>\n<p style=\"margin-left: 28pt;\"><span style=\"color: #c00000;\"><span style=\"font-family: Arial;\">\u00ab\u00a0On peut mourir de son vivant. On le voit chez Benjamin. Au fur et \u00e0 mesure que son corps s&rsquo;affaiblit, son esprit devient paradoxalement plus puissant. Il prend le contr\u00f4le de sa vie, il r\u00e8gle son histoire avec son fils, il pardonne \u00e0 sa m\u00e8re, il transmet \u00e0 ses \u00e9l\u00e8ves tout ce qu&rsquo;il a de plus beau \u00e0 donner. Alors que son corps est foutu, lui vit plus intens\u00e9ment que jamais. Il n&rsquo;a jamais \u00e9t\u00e9 aussi en contr\u00f4le de sa vie. Et c&rsquo;est merveilleux. \u00bb<\/span><span style=\"font-family: Times New Roman;\"><br \/>\n<\/span><\/span><\/p>\n<p><span style=\"color: #777777;\"><span style=\"font-family: Arial;\">Et il parle de cette mission sacr\u00e9e qui doit \u00eatre celle des m\u00e9decins, de l&rsquo;\u00eatre humain malade et de sa famille\u00a0: <\/span><span style=\"font-family: Times New Roman;\"><br \/>\n<\/span><\/span><\/p>\n<p style=\"margin-left: 28pt;\"><span style=\"color: #c00000;\"><span style=\"font-family: Arial;\">\u00ab\u00a0Face \u00e0 un patient condamn\u00e9, ma mission sacr\u00e9e est de l&rsquo;accompagner pour que les ann\u00e9es, les mois et jusqu&rsquo;aux minutes qu&rsquo;il lui reste, soient de beaux instants de vie et pas d&rsquo;agonie. Quand mon patient meurt, je suis triste bien s\u00fbr, mais j&rsquo;ai le sentiment du devoir accompli. Pour un canc\u00e9rologue, c&rsquo;est une satisfaction \u00e9norme. \u00bb<\/span><span style=\"font-family: Times New Roman;\"><br \/>\n<\/span><\/span><\/p>\n<p><span style=\"color: #777777; font-family: Arial;\">Je crois que Cl\u00e9mentine Vergnaud a port\u00e9 haut cette mission sacr\u00e9e de vivre les \u00ab\u00a0<strong>18 mois de vie.<\/strong>\u00a0\u00bb qui lui restait.<br \/>\n<\/span><\/p>\n<p><span style=\"color: #777777; font-family: Arial;\">Comme souvent, ces derniers temps, je terminerai par un texte de <strong>Christian Bobin<\/strong> qui \u00e9crivait lors <a href=\"https:\/\/fr.inmemori.com\/deuil\/christian-bobin\"><span style=\"color: #0000ff;\">d&rsquo;un entretien avec le journal \u00ab\u00a0La Vie\u00a0\u00bb<\/span><\/a> en 2019\u00a0:<br \/>\n<\/span><\/p>\n<p style=\"margin-left: 28pt;\"><span style=\"color: #c00000; font-family: Arial;\">\u00ab\u00a0Ceux qui ont disparu m\u00ealent leur visage au n\u00f4tre.<br \/>\nNous sommes \u00e9troitement li\u00e9s, souterrainement, dans une m\u00e9tamorphose incessante.<br \/>\nC&rsquo;est pourquoi il est impossible de d\u00e9finir aussi bien la vie que la mort.<br \/>\nOn ne peut que parler d&rsquo;une sorte de flux qui sans arr\u00eat se transforme, s&rsquo;assombrit puis s&rsquo;\u00e9claire de fa\u00e7on toujours surprenante.<br \/>\nLa mort a beaucoup de vertus, notamment celle du r\u00e9veil.<br \/>\nElle nous ram\u00e8ne \u00e0 l&rsquo;essentiel, vers ce \u00e0 quoi nous tenons vraiment.\u00a0\u00bb<\/span><\/p>\n<p><span style=\"color: maroon; font-family: Arial;\">&lt;1783&gt;<\/span><\/p>\n","protected":false},"excerpt":{"rendered":"<p>\u00ab\u00a018 mois de vie.\u00a0\u00bb Cl\u00e9mentine Vergnaud C&rsquo;est le 15 juin 2022, que Cl\u00e9mentine Vergnaud a appris qu&rsquo;elle souffrait d&rsquo;un cancer des voies biliaires, rare, tr\u00e8s agressif : le cholangiocarcinome. Elle avait d\u00e9crit son combat, ses espoirs, sa peur et ses<\/p>\n","protected":false},"author":1,"featured_media":0,"comment_status":"open","ping_status":"closed","sticky":false,"template":"","format":"standard","meta":{"footnotes":""},"categories":[1],"tags":[29,153,6],"class_list":["post-15247","post","type-post","status-publish","format-standard","hentry","category-motdujour","tag-hommage","tag-mort","tag-philosophie"],"_links":{"self":[{"href":"https:\/\/lemotdujour.fr\/index.php?rest_route=\/wp\/v2\/posts\/15247","targetHints":{"allow":["GET"]}}],"collection":[{"href":"https:\/\/lemotdujour.fr\/index.php?rest_route=\/wp\/v2\/posts"}],"about":[{"href":"https:\/\/lemotdujour.fr\/index.php?rest_route=\/wp\/v2\/types\/post"}],"author":[{"embeddable":true,"href":"https:\/\/lemotdujour.fr\/index.php?rest_route=\/wp\/v2\/users\/1"}],"replies":[{"embeddable":true,"href":"https:\/\/lemotdujour.fr\/index.php?rest_route=%2Fwp%2Fv2%2Fcomments&post=15247"}],"version-history":[{"count":3,"href":"https:\/\/lemotdujour.fr\/index.php?rest_route=\/wp\/v2\/posts\/15247\/revisions"}],"predecessor-version":[{"id":15250,"href":"https:\/\/lemotdujour.fr\/index.php?rest_route=\/wp\/v2\/posts\/15247\/revisions\/15250"}],"wp:attachment":[{"href":"https:\/\/lemotdujour.fr\/index.php?rest_route=%2Fwp%2Fv2%2Fmedia&parent=15247"}],"wp:term":[{"taxonomy":"category","embeddable":true,"href":"https:\/\/lemotdujour.fr\/index.php?rest_route=%2Fwp%2Fv2%2Fcategories&post=15247"},{"taxonomy":"post_tag","embeddable":true,"href":"https:\/\/lemotdujour.fr\/index.php?rest_route=%2Fwp%2Fv2%2Ftags&post=15247"}],"curies":[{"name":"wp","href":"https:\/\/api.w.org\/{rel}","templated":true}]}}