{"id":1524,"date":"2015-11-25T01:00:00","date_gmt":"2015-11-24T22:00:00","guid":{"rendered":"http:\/\/lemotdujour.fr\/?p=1524"},"modified":"2017-05-08T13:41:31","modified_gmt":"2017-05-08T11:41:31","slug":"mercredi-25-novembre-2015","status":"publish","type":"post","link":"https:\/\/lemotdujour.fr\/?p=1524","title":{"rendered":"Mercredi 25 novembre 2015"},"content":{"rendered":"<div class=\"mdjDate\">Mercredi 25 novembre 2015<\/div>\n<div class=\"mdjTexte\">\u00abLa condescendance fran\u00e7aise n\u2019a pas de limites.\u00bb<\/div>\n<div class=\"mdjAuteur\">Francis Van de Woestyne, r\u00e9dacteur en chef du journal La Libre Belgique.<\/div>\n<div class=\"mdjComplements\">Les Belges re\u00e7oivent tr\u00e8s mal les critiques sans nuances des journaux et des politiques fran\u00e7ais. <\/div>\n<div class=\"mdjComplements\">Ces critiques sont d&rsquo;autant plus irrecevables parce qu&rsquo;elles viennent d&rsquo;un Etat et d&rsquo;un peuple qui est loin d&rsquo;\u00eatre irr\u00e9prochable.<\/div>\n<div class=\"mdjComplements\">Voici cet article : &lt;<a href=\"http:\/\/www.lalibre.be\/debats\/edito\/c-est-pas-moi-c-est-lui-le-jeu-dangereux-de-la-presse-francaise-565353fb3570ca6ff9201879\">C&rsquo;est pas moi, c&rsquo;est lui, le jeu dangereux de la presse fran\u00e7aise<\/a>&gt;<\/div>\n<div class=\"mdjCiter\"><strong>\u00ab<\/strong>La presse fran\u00e7aise, plus pr\u00e9cis\u00e9ment parisienne, se d\u00e9cha\u00eene ces derniers jours, sur la Belgique. \u00c0 lire les reportages et \u00e9ditoriaux, \u00e0 entendre les \u00e9missions matinales, notre pays serait devenu \u201cle berceau du terrorisme europ\u00e9en\u201d, \u201cune fabrique djihadiste\u201d, une \u201cNation sans \u00c9tat\u201d, \u201cun Belgikistan\u201d\u2026<\/div>\n<div class=\"mdjCiter\"><a href=\"http:\/\/www.lalibre.be\/actu\/belgique\/le-monde-la-belgique-a-perdu-de-vue-l-importance-de-ses-missions-regaliennes-565316513570ca6ff91ec4c3\">\u201cLe Monde\u201d<\/a>, une r\u00e9f\u00e9rence, d\u2019ordinaire nuanc\u00e9e dans ses analyses, fige la Belgique dans un portrait au vitriol. \u201c <em>Au c\u0153ur de l\u2019Europe, la sympathique Belgique est devenue une plaque tournante du djihadisme. Le pays\u201d<\/em>, \u00e9crit l\u2019\u00e9ditorialiste <em>\u201cdoit se ressaisir<\/em>\u201d. Pour mieux enfoncer ces voisins insouciants, l\u2019auteur rappelle : \u201c <em>Il aura fallu qu\u2019il connaisse la terrible affaire Dutroux, dans les ann\u00e9es 90, pour qu\u2019il r\u00e9forme enfin sa police et sa justice<\/em>\u201d.\u00a0 <\/div>\n<div class=\"mdjCiter\">Nous n\u2019avons \u00e9videmment pas attendu qu\u2019une partie de la r\u00e9daction du \u201cMonde\u201d d\u00e9barque \u00e0 Bruxelles pour d\u00e9noncer les failles des services belges dans la lutte contre le terrorisme (<a href=\"http:\/\/www.lalibre.be\/debats\/edito\/edito-un-defaut-de-surveillance-564cd0e23570ca6ff8fed0c0\">voir ici<\/a>), le laxisme coupable dont avait fait preuve l\u2019ancien bourgmestre de Molenbeek, Philippe Moureaux, le manque de coordination entre les pays europ\u00e9ens dans la traque aux djihadistes.\u00a0 <\/div>\n<div class=\"mdjCiter\">On ne peut \u00e9videmment nier que les attentats de Paris aient \u00e9t\u00e9 d\u00e9cid\u00e9s en Syrie, organis\u00e9s en Belgique et perp\u00e9tr\u00e9s en France. Mais l\u2019information a ses droits. Oui, il y avait des Belgo-Marocains, parmi les terroristes. Mais il y avait aussi des ressortissants fran\u00e7ais, vivant en Belgique. S\u2019il est exact que plusieurs auteurs d\u2019attentats sont pass\u00e9s par Bruxelles ou par Molenbeek, d\u2019autres n\u2019ont jamais quitt\u00e9 l\u2019Hexagone sauf pour aller \u201cse former\u201d en Syrie. Des djihadistes, dont Nemmouche, ont \u00e9t\u00e9 radicalis\u00e9s dans les prisons fran\u00e7aises. Et Dutroux ? Que vient-il faire l\u00e0-dedans ? Faut-il que l\u2019on reparle de l\u2019affaire d\u2019Outreau ? <\/div>\n<div class=\"mdjCiter\">La condescendance fran\u00e7aise n\u2019a pas de limites. \u201c <em>Loin d\u2019isoler la Belgique, il faut l\u2019aider \u00e0 se prot\u00e9ger et c\u2019est ce que font les services fran\u00e7ais<\/em>\u201d, \u00e9crit Le Monde. C\u2019est sans doute oublier un peu vite que ce sont les renseignements des services belges et marocains qui ont permis de localiser la planque d\u2019Abaaoud \u00e0 Saint-Denis. Tiens mais comment est-il parvenu \u00e0 quitter la Syrie pour revenir \u00e0 Paris, celui-l\u00e0 ? Il y a une explication : la France s\u2019oppose toujours fermement \u00e0 toute id\u00e9e de PNR europ\u00e9en \u2013 le fichier des donn\u00e9es des voyageurs a\u00e9riens \u2013 lui pr\u00e9f\u00e9rant un PNR national. Et elle continue \u00e0 refuser tout \u00e9change automatique d\u2019informations entre les PNR nationaux. Avec de telles r\u00e9ticences, la traque aux terroristes n\u2019est pas gagn\u00e9e. <\/div>\n<div class=\"mdjCiter\">Reconnaissons-le : cet exercice \u2013 c\u2019est pas moi, c\u2019est lui\u2026\u2013 a quelque chose d\u2019un peu minable. On en est bien conscient. Il y a eu des failles partout. Et il est un peu vain de vouloir sans cesse rejeter la responsabilit\u00e9 des attentats de Paris sur d\u2019autres pays amis. Ce petit jeu est d\u2019ailleurs bien ce que cherche Daech : diviser, diviser diviser. En accablant les Belges de tous les maux, certains commentateurs sont tomb\u00e9s dans le pi\u00e8ge tendu. <\/div>\n<div class=\"mdjCiter\">On le r\u00e9p\u00e8te. Il n\u2019est pas question ici de gommer certaines responsabilit\u00e9s et r\u00e9alit\u00e9s belges, les lourdeurs institutionnelles qui peuvent g\u00eaner des enqu\u00eates. Mais les critiques seraient plus faciles \u00e0 accepter si elles venaient d\u2019un \u00c9tat infaillible, un \u00c9tat qui serait un mod\u00e8le du vivre ensemble et de l\u2019int\u00e9gration. Si c\u2019\u00e9tait le cas, le FN, parti raciste, x\u00e9nophobe, anti-europ\u00e9en, ne serait pas le premier parti de France. Mais sans doute les responsables du FN ont-ils \u00e9t\u00e9 form\u00e9s en Belgique !<strong>\u00bb<\/strong><\/div>\n<div class=\"mdjComplements\">Si la discorde s&rsquo;installe entre nous, entre les pays europ\u00e9ens, les djihadistes auront grandement progress\u00e9 dans leurs objectifs.<\/div>\n<div class=\"mdjComplements\">Nous avons besoin d&rsquo;humilit\u00e9. C&rsquo;est un tr\u00e8s grand challenge pour nous autres fran\u00e7ais&#8230; <\/div>\n","protected":false},"excerpt":{"rendered":"<p>Mercredi 25 novembre 2015 \u00abLa condescendance fran\u00e7aise n\u2019a pas de limites.\u00bb Francis Van de Woestyne, r\u00e9dacteur en chef du journal La Libre Belgique. Les Belges re\u00e7oivent tr\u00e8s mal les critiques sans nuances des journaux et des politiques fran\u00e7ais. Ces critiques<\/p>\n","protected":false},"author":1,"featured_media":0,"comment_status":"closed","ping_status":"closed","sticky":false,"template":"","format":"standard","meta":{"footnotes":""},"categories":[1],"tags":[],"class_list":["post-1524","post","type-post","status-publish","format-standard","hentry","category-motdujour"],"_links":{"self":[{"href":"https:\/\/lemotdujour.fr\/index.php?rest_route=\/wp\/v2\/posts\/1524","targetHints":{"allow":["GET"]}}],"collection":[{"href":"https:\/\/lemotdujour.fr\/index.php?rest_route=\/wp\/v2\/posts"}],"about":[{"href":"https:\/\/lemotdujour.fr\/index.php?rest_route=\/wp\/v2\/types\/post"}],"author":[{"embeddable":true,"href":"https:\/\/lemotdujour.fr\/index.php?rest_route=\/wp\/v2\/users\/1"}],"replies":[{"embeddable":true,"href":"https:\/\/lemotdujour.fr\/index.php?rest_route=%2Fwp%2Fv2%2Fcomments&post=1524"}],"version-history":[{"count":1,"href":"https:\/\/lemotdujour.fr\/index.php?rest_route=\/wp\/v2\/posts\/1524\/revisions"}],"predecessor-version":[{"id":1525,"href":"https:\/\/lemotdujour.fr\/index.php?rest_route=\/wp\/v2\/posts\/1524\/revisions\/1525"}],"wp:attachment":[{"href":"https:\/\/lemotdujour.fr\/index.php?rest_route=%2Fwp%2Fv2%2Fmedia&parent=1524"}],"wp:term":[{"taxonomy":"category","embeddable":true,"href":"https:\/\/lemotdujour.fr\/index.php?rest_route=%2Fwp%2Fv2%2Fcategories&post=1524"},{"taxonomy":"post_tag","embeddable":true,"href":"https:\/\/lemotdujour.fr\/index.php?rest_route=%2Fwp%2Fv2%2Ftags&post=1524"}],"curies":[{"name":"wp","href":"https:\/\/api.w.org\/{rel}","templated":true}]}}