{"id":15228,"date":"2023-12-24T00:06:00","date_gmt":"2023-12-23T23:06:00","guid":{"rendered":"https:\/\/lemotdujour.fr\/?p=15228"},"modified":"2023-12-23T19:14:05","modified_gmt":"2023-12-23T18:14:05","slug":"dimanche-24-decembre-2023","status":"publish","type":"post","link":"https:\/\/lemotdujour.fr\/?p=15228","title":{"rendered":"Dimanche 24 d\u00e9cembre 2023"},"content":{"rendered":"<div class=\"mdjTexte\">\u00ab\u00a0\u00c9claire ce que tu aimes sans toucher \u00e0 son ombre.\u00a0\u00bb<\/div>\n<div class=\"mdjAuteur\">Christian Bobin, exergue de son livre \u00ab\u00a0\u00c9loge du rien\u00a0\u00bb<\/div>\n<p><span style=\"color: #777777; font-family: Arial;\">Dans les pays chr\u00e9tiens et m\u00eame au-del\u00e0 nous f\u00eatons No\u00ebl.<br \/>\n<\/span><\/p>\n<p><img decoding=\"async\" class=\"alignleft\" src=\"https:\/\/lemotdujour.fr\/wp-content\/uploads\/2023\/12\/122223_2106_Dimanche24d1.jpg\" alt=\"\" align=\"left\" \/><span style=\"color: #777777; font-family: Arial;\">C&rsquo;est-\u00e0-dire la nativit\u00e9 de J\u00e9sus, personnage central du Christianisme.<br \/>\n<\/span><\/p>\n<p><span style=\"color: #777777; font-family: Arial;\">Je fais partie, sur un r\u00e9seau social, d&rsquo;un groupe d&rsquo;amis de Christian Bobin. Une des participantes a accompagn\u00e9 l&rsquo;exergue de \u00ab l&rsquo;\u00e9loge du rien \u00bb : <strong>\u00ab\u00a0\u00c9claire ce que tu aimes sans toucher \u00e0 son ombre. \u00bb<\/strong> par une reproduction de ce magnifique tableau : <strong>Le nouveau-n\u00e9<\/strong>. <\/span><\/p>\n<p><span style=\"color: #777777; font-family: Arial;\">Wikip\u00e9dia explique : <\/span><span style=\"color: #777777; font-family: Arial;\">C&rsquo;est un tableau du peintre lorrain <strong>Georges de La Tour,<\/strong> peint vers 1648, et conserv\u00e9 au mus\u00e9e des beaux-arts de Rennes. Cette huile sur toile repr\u00e9sente une Nativit\u00e9 : la Vierge Marie tient l&rsquo;Enfant J\u00e9sus emmaillot\u00e9, en compagnie de sainte Anne qui \u00e9claire la sc\u00e8ne \u00e0 la bougie.<br \/>\n<\/span><\/p>\n<p><span style=\"color: #777777; font-family: Arial;\">\u00ab Chef-d&rsquo;\u0153uvre d&rsquo;entre les chefs-d&rsquo;\u0153uvre \u00bb de Georges de La Tour, la toile est un sommet du clair-obscur, et tire \u00e9galement sa popularit\u00e9 du fait que les signes religieux s&rsquo;effacent pour donner \u00e0 la sc\u00e8ne une port\u00e9e universelle : celle de la c\u00e9l\u00e9bration du myst\u00e8re de la naissance d&rsquo;un enfant. No\u00ebl est la f\u00eate de la nativit\u00e9. <\/span><\/p>\n<p><span style=\"color: #777777; font-family: Arial;\">Car il est vrai que si No\u00ebl est une f\u00eate religieuse, aujourd&rsquo;hui il s&rsquo;agit aussi d&rsquo;un monument de la culture occidentale qui est une f\u00eate des enfants, une f\u00eate familiale dans laquelle le fondement religieux s&rsquo;est estomp\u00e9.<br \/>\n<\/span><\/p>\n<p><span style=\"color: #777777; font-family: Arial;\">J&rsquo;ai d\u00e9j\u00e0 consacr\u00e9 plusieurs mots du jour \u00e0 No\u00ebl.<br \/>\n<\/span><\/p>\n<p><span style=\"color: #777777; font-family: Arial;\">En d\u00e9cembre 2013\u00a0: \u00ab\u00a0<a href=\"https:\/\/lemotdujour.fr\/?p=546\"><span style=\"color: #000080;\"><span style=\"color: #0000ff;\">Le cadeau de No\u00ebl. Histoire d&rsquo;une invention.<\/span><\/span><\/a><span style=\"color: #0000ff;\">\u00a0<\/span>\u00bb<br \/>\n<\/span><\/p>\n<p><span style=\"color: #777777; font-family: Arial;\">Et ce m\u00eame mois, <a href=\"https:\/\/lemotdujour.fr\/?p=548\"><span style=\"color: blue; text-decoration: underline;\">lundi 30 d\u00e9cembre 2013<\/span><\/a><span style=\"color: blue;\"><span style=\"text-decoration: underline;\">,<\/span><span style=\"color: #777777;\"> je parlais de la pers\u00e9cution des chr\u00e9tiens dans le monde\u00a0: \u00ab\u00a0<strong>Comme se fait-il qu&rsquo;en Occident s\u00e9cularis\u00e9, r\u00e8gne \u00ab\u00a0le silence de No\u00ebl sur les chr\u00e9tiens pers\u00e9cut\u00e9s ?\u00a0\u00bb.<br \/>\n<\/strong><\/span><\/span><\/span><\/p>\n<p><span style=\"color: #777777; font-family: Arial;\">Dans diff\u00e9rents mots du jour j&rsquo;ai expliqu\u00e9 ma r\u00e9ticence devant les religions monoth\u00e9istes, en insistant toujours sur le d\u00e9sir de spiritualit\u00e9 des femmes et des hommes que je distinguais de la religion en reprenant ce propos percutant de R\u00e9gis Debray : \u00ab La spiritualit\u00e9 pr\u00e9pare \u00e0 la mort, la religion pr\u00e9pare les obs\u00e8ques. \u00bb<br \/>\n<\/span><\/p>\n<p><span style=\"color: #777777; font-family: Arial;\">Notre culture, notre calendrier, nos f\u00eates, No\u00ebl, restent ancr\u00e9s dans notre h\u00e9ritage chr\u00e9tien<br \/>\n<\/span><\/p>\n<p><span style=\"color: #777777; font-family: Arial;\">Mais nous sommes devenus indiff\u00e9rents \u00e0 celles et ceux qui partagent cet h\u00e9ritage.<br \/>\n<\/span><\/p>\n<p><span style=\"color: #777777; font-family: Arial;\"><strong>\u00ab\u00a0Plus de 360 millions de chr\u00e9tiens ont \u00e9t\u00e9 \u00ab\u00a0fortement pers\u00e9cut\u00e9s et discrimin\u00e9s\u00a0\u00bb en raison de leur foi dans le monde en 2022, selon un rapport de l&rsquo;ONG Portes ouvertes\u00a0\u00bb<br \/>\n<\/strong><\/span><\/p>\n<p><span style=\"color: #777777; font-family: Arial;\">C&rsquo;est ce que nous pouvons lire sur le site de &lt;<span style=\"color: #0000ff;\"><a style=\"color: #0000ff;\" href=\"https:\/\/www.francetvinfo.fr\/societe\/religion\/religion-plus-de-360-millions-de-chretiens-persecutes-dans-le-monde-selon-une-ong_5609444.html\">France Info<\/a><\/span>&gt;<br \/>\n<\/span><\/p>\n<p><span style=\"color: #777777; font-family: Arial;\">En 2016, j&rsquo;essayais simplement parler de la f\u00eate de \u00ab\u00a0<span style=\"color: #0000ff;\"><a style=\"color: #0000ff;\" href=\"https:\/\/lemotdujour.fr\/?p=375\">No\u00ebl<\/a><\/span>\u00a0\u00bb m&rsquo;interrogeant s&rsquo;il ne s&rsquo;agissait pas d&rsquo;une f\u00eate pa\u00efenne c\u00e9l\u00e9brant le solstice d&rsquo;hiver.<br \/>\n<\/span><\/p>\n<p><span style=\"color: #777777; font-family: Arial;\">Et enfin, j&rsquo;ai encore parl\u00e9 de No\u00ebl, en donnant, fin 2019, &lt;<a href=\"https:\/\/lemotdujour.fr\/?page_id=12969\"><span style=\"color: #0000ff;\">les recettes des g\u00e2teaux de No\u00ebl alsaciens<\/span><\/a>&gt;.<br \/>\n<\/span><\/p>\n<p><span style=\"color: #777777; font-family: Arial;\">Pourquoi reparler de No\u00ebl, cette ann\u00e9e ?<br \/>\n<\/span><\/p>\n<p><span style=\"color: #777777; font-family: Arial;\">Parce que j&rsquo;ai \u00e9t\u00e9 interpell\u00e9 par cette publication de C\u00e9line Pina\u00a0:<br \/>\n<\/span><\/p>\n<p><img decoding=\"async\" src=\"https:\/\/lemotdujour.fr\/wp-content\/uploads\/2023\/12\/122223_2106_Dimanche24d2.png\" alt=\"\" \/><span style=\"color: #777777; font-family: Arial;\"><br \/>\n<\/span><\/p>\n<p><span style=\"color: #777777; font-family: Arial;\">D&rsquo;abord j&rsquo;ai voulu v\u00e9rifier, beaucoup de sources donnent la m\u00eame information\u00a0:<br \/>\n<\/span><\/p>\n<p><span style=\"color: #777777; font-family: Arial;\">Air France demande \u00e0 son personnel dans un mail interne, d&#8217;employer le terme \u00ab <span style=\"color: #c00000;\">Joyeuses f\u00eates <span style=\"color: #777777;\">\u00bb et non \u00ab <span style=\"color: #c00000;\">Joyeux No\u00ebl<span style=\"color: #777777;\"> \u00bb. L&rsquo;entreprise justifie ce choix :<br \/>\n<\/span><\/span><\/span><\/span><\/span><\/p>\n<p style=\"margin-left: 28pt;\"><span style=\"color: #c00000; font-family: Arial;\">\u00ab La marque Air France ne doit pas \u00eatre associ\u00e9e \u00e0 des f\u00eates religieuses, nous ne faisons pas r\u00e9f\u00e9rence \u00e0 No\u00ebl. \u00bb<br \/>\n<\/span><\/p>\n<p><span style=\"color: #777777; font-family: Arial;\">Et gr\u00e2ce \u00e0 ce site, j&rsquo;ai appris que <a href=\"https:\/\/lesalonbeige.fr\/audi-et-air-france-interdisent-a-leurs-employes-de-souhaiter-un-joyeux-noel\/?utm_source=rss&amp;utm_medium=rss&amp;utm_campaign=audi-et-air-france-interdisent-a-leurs-employes-de-souhaiter-un-joyeux-noel\"><span style=\"color: #0000ff;\">Audi<\/span><\/a> suivait la m\u00eame politique.<br \/>\n<\/span><\/p>\n<p><span style=\"color: #777777; font-family: Arial;\">Nous constatons qu&rsquo;il faut attendre la compagnie d&rsquo;un pays d&rsquo;Islam assum\u00e9 pour pouvoir encore entendre le souhait \u00ab Joyeux No\u00ebl \u00bb ou \u00ab Merry Christmas \u00bb dans un avion !<br \/>\n<\/span><\/p>\n<p><span style=\"color: #777777; font-family: Arial;\">Si des personnes bien pensantes continuent \u00e0 dire que le wokisme n&rsquo;a pas atteint la France, je me demande comment ce comportement d&rsquo;une entreprise occidentale et franco-n\u00e9erlandaise peut \u00eatre qualifi\u00e9 ?\u00a0 Je comprends que cette entreprise mondialis\u00e9e ne veut plus assumer son occidentalit\u00e9. No\u00ebl n&rsquo;est pas que religieux, il est aussi un \u00e9l\u00e9ment incontournable de la culture occidentale.<br \/>\n<\/span><\/p>\n<p><span style=\"color: #777777; font-family: Arial;\">Nous avons un probl\u00e8me d&rsquo;int\u00e9gration massif, avant d&rsquo;avoir des probl\u00e8mes d&rsquo;immigration.<br \/>\n<\/span><\/p>\n<p><span style=\"color: #777777; font-family: Arial;\">Dans certaines \u00e9lites, tout ce qui est occidental est suspect, ou m\u00eame doit \u00eatre rejet\u00e9.<br \/>\n<\/span><\/p>\n<p><span style=\"color: #777777; font-family: Arial;\">Certes l&rsquo;Occident a \u00e9t\u00e9 coupable de crimes, d&rsquo;avoir trahi des valeurs qu&rsquo;il proclamait haut et fort.<br \/>\n<\/span><\/p>\n<p><span style=\"color: #777777; font-family: Arial;\">Mais il n&rsquo;est pas le seul.<br \/>\n<\/span><\/p>\n<p><span style=\"color: #777777; font-family: Arial;\">L&rsquo;esclavage ne fut pas le <a href=\"https:\/\/www.lemonde.fr\/afrique\/article\/2016\/08\/26\/traite-negriere-occidentale-et-arabe-l-indignation-selective-de-l-afrique_4988511_3212.html\"><span style=\"color: #0000ff;\">crime des seuls occidentaux<\/span><\/a>, et m\u00eame si on fait un calcul morbide, l&rsquo;esclavage fut plus d\u00e9velopp\u00e9 chez les musulmans. Et si on parle de la colonisation du monde par l&rsquo;Occident qui fut un racisme et une exploitation \u00e9conomique, il fut pr\u00e9c\u00e9d\u00e9 par la colonisation Arabe qui imposa par la force de ses arm\u00e9es son organisation et sa religion \u00e0 un empire colonial immense.<br \/>\n<\/span><\/p>\n<p><span style=\"color: #777777; font-family: Arial;\">Pour le reste la Russie, le Japon, les Ottomans et les Turcs, les pays arabes, la Chine et l&rsquo;Inde n&rsquo;ont rien \u00e0 envier \u00e0 l&rsquo;Occident concernant la cruaut\u00e9, les exactions, les discriminations et les in\u00e9galit\u00e9s.<br \/>\n<\/span><\/p>\n<p><span style=\"color: #777777; font-family: Arial;\">Moi je crois qu&rsquo;on ne peut pas aimer quelqu&rsquo;un, si on ne s&rsquo;aime pas soi-m\u00eame.<br \/>\n<\/span><\/p>\n<p><span style=\"color: #777777; font-family: Arial;\">Je ne crois pas que nous soyons en mesure d&rsquo;int\u00e9grer d&rsquo;autres cultures si nous ne sommes pas un peu fier de la n\u00f4tre et de ce que nous sommes.<br \/>\n<\/span><\/p>\n<p><span style=\"color: #777777; font-family: Arial;\">Et m\u00eame si J\u00e9sus n&rsquo;avait jamais exist\u00e9 comme le pr\u00e9tend <strong>Michel Onfray<\/strong> dans son dernier ouvrage et si pour ma part je ne professe plus de croyance chr\u00e9tienne, je pense sage et convivial de souhaiter \u00ab un Joyeux No\u00ebl \u00bb \u00e0 nos semblables.<br \/>\n<\/span><\/p>\n<p><span style=\"color: #777777; font-family: Arial;\">Je trouve que la phrase de Christian Bobin est particuli\u00e8rement appropri\u00e9e\u00a0:<br \/>\n<\/span><\/p>\n<p><span style=\"color: #777777; font-family: Arial;\">\u00ab\u00a0<strong>\u00c9claire ce que tu aimes sans toucher \u00e0 son ombre.<\/strong>\u00a0\u00bb.<br \/>\n<\/span><\/p>\n<p><span style=\"color: #777777; font-family: Arial;\">Cette phrase est l&rsquo;exergue d&rsquo;un tout petit ouvrage de 23 pages, \u00ab <strong>L&rsquo;\u00c9loge du rien<\/strong>\u00a0\u00bb<br \/>\n<\/span><\/p>\n<p><span style=\"color: #777777; font-family: Arial;\">Ce livre de 1990 est une r\u00e9ponse \u00e0 une lettre qu&rsquo;il avait re\u00e7ue et qui lui demandait un texte pour une revue. Texte qui tenterait de r\u00e9pondre \u00e0 cette question : <strong>Qu&rsquo;est ce qui donne du sens \u00e0 votre vie ?<\/strong><br \/>\n<\/span><\/p>\n<p><span style=\"color: #777777; font-family: Arial;\">Et apr\u00e8s quelques variations sur la difficult\u00e9 de r\u00e9pondre, <strong>Christian Bobin<\/strong> \u00e9crivit cela\u00a0:<br \/>\n<\/span><\/p>\n<p style=\"margin-left: 28pt;\"><span style=\"color: #c00000; font-family: Arial;\">\u00ab Un mot me g\u00eane dans votre lettre. Ce mot de \u00ab\u00a0sens\u00a0\u00bb.<br \/>\nPermettez-moi de l&rsquo;effacer.<br \/>\nVoyez ce que devient votre question, comme elle a belle allure, \u00e0 pr\u00e9sent.<br \/>\nA\u00e9rienne, filante : \u00ab <strong>Qu&rsquo;est-ce qui vous donne votre vie ?<\/strong> \u00bb.<br \/>\nLa r\u00e9ponse cette fois ci est ais\u00e9e : <strong>Tout.<\/strong><br \/>\nTout ce qui n&rsquo;est pas moi et qui m&rsquo;\u00e9claire.<br \/>\nTout ce que j&rsquo;ignore et que j&rsquo;attends.<br \/>\nL&rsquo;attente est une fleur simple. Elle pousse au bord du temps.<br \/>\nC&rsquo;est une fleur pauvre qui gu\u00e9rit tous les maux.<br \/>\nLe temps d&rsquo;attendre est un temps de d\u00e9livrance.<br \/>\nCette d\u00e9livrance op\u00e8re en nous \u00e0 notre insu.<br \/>\nElle ne nous demande rien que de la laisser faire, le temps qu&rsquo;il faut, les nuits qu&rsquo;elle doit.<br \/>\nSans doute l&rsquo;avez-vous remarqu\u00e9 : notre attente &#8211; d&rsquo;un amour, d&rsquo;un printemps, d&rsquo;un repos &#8211; est toujours combl\u00e9e par surprise.<br \/>\nComme si ce que nous esp\u00e9rions \u00e9tait toujours inesp\u00e9r\u00e9.<br \/>\nComme si la vraie formule d&rsquo;attendre \u00e9tait celle-ci : <strong>ne rien pr\u00e9voir &#8211; sinon l&rsquo;impr\u00e9visible. Ne rien attendre &#8211; sinon l&rsquo;inattendu<\/strong>.<br \/>\n<img loading=\"lazy\" decoding=\"async\" class=\"alignright\" src=\"https:\/\/lemotdujour.fr\/wp-content\/uploads\/2023\/12\/122223_2106_Dimanche24d3.jpg\" alt=\"\" width=\"414\" height=\"552\" align=\"left\" \/>Ce savoir me vient de loin. Ce savoir qui n&rsquo;est pas un savoir, mais une confiance, un murmure, une chanson.<br \/>\n<\/span><\/p>\n<p style=\"margin-left: 28pt;\"><span style=\"color: #c00000; font-family: Arial;\">Il vient du seul ma\u00eetre que je n&rsquo;aie jamais eu : un arbre.<br \/>\nTous les arbres dans le soir fr\u00e9missant.<br \/>\nIls m&rsquo;instruisent par leur mani\u00e8re d&rsquo;accueillir chaque instant comme une bonne fortune. L&rsquo;amertume d&rsquo;une pluie, la d\u00e9mence d&rsquo;un soleil : tout leur est nourriture. Ils n&rsquo;ont souci de rien, et surtout pas d&rsquo;un sens. Ils attendent d&rsquo;une attente radieuse et trembl\u00e9e.<br \/>\nInfinie.<br \/>\nLe monde entier repose sur eux.<br \/>\nLe monde entier repose sur nous.<br \/>\nIl d\u00e9pend de nous qu&rsquo;il s&rsquo;\u00e9teigne, qu&rsquo;il s&rsquo;enflamme.<br \/>\nIl d\u00e9pend d&rsquo;un grain de silence, d&rsquo;une poussi\u00e8re d&rsquo;or \u2014 de la ferveur de notre attente.<br \/>\nUn arbre \u00e9blouissant de vert.<br \/>\nUn visage inond\u00e9\u00a0de\u00a0lumi\u00e8re.\u00a0\u00bb<br \/>\n<\/span><\/p>\n<p><span style=\"color: #777777; font-family: Arial;\">\u00ab\u00a0<strong>\u00c9claire ce que tu aimes sans toucher \u00e0 son ombre.<\/strong>\u00a0\u00bb<br \/>\n<\/span><\/p>\n<p><span style=\"color: #777777; font-family: Arial;\">Joyeux No\u00ebl\u00a0!<br \/>\n<\/span><\/p>\n<p><span style=\"color: maroon; font-family: Arial;\">&lt;1782&gt;<span style=\"color: #777777;\"><br \/>\n<\/span><\/span><\/p>\n","protected":false},"excerpt":{"rendered":"<p>\u00ab\u00a0\u00c9claire ce que tu aimes sans toucher \u00e0 son ombre.\u00a0\u00bb Christian Bobin, exergue de son livre \u00ab\u00a0\u00c9loge du rien\u00a0\u00bb Dans les pays chr\u00e9tiens et m\u00eame au-del\u00e0 nous f\u00eatons No\u00ebl. C&rsquo;est-\u00e0-dire la nativit\u00e9 de J\u00e9sus, personnage central du Christianisme. Je fais<\/p>\n","protected":false},"author":1,"featured_media":0,"comment_status":"open","ping_status":"closed","sticky":false,"template":"","format":"standard","meta":{"footnotes":""},"categories":[1],"tags":[240,189,34,241],"class_list":["post-15228","post","type-post","status-publish","format-standard","hentry","category-motdujour","tag-noel","tag-occident","tag-religion","tag-wokisme"],"_links":{"self":[{"href":"https:\/\/lemotdujour.fr\/index.php?rest_route=\/wp\/v2\/posts\/15228","targetHints":{"allow":["GET"]}}],"collection":[{"href":"https:\/\/lemotdujour.fr\/index.php?rest_route=\/wp\/v2\/posts"}],"about":[{"href":"https:\/\/lemotdujour.fr\/index.php?rest_route=\/wp\/v2\/types\/post"}],"author":[{"embeddable":true,"href":"https:\/\/lemotdujour.fr\/index.php?rest_route=\/wp\/v2\/users\/1"}],"replies":[{"embeddable":true,"href":"https:\/\/lemotdujour.fr\/index.php?rest_route=%2Fwp%2Fv2%2Fcomments&post=15228"}],"version-history":[{"count":12,"href":"https:\/\/lemotdujour.fr\/index.php?rest_route=\/wp\/v2\/posts\/15228\/revisions"}],"predecessor-version":[{"id":15244,"href":"https:\/\/lemotdujour.fr\/index.php?rest_route=\/wp\/v2\/posts\/15228\/revisions\/15244"}],"wp:attachment":[{"href":"https:\/\/lemotdujour.fr\/index.php?rest_route=%2Fwp%2Fv2%2Fmedia&parent=15228"}],"wp:term":[{"taxonomy":"category","embeddable":true,"href":"https:\/\/lemotdujour.fr\/index.php?rest_route=%2Fwp%2Fv2%2Fcategories&post=15228"},{"taxonomy":"post_tag","embeddable":true,"href":"https:\/\/lemotdujour.fr\/index.php?rest_route=%2Fwp%2Fv2%2Ftags&post=15228"}],"curies":[{"name":"wp","href":"https:\/\/api.w.org\/{rel}","templated":true}]}}