{"id":1522,"date":"2015-11-24T01:00:00","date_gmt":"2015-11-23T22:00:00","guid":{"rendered":"http:\/\/lemotdujour.fr\/?p=1522"},"modified":"2017-05-08T13:41:28","modified_gmt":"2017-05-08T11:41:28","slug":"mardi-24-novembre-2015","status":"publish","type":"post","link":"https:\/\/lemotdujour.fr\/?p=1522","title":{"rendered":"Mardi 24 novembre 2015"},"content":{"rendered":"<div class=\"mdjDate\">Mardi 24 novembre 2015<\/div>\n<div class=\"mdjTexte\">\u00abOn n&rsquo;a pas besoin de lois, il faut des moyens\u00bb<\/div>\n<div class=\"mdjAuteur\">Marc Tr\u00e9vidic.<\/div>\n<div class=\"mdjComplements\">Beaucoup d&rsquo;experts s&rsquo;expriment sur les m\u00e9dias.<\/div>\n<div class=\"mdjComplements\">Souvent, il est l\u00e9gitime de se poser la question : mais sur quelles sciences, activit\u00e9s ou travaux fondent-ils leur label d&rsquo;expertise ?<\/div>\n<div class=\"mdjComplements\">Marc Tr\u00e9vidic, le juge anti-terroriste de Paris \u00e0 qui la charge a \u00e9t\u00e9 retir\u00e9e il y a quelques mois <a href=\"http:\/\/www.liberation.fr\/video\/2015\/07\/03\/trevidic-quitte-ses-fonctions-le-coeur-un-peu-lourd-apres-une-aventure-fantastique_1342333\">par l&rsquo;application stricte de r\u00e8gles qui n&rsquo;existent probablement qu&rsquo;en France <\/a>est fond\u00e9 \u00e0 se d\u00e9clarer expert.<\/div>\n<div class=\"mdjComplements\">Que dit-il ?<\/div>\n<div class=\"mdjComplements\"><a href=\"http:\/\/www.dailymotion.com\/video\/x3dwdal\">&lt;Que nous n&rsquo;avons pas besoin de nouvelles lois, comme le pr\u00e9conise l\u2019ex\u00e9cutif mais de plus de moyens&gt;<\/a><\/div>\n<div class=\"mdjComplements\">Actuellement, la justice est engorg\u00e9e, les forces de renseignement n&rsquo;ont pas les moyens de suivre l&rsquo;ensemble des personnes fich\u00e9es.<\/div>\n<div class=\"mdjComplements\">Le 30 septembre dans <a href=\"http:\/\/www.parismatch.com\/Actu\/Societe\/La-France-est-l-ennemi-numero-un-de-l-Etat-islamique-837513\">une interview \u00e0 Paris Match<\/a>, sa r\u00e9ponse \u00e0 la premi\u00e8re question, sur le niveau de risque que courent les Fran\u00e7ais, fut la suivante : <\/div>\n<div class=\"mdjCiter\"><strong>\u00ab<\/strong>La menace est \u00e0 un niveau maximal, jamais atteint jusqu&rsquo;alors. D&rsquo;abord, nous sommes devenus pour l&rsquo;Etat islamique l&rsquo;ennemi num\u00e9ro un. La France est la cible principale d&rsquo;une arm\u00e9e de terroristes aux moyens illimit\u00e9s. Ensuite, il est clair que nous sommes particuli\u00e8rement vuln\u00e9rables du fait de notre position g\u00e9ographique, de la facilit\u00e9 d&rsquo;entrer sur notre territoire pour tous les djihadistes d&rsquo;origine europ\u00e9enne, \u00acFran\u00e7ais ou non, et du fait de la volont\u00e9 clairement et sans cesse exprim\u00e9e par les hommes de l&rsquo;EI de nous frapper. Et puis, il faut le dire : devant l&rsquo;ampleur de la menace et la diversit\u00e9 des formes qu&rsquo;elle peut prendre, notre dispositif de lutte antiterroriste est devenu perm\u00e9able, faillible, et n&rsquo;a plus l&rsquo;efficacit\u00e9 qu&rsquo;il avait auparavant. Enfin, j&rsquo;ai acquis la conviction que les hommes de Daech ont l&rsquo;ambition et les moyens de nous atteindre beaucoup plus durement en organisant des actions d&rsquo;ampleur, incomparables \u00e0 celles men\u00e9es jusqu&rsquo;ici. Je le dis en tant que technicien : les jours les plus sombres sont devant nous. La vraie guerre que l&rsquo;EI entend porter sur notre sol n&rsquo;a pas encore commenc\u00e9.<strong>\u00bb<\/strong><\/div>\n<div class=\"mdjComplements\">Et apr\u00e8s les attentats du 13, il a r\u00e9pondu \u00e0<a href=\"http:\/\/tempsreel.nouvelobs.com\/attentats-terroristes-a-paris\/20151115.OBS9552\/marc-trevidic-il-y-a-autant-d-individus-a-surveiller-que-d-agents-de-la-dgsi.html\"> l&rsquo;Obs <\/a>: <\/div>\n<div class=\"mdjCiter\"><strong>\u00ab<\/strong>Le nombre de personnes sous surveillance est devenu probl\u00e9matique. Il existe autant d&rsquo;individus \u00e0 surveiller que d&rsquo;agents de la Direction g\u00e9n\u00e9rale de la s\u00e9curit\u00e9 Int\u00e9rieure (DGSI), il faut se rendre compte de cela ! Nous sommes en face d&rsquo;un sous-dimensionnement \u00e9vident, probl\u00e9matique. [&#8230;] L&rsquo;Etat islamique peut aujourd&rsquo;hui recruter \u00e0 foison. Les effectifs de jeunes gens pr\u00eats \u00e0 passer \u00e0 l&rsquo;action peuvent lui sembler in\u00e9puisables. Il peut facilement embaucher et commander des actions, sans souci de perdre des hommes. Les terroristes ont d&rsquo;ailleurs agi \u00e0 visage d\u00e9couvert, signe qu&rsquo;ils \u00e9taient pr\u00eats \u00e0 se sacrifier. L&rsquo;Etat islamique est dans une position de force incroyable, \u00e0 la t\u00eate d&rsquo;une arm\u00e9e qui para\u00eet illimit\u00e9e. [&#8230;] On est tellement sous-dimensionn\u00e9 par rapport \u00e0 la menace qu&rsquo;il faut doubler les effectifs dans les directions de renseignement et les services judiciaires. Il faut comprendre cet enjeu. Les moyens ont \u00e9t\u00e9 renforc\u00e9s apr\u00e8s les attentats de \u00ab\u00a0Charlie Hebdo\u00a0\u00bb, il faut poursuivre cet effort. Les jours les plus durs, les plus sombres, risquent d&rsquo;\u00eatre devant nous.<strong>\u00bb<\/strong><\/div>\n<div class=\"mdjComplements\">A la fin des fins, il faut des serviteurs de l&rsquo;Etat qui sont en France des fonctionnaires.<\/div>\n<div class=\"mdjComplements\">Rien n&#8217;emp\u00eacherait \u00e0 travers des r\u00e9formes de fond de rendre l&rsquo;Etat plus efficace et dans certains domaines d&rsquo;avoir besoin de moins de personnels.<\/div>\n<div class=\"mdjComplements\">Mais dans d&rsquo;autres il faut des femmes et des hommes.<\/div>\n<div class=\"mdjComplements\">Par exemple il faut aussi des douaniers pour garder les fronti\u00e8res. Dans mon esprit, il s&rsquo;agit des fronti\u00e8res ext\u00e9rieures de l&rsquo;Union. Bien entendu, si les fronti\u00e8res ext\u00e9rieures ne jouent pas leur r\u00f4le, il sera n\u00e9cessaire de garder les fronti\u00e8res nationales.<\/div>\n<div class=\"mdjComplements\">Pour arriver \u00e0 cet \u00e9quilibre, il faut des hommes d&rsquo;Etat qui ont une vision de temps long, de strat\u00e9gie permettant de faire face aux d\u00e9fis.<\/div>\n<div class=\"mdjComplements\">Le rabot, les \u00e9conomies d&rsquo;\u00e9piciers sont le fait de gouvernants qui ont une ligne d&rsquo;horizon dramatiquement proche : les prochaines \u00e9ch\u00e9ances \u00e9lectorales.<\/div>\n<div class=\"mdjComplements\">Et puis cette r\u00e9action pavlovienne qui chaque fois qu&rsquo;un \u00e9v\u00e8nement surgit de se sentir oblig\u00e9 de faire de nouvelles lois est absolument contreproductive : \u00ab\u00a0<em>Les lois inutiles affaiblissent les lois n\u00e9cessaires<\/em>\u00a0\u00bb, <a href=\"http:\/\/www.agoravox.fr\/actualites\/politique\/article\/mais-ou-est-donc-l-esprit-des-lois-13255\">Montesquieu (De l\u2019esprit des lois).<\/a><\/div>\n<div class=\"mdjComplements\">Marc Tr\u00e9vidic a aussi \u00e9t\u00e9 invit\u00e9 hier par France Inter :<a href=\"http:\/\/www.franceinter.fr\/emission-le-79-marc-trevidic-la-plupart-des-attentats-on-ne-les-a-pas-dejoues-on-a-eu-un-coup-de-cha\">http:\/\/www.franceinter.fr\/emission-le-79-marc-trevidic-la-plupart-des-attentats-on-ne-les-a-pas-dejoues-on-a-eu-un-coup-de-cha<\/a><\/div>\n","protected":false},"excerpt":{"rendered":"<p>Mardi 24 novembre 2015 \u00abOn n&rsquo;a pas besoin de lois, il faut des moyens\u00bb Marc Tr\u00e9vidic. Beaucoup d&rsquo;experts s&rsquo;expriment sur les m\u00e9dias. Souvent, il est l\u00e9gitime de se poser la question : mais sur quelles sciences, activit\u00e9s ou travaux fondent-ils<\/p>\n","protected":false},"author":1,"featured_media":0,"comment_status":"closed","ping_status":"closed","sticky":false,"template":"","format":"standard","meta":{"footnotes":""},"categories":[1],"tags":[],"class_list":["post-1522","post","type-post","status-publish","format-standard","hentry","category-motdujour"],"_links":{"self":[{"href":"https:\/\/lemotdujour.fr\/index.php?rest_route=\/wp\/v2\/posts\/1522","targetHints":{"allow":["GET"]}}],"collection":[{"href":"https:\/\/lemotdujour.fr\/index.php?rest_route=\/wp\/v2\/posts"}],"about":[{"href":"https:\/\/lemotdujour.fr\/index.php?rest_route=\/wp\/v2\/types\/post"}],"author":[{"embeddable":true,"href":"https:\/\/lemotdujour.fr\/index.php?rest_route=\/wp\/v2\/users\/1"}],"replies":[{"embeddable":true,"href":"https:\/\/lemotdujour.fr\/index.php?rest_route=%2Fwp%2Fv2%2Fcomments&post=1522"}],"version-history":[{"count":1,"href":"https:\/\/lemotdujour.fr\/index.php?rest_route=\/wp\/v2\/posts\/1522\/revisions"}],"predecessor-version":[{"id":1523,"href":"https:\/\/lemotdujour.fr\/index.php?rest_route=\/wp\/v2\/posts\/1522\/revisions\/1523"}],"wp:attachment":[{"href":"https:\/\/lemotdujour.fr\/index.php?rest_route=%2Fwp%2Fv2%2Fmedia&parent=1522"}],"wp:term":[{"taxonomy":"category","embeddable":true,"href":"https:\/\/lemotdujour.fr\/index.php?rest_route=%2Fwp%2Fv2%2Fcategories&post=1522"},{"taxonomy":"post_tag","embeddable":true,"href":"https:\/\/lemotdujour.fr\/index.php?rest_route=%2Fwp%2Fv2%2Ftags&post=1522"}],"curies":[{"name":"wp","href":"https:\/\/api.w.org\/{rel}","templated":true}]}}