{"id":15200,"date":"2023-12-15T00:20:00","date_gmt":"2023-12-14T23:20:00","guid":{"rendered":"https:\/\/lemotdujour.fr\/?p=15200"},"modified":"2023-12-14T16:41:09","modified_gmt":"2023-12-14T15:41:09","slug":"vendredi-15-decembre-2023","status":"publish","type":"post","link":"https:\/\/lemotdujour.fr\/?p=15200","title":{"rendered":"Vendredi 15 d\u00e9cembre 2023"},"content":{"rendered":"<div class=\"mdjTexte\">\u00ab\u00a0Si on laisse monter l&rsquo;intol\u00e9rance, elle fait na\u00eetre de l&rsquo;intol\u00e9rance en face.\u00a0\u00bb<\/div>\n<div class=\"mdjAuteur\">Fran\u00e7ois Fillon<\/div>\n<p><span style=\"color: #777777; font-family: Arial;\">Dans le conflit isra\u00e9lo-palestinien, les extr\u00e9mistes des deux bords sont dans l&rsquo;exclusion et l&rsquo;\u00e9limination de l&rsquo;autre.<br \/>\n<\/span><\/p>\n<p><span style=\"color: #777777; font-family: Arial;\">Par exemple le ministre des finances de N\u00e9tanyahou, Bezalel Smotrich, ultranationaliste isra\u00e9lien, a d\u00e9clar\u00e9 le 19 mars 2023 dans les salons Hoche, un luxueux centre de r\u00e9ception pr\u00e8s des Champs-Elys\u00e9es \u00e0 Paris\u00a0: \u00ab\u00a0<span style=\"color: #0000ff;\"><a style=\"color: #0000ff;\" href=\"https:\/\/www.lemonde.fr\/international\/article\/2023\/03\/20\/bezalel-smotrich-ministre-ultranationaliste-israelien-s-offre-une-harangue-antipalestinienne-a-paris_6166253_3210.html\">Le peuple palestinien n&rsquo;existe pas.\u00a0<\/a><\/span>\u00bb<br \/>\n<\/span><\/p>\n<p><span style=\"color: #777777; font-family: Arial;\">Je cite cet article \u00ab\u00a0<strong>du Monde<\/strong>\u00a0\u00bb\u00a0:<br \/>\n<\/span><\/p>\n<p style=\"margin-left: 28pt;\"><span style=\"color: #c00000; font-family: Arial;\">\u00ab\u00a0Durant la c\u00e9r\u00e9monie, M. Smotrich s&rsquo;est exprim\u00e9 derri\u00e8re un pupitre d\u00e9cor\u00e9 d&rsquo;une carte incluant non seulement l&rsquo;Etat h\u00e9breu et les territoires occup\u00e9s palestiniens mais aussi le territoire de l&rsquo;actuelle Jordanie : l&rsquo;espace du Grand Isra\u00ebl pour les tenants de cette id\u00e9ologie expansionniste.<br \/>\n<\/span><\/p>\n<p style=\"margin-left: 28pt;\"><span style=\"color: #c00000; font-family: Arial;\">Il a prononc\u00e9 un discours dans lequel il a exhort\u00e9 les juifs de France \u00e0 faire leur alya, c&rsquo;est-\u00e0-dire \u00e0 s&rsquo;installer en Isra\u00ebl, [Et il a d\u00e9clar\u00e9]\u00a0:<br \/>\n<\/span><\/p>\n<p style=\"margin-left: 28pt;\"><span style=\"color: #c00000; font-family: Arial;\">Le peuple palestinien est une invention de moins de cent ans. Est-ce qu&rsquo;ils ont une histoire, une culture ? Non, ils n&rsquo;en ont pas. Il n&rsquo;y a pas de Palestiniens, il y a juste des Arabes. \u00bb<br \/>\n<\/span><\/p>\n<p><span style=\"color: #777777; font-family: Arial;\">En face, le mouvement Hamas veut cr\u00e9er sur tout le territoire compris entre la M\u00e9diterran\u00e9e et le jourdain et comprenant donc l\u2019\u00c9tat d&rsquo;Isra\u00ebl, un \u00c9tat islamique de Palestine vierge de pr\u00e9sence juive.<br \/>\n<\/span><\/p>\n<p><span style=\"color: #777777; font-family: Arial;\">Alors, je voudrais partager une vid\u00e9o aujourd&rsquo;hui.<br \/>\n<\/span><\/p>\n<p><span style=\"color: #777777; font-family: Arial;\">C&rsquo;est un partage qui me semble plein d&rsquo;enseignements \u00e0 plusieurs titres.<br \/>\n<\/span><\/p>\n<p><span style=\"color: #777777; font-family: Arial;\">D&rsquo;abord, celui qui s&rsquo;exprime est Fran\u00e7ois Fillon.<br \/>\n<\/span><\/p>\n<p><span style=\"color: #777777; font-family: Arial;\">Je n&rsquo;ai aucune affinit\u00e9 avec cet homme, mais ce n&rsquo;est pas une raison de ne pas l&rsquo;\u00e9couter pour examiner si ce qu&rsquo;il dit est pertinent.<br \/>\n<\/span><\/p>\n<p><span style=\"color: #777777; font-family: Arial;\">De plus en plus de personnes n&rsquo;\u00e9coutent plus que les personnes qui leurs ressemblent et professent les m\u00eames id\u00e9es qu&rsquo;eux.<br \/>\n<\/span><\/p>\n<p><span style=\"color: #777777; font-family: Arial;\">Il arrive m\u00eame que ce soit des pr\u00e9suppos\u00e9s qui vont conduire \u00e0 ce que l&rsquo;on refuse d&rsquo;\u00e9couter un tel parce qu&rsquo;il serait homophobe, islamophobe, antis\u00e9mite, islamo-gauchiste toute qualification qui ne vont pas plus loin qu&rsquo;une simple impression, une rumeur ou simplement une interpr\u00e9tation h\u00e2tive d&rsquo;une phrase sortie de son contexte.<br \/>\n<\/span><\/p>\n<p><span style=\"color: #777777; font-family: Arial;\">Pour ma part je pr\u00e9f\u00e8re \u00e9couter les personnes et faire mon jugement ensuite.<br \/>\n<\/span><\/p>\n<p><span style=\"color: #777777; font-family: Arial;\">C&rsquo;est ainsi que j&rsquo;ai \u00e9cout\u00e9 et regard\u00e9 Fran\u00e7ois Fillon.<br \/>\n<\/span><\/p>\n<p><span style=\"color: #777777; font-family: Arial;\">J&rsquo;ai vu d&rsquo;abord cette petite vid\u00e9o avec comme titre\u00a0: \u00ab\u00a0<a href=\"https:\/\/www.youtube.com\/shorts\/jBYoNQVQYI4\"><span style=\"color: #0000ff;\">Free Palestine\u00a0<\/span><\/a>\u00bb.<br \/>\n<\/span><\/p>\n<p><span style=\"color: #777777; font-family: Arial;\">Vous voyez Fran\u00e7ois Fillon dire\u00a0:<br \/>\n<\/span><\/p>\n<p style=\"margin-left: 28pt;\"><span style=\"color: #c00000; font-family: Arial;\">\u00ab\u00a0Il y a trois ans je rencontrais \u00e0 T\u00e9h\u00e9ran l&rsquo;ayatollah Rafsandjani, l&rsquo;ancien pr\u00e9sident iranien.<br \/>\nEt un moment dans la conversation, on parlait d&rsquo;Isra\u00ebl et il me dit qu&rsquo;il faut qu&rsquo;il s&rsquo;en aille\u00a0!.<br \/>\nJe lui r\u00e9ponds<br \/>\n<\/span><\/p>\n<ul style=\"margin-left: 46pt;\">\n<li><span style=\"color: #c00000; font-family: Arial;\">Mais qu&rsquo;est-ce que vous voulez dire\u00a0?<br \/>\n<\/span><\/li>\n<li><span style=\"color: #c00000; font-family: Arial;\">Ils n&rsquo;ont rien \u00e0 faire en Palestine, il faut qu&rsquo;ils partent.<br \/>\n<\/span><\/li>\n<li><span style=\"color: #c00000; font-family: Arial;\">Vous ne pouvez pas dire cela, m\u00eame si vous le pensez, de toute fa\u00e7on \u00e7a ne se produira pas.<br \/>\n<\/span><\/li>\n<li><span style=\"color: #c00000; font-family: Arial;\">Donnez-moi une seule raison pour laquelle il pourrait rester\u00a0?<br \/>\n<\/span><\/li>\n<li><span style=\"color: #c00000; font-family: Arial;\">Ben oui, ils \u00e9taient l\u00e0, il y a deux mille ans.<br \/>\n<\/span><\/li>\n<\/ul>\n<p><span style=\"color: #c00000; font-family: Arial;\">Il \u00e9clate de rire et il me dit\u00a0: nous il y a 5000 ans on \u00e9tait en Inde, on ne va pas y retourner.<br \/>\n<\/span><\/p>\n<p style=\"margin-left: 28pt;\"><span style=\"color: #c00000; font-family: Arial;\">Et l\u00e0 je ne sais plus quoi dire.<br \/>\n<\/span><\/p>\n<p><span style=\"color: #777777; font-family: Arial;\">La vid\u00e9o s&rsquo;arr\u00eate l\u00e0 avec une question\u00a0: \u00ab\u00a0<strong>et vous qu&rsquo;auriez-vous r\u00e9pondu \u00e0 la place de Fran\u00e7ois Fillon\u00a0?<\/strong>\u00a0\u00bb<br \/>\n<\/span><\/p>\n<p><span style=\"color: #777777; font-family: Arial;\">Le sous-titre \u00e0 cette question sugg\u00e8re qu&rsquo;il n&rsquo;y a pas de r\u00e9ponse et la conclusion en d\u00e9coule simplement : il n&rsquo;y a aucune raison \u00e0 ce que les juifs disposent d&rsquo;un \u00c9tat en Palestine.<br \/>\n<\/span><\/p>\n<p><span style=\"color: #777777; font-family: Arial;\">Puisque m\u00eame Fran\u00e7ois Fillon ne trouve rien \u00e0 r\u00e9pondre, cette vid\u00e9o donne raison aux partisans des palestiniens qui veulent chasser les juifs de Palestine.<br \/>\n<\/span><\/p>\n<p><span style=\"color: #777777; font-family: Arial;\">A ce stade, il y a encore deux enseignements\u00a0:<br \/>\n<\/span><\/p>\n<p><span style=\"color: #777777; font-family: Arial;\"><strong>Le premier<\/strong> est que la publication de cette vid\u00e9o est tronqu\u00e9e. Celui qui a publi\u00e9 a coup\u00e9 \u00e0 l&rsquo;endroit qui lui permettait de renforcer sa th\u00e8se. Mais j&rsquo;y reviendrai apr\u00e8s.<br \/>\n<\/span><\/p>\n<p><span style=\"color: #777777; font-family: Arial;\"><strong>Le second<\/strong>, c&rsquo;est quand m\u00eame que la r\u00e9ponse de Fran\u00e7ois Fillon est tr\u00e8s probl\u00e9matique : Les juifs ont le droit de cr\u00e9er un \u00c9tat juif parce qu&rsquo;ils \u00e9taient l\u00e0, il y a deux mille ans.<br \/>\n<\/span><\/p>\n<p><span style=\"color: #777777; font-family: Arial;\">Cela fait partie du narratif d\u2019Isra\u00ebl, sur lequel je reviendrai dans un mot du jour ult\u00e9rieur.<br \/>\n<\/span><\/p>\n<p><span style=\"color: #777777; font-family: Arial;\">Mais de mani\u00e8re rationnelle, ce que signifie cette pr\u00e9tention\u00a0: ils ont droit d&rsquo;\u00eatre l\u00e0 parce qu&rsquo;ils y \u00e9taient il y a deux mille ans, conduit \u00e0 un concept tr\u00e8s d\u00e9stabilisant\u00a0: <strong>le droit du premier occupant<\/strong>\u00a0!<br \/>\n<\/span><\/p>\n<p><span style=\"color: #777777; font-family: Arial;\">Je me souviens d&rsquo;une d\u00e9claration de Val\u00e9ry Giscard d&rsquo;Estaing qui avait port\u00e9 ce jugement d\u00e9finitif :<br \/>\n<\/span><\/p>\n<p style=\"margin-left: 28pt;\"><span style=\"color: #c00000; font-family: Arial;\">\u00ab\u00a0En droit international, il n&rsquo;existe pas de droit du premier occupant.\u00a0\u00bb<br \/>\n<\/span><\/p>\n<p><span style=\"color: #777777; font-family: Arial;\">Quand on \u00e9voque un concept de droit, il faut en examiner les cons\u00e9quences.<br \/>\n<\/span><\/p>\n<p><span style=\"color: #777777; font-family: Arial;\"><strong>Sainte Sophie d&rsquo;Istanbul<\/strong> est une immense \u00e9glise chr\u00e9tienne qui a \u00e9t\u00e9 \u00e9rig\u00e9e au IV\u00e8me si\u00e8cle de notre \u00e8re dans la ville de Constantinople. Elle a \u00e9t\u00e9 command\u00e9e par l&#8217;empereur romain Constantin en 325. Elle est rest\u00e9e une \u00e9glise Chr\u00e9tienne Orthodoxe, comme Constantinople est rest\u00e9 la capitale chr\u00e9tienne byzantine jusqu&rsquo;\u00e0 1453. Bref 1100 ans. En 1453, imm\u00e9diatement apr\u00e8s la prise de Constantinople par les Ottomans, la basilique fut convertie en mosqu\u00e9e, Plus tard elle devint mus\u00e9e, jusqu&rsquo;\u00e0 ce que ce compagnon de route des fr\u00e8res musulmans, le pr\u00e9sident turc, Recep Tayyip Erdo\u011fan a d\u00e9cid\u00e9 d&rsquo;en refaire une mosqu\u00e9e. Devant cet acte de provocation, nous devrions faire jouer le droit du premier occupant, Constantinople est musulmane depuis 570 ans, alors qu&rsquo;elle a \u00e9t\u00e9 chr\u00e9tienne pendant 1100 ans. Nous devrions exiger que Constantinople redevienne Chr\u00e9tienne, nous \u00e9tions l\u00e0 avant !<br \/>\n<\/span><\/p>\n<p><span style=\"color: #777777; font-family: Arial;\">J&rsquo;ai voulu dans un premier exemple parler de symboles, de religions puisque ce sont des \u00e9l\u00e9ments tr\u00e8s utilis\u00e9s dans le conflit qui secoue le territoire entre la m\u00e9diterran\u00e9e et le Jourdain.<br \/>\n<\/span><\/p>\n<p><span style=\"color: #777777; font-family: Arial;\">De mani\u00e8re plus pratique, quelle serait les cons\u00e9quences d&rsquo;une application du droit du premier occupant aux \u00c9tats Unis et au Canada ? En Australie et en Nouvelle Z\u00e9lande ? Et dans tant d&rsquo;autres lieux de notre plan\u00e8te ?<br \/>\n<\/span><\/p>\n<p><span style=\"color: #777777; font-family: Arial;\">L&rsquo;expliciter ainsi, montre la fragilit\u00e9 de cet argument et la potentialit\u00e9 de la violence et des conflits que cela entra\u00eenerait.<br \/>\n<\/span><\/p>\n<p><span style=\"color: #777777; font-family: Arial;\">J&rsquo;esp\u00e8re que personne n&rsquo;\u00e9mettra l&rsquo;id\u00e9e d&rsquo;un Dieu qui aurait promis quelque chose.<br \/>\n<\/span><\/p>\n<p><span style=\"color: #777777; font-family: Arial;\">Car si le Dieu des arm\u00e9es, Yahv\u00e9 a promis cette terre au peuple \u00e9lu, Allah a de la m\u00eame mani\u00e8re, selon les musulmans, consacr\u00e9 cette terre comme Dar al-Islam, c&rsquo;est-\u00e0-dire terre d&rsquo;Islam.<br \/>\n<\/span><\/p>\n<p><span style=\"color: #777777; font-family: Arial;\">En faire un conflit entre deux dieux qui selon ce que j&rsquo;ai compris de leurs croyances, est le m\u00eame, n&rsquo;a aucune vocation \u00e0 simplifier le probl\u00e8me.<br \/>\n<\/span><\/p>\n<p><span style=\"color: #777777; font-family: Arial;\">Il vaut beaucoup mieux en rester \u00e0 une proposition de partage de l&rsquo;Assembl\u00e9e g\u00e9n\u00e9rale de l&rsquo;ONU qui a souhait\u00e9 un \u00e9tat juif et un \u00e9tat arabe et de constater qu\u2019aujourd\u2019hui la disparition de l&rsquo;un des deux peuples sur le territoire convoit\u00e9 par une \u00e9puration ethnique est inadmissible de cruaut\u00e9 et de haine future.<br \/>\n<\/span><\/p>\n<p><span style=\"color: #777777; font-family: Arial;\">J&rsquo;en reviens au premier enseignement, la manipulation.<br \/>\n<\/span><\/p>\n<p><span style=\"color: #777777; font-family: Arial;\">Fran\u00e7ois Fillon a d&rsquo;abord \u00e9t\u00e9 d\u00e9stabilis\u00e9 c&rsquo;est vrai, mais, apr\u00e8s avoir repris ses esprits\u00a0 il a r\u00e9pondu.<br \/>\n<\/span><\/p>\n<p><span style=\"color: #777777; font-family: Arial;\">Et j&rsquo;ai trouv\u00e9 l&rsquo;interview int\u00e9grale, c&rsquo;\u00e9tait une \u00e9mission de la Radio-T\u00e9l\u00e9vision Suisse\u00a0: &lt;<span style=\"color: #0000ff;\"> <a style=\"color: #0000ff;\" href=\"https:\/\/www.youtube.com\/watch?v=obw2yREGD70\">Interview de Fran\u00e7ois Fillon par Darius Rochebin, de la RTS<\/a><\/span>&gt;<br \/>\n<\/span><\/p>\n<p><span style=\"color: #777777; font-family: Arial;\">Il \u00e9voque \u00e0 partir de 22:16, la tendance de se replier sur sa communaut\u00e9.<br \/>\n<\/span><\/p>\n<p><span style=\"color: #777777; font-family: Arial;\">Il \u00e9voque d&rsquo;abord la communaut\u00e9 g\u00e9ographique en parlant du Brexit britannique ou de la Catalogne.<br \/>\n<\/span><\/p>\n<p><span style=\"color: #777777; font-family: Arial;\">Puis il parle du repli au sein de communaut\u00e9 religieuse.<br \/>\n<\/span><\/p>\n<p style=\"margin-left: 28pt;\"><span style=\"color: #c00000; font-family: Arial;\">\u00ab\u00a0On voit monter une forme de sectarisme, de fondamentalisme religieux. Plut\u00f4t chez les musulmans aujourd&rsquo;hui, mais qui peut demain, en r\u00e9action, appeler une sorte de fondamentalisme dans les autres religions [\u2026]<br \/>\nJe ne peux pas ne pas raconter cette histoire parce que je trouve qu&rsquo;elle est tr\u00e8s r\u00e9v\u00e9latrice.<br \/>\nIl y a trois ans je rencontrais \u00e0 T\u00e9h\u00e9ran l&rsquo;ayatollah Rafsandjani, l&rsquo;ancien pr\u00e9sident iranien.<br \/>\nEt un moment dans la conversation, on parlait d&rsquo;Isra\u00ebl et il me dit qu&rsquo;il faut qu&rsquo;il s&rsquo;en aille\u00a0!.<br \/>\nJe lui r\u00e9ponds<br \/>\n<\/span><\/p>\n<ul style=\"margin-left: 46pt;\">\n<li><span style=\"color: #c00000; font-family: Arial;\">Mais qu&rsquo;est-ce que vous voulez dire\u00a0?<br \/>\n<\/span><\/li>\n<li><span style=\"color: #c00000; font-family: Arial;\">Ils n&rsquo;ont rien \u00e0 faire en Palestine, il faut qu&rsquo;ils partent.<br \/>\n<\/span><\/li>\n<li><span style=\"color: #c00000; font-family: Arial;\">Vous ne pouvez pas dire cela, m\u00eame si vous le pensez, de toute fa\u00e7on \u00e7a ne se produira pas.<br \/>\n<\/span><\/li>\n<li><span style=\"color: #c00000; font-family: Arial;\">Donnez-moi une seule raison pour laquelle il pourrait rester\u00a0?<br \/>\n<\/span><\/li>\n<li><span style=\"color: #c00000; font-family: Arial;\">Ben oui, ils \u00e9taient l\u00e0, il y a deux mille ans.<br \/>\n<\/span><\/li>\n<\/ul>\n<p><span style=\"color: #c00000; font-family: Arial;\">Il \u00e9clate de rire et il me dit\u00a0: nous il y a 5000 ans on \u00e9tait en Inde, on ne va pas y retourner.<br \/>\n<\/span><\/p>\n<p style=\"margin-left: 28pt;\"><span style=\"color: #c00000; font-family: Arial;\">Et l\u00e0 je ne sais plus quoi dire.<br \/>\n<\/span><\/p>\n<p style=\"margin-left: 28pt;\"><span style=\"color: #c00000; font-family: Arial;\">\u00ab\u00a0Et donc je rassemble toutes mes forces pour trouver une r\u00e9ponse et je lui dis\u00a0: <strong>C&rsquo;est \u00e7a, continuer comme \u00e7a : Mettez les chr\u00e9tiens dehors, mettez les juifs dehors et vous ne croyez pas qu&rsquo;un jour les europ\u00e9ens voudront mettre les musulmans dehors ?<\/strong><br \/>\nIl y a eu un peu de silence et en repartant dans la voiture je me suis dit au fond, je n&rsquo;ai pas r\u00e9fl\u00e9chi \u00e0 cette phrase, elle est brutale, elle est provocatrice, mais c&rsquo;est la v\u00e9rit\u00e9.<br \/>\n<\/span><\/p>\n<p style=\"margin-left: 28pt;\"><span style=\"color: #c00000; font-family: Arial;\">Si on laisse monter l&rsquo;intol\u00e9rance, elle fait na\u00eetre de l&rsquo;intol\u00e9rance en face.<br \/>\nOn a aujourd&rsquo;hui des communaut\u00e9s religieuses qui peuvent se radicaliser.<br \/>\nOn a un repli communautaire ethnique.\u00a0\u00bb<br \/>\n<\/span><\/p>\n<p><span style=\"color: #777777; font-family: Arial;\">Je trouve cette r\u00e9ponse pleine de sagesse.<br \/>\n<\/span><\/p>\n<p><span style=\"color: #777777; font-family: Arial;\">Les communaut\u00e9s chr\u00e9tiennes sont aujourd&rsquo;hui opprim\u00e9es dans les pays musulmans. Le nombre de chr\u00e9tiens a diminu\u00e9 de mani\u00e8re consid\u00e9rable par rapport au d\u00e9but du XX\u00e8me si\u00e8cle en Turquie, en \u00c9gypte, en Syrie, en Irak etc\u2026<br \/>\n<\/span><\/p>\n<p><span style=\"color: #777777; font-family: Arial;\">Et que personne ne se trompe, il ne s&rsquo;agissait pas de chr\u00e9tiens occidentaux, venant d&rsquo;Europe de l&rsquo;Ouest qui auraient colonis\u00e9 ces pays. Pas du tout, ce sont des populations locales qui s&rsquo;\u00e9taient convertis au christianisme il y a longtemps et qui lors de l&rsquo;expansion de l&rsquo;Islam ont refus\u00e9 de se convertir \u00e0 ce troisi\u00e8me monoth\u00e9isme.<br \/>\n<\/span><\/p>\n<p><span style=\"color: #777777; font-family: Arial;\">Et la situation est encore plus d\u00e9grad\u00e9e pour les communaut\u00e9s juives dans ces pays. Si les pays arabes ne voulaient pas d&rsquo;Isra\u00ebl, il aurait \u00e9t\u00e9 intelligent, me semble t&rsquo;il, qu&rsquo;ils convainquent les juifs de leurs pays de rester et qu&rsquo;ils prennent les mesures ad\u00e9quates pour rendre ce s\u00e9jour paisible et serein.<br \/>\n<\/span><\/p>\n<p><span style=\"color: #777777; font-family: Arial;\">En parall\u00e8le dans nos pays, les communaut\u00e9s musulmanes augmentent notamment dans le nombre de celles et de ceux qui se soumettent \u00e0 des pratiques religieuses ostensibles.<br \/>\n<\/span><\/p>\n<p><span style=\"color: #777777; font-family: Arial;\">Tout n&rsquo;est pas parfait dans nos pays, loin s&rsquo;en faut : il existe des discriminations et des intol\u00e9rances mais sans commune mesure avec ce qui se passe, en Turquie, en \u00c9gypte etc.<br \/>\n<\/span><\/p>\n<p><span style=\"color: #777777; font-family: Arial;\">La cohabitation des religions dans un monde tol\u00e9rant et acceptant l&rsquo;autre constitue un grand progr\u00e8s de l&rsquo;humanit\u00e9.<br \/>\n<\/span><\/p>\n<p><span style=\"color: #777777; font-family: Arial;\">L&#8217;empire ottoman a su pendant longtemps, jusqu&rsquo;\u00e0 l&rsquo;arriv\u00e9e au pouvoir du gouvernement jeunes turcs, r\u00e9aliser grosso modo cette cohabitation paisible.<br \/>\n<\/span><\/p>\n<p><span style=\"color: #777777; font-family: Arial;\">Amin Maalouf parle m\u00eame de son enfance au Liban et en \u00c9gypte o\u00f9 cette coexistence de communaut\u00e9s religieuses restait harmonieuse.<br \/>\n<\/span><\/p>\n<p><span style=\"color: #777777; font-family: Arial;\">Il faudrait retrouver ce chemin de la tol\u00e9rance qui appelle \u00e0 la tol\u00e9rance chez tous.<br \/>\n<\/span><\/p>\n<p><span style=\"color: #777777; font-family: Arial;\">Ce qui conduit \u00e0 \u00e9carter tous les discours qui veulent chasser l&rsquo;autre, comme ce discours de l&rsquo;ayatollah Rafsandjani.<br \/>\n<\/span><\/p>\n<p><span style=\"color: maroon; font-family: Arial;\">&lt;1781&gt;<\/span><\/p>\n","protected":false},"excerpt":{"rendered":"<p>\u00ab\u00a0Si on laisse monter l&rsquo;intol\u00e9rance, elle fait na\u00eetre de l&rsquo;intol\u00e9rance en face.\u00a0\u00bb Fran\u00e7ois Fillon Dans le conflit isra\u00e9lo-palestinien, les extr\u00e9mistes des deux bords sont dans l&rsquo;exclusion et l&rsquo;\u00e9limination de l&rsquo;autre. Par exemple le ministre des finances de N\u00e9tanyahou, Bezalel Smotrich,<\/p>\n","protected":false},"author":1,"featured_media":0,"comment_status":"open","ping_status":"closed","sticky":false,"template":"","format":"standard","meta":{"footnotes":""},"categories":[1],"tags":[151,239,201,34],"class_list":["post-15200","post","type-post","status-publish","format-standard","hentry","category-motdujour","tag-israel","tag-paix","tag-palestine","tag-religion"],"_links":{"self":[{"href":"https:\/\/lemotdujour.fr\/index.php?rest_route=\/wp\/v2\/posts\/15200","targetHints":{"allow":["GET"]}}],"collection":[{"href":"https:\/\/lemotdujour.fr\/index.php?rest_route=\/wp\/v2\/posts"}],"about":[{"href":"https:\/\/lemotdujour.fr\/index.php?rest_route=\/wp\/v2\/types\/post"}],"author":[{"embeddable":true,"href":"https:\/\/lemotdujour.fr\/index.php?rest_route=\/wp\/v2\/users\/1"}],"replies":[{"embeddable":true,"href":"https:\/\/lemotdujour.fr\/index.php?rest_route=%2Fwp%2Fv2%2Fcomments&post=15200"}],"version-history":[{"count":7,"href":"https:\/\/lemotdujour.fr\/index.php?rest_route=\/wp\/v2\/posts\/15200\/revisions"}],"predecessor-version":[{"id":15210,"href":"https:\/\/lemotdujour.fr\/index.php?rest_route=\/wp\/v2\/posts\/15200\/revisions\/15210"}],"wp:attachment":[{"href":"https:\/\/lemotdujour.fr\/index.php?rest_route=%2Fwp%2Fv2%2Fmedia&parent=15200"}],"wp:term":[{"taxonomy":"category","embeddable":true,"href":"https:\/\/lemotdujour.fr\/index.php?rest_route=%2Fwp%2Fv2%2Fcategories&post=15200"},{"taxonomy":"post_tag","embeddable":true,"href":"https:\/\/lemotdujour.fr\/index.php?rest_route=%2Fwp%2Fv2%2Ftags&post=15200"}],"curies":[{"name":"wp","href":"https:\/\/api.w.org\/{rel}","templated":true}]}}