{"id":1518,"date":"2016-12-05T01:00:00","date_gmt":"2016-12-04T22:00:00","guid":{"rendered":"http:\/\/lemotdujour.fr\/?p=1518"},"modified":"2017-05-08T13:30:16","modified_gmt":"2017-05-08T11:30:16","slug":"lundi-5-decembre-2016","status":"publish","type":"post","link":"https:\/\/lemotdujour.fr\/?p=1518","title":{"rendered":"Lundi 5 d\u00e9cembre 2016"},"content":{"rendered":"<div class=\"mdjDate\">Lundi 5 d\u00e9cembre 2016<\/div>\n<div class=\"mdjTexte\">\u00ab\u00a0L&rsquo;intelligence est impr\u00e9visible et mystique\u00bb<\/div>\n<div class=\"mdjAuteur\">Michel Serres<\/div>\n<div class=\"mdjComplements\">Nous sommes arriv\u00e9s, ce matin, au 800\u00e8me mot du jour de cette s\u00e9rie qui a commenc\u00e9 le 9 octobre 2012.<\/div>\n<div class=\"mdjComplements\">Ce matin, je souhaite vous parler d\u2019intelligence ou plut\u00f4t laisser Michel Serres en parler.<\/div>\n<div class=\"mdjComplements\">Il participe chaque dimanche, sur France Info, \u00e0 une chronique de quelques minutes qui s\u2019appelle <a href=\"http:\/\/www.francetvinfo.fr\/replay-radio\/le-sens-de-l-info\/\">\u00ab Le sens de l&rsquo;info \u00bb <\/a>et dans laquelle, il d\u00e9ploie un regard d\u00e9cal\u00e9 et analytique sur un sujet librement choisi.<\/div>\n<div class=\"mdjComplements\">Dans l\u2019une de ces \u00e9missions, il a essay\u00e9 d\u2019expliquer l\u2019intelligence et a eu cette phrase : <a href=\"http:\/\/www.francetvinfo.fr\/replay-radio\/le-sens-de-l-info\/l-intelligence-est-imprevisible-et-mystique_1785007.html\">\u00abL&rsquo;intelligence est impr\u00e9visible et mystique.\u00bb<\/a><\/div>\n<div class=\"mdjComplements\">Vous pourrez l&rsquo;\u00e9couter avec beaucoup d&rsquo;int\u00e9r\u00eat. Mais je me souviens d&rsquo;une \u00e9mission plus ancienne o\u00f9 il avait d\u00e9velopp\u00e9 la m\u00eame pens\u00e9e d&rsquo;une mani\u00e8re tr\u00e8s originale qui m&rsquo;avait beaucoup marqu\u00e9. La preuve c&rsquo;est que je m&rsquo;en souviens encore : <\/div>\n<div class=\"mdjCiter\">\u00ab D\u00e9finir l\u2019intelligence, ce n\u2019est pas simple.<\/div>\n<div class=\"mdjCiter\">Par contre il est plus simple de d\u00e9finir, la b\u00eatise.<\/div>\n<div class=\"mdjCiter\">La b\u00eatise, c\u2019est l\u2019apanage des b\u00eates. Un chasseur conna\u00eet bien cela. Une b\u00eate r\u00e9agit toujours de la m\u00eame mani\u00e8re en face d\u2019une stimulation d\u00e9finie. D\u00e8s lors, le chasseur sait ce qu\u2019il doit faire pour que la b\u00eate r\u00e9agisse d\u2019une mani\u00e8re attendue. Ainsi, il peut l\u2019abattre.<\/div>\n<div class=\"mdjCiter\">L\u2019intelligence cela doit \u00eatre le contraire.<\/div>\n<div class=\"mdjCiter\">L\u2019intelligence est impr\u00e9visible, elle n\u2019est jamais l\u00e0 o\u00f9 on l\u2019attend.<\/div>\n<div class=\"mdjCiter\">L\u2019intelligence vous permet d\u2019apprendre quelque chose de neuf m\u00eame sur ce que vous pensiez conna\u00eetre. Elle vous en montre un autre aspect, une autre mani\u00e8re d\u2019aborder la question ou de la r\u00e9soudre. \u00bb<\/div>\n<div class=\"mdjComplements\">Je trouve cette distinction particuli\u00e8rement f\u00e9conde. Est b\u00eate, celui qui r\u00e9agit de mani\u00e8re pr\u00e9visible, dont on sait par avance quelle sera son action, sa r\u00e9ponse.<\/div>\n<div class=\"mdjComplements\">L&rsquo;intelligence, ce n&rsquo;est certainement pas raconter n&rsquo;importe quoi pour faire l&rsquo;int\u00e9ressant ou encore dire le contraire des autres pour surprendre.<\/div>\n<div class=\"mdjComplements\">Quand l&rsquo;intelligence nous parle, nous devons \u00eatre interloqu\u00e9 parce qu&rsquo;elle r\u00e9v\u00e8le quelque chose que nous n&rsquo;avions pas exprim\u00e9 ou r\u00e9fl\u00e9chi explicitement mais qui nous ouvre d&rsquo;autres pistes de compr\u00e9hension et de r\u00e9flexion.<\/div>\n<div class=\"mdjComplements\">C&rsquo;est ce que je tente dans cet exercice quotidien qui constitue un vrai travail comme l&rsquo;a dit, un jour, une des destinataires de ce mot.<\/div>\n<div class=\"mdjComplements\">Et si cela peut vous apporter des \u00e9l\u00e9ments de r\u00e9flexion et des perspectives nouvelles, j&rsquo;en serai tr\u00e8s heureux.<\/div>\n<div class=\"mdjComplements\">Ce que je crois, de plus en plus, c&rsquo;est que nous devons avoir le courage de sortir de notre confort intellectuel quotidien fond\u00e9 sur des convictions fragiles, des intuitions erron\u00e9es.<\/div>\n<div class=\"mdjComplements\">L&rsquo;autre jour j&rsquo;ai entendu un scientifique dire cette \u00e9vidence, nous devons nous m\u00e9fier de nos intuitions, beaucoup de d\u00e9couvertes ou de lois scientifiques sont violemment contre intuitives.<\/div>\n<div class=\"mdjComplements\">Prenons un exemple tout simple, la science nous dit : la terre tourne autour du soleil. Quand vous \u00eates sur terre et que vous regardez sans a priori le ciel, les jours et les nuits, intuitivement, ce n&rsquo;est pas ce que vous voyez. Vous, vous voyez le soleil qui se l\u00e8ve et se couche \u00e0 l&rsquo;horizon et qui tourne autour de la terre !<\/div>\n<div class=\"mdjComplements\">Vous savez que si on n&rsquo;applique pas la th\u00e9orie de la relativit\u00e9, nos GPS sont tous faux. Il faut appliquer un correctif directement issu de la th\u00e9orie d&rsquo;Einstein pour que l&rsquo;information sur votre g\u00e9olocalisation soit moins fausse ou plus juste selon votre point de vue. Depuis notre enfance nous avons une connaissance intuitive de la notion de \u00abtemps\u00bb. Dans la th\u00e9orie de la relativit\u00e9, le temps au sens de notre intuition : un instant origine puis un temps qui s&rsquo;\u00e9coule en heures, minutes, secondes n&rsquo;existe pas. Ce qui existe c&rsquo;est une dur\u00e9e locale, pour les personnes et les choses qui se trouvent dans un m\u00eame lieu et qui se d\u00e9placent \u00e0 une vitesse comparable. C&rsquo;est terriblement d\u00e9stabilisant cela.<\/div>\n<div class=\"mdjComplements\">Et je ne vous parle pas de la m\u00e9canique quantique o\u00f9 toutes nos repr\u00e9sentations du r\u00e9el sont an\u00e9anties. Or, mon professeur de l&rsquo;Histoire des sciences,\u00a0 Girolammo Rammuni qui est intelligent au sens de Michel Serres, disait : je ne monte pas dans un avion qui a \u00e9t\u00e9 con\u00e7u par une personne qui nie la m\u00e9canique quantique. Dans notre quotidien technologique, les cons\u00e9quences des lois de la m\u00e9canique quantique sont encore beaucoup plus pr\u00e9sentes que la th\u00e9orie de la relativit\u00e9.<\/div>\n<div class=\"mdjComplements\">Nous devons donc nous m\u00e9fier de nos intuitions et essayer de trouver l&rsquo;intelligence, plus pr\u00e9cis\u00e9ment les femmes et les hommes qui manifestent cette intelligence qui nous permet d&rsquo;avancer.<\/div>\n","protected":false},"excerpt":{"rendered":"<p>Lundi 5 d\u00e9cembre 2016 \u00ab\u00a0L&rsquo;intelligence est impr\u00e9visible et mystique\u00bb Michel Serres Nous sommes arriv\u00e9s, ce matin, au 800\u00e8me mot du jour de cette s\u00e9rie qui a commenc\u00e9 le 9 octobre 2012. Ce matin, je souhaite vous parler d\u2019intelligence ou plut\u00f4t<\/p>\n","protected":false},"author":1,"featured_media":0,"comment_status":"closed","ping_status":"closed","sticky":false,"template":"","format":"standard","meta":{"footnotes":""},"categories":[1],"tags":[],"class_list":["post-1518","post","type-post","status-publish","format-standard","hentry","category-motdujour"],"_links":{"self":[{"href":"https:\/\/lemotdujour.fr\/index.php?rest_route=\/wp\/v2\/posts\/1518","targetHints":{"allow":["GET"]}}],"collection":[{"href":"https:\/\/lemotdujour.fr\/index.php?rest_route=\/wp\/v2\/posts"}],"about":[{"href":"https:\/\/lemotdujour.fr\/index.php?rest_route=\/wp\/v2\/types\/post"}],"author":[{"embeddable":true,"href":"https:\/\/lemotdujour.fr\/index.php?rest_route=\/wp\/v2\/users\/1"}],"replies":[{"embeddable":true,"href":"https:\/\/lemotdujour.fr\/index.php?rest_route=%2Fwp%2Fv2%2Fcomments&post=1518"}],"version-history":[{"count":1,"href":"https:\/\/lemotdujour.fr\/index.php?rest_route=\/wp\/v2\/posts\/1518\/revisions"}],"predecessor-version":[{"id":1519,"href":"https:\/\/lemotdujour.fr\/index.php?rest_route=\/wp\/v2\/posts\/1518\/revisions\/1519"}],"wp:attachment":[{"href":"https:\/\/lemotdujour.fr\/index.php?rest_route=%2Fwp%2Fv2%2Fmedia&parent=1518"}],"wp:term":[{"taxonomy":"category","embeddable":true,"href":"https:\/\/lemotdujour.fr\/index.php?rest_route=%2Fwp%2Fv2%2Fcategories&post=1518"},{"taxonomy":"post_tag","embeddable":true,"href":"https:\/\/lemotdujour.fr\/index.php?rest_route=%2Fwp%2Fv2%2Ftags&post=1518"}],"curies":[{"name":"wp","href":"https:\/\/api.w.org\/{rel}","templated":true}]}}