{"id":15172,"date":"2023-12-14T01:51:17","date_gmt":"2023-12-14T00:51:17","guid":{"rendered":"https:\/\/lemotdujour.fr\/?p=15172"},"modified":"2024-01-29T15:02:33","modified_gmt":"2024-01-29T14:02:33","slug":"jeudi-14-decembre-2023","status":"publish","type":"post","link":"https:\/\/lemotdujour.fr\/?p=15172","title":{"rendered":"Jeudi 14 d\u00e9cembre 2023"},"content":{"rendered":"<div class=\"mdjTexte\">\u00ab\u00a0Ici, dans le feu mal \u00e9teint,<br \/>\nPerdant, notre jeunesse par miettes,<br \/>\nNous n&rsquo;avons esquiv\u00e9 aucun<br \/>\nDes coups qui tombaient sur nos t\u00eates \u00a0\u00bb<\/div>\n<div class=\"mdjAuteur\">Anna Akhmatova<\/div>\n<p><span style=\"color: #777777; font-family: Arial;\"><strong>Anna Akhmatova<\/strong> est, selon Christian Bobin, la plus grande des po\u00e8tes et des po\u00e9tesses.<br \/>\n<\/span><\/p>\n<p><span style=\"color: #777777; font-family: Arial;\">Dans le livre <a href=\"https:\/\/www.fnac.com\/a104761\/Anna-Akhmatova-Anthologie\"><span style=\"color: #0000ff;\">\u00ab\u00a0Anthologie\u00a0<\/span><\/a><span style=\"color: #0000ff;\">\u00bb<\/span> qui regroupe un choix de ses textes j&rsquo;ai trouv\u00e9 celui-ci\u00a0:<br \/>\n<\/span><\/p>\n<p style=\"margin-left: 28pt;\"><img decoding=\"async\" class=\"alignright\" src=\"https:\/\/lemotdujour.fr\/wp-content\/uploads\/2023\/12\/121423_0051_Jeudi14dcem1.jpg\" alt=\"\" align=\"left\" \/><span style=\"color: #c00000; font-family: Arial;\">\u00ab\u00a0Honte \u00e0 ceux qui laissent leur terre<br \/>\nA leur ennemi triomphant\u00a0;<br \/>\nLeur basse louange m&rsquo;indiff\u00e8re,<br \/>\nJe leur refuserai mon chant<br \/>\n<\/span><\/p>\n<p style=\"margin-left: 28pt;\"><span style=\"color: #c00000; font-family: Arial;\">Mais l&rsquo;exil\u00e9 me reste cher,<br \/>\nComme un malade, comme un captif\u00a0:<br \/>\nLe pain d&rsquo;aum\u00f4ne est amer,<br \/>\nLe regret de l&rsquo;exil est vif\u2026<br \/>\n<\/span><\/p>\n<p style=\"margin-left: 28pt;\"><span style=\"color: #c00000; font-family: Arial;\">Ici, dans le feu mal \u00e9teint,<br \/>\nPerdant, notre jeunesse par miettes,<br \/>\nNous n&rsquo;avons esquiv\u00e9 aucun<br \/>\nDes coups qui tombaient sur nos t\u00eates.<br \/>\n<\/span><\/p>\n<p style=\"margin-left: 28pt;\"><span style=\"color: #c00000; font-family: Arial;\">Dans le d\u00e9compte des faits d&rsquo;armes<br \/>\nSeront justifi\u00e9s nos destins,<br \/>\nPersonne n&rsquo;est plus sec de larmes<br \/>\nPlus simple que nous, et plus hautain\u00a0\u00bb<br \/>\n<\/span><span style=\"color: #c00000; font-family: Arial;\"><em>Anna Akhmatova<\/em><br \/>\n<em>1922<br \/>\n<\/em><\/span><\/p>\n<p><span style=\"color: #777777; font-family: Arial;\">Lorsqu&rsquo;on voit ce qui se passe \u00e0 Gaza et qui fait suite aux massacres du 7 octobre 2023, on est saisi par une sorte de sid\u00e9ration et de d\u00e9couragement.<br \/>\n<\/span><\/p>\n<p><span style=\"color: #777777; font-family: Arial;\">\u00c9videmment si on se place dans un des deux camps, l&rsquo;analyse est simple :<br \/>\n<\/span><\/p>\n<p><span style=\"color: #777777; font-family: Arial;\"><strong>Pour le camp d&rsquo;Isra\u00ebl,<\/strong> les massacres du 7 octobre ne peuvent pas rester impuni.<br \/>\nD&rsquo;abord \u00e0 cause de l&rsquo;horreur de l&rsquo;attaque, ensuite parce que cela conduit \u00e0 une menace s\u00e9curitaire de tous les instants. Il faut donc punir ceux qui ont fait cela, mais aussi emp\u00eacher qu&rsquo;une telle attaque puisse \u00eatre r\u00e9it\u00e9r\u00e9.<br \/>\nLa destruction de Gaza, une \u00e9mission de France Info \u00e9voque \u00ab<span style=\"color: #0000ff;\">\u00a0<\/span><a href=\"https:\/\/www.radiofrance.fr\/franceinfo\/podcasts\/guerre-au-proche-orient\/guerre-entre-israel-et-le-hamas-gaza-en-miettes-8941875\"><span style=\"color: #0000ff;\">Gaza en miettes<\/span> \u00a0<\/a>\u00bb, s&rsquo;explique d\u00e8s lors par la n\u00e9cessit\u00e9 de trouver les responsables et les combattants du Hamas afin de les neutraliser.<br \/>\nPour ce faire, il y a des milliers de morts, de bless\u00e9s, d&rsquo;enfants, de femmes et d&rsquo;hommes angoiss\u00e9s devant la mort qui rode, la famine qui guette, l&rsquo;eau qui est rare et pollu\u00e9.<br \/>\nLe camp d&rsquo;Isra\u00ebl rel\u00e8ve que les assassins du Hamas qui sont revenus \u00e0 Gaza ont \u00e9t\u00e9 c\u00e9l\u00e9br\u00e9s par des foules en liesse. Que si ces combats sont si meurtriers, c&rsquo;est parce que le Hamas se cache dans des tunnels interdits \u00e0 ceux qui ne font pas partie de l&rsquo;organisation.<br \/>\nDans cette logique la population sans protection constituent pour eux un bouclier qui les prot\u00e8ge. En outre, leur mort en masse constitue un excellent argument pour le Hamas pour d\u00e9noncer la violence d&rsquo;Isra\u00ebl et essayer de faire arr\u00eater par la communaut\u00e9 internationale le bras vengeur de leur ennemi.<br \/>\nEnfin ce camp peut encore d\u00e9noncer le fait que le Hamas s&#8217;empare de la plus grande part des denr\u00e9es alimentaires que les ONG font entrer dans le territoire. Une interview en direct d&rsquo;Al Jazeera montre une vieille femme palestinienne d\u00e9noncer ce fait devant un journaliste tr\u00e8s ennuy\u00e9 devant ce t\u00e9moignage qui ne correspond pas au r\u00e9cit souhait\u00e9, mais qu&rsquo;il ne peut \u00e9viter en raison du direct.<br \/>\n<\/span><\/p>\n<p><span style=\"color: #777777; font-family: Arial;\"><strong>Pour le camp palestinien<\/strong>, l&rsquo;attaque du 7 octobre est un acte qui a remis au premier plan la question palestinienne dont plus personne ne parlait.<br \/>\nLes pays arabes \u00e9taient en train d&rsquo;\u00e9tablir des relations amicales et \u00e9conomiques avec Isra\u00ebl dans le cadre des accords d&rsquo;Abraham, sans parler des palestiniens.<br \/>\nM\u00eame l&rsquo;Arabie saoudite \u00e9tait en train de signer un tel accord. Ce qui achoppait encore \u00e9tait le fait que l&rsquo;Arabie Saoudite exigeait d&rsquo;avoir la responsabilit\u00e9 de l&rsquo;esplanade des mosqu\u00e9es, la question palestinienne n&rsquo;\u00e9tait pas prioritaire. Souvent les religieux sont attach\u00e9s davantage aux symboles, aux pierres, qu&rsquo;aux humains.<br \/>\nEt en Palestine, on voyait des murs, des checks point qui rendaient la vie tellement compliqu\u00e9e avec, en plus, une progression de l&#8217;emprise de la population juive sur la Cisjordanie \u00e0 travers des implantations tol\u00e9r\u00e9es, voire encourag\u00e9es par le gouvernement isra\u00e9lien.<br \/>\nUn gouvernement dans lequel le premier ministre et des hommes encore plus \u00e0 droite exprimaient clairement leur refus de donner un \u00c9tat aux Palestiniens.<br \/>\nBien au contraire, ils voulaient s&#8217;emparer de tout le territoire de Jud\u00e9e Samarie comme ils l&rsquo;appellent.<br \/>\nDans cette situation l&rsquo;action du Hamas a constitu\u00e9 une rupture et, en tant que tel, un acte de r\u00e9sistance d&rsquo;un peuple opprim\u00e9. Certes la violence extr\u00eame et des exc\u00e8s ont pu \u00eatre commis, mais il \u00e9tait n\u00e9cessaire d&rsquo;arr\u00eater le lent \u00e9touffement de la cause palestinienne.<em><br \/>\n<\/em><\/span><\/p>\n<p><a href=\"https:\/\/www.francetvinfo.fr\/monde\/proche-orient\/israel-palestine\/guerre-entre-israel-et-le-hamas-neuf-images-qui-illustrent-l-ampleur-de-la-catastrophe-humanitaire-dans-la-bande-de-gaza_6166899.html\"><img loading=\"lazy\" decoding=\"async\" class=\"alignleft\" src=\"https:\/\/lemotdujour.fr\/wp-content\/uploads\/2023\/12\/121423_0051_Jeudi14dcem2.png\" alt=\"\" width=\"561\" height=\"383\" align=\"left\" border=\"0\" \/><\/a><span style=\"color: #777777; font-family: Arial;\">Dans tout cela il n&rsquo;y a pas plus de place pour l&#8217;empathie, d&#8217;empathie pour l&rsquo;autre, m\u00eame pour le plus faible et le plus innocent de l&rsquo;autre\u00a0: un enfant.<br \/>\n<\/span><\/p>\n<p><span style=\"color: #777777; font-family: Arial;\">Jean Daniel avait \u00e9crit le &lt;<span style=\"color: #0000ff;\"><a style=\"color: #0000ff;\" href=\"https:\/\/www.nouvelobs.com\/signatures\/jean-daniel\/20140709.OBS3166\/israel-palestine-les-enfants-et-la-mort.html\">9 juillet 2014<\/a><\/span>&gt;\u00a0:<br \/>\n<\/span><\/p>\n<p style=\"margin-left: 28pt;\"><span style=\"color: #c00000; font-family: Arial;\">\u00ab\u00a0Mais pour finir sur Isra\u00ebl je peux confier, \u00e0 l&rsquo;\u00e2ge o\u00f9 je parviens, que l&rsquo;un de mes \u00e9checs personnels a \u00e9t\u00e9 de ne pas arriver \u00e0 persuader les \u00e9lites juives de sauver leur peuple et leurs \u00e2mes. Sur la violence, il y a eu les plus grands textes. Et sur celle qui concerne les enfants, on ne peut pas oublier Dosto\u00efevski.<br \/>\n<\/span><\/p>\n<p style=\"margin-left: 28pt;\"><span style=\"color: #c00000; font-family: Arial;\">Voyant revenir les stigmates annonciateurs de la fraternelle cruaut\u00e9 entre Isra\u00e9liens et Palestiniens, je ne puis m&#8217;emp\u00eacher de repenser aux fameux propos pr\u00eat\u00e9s \u00e0 la redoutable et remarquable Golda Meir : \u00ab\u00a0Ce que je vous reproche, vous serez \u00e9tonn\u00e9s de l&rsquo;apprendre, ce n&rsquo;est pas tant de tuer nos propres enfants, mais c&rsquo;est de nous forcer \u00e0 tuer les v\u00f4tres.\u00a0\u00bb\u00a0Cette phrase peut avoir mille interpr\u00e9tations. Un de mes amis arabes \u00e9tait r\u00e9volt\u00e9 que je puisse m&rsquo;y attarder. Non seulement elle se trouve une excuse pour l&rsquo;assassinat, mais y ajoute un nouveau proc\u00e8s de notre comportement.<br \/>\n<\/span><\/p>\n<p style=\"margin-left: 28pt;\"><span style=\"color: #c00000; font-family: Arial;\">C&rsquo;est vrai que cette phrase a plusieurs sens selon la conscience que l&rsquo;on a de sa propre immobilit\u00e9. Mais si sensible que je sois au destin palestinien, je ne puis m&#8217;emp\u00eacher d&rsquo;y voir une volont\u00e9 de ne pas se consoler du meurtre m\u00eame qu&rsquo;on pr\u00e9tend justifier par notre d\u00e9fense. Le meurtre, c&rsquo;est le meurtre. Les enfants des autres, ce sont les n\u00f4tres. Aujourd&rsquo;hui, presque partout, il ne s&rsquo;agit que d&rsquo;enfants ou d&rsquo;adolescents. Ils sont la majorit\u00e9 chez les djihadistes.\u00a0\u00bb<br \/>\n<\/span><\/p>\n<p><span style=\"color: #777777; font-family: Arial;\">J&rsquo;ai d\u00e9j\u00e0 rapport\u00e9 les paroles d&rsquo;humanit\u00e9 que <strong>Daniel Barenbo\u00efm<\/strong> avait prononc\u00e9s <a href=\"https:\/\/lemotdujour.fr\/?p=1140\"><span style=\"color: #0000ff;\">\u00e0 Ramallah<\/span><\/a> lors de l&rsquo;unique concert qu&rsquo;il a pu r\u00e9aliser en Palestine, ce ne fut jamais possible en Isra\u00ebl, avec l&rsquo;orchestre qu&rsquo;il a cr\u00e9\u00e9 avec Edward Sa\u00efd et compos\u00e9 de musiciens isra\u00e9liens, palestiniens et arabes\u00a0:<br \/>\n<\/span><\/p>\n<p style=\"margin-left: 28pt;\"><span style=\"color: #c00000; font-family: Arial;\"><strong>\u00ab <\/strong>Nous croyons qu&rsquo;il n&rsquo;existe pas de solution militaire \u00e0 ce conflit,<br \/>\n<\/span><span style=\"color: #c00000; font-family: Arial;\">Nous croyons que les destin\u00e9es de ces deux peuples palestinien et isra\u00e9lien sont inextricablement li\u00e9es. [\u2026]<br \/>\n<\/span><span style=\"color: #c00000; font-family: Arial;\">Nombreux sont ceux qui comprendront bient\u00f4t que nous avons ici deux peuples pas un.<br \/>\n<\/span><span style=\"color: #c00000; font-family: Arial;\">Deux peuples li\u00e9s par un lien tr\u00e8s fort philosophique, psychologique et historique \u00e0 cette r\u00e9gion du monde.<br \/>\n<\/span><span style=\"color: #c00000; font-family: Arial;\">C&rsquo;est notre devoir d&rsquo;apprendre \u00e0 vivre ensemble.<br \/>\n<\/span><span style=\"color: #c00000; font-family: Arial;\">Nous avons le choix : nous entretuer ou apprendre \u00e0 partager ce qui peut se partager.\u00a0\u00bb<br \/>\n<\/span><\/p>\n<p><span style=\"color: #777777; font-family: Arial;\">C&rsquo;est ainsi que je reviens \u00e0 ce po\u00e8me d&rsquo;<strong>Akhmatova<\/strong> qui parle d&rsquo;exil.<br \/>\n<\/span><\/p>\n<p><span style=\"color: #777777; font-family: Arial;\">Et nous avons deux peuples qui ont \u00e9t\u00e9 oblig\u00e9s \u00e0 l&rsquo;exil. Le premier pour fuir l&rsquo;antis\u00e9mitisme, d&rsquo;abord en Russie puis dans toute l&rsquo;Europe. Le second peuple parce que le premier est venu sur la terre qu&rsquo;il habitait.<br \/>\n<\/span><\/p>\n<p><span style=\"color: #777777; font-family: Arial;\">Nous avons affaire \u00e0 deux r\u00e9cits ou deux narratifs comme le disent plut\u00f4t les anglo-saxons.<br \/>\n<\/span><\/p>\n<p><span style=\"color: #777777; font-family: Arial;\">Probablement qu&rsquo;il faut revenir \u00e0 ces deux narratifs et esp\u00e9rer que chacun sache entendre celui de l&rsquo;autre.<br \/>\n<\/span><\/p>\n<p><span style=\"color: #777777; font-family: Arial;\">Afin, que l&rsquo;avenir ne soit pas de s&rsquo;entretuer mais d&rsquo;apprendre \u00e0 partager ce qui peut se partager.<br \/>\n<\/span><\/p>\n<p><span style=\"color: #777777; font-family: Arial;\">L&rsquo;objectif du gouvernement de Benyamin Netanyahou n&rsquo;a jamais \u00e9t\u00e9 de faire la paix mais d&rsquo;assurer la s\u00e9curit\u00e9 d&rsquo;Isra\u00ebl.<br \/>\n<\/span><\/p>\n<p><span style=\"color: #777777; font-family: Arial;\">Il a \u00e9chou\u00e9.<br \/>\n<\/span><\/p>\n<p><span style=\"color: #777777; font-family: Arial;\">Le peuple arabe de Palestine se reconnait probablement dans ces vers d&rsquo;<strong>Akhmatova\u00a0:<br \/>\n<\/strong><\/span><\/p>\n<p style=\"margin-left: 28pt;\"><span style=\"color: #c00000; font-family: Arial;\">\u00ab\u00a0Honte \u00e0 ceux qui laissent leur terre<br \/>\nA leur ennemi triomphant\u00a0;\u00a0\u00bb<br \/>\n<\/span><\/p>\n<p><span style=\"color: #777777; font-family: Arial;\">Mais aujourd&rsquo;hui il y a deux peuples sur cette terre, une partie de chacun des peuples veut voir dispara\u00eetre l&rsquo;autre peuple.<br \/>\n<\/span><\/p>\n<p><span style=\"color: #777777; font-family: Arial;\">Cela ne se fera pas ou alors par des cruaut\u00e9s et des souffrances encore plus terribles qui ne pourront avoir comme cons\u00e9quence qu&rsquo;une haine d\u00e9multipli\u00e9e qui entrainera d&rsquo;autres violences et massacres.<br \/>\n<\/span><\/p>\n<p><span style=\"color: #777777; font-family: Arial;\">Pour \u00e9viter cela, il faut tenter de comprendre l&rsquo;autre.<br \/>\n<\/span><\/p>\n<p><span style=\"color: #777777; font-family: Arial;\">Et trouver une voie vers la Paix<br \/>\n<\/span><\/p>\n<p><span style=\"color: #777777; font-family: Arial;\">Pour que les rires remplacent les larmes.<br \/>\n<\/span><\/p>\n<p><span style=\"color: maroon; font-family: Arial;\">&lt;1780&gt;<\/span><\/p>\n","protected":false},"excerpt":{"rendered":"<p>\u00ab\u00a0Ici, dans le feu mal \u00e9teint, Perdant, notre jeunesse par miettes, Nous n&rsquo;avons esquiv\u00e9 aucun Des coups qui tombaient sur nos t\u00eates \u00a0\u00bb Anna Akhmatova Anna Akhmatova est, selon Christian Bobin, la plus grande des po\u00e8tes et des po\u00e9tesses. Dans<\/p>\n","protected":false},"author":1,"featured_media":0,"comment_status":"open","ping_status":"closed","sticky":false,"template":"","format":"standard","meta":{"footnotes":""},"categories":[1],"tags":[151,239,201],"class_list":["post-15172","post","type-post","status-publish","format-standard","hentry","category-motdujour","tag-israel","tag-paix","tag-palestine"],"_links":{"self":[{"href":"https:\/\/lemotdujour.fr\/index.php?rest_route=\/wp\/v2\/posts\/15172","targetHints":{"allow":["GET"]}}],"collection":[{"href":"https:\/\/lemotdujour.fr\/index.php?rest_route=\/wp\/v2\/posts"}],"about":[{"href":"https:\/\/lemotdujour.fr\/index.php?rest_route=\/wp\/v2\/types\/post"}],"author":[{"embeddable":true,"href":"https:\/\/lemotdujour.fr\/index.php?rest_route=\/wp\/v2\/users\/1"}],"replies":[{"embeddable":true,"href":"https:\/\/lemotdujour.fr\/index.php?rest_route=%2Fwp%2Fv2%2Fcomments&post=15172"}],"version-history":[{"count":8,"href":"https:\/\/lemotdujour.fr\/index.php?rest_route=\/wp\/v2\/posts\/15172\/revisions"}],"predecessor-version":[{"id":15298,"href":"https:\/\/lemotdujour.fr\/index.php?rest_route=\/wp\/v2\/posts\/15172\/revisions\/15298"}],"wp:attachment":[{"href":"https:\/\/lemotdujour.fr\/index.php?rest_route=%2Fwp%2Fv2%2Fmedia&parent=15172"}],"wp:term":[{"taxonomy":"category","embeddable":true,"href":"https:\/\/lemotdujour.fr\/index.php?rest_route=%2Fwp%2Fv2%2Fcategories&post=15172"},{"taxonomy":"post_tag","embeddable":true,"href":"https:\/\/lemotdujour.fr\/index.php?rest_route=%2Fwp%2Fv2%2Ftags&post=15172"}],"curies":[{"name":"wp","href":"https:\/\/api.w.org\/{rel}","templated":true}]}}