{"id":15165,"date":"2023-12-02T01:04:00","date_gmt":"2023-12-02T00:04:00","guid":{"rendered":"https:\/\/lemotdujour.fr\/?p=15165"},"modified":"2023-12-04T01:12:52","modified_gmt":"2023-12-04T00:12:52","slug":"samedi-2-decembre-2023","status":"publish","type":"post","link":"https:\/\/lemotdujour.fr\/?p=15165","title":{"rendered":"Samedi 2 d\u00e9cembre 2023"},"content":{"rendered":"<div class=\"mdjTexte\">\u00ab\u00a0Maria Callas est n\u00e9e il y a 100 ans.\u00a0\u00bb<\/div>\n<div class=\"mdjAuteur\">La plus grande trag\u00e9dienne de l&rsquo;op\u00e9ra est n\u00e9e le 2 d\u00e9cembre 1923<\/div>\n<p><span style=\"color: #777777; font-family: Arial;\">Maria Anna Cecilia Sofia Kalogeropoulou, plus connue sous le nom de Maria Callas est n\u00e9e le 2 d\u00e9cembre 1923 au Flower Hospital de New York, sur la Cinqui\u00e8me Avenue et Central Park.<br \/>\n<\/span><\/p>\n<p><img loading=\"lazy\" decoding=\"async\" class=\"alignleft\" src=\"https:\/\/lemotdujour.fr\/wp-content\/uploads\/2023\/12\/120323_2357_Samedi2dcem1.jpg\" alt=\"\" width=\"358\" height=\"508\" align=\"left\" \/><span style=\"color: #777777; font-family: Arial;\">Maria Callas a chang\u00e9 l&rsquo;op\u00e9ra. Elle a fait de la chanteuse d&rsquo;op\u00e9ra une actrice, une trag\u00e9dienne.<br \/>\n<\/span><\/p>\n<p><span style=\"color: #777777; font-family: Arial;\">Sa carri\u00e8re d\u00e9buta vraiment en 1947. A cette \u00e9poque, elle vivait aux Etats-Unis et cherchait d&rsquo;avoir des r\u00f4les dans les op\u00e9ras am\u00e9ricains, sans trop de succ\u00e8s.<br \/>\n<\/span><\/p>\n<p><span style=\"color: #777777; font-family: Arial;\">Elle \u00e9tait parfaitement inconnue<br \/>\n<\/span><\/p>\n<p><span style=\"color: #777777; font-family: Arial;\">Mais un impresario italien, Giovanni Zenatello, \u00e9tait venu aux \u00c9tats-Unis sur la demande du chef d&rsquo;orchestre italien <strong>Tullio Serafin<\/strong> afin de rechercher un soprano pour chanter <strong>La Gioconda de Ponchielli <\/strong>aux ar\u00e8nes de V\u00e9rone.<br \/>\n<\/span><\/p>\n<p><span style=\"color: #777777; font-family: Arial;\">Apr\u00e8s avoir emprunt\u00e9 1 000 dollars \u00e0 son parrain pour payer son voyage et son s\u00e9jour, elle est pr\u00e9sent\u00e9e par Zenattelo \u00e0 <strong>Tullio Serafin<\/strong> qui, enthousiaste, l&rsquo;engage s\u00e9ance tenante.<br \/>\n<\/span><\/p>\n<p><span style=\"color: #777777; font-family: Arial;\">Le chef dirige l&rsquo;\u0153uvre et peu \u00e0 peu, d\u00e9c\u00e8le les extraordinaires possibilit\u00e9s de la jeune diva.<br \/>\n<\/span><\/p>\n<p><span style=\"color: #777777; font-family: Arial;\">C&rsquo;est lui qui fera de Maria \u00ab la Callas \u00bb.<br \/>\n<\/span><\/p>\n<p><span style=\"color: #777777; font-family: Arial;\">Tullio Serafin dira \u00e0 son sujet :<br \/>\n<\/span><\/p>\n<p style=\"margin-left: 28pt;\"><span style=\"color: #c00000; font-family: Arial;\">\u00ab Elle \u00e9tait si \u00e9tonnante, si imposante physiquement et moralement, si certaine de son avenir. Je savais que cette fille, dans un th\u00e9\u00e2tre en plein air comme l&rsquo;est V\u00e9rone, avec sa voix puissante et son courage, ferait un effet d\u00e9mentiel. \u00bb<br \/>\n<\/span><\/p>\n<p><img decoding=\"async\" class=\"alignright\" src=\"https:\/\/lemotdujour.fr\/wp-content\/uploads\/2023\/12\/120323_2357_Samedi2dcem2.jpg\" alt=\"\" align=\"left\" \/><span style=\"color: #777777; font-family: Arial;\">Lors d&rsquo;une interview de 1968, la cantatrice admettra quant \u00e0 elle que son travail sous la direction de Serafin a \u00e9t\u00e9\u00a0:<br \/>\n<\/span><\/p>\n<p style=\"margin-left: 28pt;\"><span style=\"color: #c00000; font-family: Arial;\">\u00ab La chance de ma vie [\u2026] Il m&rsquo;a enseign\u00e9 qu&rsquo;il doit y avoir une formulation ; qu&rsquo;il doit y avoir une justification. Il m&rsquo;a enseign\u00e9 le sens profond de la musique, la justification de la musique. J&rsquo;ai r\u00e9ellement, v\u00e9ritablement absorb\u00e9 tout ce que je pouvais de cet homme. \u00bb<br \/>\n<\/span><\/p>\n<p><span style=\"color: #777777; font-family: Arial;\">Sa derni\u00e8re apparition lors d&rsquo;un spectacle d&rsquo;op\u00e9ra eu lieu de 5 juillet 1965 au Covent Garden de Londres.<br \/>\n<\/span><\/p>\n<p><span style=\"color: #777777; font-family: Arial;\">Il s&rsquo;agit en fait d&rsquo;une carri\u00e8re de 18 ans, pendant laquelle elle donnera 595 repr\u00e9sentations et concerts, tiendra 42 r\u00f4les et enregistrera 26 int\u00e9grales d&rsquo;op\u00e9ra<br \/>\n<\/span><\/p>\n<p><span style=\"color: #777777; font-family: Arial;\">Et c&rsquo;est lors de ces 18 ans de carri\u00e8re qu&rsquo;elle forgera sa l\u00e9gende.<br \/>\n<\/span><\/p>\n<p><span style=\"color: #777777; font-family: Arial;\">Elle est morte, seule, d\u00e9prim\u00e9e \u00e0 53 ans, le 16 septembre 1977, dans son appartement parisien au troisi\u00e8me \u00e9tage du 36 avenue Georges-Mandel, o\u00f9 ses seules occupations \u00e9taient d&rsquo;\u00e9couter ses vieux enregistrements et de promener ses caniches en empruntant chaque jour le m\u00eame itin\u00e9raire : rue de la Pompe, rue de Longchamp et rue des Sablon.<br \/>\n<\/span><\/p>\n<p><span style=\"color: #777777; font-family: Arial;\">En 2017, pour les 40 ans de la mort de cette extraordinaire artiste, j&rsquo;avais r\u00e9dig\u00e9 deux mots du jour\u00a0:<br \/>\n<\/span><\/p>\n<p><span style=\"color: #777777; font-family: Arial;\">\u00ab <a href=\"https:\/\/lemotdujour.fr\/?p=3128\"><span style=\"color: #0000ff;\">La diva, c&rsquo;est celle qui apporte l&rsquo;exemple d&rsquo;un travail, d&rsquo;une discipline et d&rsquo;une grande ma\u00eetrise du m\u00e9tier<\/span><\/a> \u00bb<br \/>\n<\/span><\/p>\n<p><span style=\"color: #777777; font-family: Arial;\">\u00ab <a href=\"https:\/\/lemotdujour.fr\/?p=3138\"><span style=\"color: #0000ff;\">J&rsquo;ai v\u00e9cu d&rsquo;art, j&rsquo;ai v\u00e9cu d&rsquo;amour<\/span><\/a> \u00bb<br \/>\n<\/span><\/p>\n<p><span style=\"color: #777777; font-family: Arial;\">Dans ce second mot du jour j&rsquo;\u00e9voquais sa relation avec ce marchand grec qui avait pour nom Onassis et qui savait amasser beaucoup d&rsquo;argent mais pas rendre heureux ses proches.<br \/>\n<\/span><\/p>\n<p><span style=\"color: #777777; font-family: Arial;\">Le centenaire donne lieu \u00e0 beaucoup de publications <span style=\"color: #0000ff;\">m\u00e9diatiques.<\/span><br \/>\n<\/span><\/p>\n<p><span style=\"color: #777777; font-family: Arial;\">Sur la plateforme de replay de France TV on trouve le remarquable documentaire de <strong>Tom Volf\u00a0<\/strong>: &lt;<a href=\"https:\/\/www.france.tv\/films\/longs-metrages\/1128355-maria-by-callas.html\"><span style=\"color: #0000ff;\">Maria<\/span> <span style=\"color: #0000ff;\">by Callas<\/span><\/a>&gt;. Il sera disponible jusqu&rsquo;au 16\/12\/2023.<br \/>\n<\/span><\/p>\n<p><span style=\"color: #777777; font-family: Arial;\">Et puis il y a <strong>64 \u00e9missions, <\/strong>et d&rsquo;autres sont annonc\u00e9es<strong>,<\/strong> propos\u00e9es par Radio France sur cette page\u00a0: &lt; <a href=\"https:\/\/www.radiofrance.fr\/francemusique\/podcasts\/selection-callas-le-podcast\"><span style=\"color: #0000ff;\">Callas, le podcast<\/span><\/a>&gt;<br \/>\n<\/span><\/p>\n<p><span style=\"color: #777777; font-family: Arial;\">L&rsquo;Op\u00e9ra de Paris lui rend \u00e9galement hommage\u00a0: &lt;<a href=\"https:\/\/www.operadeparis.fr\/apropos\/institution\/hommage-a-maria-callas\"><span style=\"color: #0000ff;\">Hommage \u00e0 Maria Callas<\/span><\/a>&gt;<br \/>\n<\/span><\/p>\n<p><span style=\"color: #777777; font-family: Arial;\">Le 2 d\u00e9cembre, L&rsquo;Op\u00e9ra de Paris propose un Gala Maria Callas qui sera <strong>retransmis le 8 d\u00e9cembre 2023 sur France<\/strong> 5, lors d&rsquo;une soir\u00e9e sp\u00e9ciale consacr\u00e9e \u00e0 Maria Callas.<br \/>\n<\/span><\/p>\n<p><span style=\"color: #777777; font-family: Arial;\">L&rsquo;Op\u00e9ra de Paris la pr\u00e9sente ainsi\u00a0:<br \/>\n<\/span><\/p>\n<p style=\"margin-left: 28pt;\"><span style=\"color: #c00000; font-family: Arial;\">\u00ab\u00a0Cantatrice magn\u00e9tique et trag\u00e9dienne bouleversante, Maria Callas a transform\u00e9 l&rsquo;art du jeu et du chant \u00e0 l&rsquo;op\u00e9ra.\u00a0\u00bb<br \/>\n<\/span><\/p>\n<p><img decoding=\"async\" src=\"https:\/\/lemotdujour.fr\/wp-content\/uploads\/2023\/12\/120323_2357_Samedi2dcem3.jpg\" alt=\"\" \/><span style=\"color: #777777; font-family: Arial;\"><br \/>\n<\/span><\/p>\n<p><span style=\"color: #777777; font-family: Arial;\">Elle fut une artiste unique, bouleversante, probablement, pour l&rsquo;\u00e9ternit\u00e9, la plus grande de toutes les chanteuses d&rsquo;op\u00e9ra.<br \/>\n<\/span><\/p>\n<p><span style=\"color: #777777; font-family: Arial;\">Sa vie fut une trag\u00e9die, mais, comme elle le dit \u00e0 fin du documentaire de Tom Volf &lt;<a href=\"https:\/\/www.france.tv\/films\/longs-metrages\/1128355-maria-by-callas.html\"><span style=\"color: #0000ff;\">Maria by Callas<\/span><\/a>&gt;, elle eut aussi de nombreux t\u00e9moignages d&rsquo;admiration et de remerciement de toutes celles et de tous ceux qui surent ouvrir leurs oreilles et surtout leur c\u0153ur \u00e0 la beaut\u00e9, la sensibilit\u00e9 et l&rsquo;\u00e9motion du chant et du jeu de Maria Callas.<br \/>\n<\/span><\/p>\n<p><span style=\"color: maroon; font-family: Arial;\">&lt;1779&gt;<\/span><\/p>\n","protected":false},"excerpt":{"rendered":"<p>\u00ab\u00a0Maria Callas est n\u00e9e il y a 100 ans.\u00a0\u00bb La plus grande trag\u00e9dienne de l&rsquo;op\u00e9ra est n\u00e9e le 2 d\u00e9cembre 1923 Maria Anna Cecilia Sofia Kalogeropoulou, plus connue sous le nom de Maria Callas est n\u00e9e le 2 d\u00e9cembre 1923<\/p>\n","protected":false},"author":1,"featured_media":0,"comment_status":"open","ping_status":"closed","sticky":false,"template":"","format":"standard","meta":{"footnotes":""},"categories":[1],"tags":[29,20],"class_list":["post-15165","post","type-post","status-publish","format-standard","hentry","category-motdujour","tag-hommage","tag-musique"],"_links":{"self":[{"href":"https:\/\/lemotdujour.fr\/index.php?rest_route=\/wp\/v2\/posts\/15165","targetHints":{"allow":["GET"]}}],"collection":[{"href":"https:\/\/lemotdujour.fr\/index.php?rest_route=\/wp\/v2\/posts"}],"about":[{"href":"https:\/\/lemotdujour.fr\/index.php?rest_route=\/wp\/v2\/types\/post"}],"author":[{"embeddable":true,"href":"https:\/\/lemotdujour.fr\/index.php?rest_route=\/wp\/v2\/users\/1"}],"replies":[{"embeddable":true,"href":"https:\/\/lemotdujour.fr\/index.php?rest_route=%2Fwp%2Fv2%2Fcomments&post=15165"}],"version-history":[{"count":3,"href":"https:\/\/lemotdujour.fr\/index.php?rest_route=\/wp\/v2\/posts\/15165\/revisions"}],"predecessor-version":[{"id":15168,"href":"https:\/\/lemotdujour.fr\/index.php?rest_route=\/wp\/v2\/posts\/15165\/revisions\/15168"}],"wp:attachment":[{"href":"https:\/\/lemotdujour.fr\/index.php?rest_route=%2Fwp%2Fv2%2Fmedia&parent=15165"}],"wp:term":[{"taxonomy":"category","embeddable":true,"href":"https:\/\/lemotdujour.fr\/index.php?rest_route=%2Fwp%2Fv2%2Fcategories&post=15165"},{"taxonomy":"post_tag","embeddable":true,"href":"https:\/\/lemotdujour.fr\/index.php?rest_route=%2Fwp%2Fv2%2Ftags&post=15165"}],"curies":[{"name":"wp","href":"https:\/\/api.w.org\/{rel}","templated":true}]}}