{"id":1516,"date":"2016-12-02T01:00:00","date_gmt":"2016-12-01T22:00:00","guid":{"rendered":"http:\/\/lemotdujour.fr\/?p=1516"},"modified":"2017-05-08T13:30:16","modified_gmt":"2017-05-08T11:30:16","slug":"vendredi-2-decembre-2016","status":"publish","type":"post","link":"https:\/\/lemotdujour.fr\/?p=1516","title":{"rendered":"Vendredi 2 d\u00e9cembre 2016"},"content":{"rendered":"<div class=\"mdjDate\">Vendredi 2 d\u00e9cembre 2016<\/div>\n<div class=\"mdjTexte\">\u00abEl Camino\u00bb<\/div>\n<div class=\"mdjAuteur\">Projet p\u00e9dagogique mis en \u0153uvre \u00e0 Pau sur la base d&rsquo;une \u00e9ducation musicale<\/div>\n<div class=\"mdjComplements\">J&rsquo;ai entendu parler de cette initiative dans cette \u00e9mission de France Inter : <a href=\"https:\/\/www.franceinter.fr\/emissions\/un-jour-en-france\/un-jour-en-france-16-juin-2016\">https:\/\/www.franceinter.fr\/emissions\/un-jour-en-france\/un-jour-en-france-16-juin-2016<\/a><\/div>\n<div class=\"mdjComplements\">Vous trouverez plus d&rsquo;informations sur le site de l&rsquo;association :<a href=\"http:\/\/elcamino-pau.org\/&quot; \\t &quot;_blank\"> http:\/\/elcamino-pau.org\/ : <\/a><\/div>\n<div class=\"mdjComplements\">\u00abElle est n\u00e9e \u00e0 l\u2019initiative de Jean Lacoste, adjoint \u00e0 la culture, le projet El Camino a \u00e9t\u00e9 soutenu et voulu par le maire de Pau : Fran\u00e7ois Bayrou qui en a confi\u00e9 la r\u00e9alisation \u00e0 Fay\u00e7al Karoui.<\/div>\n<div class=\"mdjCiter\">[Fay\u00e7al Karoui est chef d&rsquo;orchestre et] ne cesse de transmettre sa passion de la musique \u00e0 tous, y compris aux personnes les plus \u00e9loign\u00e9es de la musique symphonique. Sous son impulsion, l\u2019OPPB a tiss\u00e9 de nombreux liens avec les \u00e9l\u00e8ves des \u00e9coles paloises, les \u00e9tudiants de l\u2019Universit\u00e9 ou encore les habitants des quartiers prioritaires de la ville. Plus de 10.000 enfants sont accueillis chaque ann\u00e9e lors des r\u00e9p\u00e9titions et l\u2019Orchestre n\u2019h\u00e9site jamais \u00e0 prendre ses quartiers dans les quartiers, \u00e0 inviter sur sc\u00e8ne des artistes des cultures urbaines et \u00e0 cr\u00e9er des \u00e9v\u00e9nements jusque dans les appartements o\u00f9 des concerts se partagent entre voisins, avec pour seule et magnifique ambition de faire partager l\u2019\u00e9motion musicale au plus grand nombre.<\/div>\n<div class=\"mdjCiter\">C\u2019est dans cette continuit\u00e9 qu\u2019est n\u00e9 El Camino, un orchestre de jeunes bas\u00e9 sur l\u2019exp\u00e9rience de l\u2019OPPB et les liens \u00e9troits de cet orchestre avec sa ville et ses quartiers. Mettant toute son \u00e9nergie au service de ce projet, Fay\u00e7al Karoui a su f\u00e9d\u00e9rer et il a rencontr\u00e9 une formidable adh\u00e9sion des familles, puisque 127 enfants issus de 9 \u00e9coles et 3 quartiers, dont 2 prioritaires, participent \u00e0 cette aventure depuis le 5 octobre 2015.<\/div>\n<div class=\"mdjCiter\">Bas\u00e9 sur une p\u00e9dagogie alternative et innovante, par l\u2019apprentissage collectif de l\u2019instrument, les enfants s\u2019initient \u00e0 l\u2019orchestre de fa\u00e7on intensive (7h30 par semaine) en \u00e9tant encadr\u00e9s par des musiciens de l\u2019Orchestre de Pau Pays de B\u00e9arn. [&#8230;]<\/div>\n<div class=\"mdjCiter\">Ce programme d\u00e9passe la pratique musicale pour offrir aux enfants l\u2019opportunit\u00e9 de d\u00e9couvrir leurs capacit\u00e9s et s\u2019approprier les valeurs d\u2019El Camino.<\/div>\n<div class=\"mdjCiter\">El Camino repose sur 5 piliers : <\/div>\n<div class=\"mdjCiter\">&#8211; l\u2019absence de s\u00e9lection, tous les enfants sont accueillis <\/div>\n<div class=\"mdjCiter\">&#8211; l\u2019apprentissage de l\u2019instrument par la pratique collective et ludique<\/div>\n<div class=\"mdjCiter\">&#8211; l\u2019intensivit\u00e9 obligatoire et exigeante (7h30 par semaine)<\/div>\n<div class=\"mdjCiter\">&#8211; une pratique dans un lieu d\u00e9di\u00e9 au projet, havre de paix et lieu refuge<\/div>\n<div class=\"mdjCiter\">&#8211; donner un premier concert dans les 4 premiers mois<\/div>\n<div class=\"mdjCiter\">L\u2019ensemble du dispositif, comprenant le transport depuis l\u2019\u00e9cole, les instruments, les cours et r\u00e9p\u00e9titions, les concerts, le ch\u0153ur des parents, est enti\u00e8rement gratuit.\u00bb<\/div>\n<div class=\"mdjComplements\">El Camino reprend les bases d\u2019un programme d\u2019\u00e9ducation musicale fond\u00e9 en 1975 au Venezuela <a href=\"https:\/\/fr.wikipedia.org\/wiki\/El_Sistema\">&lt;El Sistema&gt;<\/a>. Faire de la musique et jouer en groupe auraient des r\u00e9sultats fascinants en termes d\u2019int\u00e9gration, de discipline, de lutte contre l\u2019absent\u00e9isme scolaire. <\/div>\n<div class=\"mdjComplements\">Il y a m\u00eame un site fran\u00e7ais et qui parle d&rsquo;une initiative alsacienne : <a href=\"http:\/\/www.elsistema-france.org\/\">http:\/\/www.elsistema-france.org\/<\/a><\/div>\n<div class=\"mdjComplements\">El Sistema est une r\u00e9alisation formidable dont est issu un des plus grands chefs actuels Gustavo Dudamel et surtout un orchestre incroyable : <a href=\"https:\/\/www.youtube.com\/channel\/UCmKtELyhJgCN3RsXEfqhdfw\">The Venezuelan Youth Orchestra Sim\u00f3n Bol\u00edvar <\/a><\/div>\n<div class=\"mdjComplements\"><a href=\"https:\/\/www.youtube.com\/watch?v=NEs8yqhavtI\">&lt;Il faut voir et \u00e9couter cet orchestre jouer Mambo de West Side Story de Bernstein dans une ambiance de folie \u00e0 Caracas&gt; <\/a><\/div>\n<div class=\"mdjComplements\"><a href=\"https:\/\/www.youtube.com\/watch?v=hKD8mZG2pdM\">&lt;Et ici un extrait des tableaux d\u2019une exposition&gt;<\/a><\/div>\n<div class=\"mdjComplements\">Cet orchestre rivalise avec les plus grands et ce qui est extraordinaire c&rsquo;est l&rsquo;enthousiasme de ces jeunes qui n&rsquo;enl\u00e8ve en rien leur professionnalisme et la qualit\u00e9 de leur interpr\u00e9tation<\/div>\n<div class=\"mdjComplements\"><a href=\"https:\/\/www.youtube.com\/watch?v=bh874ZoZ8Kw.\">&lt;Et si vous avez un peu plus de temps et de go\u00fbt pour cela, voici une 2\u00e8me symphonie de Mahler magistrale jou\u00e9e au Prom&rsquo;s de Londres&gt;<\/a><\/div>\n","protected":false},"excerpt":{"rendered":"<p>Vendredi 2 d\u00e9cembre 2016 \u00abEl Camino\u00bb Projet p\u00e9dagogique mis en \u0153uvre \u00e0 Pau sur la base d&rsquo;une \u00e9ducation musicale J&rsquo;ai entendu parler de cette initiative dans cette \u00e9mission de France Inter : https:\/\/www.franceinter.fr\/emissions\/un-jour-en-france\/un-jour-en-france-16-juin-2016 Vous trouverez plus d&rsquo;informations sur le site<\/p>\n","protected":false},"author":1,"featured_media":0,"comment_status":"closed","ping_status":"closed","sticky":false,"template":"","format":"standard","meta":{"footnotes":""},"categories":[1],"tags":[],"class_list":["post-1516","post","type-post","status-publish","format-standard","hentry","category-motdujour"],"_links":{"self":[{"href":"https:\/\/lemotdujour.fr\/index.php?rest_route=\/wp\/v2\/posts\/1516","targetHints":{"allow":["GET"]}}],"collection":[{"href":"https:\/\/lemotdujour.fr\/index.php?rest_route=\/wp\/v2\/posts"}],"about":[{"href":"https:\/\/lemotdujour.fr\/index.php?rest_route=\/wp\/v2\/types\/post"}],"author":[{"embeddable":true,"href":"https:\/\/lemotdujour.fr\/index.php?rest_route=\/wp\/v2\/users\/1"}],"replies":[{"embeddable":true,"href":"https:\/\/lemotdujour.fr\/index.php?rest_route=%2Fwp%2Fv2%2Fcomments&post=1516"}],"version-history":[{"count":1,"href":"https:\/\/lemotdujour.fr\/index.php?rest_route=\/wp\/v2\/posts\/1516\/revisions"}],"predecessor-version":[{"id":1517,"href":"https:\/\/lemotdujour.fr\/index.php?rest_route=\/wp\/v2\/posts\/1516\/revisions\/1517"}],"wp:attachment":[{"href":"https:\/\/lemotdujour.fr\/index.php?rest_route=%2Fwp%2Fv2%2Fmedia&parent=1516"}],"wp:term":[{"taxonomy":"category","embeddable":true,"href":"https:\/\/lemotdujour.fr\/index.php?rest_route=%2Fwp%2Fv2%2Fcategories&post=1516"},{"taxonomy":"post_tag","embeddable":true,"href":"https:\/\/lemotdujour.fr\/index.php?rest_route=%2Fwp%2Fv2%2Ftags&post=1516"}],"curies":[{"name":"wp","href":"https:\/\/api.w.org\/{rel}","templated":true}]}}