{"id":1514,"date":"2016-12-01T01:00:00","date_gmt":"2016-11-30T22:00:00","guid":{"rendered":"http:\/\/lemotdujour.fr\/?p=1514"},"modified":"2021-09-26T20:59:07","modified_gmt":"2021-09-26T18:59:07","slug":"jeudi-1er-decembre-2016","status":"publish","type":"post","link":"https:\/\/lemotdujour.fr\/?p=1514","title":{"rendered":"Jeudi 1 d\u00e9cembre 2016"},"content":{"rendered":"<div class=\"mdjTexte\">\t\u00ab&nbsp;La symphonie Path\u00e9tique&nbsp;\u00bb<\/div>\n<div class=\"mdjAuteur\">\tPiotr Ilitch Tcha\u00efkovski<\/div>\n<p><span style=\"color: #777777; font-family: Arial;\">La symphonie Path\u00e9tique est la sixi\u00e8me et derni\u00e8re symphonie de Tcha\u00efkovski. L\u00e9onard Slatkin et l&rsquo;Orchestre National de Lyon ont interpr\u00e9t\u00e9 toutes les symphonies du compositeur russe et ont termin\u00e9 samedi 26 novembre par une interpr\u00e9tation exceptionnelle et bouleversante de la symphonie path\u00e9tique.<br \/>\n<\/span><\/p>\n<p><img decoding=\"async\" class=\"alignleft\" src=\"https:\/\/lemotdujour.fr\/wp-content\/uploads\/2019\/02\/020219_1714_DATEINCERTA1.jpg\" alt=\"\" align=\"left\"><span style=\"color: #777777; font-family: Arial;\">Mais l&rsquo;objet de ce mot du jour n&rsquo;est pas principalement la musique.<br \/>\n<\/span><\/p>\n<p><span style=\"color: #777777; font-family: Arial;\">Ce que l&rsquo;on sait et qui est certain, c&rsquo;est que cette \u0153uvre a \u00e9t\u00e9 cr\u00e9\u00e9e \u00e0 Saint P\u00e9tersbourg, sous la direction du compositeur, le 28 octobre 1893 et que Piotr Ilitch Tcha\u00efkovski est mort en pleine gloire le 6 novembre 1893, 9 jours apr\u00e8s, \u00e0 l&rsquo;\u00e2ge de 53 ans.<br \/>\n<\/span><\/p>\n<p><span style=\"color: #777777; font-family: Arial;\">Ce qui n&rsquo;est pas \u00e9tabli formellement mais tr\u00e8s probable c&rsquo;est qu&rsquo;il soit mort du chol\u00e9ra, comme sa m\u00e8re, alors qu&rsquo;une \u00e9pid\u00e9mie s&rsquo;\u00e9tait r\u00e9pandue dans la ville, ce que tout le monde savait.<br \/>\n<\/span><\/p>\n<p><span style=\"color: #777777; font-family: Arial;\">Ce qui est aussi tr\u00e8s document\u00e9 aujourd&rsquo;hui mais a \u00e9t\u00e9 cach\u00e9 longtemps c&rsquo;est l&rsquo;homosexualit\u00e9 de Tcha\u00efkovski ainsi que son mal \u00eatre et sa difficult\u00e9 de vivre ses pulsions dans une soci\u00e9t\u00e9 qui rejetait cette tendance sexuelle et la consid\u00e9rait comme une perversion insupportable.<br \/>\n<\/span><\/p>\n<p><span style=\"color: #777777; font-family: Arial;\">La suite de cette histoire est plus trouble, mais la grande \u00e9crivaine russe Nina Berberova a, dans sa<span style=\"color: #0000ff;\"> <a style=\"color: #0000ff;\" href=\"http:\/\/www.babelio.com\/livres\/Berberova-Tchaikovski\/62777\"><span style=\"text-decoration: underline;\">biographie du compositeur<\/span><\/a><\/span>, d\u00e9velopp\u00e9 une th\u00e8se qui se racontait de bouche \u00e0 oreilles, comme un secret inavouable.<br \/>\n<\/span><\/p>\n<p><span style=\"color: #777777; font-family: Arial;\">Selon<span style=\"color: #0000ff;\"> <a style=\"color: #0000ff;\" href=\"https:\/\/fr.wikipedia.org\/wiki\/Piotr_Ilitch_Tcha%C3%AFkovski\"><span style=\"text-decoration: underline;\">Wikipedia<\/span><\/a><\/span>, cette th\u00e9orie fut aussi pr\u00e9sent\u00e9e par la musicologue russe Alexandra Orlova en 1979 apr\u00e8s son \u00e9migration aux \u00c9tats-Unis, sur les bases de r\u00e9v\u00e9lations qui lui furent faites en 1966 par Alexander Voitov, \u00e9l\u00e8ve et historien du Coll\u00e8ge imp\u00e9rial de la Jurisprudence de Saint-P\u00e9tersbourg.<br \/>\n<\/span><\/p>\n<p>&nbsp;<\/p>\n<p><span style=\"color: #777777; font-family: Arial;\">Tcha\u00efkovski aurait contract\u00e9 le chol\u00e9ra en buvant en pleine conscience un verre d&rsquo;eau de la Neva non st\u00e9rilis\u00e9e. Ce serait donc un suicide.<br \/>\n<\/span><\/p>\n<p><span style=\"color: #777777; font-family: Arial;\">Cette th\u00e9orie raconte l&rsquo;histoire suivante : Tcha\u00efkovski a eu une relation homosexuelle avec un jeune officier Victor Stenbock-Fermor qui \u00e9tait d&rsquo;une famille princi\u00e8re li\u00e9e au Tsar de Russie. L&rsquo;oncle de cet officier, le prince Stenbock-Fermor, mar\u00e9chal du palais a d\u00e9nonc\u00e9 le compositeur par une lettre au procureur.<br \/>\n<\/span><\/p>\n<p><span style=\"color: #777777; font-family: Arial;\">Le scandale allait \u00e9clater, le plus grand compositeur russe vivant allait \u00eatre arr\u00eat\u00e9 et jug\u00e9 pour cette d\u00e9pravation extr\u00eame : l&rsquo;homosexualit\u00e9. Des amis de Tcha\u00efkovski et des hauts dignitaires du Palais pour \u00e9viter ce scandale qui aurait touch\u00e9 un homme c\u00e9l\u00e8bre mais aussi toute la Russie ont alors trouv\u00e9 la solution de r\u00e9unir secr\u00e8tement \u00ab<strong>un tribunal d&rsquo;honneur<\/strong>\u00bb constitu\u00e9 d&rsquo;anciens \u00e9tudiants du Coll\u00e8ge imp\u00e9rial de la Jurisprudence de Saint-P\u00e9tersbourg \u00bb pour juger Tcha\u00efkovski. Ce tribunal aurait condamn\u00e9 le compositeur \u00e0 se suicider.<br \/>\n<\/span><\/p>\n<p><span style=\"color: #777777; font-family: Arial;\">Dans Wikipedia on lit :<br \/>\n<\/span><\/p>\n<p style=\"margin-left: 28pt;\"><span style=\"color: #c00000; font-family: Arial;\">\u00ab Apr\u00e8s sa mort, il b\u00e9n\u00e9ficie de fun\u00e9railles nationales \u00e0 la cath\u00e9drale Notre-Dame de Kazan auxquelles assistent pr\u00e8s de 8 000 personnes. Le cercueil de Tcha\u00efkovski est port\u00e9 par des proches, dont le prince Alexandre d&rsquo;Oldenbourg (1844-1932), cousin de l&#8217;empereur, les frais des fun\u00e9railles \u00e9tant couverts par la Maison de Sa Majest\u00e9 imp\u00e9riale. Le ch\u0153ur de la cath\u00e9drale et le ch\u0153ur de l&rsquo;Op\u00e9ra imp\u00e9rial russe accompagnent la c\u00e9r\u00e9monie, en pr\u00e9sence de son ami le grand-duc Constantin de Russie qui \u00e9crit le lendemain dans son Journal que \u00ab les murs de la cath\u00e9drale n&rsquo;\u00e9taient pas suffisants pour contenir ceux qui voulaient prier pour le repos de l&rsquo;\u00e2me de Piotr Ilitch \u00bb.<br \/>\n<\/span><\/p>\n<p><span style=\"color: #777777; font-family: Arial;\">Cette histoire rappelle celle d&rsquo;Alan Turing, le g\u00e9nial scientifique qui s&rsquo;est suicid\u00e9 en mangeant une pomme empoisonn\u00e9e et qui avait fait l&rsquo;objet du mot du jour du <span style=\"color: #0000ff;\"><a style=\"color: #0000ff;\" href=\"https:\/\/lemotdujour.fr\/?p=550\">31\/12\/2013<\/a>.<\/span><br \/>\n<\/span><\/p>\n<p><span style=\"color: #777777; font-family: Arial;\">En ce moment, au Maroc<span style=\"color: #0000ff;\"> <a style=\"color: #0000ff;\" href=\"http:\/\/www.france24.com\/fr\/20161125-maroc-homosexualite-deux-adolescentes-mineures-risquent-trois-ans-prison-justice\"><span style=\"text-decoration: underline;\">&lt;Deux adolescentes sont jug\u00e9es pour homosexualit\u00e9 parce qu&rsquo;elles ont \u00e9chang\u00e9 un baiser&gt;,<\/span><\/a><\/span> elles risquent 3 ans de prison. Peine l\u00e9g\u00e8re si on la compare \u00e0 d&rsquo;autres sanctions appliqu\u00e9es dans des pays th\u00e9ocratiques islamiques.<br \/>\n<\/span><\/p>\n<p><span style=\"color: #777777; font-family: Arial;\">En France, <span style=\"color: #0000ff;\"><a style=\"color: #0000ff;\" href=\"http:\/\/www.lexpress.fr\/actualite\/societe\/des-maires-veulent-de-faire-interdire-des-affiches-de-prevention-contre-le-sida_1852810.html\"><span style=\"text-decoration: underline;\">des maires se sont oppos\u00e9s \u00e0 l&rsquo;affichage d&rsquo;une campagne de pr\u00e9vention contre le sida<\/span><\/a>,<\/span> parce que les affiches montraient, de mani\u00e8re pudique, des homosexuels qui \u00e9tait la cible vis\u00e9e par cette campagne.<br \/>\n<\/span><\/p>\n<p><span style=\"color: #777777; font-family: Arial;\">Depuis Tcha\u00efkovski, la lutte contre la discrimination homophobe a certes progress\u00e9, parfois on a cependant le sentiment d&rsquo;une r\u00e9gression dans notre pays, dans d&rsquo;autres pays tout reste \u00e0 faire.<br \/>\n<\/span><\/p>\n<p><span style=\"color: #777777; font-family: Arial;\">Pour revenir \u00e0 la symphonie Path\u00e9tique, Ken Russell a r\u00e9alis\u00e9, en 1969, un film <a href=\"https:\/\/fr.wikipedia.org\/wiki\/La_Symphonie_path%C3%A9tique_%28film,_1969%29\"><span style=\"color: blue; text-decoration: underline;\"><span style=\"color: #0000ff; text-decoration: underline;\">&lt;The Music Lovers&gt;<\/span>, <\/span><\/a>dont le titre fran\u00e7ais est \u00abla symphonie path\u00e9tique\u00bb qui \u00e9voquait de mani\u00e8re explicite l&rsquo;homosexualit\u00e9 de Tcha\u00efkovski.<br \/>\n<\/span><\/p>\n<p><span style=\"color: #0000ff;\"><a style=\"color: #0000ff;\" href=\"https:\/\/www.youtube.com\/watch?v=qUD5-quka_g\"><span style=\"font-family: Arial; text-decoration: underline;\">&lt;Vous trouverez ici une belle interpr\u00e9tation de cette symphonie&gt;<\/span><\/a><\/span><span style=\"color: #777777; font-family: Arial;\"> par le grand chef russe Evgeny Svetlanov.<br \/>\n<\/span><\/p>\n<p><span style=\"color: #c00000; font-family: Arial;\">&lt;798&gt;<\/span><\/p>\n","protected":false},"excerpt":{"rendered":"<p>\u00ab&nbsp;La symphonie Path\u00e9tique&nbsp;\u00bb Piotr Ilitch Tcha\u00efkovski La symphonie Path\u00e9tique est la sixi\u00e8me et derni\u00e8re symphonie de Tcha\u00efkovski. L\u00e9onard Slatkin et l&rsquo;Orchestre National de Lyon ont interpr\u00e9t\u00e9 toutes les symphonies du compositeur russe et ont termin\u00e9 samedi 26 novembre par une<\/p>\n","protected":false},"author":1,"featured_media":0,"comment_status":"closed","ping_status":"closed","sticky":false,"template":"","format":"standard","meta":{"footnotes":""},"categories":[1],"tags":[17,20,93],"class_list":["post-1514","post","type-post","status-publish","format-standard","hentry","category-motdujour","tag-histoire","tag-musique","tag-sexe"],"_links":{"self":[{"href":"https:\/\/lemotdujour.fr\/index.php?rest_route=\/wp\/v2\/posts\/1514","targetHints":{"allow":["GET"]}}],"collection":[{"href":"https:\/\/lemotdujour.fr\/index.php?rest_route=\/wp\/v2\/posts"}],"about":[{"href":"https:\/\/lemotdujour.fr\/index.php?rest_route=\/wp\/v2\/types\/post"}],"author":[{"embeddable":true,"href":"https:\/\/lemotdujour.fr\/index.php?rest_route=\/wp\/v2\/users\/1"}],"replies":[{"embeddable":true,"href":"https:\/\/lemotdujour.fr\/index.php?rest_route=%2Fwp%2Fv2%2Fcomments&post=1514"}],"version-history":[{"count":3,"href":"https:\/\/lemotdujour.fr\/index.php?rest_route=\/wp\/v2\/posts\/1514\/revisions"}],"predecessor-version":[{"id":12155,"href":"https:\/\/lemotdujour.fr\/index.php?rest_route=\/wp\/v2\/posts\/1514\/revisions\/12155"}],"wp:attachment":[{"href":"https:\/\/lemotdujour.fr\/index.php?rest_route=%2Fwp%2Fv2%2Fmedia&parent=1514"}],"wp:term":[{"taxonomy":"category","embeddable":true,"href":"https:\/\/lemotdujour.fr\/index.php?rest_route=%2Fwp%2Fv2%2Fcategories&post=1514"},{"taxonomy":"post_tag","embeddable":true,"href":"https:\/\/lemotdujour.fr\/index.php?rest_route=%2Fwp%2Fv2%2Ftags&post=1514"}],"curies":[{"name":"wp","href":"https:\/\/api.w.org\/{rel}","templated":true}]}}