{"id":15137,"date":"2023-11-21T01:09:28","date_gmt":"2023-11-21T00:09:28","guid":{"rendered":"https:\/\/lemotdujour.fr\/?p=15137"},"modified":"2023-12-01T00:10:38","modified_gmt":"2023-11-30T23:10:38","slug":"mardi-21-novembre-2023","status":"publish","type":"post","link":"https:\/\/lemotdujour.fr\/?p=15137","title":{"rendered":"Mardi 21 novembre 2023"},"content":{"rendered":"<div class=\"mdjTexte\">\u00ab\u00a0Ils ne voient qu&rsquo;une chose : nous sommes venus et nous avons vol\u00e9 leur pays. Pourquoi l&rsquo;accepteraient-ils ?\u00a0\u00bb<\/div>\n<div class=\"mdjAuteur\">David Ben Gourion en 1956 en parlant des arabes, propos reproduit par Nahum Goldmann dans \u00ab\u00a0Le Paradoxe juif\u00a0\u00bb<\/div>\n<p><span style=\"color: #777777; font-family: Arial;\">Depuis un mois, il y a un grand effort de la part des m\u00e9dias pour rappeler ce que la situation au Moyen-Orient doit \u00e0 l&rsquo;Histoire et notamment \u00e0 l&rsquo;histoire du sionisme.<br \/>\n<\/span><\/p>\n<p><span style=\"color: #777777; font-family: Arial;\">Le sionisme, c&rsquo;est-\u00e0-dire cr\u00e9er un \u00c9tat pour les juifs, est une r\u00e9ponse \u00e0 l&rsquo;antis\u00e9mitisme mill\u00e9naire<br \/>\n<\/span><\/p>\n<p><span style=\"color: #777777; font-family: Arial;\">La prise de conscience a d&rsquo;abord lieu dans la Russie tsariste, dans les ann\u00e9es 1880.<br \/>\n<\/span><\/p>\n<p><span style=\"color: #777777; font-family: Arial;\">L&rsquo;assassinat d&rsquo;Alexandre II, le 13 mars 1881, d\u00e9clenche, en effet, une vague de pogroms jusqu&rsquo;\u00e0 l&rsquo;\u00e9t\u00e9 1884.<br \/>\n<\/span><\/p>\n<p><span style=\"color: #777777; font-family: Arial;\">Les massacres et les pillages, encourag\u00e9s par l&rsquo;autocratie d&rsquo;Alexandre III, rappellent brutalement aux Juifs qu&rsquo;ils ne sont que tol\u00e9r\u00e9s en Russie.<br \/>\n<\/span><\/p>\n<p><span style=\"color: #777777; font-family: Arial;\">D\u00e8s lors, beaucoup d&rsquo;entre eux choisiront la rupture avec la Russie &#8211; rupture \u00ab mentale \u00bb par l&rsquo;engagement dans les mouvements r\u00e9volutionnaires, rupture \u00ab physique \u00bb par l&rsquo;\u00e9migration.<br \/>\n<\/span><\/p>\n<p><span style=\"color: #777777; font-family: Arial;\">La masse des expatri\u00e9s (600 000 sur plus de cinq millions de Juifs russes entre 1881 et 1903) s&rsquo;installera aux \u00c9tats-Unis. Mais une partie d&rsquo;entre eux optera pour une solution radicale : l&rsquo;installation en Erefz Isra\u00ebl (la Terre d&rsquo;Isra\u00ebl), o\u00f9 ils \u00e9difieront des villages qui formeront la base d&rsquo;une soci\u00e9t\u00e9 juive autonome.<br \/>\n<\/span><\/p>\n<p><span style=\"color: #777777; font-family: Arial;\">Cette \u00e9migration vers la Palestine qui est une province, administr\u00e9e depuis 1517, par l&rsquo;Empire ottoman portera pour nom \u00ab\u00a0<strong>Aliya<\/strong>\u00a0\u00bb<br \/>\n<\/span><\/p>\n<p><span style=\"color: #777777; font-family: Arial;\">Un mouvement sera cr\u00e9\u00e9 en Russie par un m\u00e9decin d&rsquo;Odessa <strong>L\u00e9o Pinsker<\/strong> (1821-1891)\u00a0: \u00ab\u00a0<strong>Les Amants de Sion<\/strong>\u00a0\u00bb<br \/>\n<\/span><\/p>\n<p><span style=\"color: #777777; font-family: Arial;\">C&rsquo;est dans ce cadre que va germer l&rsquo;id\u00e9e que la survie des Juifs n\u00e9cessite la reconstitution d&rsquo;une patrie en Palestine<br \/>\n<\/span><\/p>\n<p><span style=\"color: #777777; font-family: Arial;\"><strong>David Ben Gourion<\/strong>, premier Premier ministre de l&rsquo;\u00c9tat d&rsquo;Isra\u00ebl, l&rsquo;homme qui a proclam\u00e9 la cr\u00e9ation de l&rsquo;Etat d&rsquo;Isra\u00ebl est n\u00e9 le 16 octobre 1886, en Pologne, dans la partie qui \u00e9tait alors int\u00e9gr\u00e9e dans l&rsquo;Empire russe.<br \/>\n<\/span><\/p>\n<p><span style=\"color: #777777; font-family: Arial;\">Son p\u00e8re \u00e9tait professeur d&rsquo;h\u00e9breu et membre des Amants de Sion<br \/>\n<\/span><\/p>\n<p><span style=\"color: #777777; font-family: Arial;\">David Ben Gourion \u00e9migrera en 1906, dans ce que les historiens appelleront la deuxi\u00e8me Aliya.<br \/>\n<\/span><\/p>\n<p><span style=\"color: #777777; font-family: Arial;\">Mais la formidable dynamique du \u00ab\u00a0sionisme\u00a0\u00bb sera surtout l&rsquo;\u0153uvre de Theodor Herzl (<strong>1860-1904<\/strong>), fils de n\u00e9gociants hongrois ais\u00e9s, devenu journaliste \u00e0 Vienne.<br \/>\n<\/span><\/p>\n<p><span style=\"color: #777777; font-family: Arial;\">Il sera le vrai fondateur du mouvement sioniste au \u00ab\u00a0<strong>congr\u00e8s de B\u00e2le en 1897<\/strong>\u00a0\u00bb et l&rsquo;auteur de \u00ab\u00a0<strong>Der Judenstaat<\/strong>\u00a0\u00bb (L&rsquo;\u00c9tat des Juifs) en 1896 dans lequel il explique comment il pense possible, avec l&rsquo;appui de la communaut\u00e9 internationale, d&rsquo;obtenir une souverainet\u00e9 sur un territoire d\u00e9termin\u00e9.<br \/>\n<\/span><\/p>\n<p><span style=\"color: #777777; font-family: Arial;\">Il y aura des discussions sur ce territoire, on parle de l&rsquo;Argentine, ou encore de l&rsquo;Ouganda, mais le terme utilis\u00e9 de \u00ab Sion \u00bb qui est le nom biblique d&rsquo;une colline de J\u00e9rusalem, laissait quand m\u00eame pr\u00e9voir que le territoire esp\u00e9r\u00e9 \u00e9tait celui qui nagu\u00e8re, au d\u00e9but de l&rsquo;\u00e8re chr\u00e9tienne, avait pour nom Jud\u00e9e, Galil\u00e9e et Samarie.<br \/>\n<\/span><\/p>\n<p><span style=\"color: #777777; font-family: Arial;\">Mais il faudra encore la premi\u00e8re guerre mondiale et l&rsquo;intervention pertinente de <strong>Chaim Weizman<\/strong>, inventeur de l&rsquo;explosif Acetone, pour que l&rsquo;Empire Britannique accepte l&rsquo;id\u00e9e d&rsquo;\u00ab<strong>un foyer national juif en Palestine<\/strong>\u00a0\u00bb dans la \u00ab\u00a0<strong>D\u00e9claration Balfour<\/strong>\u00a0\u00bb.<br \/>\n<\/span><\/p>\n<p><span style=\"color: #777777; font-family: Arial;\">Cet \u00e9pisode historique, je l&rsquo;ai d\u00e9j\u00e0 racont\u00e9 dans le mot du jour du<span style=\"color: #0000ff;\"> <a style=\"color: #0000ff;\" href=\"https:\/\/lemotdujour.fr\/?p=1038\">&lt; 17 mars 2015&gt;<\/a><\/span><br \/>\n<\/span><\/p>\n<p><span style=\"color: #777777; font-family: Arial;\"><strong><img loading=\"lazy\" decoding=\"async\" class=\"size-full wp-image-15147 alignright\" src=\"https:\/\/lemotdujour.fr\/wp-content\/uploads\/2023\/11\/1IsraelPalestine1947-Petit-format.jpg\" alt=\"\" width=\"540\" height=\"563\" srcset=\"https:\/\/lemotdujour.fr\/wp-content\/uploads\/2023\/11\/1IsraelPalestine1947-Petit-format.jpg 540w, https:\/\/lemotdujour.fr\/wp-content\/uploads\/2023\/11\/1IsraelPalestine1947-Petit-format-288x300.jpg 288w\" sizes=\"auto, (max-width: 540px) 100vw, 540px\" \/>Chaim<\/strong> <strong>Weizman<\/strong> sera Pr\u00e9sident de l&rsquo;Organisation Sioniste Mondiale, par deux fois, de 1920 \u00e0 1931, puis de 1935 \u00e0 1946, avant de devenir le premier pr\u00e9sident de l&rsquo;\u00c9tat d&rsquo;Isra\u00ebl entre 1949 et 1952.<br \/>\n<\/span><\/p>\n<p><span style=\"color: #777777; font-family: Arial;\">Et puis il faudra la seconde guerre mondiale, la Shoah, la cr\u00e9ation de l&rsquo;ONU, le plan de partage de la Palestine vot\u00e9 \u00e0 l&rsquo;ONU le 29 novembre 1947 entre un \u00c9tat juif et un \u00c9tat arabe et enfin la d\u00e9claration d&rsquo;ind\u00e9pendance de l&rsquo;\u00c9tat d&rsquo;Isra\u00ebl, le 14 mai 1948, dernier jour du mandat britannique sur la Palestine dans le hall du Mus\u00e9e d&rsquo;art de Tel Aviv par David Ben Gourion.<br \/>\n<\/span><\/p>\n<p><span style=\"color: #777777; font-family: Arial;\"><strong>L\u2019\u00c9tat<\/strong> arabe n&rsquo;a pas \u00e9t\u00e9 cr\u00e9\u00e9 jusqu&rsquo;\u00e0 pr\u00e9sent.<br \/>\n<\/span><\/p>\n<p><span style=\"color: #777777; font-family: Arial;\">En 1948, la Palestine comptait 2\/3 d&rsquo;arabes musulmans et chr\u00e9tiens et 1\/3 de juifs.<br \/>\n<\/span><\/p>\n<p><span style=\"color: #777777; font-family: Arial;\"><strong>Nahum Goldmann<\/strong> \u00e9tait aussi n\u00e9 dans l&rsquo;Empire russe, le 10 juillet 1895 en Bi\u00e9lorussie, il est mort en 1982. Il \u00e9tait \u00e9galement dirigeant du mouvement sioniste.<br \/>\n<\/span><\/p>\n<p><img decoding=\"async\" class=\"alignleft\" src=\"https:\/\/lemotdujour.fr\/wp-content\/uploads\/2023\/11\/112123_0001_Mardi21nove1.jpg\" alt=\"\" align=\"left\" \/><span style=\"color: #777777; font-family: Arial;\">Il a \u00e9crit en 1976, un livre \u00ab\u00a0<strong>Le Paradoxe juif<\/strong>\u00a0\u00bb, sous-titr\u00e9 \u00ab\u00a0Conversations en fran\u00e7ais avec L\u00e9on Abramowicz\u00a0\u00bb<br \/>\n<\/span><\/p>\n<p><span style=\"color: #777777; font-family: Arial;\">Lors de la Seconde Guerre mondiale, <a href=\"https:\/\/fr.wikipedia.org\/wiki\/Nahum_Goldmann\"><strong><span style=\"color: #0000ff;\">Nahum Goldmann<\/span><\/strong><\/a> s&rsquo;\u00e9tablit aux \u00c9tats-Unis et participa activement aux n\u00e9gociations en faveur de la cr\u00e9ation de l&rsquo;\u00c9tat d&rsquo;Isra\u00ebl.<br \/>\n<\/span><\/p>\n<p><span style=\"color: #777777; font-family: Arial;\">En 1948, il est l&rsquo;un des leaders de la Conf\u00e9d\u00e9ration sioniste et \u00e0 partir de 1956, son pr\u00e9sident ; il est \u00e9galement ensuite <strong>pr\u00e9sident du Congr\u00e8s juif mondial<\/strong>.<br \/>\n<\/span><\/p>\n<p><span style=\"color: #777777; font-family: Arial;\">Il eut un r\u00f4le primordial dans les n\u00e9gociations de l&rsquo;accord de r\u00e9parations avec l&rsquo;Allemagne<br \/>\n<\/span><\/p>\n<p><span style=\"color: #777777; font-family: Arial;\">Il \u00e9tait un ami intime de David Ben Gourion, m\u00eame si leurs relations furent parfois tumultueuses.<br \/>\n<\/span><\/p>\n<p><span style=\"color: #777777; font-family: Arial;\">Il \u00e9crit\u00a0:<br \/>\n<\/span><\/p>\n<p style=\"margin-left: 28pt;\"><span style=\"color: #c00000; font-family: Arial;\">\u00ab\u00a0Nous nous sommes souvent affront\u00e9s, tant en public, qu&rsquo;en priv\u00e9, mais, en d\u00e9pit de nos diff\u00e9rents, surtout en ce qui concernait la politique arabe, nous \u00e9tions fort li\u00e9s et chez David Ben Gourion, j&rsquo;ai toujours admir\u00e9 l&rsquo;homme d&rsquo;\u00c9tat.\u00a0\u00bb<br \/>\n<em>Le Paradoxe juif page 115<\/em><br \/>\n<\/span><\/p>\n<p><span style=\"color: #777777; font-family: Arial;\">Il en fait un portrait \u00e9logieux mais sans concession\u00a0:<br \/>\n<\/span><\/p>\n<p style=\"margin-left: 28pt;\"><span style=\"color: #c00000; font-family: Arial;\">\u00ab\u00a0Il fut non seulement un grand homme d&rsquo;Etat, mais aussi un diplomate et un politicien tr\u00e8s habile, tr\u00e8s rus\u00e9, en v\u00e9rit\u00e9 l&rsquo;un des meilleurs que je n&rsquo;aie jamais connus. Une promesse de lui ne valait rien du tout. Il n&rsquo;h\u00e9sitait pas \u00e0 promettre une chose et ensuite \u00e0 faire le contraire. Il \u00e9tait tout \u00e0 fait d\u00e9nu\u00e9 de scrupules. Il n&rsquo;a jamais poursuivi d&rsquo;autres but que de r\u00e9aliser l&rsquo;id\u00e9al sioniste et d&rsquo;assouvir son immense ambition. [\u2026]<br \/>\nJ&rsquo;ai connu beaucoup d&rsquo;hommes d&rsquo;\u00c9tat, mais presque aucun n&rsquo;ayant son sens historique. Il \u00e9tait persuad\u00e9 que chaque mot qu&rsquo;il pronon\u00e7ait l&rsquo;\u00e9tait pour l&rsquo;\u00e9ternit\u00e9. \u00bb<br \/>\n<em>Le Paradoxe juif Page 116<\/em><br \/>\n<\/span><\/p>\n<p><span style=\"color: #777777; font-family: Arial;\">En r\u00e9sum\u00e9, ils \u00e9taient d&rsquo;accord sur tout, sauf sur la politique Arabe.<br \/>\n<\/span><\/p>\n<p><span style=\"color: #777777; font-family: Arial;\">Ben Gourion ne voulait pas lui confier les n\u00e9gociations avec les Arabes. Apr\u00e8s avoir encens\u00e9 tous ses talents, notamment de diplomate, Ben Gourion a pos\u00e9 ce jugement\u00a0:<br \/>\n<\/span><\/p>\n<p style=\"margin-left: 28pt;\"><span style=\"color: #c00000; font-family: Arial;\">\u00ab Tu as donc le droit de te demander pourquoi je ne te charge pas du probl\u00e8me qui d\u00e9cidera de l&rsquo;avenir de l\u2019\u00c9tat d&rsquo;Isra\u00ebl : la paix avec les Arabes. Je vais t&rsquo;en expliquer les raisons\u2026<br \/>\n[Dans tes missions pr\u00e9c\u00e9dentes avec les hommes politiques am\u00e9ricains, avec Adenauer] A ces hommes tu as parl\u00e9 d&rsquo;\u00e9gal \u00e0 \u00e9gal car vous partagez les m\u00eames qualit\u00e9s. Mais avec les Arabes, qui sont des barbares, tous tes dons n&rsquo;ont aucune valeur. Ni ta culture, ni ton charme, ni ton art de la persuasion n&rsquo;auraient d&rsquo;effet sur eux. Eux ne comprennent que la mani\u00e8re forte, et la main de fer, c&rsquo;est moi, pas toi. Voil\u00e0 l&rsquo;explication.\u00a0\u00bb<br \/>\n<em>Le Paradoxe juif pages 118 et 119.<br \/>\n<\/em><\/span><\/p>\n<p><span style=\"color: #777777; font-family: Arial;\">Alors que Nahum Goldmann \u00e9tait persuad\u00e9 que\u00a0: \u00ab\u00a0<span style=\"color: #c00000;\">sans un accord avec les Arabes, Isra\u00ebl ne conna\u00eetrait pas d&rsquo;avenir \u00e0 long terme.<span style=\"color: #777777;\">\u00a0\u00bb <span style=\"color: #c00000;\"><em>Le Paradoxe juif page 121<\/em><span style=\"color: #777777;\"><br \/>\n<\/span><\/span><\/span><\/span><\/span><\/p>\n<p><span style=\"color: #777777; font-family: Arial;\">Et Nahum Goldmann va r\u00e9v\u00e9ler un \u00e9change qu&rsquo;il aura dans l&rsquo;intimit\u00e9 de la cuisine de l&rsquo;habitation de David Ben Gourion. Je cite l&rsquo;int\u00e9gralit\u00e9 de ce passage avec son introduction :<br \/>\n<\/span><\/p>\n<p style=\"margin-left: 28pt;\"><span style=\"color: #c00000; font-family: Arial;\">\u00ab\u00a0En effet, il m&rsquo;est souvent apparu que chez les hommes d&rsquo;\u00c9tat, le caract\u00e8re l&#8217;emporte sur l&rsquo;intelligence.<br \/>\nNombre d&rsquo;entre eux comprennent avec leur cerveau ce qu&rsquo;il convient de faire, mais leur caract\u00e8re leur interdit de le r\u00e9aliser.<br \/>\nCe comportement est typique de Ben Gourion\u00a0: je vais en donner un exemple que je n&rsquo;oublierai jamais.<br \/>\nUn jour, ou plut\u00f4t une nuit de 1956, je suis rest\u00e9 chez lui jusqu&rsquo;\u00e0 trois heures du matin. Nos v\u00e9ritables conversations se d\u00e9roulaient souvent dans la cuisine et, comme \u00e0 l&rsquo;accoutum\u00e9e il voulait que sa femme Paula all\u00e2t dormir. Comme elle insistait pour rester, Ben Gourion me disait\u00a0: \u00ab\u00a0Nahum, tu es le seul qu&rsquo;elle respecte. SI je lui demande, elle n&rsquo;ira pas dormir, mais, si toi tu l&rsquo;en pries, elle acceptera.\u00a0\u00bb Je disais donc \u00e0 Paula\u00a0: \u00ab\u00a0 Fais moi plaisir, va te coucher\u00a0\u00bb, puis Ben Gourion pr\u00e9parait du caf\u00e9 et des sandwiches.<br \/>\nCette nuit-l\u00e0, une belle nuit d&rsquo;\u00e9t\u00e9, nous e\u00fbmes une conversation \u00e0 c\u0153ur ouvert sur le probl\u00e8me arabe.<br \/>\n<\/span><\/p>\n<p style=\"margin-left: 28pt;\"><span style=\"color: #c00000; font-family: Arial;\">\u00ab Je ne comprends pas ton optimisme \u00bb, me d\u00e9clara Ben Gourion.<br \/>\n\u00ab Pourquoi les Arabes feraient-ils la paix ? Si j&rsquo;\u00e9tais, moi, un leader arabe, jamais je ne signerais avec Isra\u00ebl. C&rsquo;est normal : nous avons pris leur pays.<br \/>\nCertes, Dieu nous l&rsquo;a promis, mais en quoi cela peut-il les int\u00e9resser ? Notre Dieu n&rsquo;est pas le leur.<br \/>\nNous sommes originaires d&rsquo;Isra\u00ebl, c&rsquo;est vrai, mais il y a de cela deux mille ans : en quoi cela les concerne-t-il ?<br \/>\nIl y a eu l&rsquo;antis\u00e9mitisme, les nazis, Hitler, Auschwitz, mais \u00e9tait-ce leur faute ?<br \/>\nIls ne voient qu&rsquo;une chose : nous sommes venus et nous avons vol\u00e9 leur pays. Pourquoi l&rsquo;accepteraient-ils ?<br \/>\nIls oublieront peut-\u00eatre dans une ou deux g\u00e9n\u00e9rations, mais, pour l&rsquo;instant, il n&rsquo;y a aucune chance.<br \/>\nAlors, c&rsquo;est simple : nous devons rester forts, avoir une arm\u00e9e puissante.<br \/>\nToute la politique est l\u00e0. Autrement, les Arabes nous d\u00e9truiront. \u00bb<br \/>\nJ&rsquo;\u00e9tais boulevers\u00e9 par ce pessimisme, mais il poursuivit :<br \/>\n\u00ab J&rsquo;aurai bient\u00f4t soixante-dix ans. Eh bien, Nahum, me demanderais-tu si je mourrai et si je serai enterr\u00e9 dans un \u00c9tat juif que je te r\u00e9pondrais oui : dans dix ans, dans quinze ans, je crois qu&rsquo;il y aura encore un \u00c9tat juif.<br \/>\nMais si tu me demandes si mon fils Amos, qui aura cinquante ans \u00e0 la fin de l&rsquo;ann\u00e9e, a des chances de mourir et d&rsquo;\u00eatre enterr\u00e9 dans un \u00c9tat juif, je te r\u00e9pondrais : cinquante pour cent. \u00bb<br \/>\nMais enfin, l&rsquo;interrompis-je, comment peux-tu dormir avec l&rsquo;id\u00e9e d&rsquo;une telle perspective tout en \u00e9tant Premier ministre d&rsquo;Isra\u00ebl ?<br \/>\n\u00ab Qui te dit que je dors ? \u00bb r\u00e9pondit-il simplement.\u00a0\u00bb<br \/>\n<\/span><span style=\"color: #c00000; font-family: Arial;\"><em>Le Paradoxe juif pages 121 et 122<\/em><br \/>\n<\/span><\/p>\n<p><span style=\"color: #777777; font-family: Arial;\">Nous sommes 67 ans apr\u00e8s cet \u00e9change de 1956.<br \/>\n<\/span><\/p>\n<p><span style=\"color: #777777; font-family: Arial;\">Le pessimisme de Ben Gourion a \u00e9t\u00e9 d\u00e9menti, Isra\u00ebl est toujours puissant, l&rsquo;\u00c9tat a une arm\u00e9e redoutable et dispose d&rsquo;une modernit\u00e9 technologique \u00e0 la pointe.<br \/>\n<\/span><\/p>\n<p><span style=\"color: #777777; font-family: Arial;\">Mais il n&rsquo;a pas r\u00e9solu le probl\u00e8me Arabe. 3 g\u00e9n\u00e9rations apr\u00e8s, les palestiniens n&rsquo;ont pas oubli\u00e9.<br \/>\n<\/span><\/p>\n<p><span style=\"color: #777777; font-family: Arial;\">Nahum Goldmann \u00e9crit\u00a0:<br \/>\n<\/span><\/p>\n<p style=\"margin-left: 28pt;\"><span style=\"color: #c00000; font-family: Arial;\">\u00ab\u00a0Les Arabes ont, eux, la m\u00eame m\u00e9moire historique que les Juifs. La race s\u00e9mite est tr\u00e8s ent\u00eat\u00e9e et n&rsquo;oublie rien.<br \/>\nLors d&rsquo;un grand meeting \u00e0 Sydney, en Australie, j&rsquo;ai dit que le malheur d&rsquo;Isra\u00ebl \u00e9tait d&rsquo;avoir pour adversaires les Arabes et non plus les Anglais. En effet, les Anglais ont le g\u00e9nie de l&rsquo;oubli ; en l&rsquo;espace d&rsquo;une g\u00e9n\u00e9ration, ils ont perdu le plus grand empire du monde et, malgr\u00e9 cela, ils sont tr\u00e8s heureux : le plus grand souci populaire fut longtemps de savoir qui \u00e9pousera la princesse&#8230; Imaginez-vous les Juifs dans cette situation ? Il y a deux mille ans, le temple de J\u00e9rusalem fut d\u00e9truit et, chaque ann\u00e9e, pour comm\u00e9morer cette destruction, nous observons un jour de je\u00fbne. Si nous avions perdu un empire \u00e9quivalant \u00e0 celui des Anglais, nous devrions je\u00fbner deux fois par semaine pendant vingt si\u00e8cles !<br \/>\nEt les Arabes sont comme nous. C&rsquo;est une id\u00e9e tout \u00e0 fait na\u00efve de croire qu&rsquo;ils finiront par oublier notre pr\u00e9sence en Palestine, qu&rsquo;ils se feront une raison\u00a0\u00bb.<br \/>\n<em>Le Paradoxe juif page 241<\/em><br \/>\n<\/span><\/p>\n<p><span style=\"color: #777777; font-family: Arial;\">Bien s\u00fbr cela n&rsquo;excuse en rien les actes inhumains que les membres du Hamas ont commis le 7 octobre.<br \/>\n<\/span><\/p>\n<p><span style=\"color: #777777; font-family: Arial;\">Cela explique cependant pourquoi les peuples arabes ne condamnent pas le Hamas, m\u00eame s&rsquo;ils n&rsquo;approuvent pas leur barbarie.<br \/>\n<\/span><\/p>\n<p><span style=\"color: #777777; font-family: Arial;\">Ils ont toujours en m\u00e9moire ce que Ben Gourion reconnaissait en toute lucidit\u00e9 \u00ab\u00a0<span style=\"color: #c00000;\">nous avons pris leur pays<span style=\"color: #777777;\">\u00a0\u00bb et \u00ab\u00a0<span style=\"color: #c00000;\">les nazis, Hitler, Auschwitz<span style=\"color: #777777;\">\u00a0\u00bb n&rsquo;\u00e9taient pas la faute des arabes.<br \/>\n<\/span><\/span><\/span><\/span><\/span><\/p>\n<p><span style=\"color: #777777; font-family: Arial;\">Et il n&rsquo;y a toujours pas d\u2019\u00c9tat Palestinien !<br \/>\n<\/span><\/p>\n<p><span style=\"color: #777777; font-family: Arial;\">Et la colonisation en Cisjordanie rend cette perspective quasi impossible.<br \/>\n<\/span><\/p>\n<p><span style=\"color: #777777; font-family: Arial;\">Je n&rsquo;ai pas de solution miracle \u00e0 proposer, mais il me semble que cet \u00e9clairage est n\u00e9cessaire pour comprendre ce qui se passe.<br \/>\n<\/span><\/p>\n<p><span style=\"color: #777777; font-family: Arial;\">Le Hamas est une organisation islamiste, nihiliste en ce sens que ce qui lui importe n&rsquo;est pas le bien \u00eatre du peuple palestinien sur cette terre, mais l&rsquo;installation d&rsquo;un r\u00e9gime islamiste, sur ce territoire, pour la vie apr\u00e8s la mort.<br \/>\n<\/span><\/p>\n<p><span style=\"color: #777777; font-family: Arial;\">La col\u00e8re et la haine des isra\u00e9liens contre le Hamas est compr\u00e9hensible.<br \/>\n<\/span><\/p>\n<p><span style=\"color: #777777; font-family: Arial;\">Mais \u00e9radiquer le Hamas ne suffira pas, si toutefois Isra\u00ebl y parvient.<br \/>\n<\/span><\/p>\n<p><span style=\"color: #777777; font-family: Arial;\">Et si cette \u00e9radication se fait au prix de la destruction de toute possibilit\u00e9 de vie \u00e0 Gaza, et au prix d&rsquo;un nombre de plus en plus grand de victimes innocentes, la haine ne fera que s&rsquo;exasp\u00e9rer.<br \/>\n<\/span><\/p>\n<p><span style=\"color: #777777; font-family: Arial;\">Nahum Goldmann d\u00e9veloppe dans son livre cette vision certes utopique\u00a0:<br \/>\n<\/span><\/p>\n<p style=\"margin-left: 28pt;\"><span style=\"color: #c00000; font-family: Arial;\">\u00ab\u00a0Si j&rsquo;avais rencontr\u00e9 Nasser, j&rsquo;aurais aim\u00e9 lui dire ceci \u00ab Vous autres Arabes \u00eates un peuple tr\u00e8s g\u00e9n\u00e9reux. Votre rencontre avec les Juifs au cours de l&rsquo;histoire a \u00e9t\u00e9 meilleure que la n\u00f4tre avec les chr\u00e9tiens. Vous nous avez pers\u00e9cut\u00e9s, mais nous avons \u00e9galement connu des p\u00e9riodes de coop\u00e9ration merveilleuse : en Espagne, \u00e0 Bagdad, en Alg\u00e9rie&#8230; Alors restez g\u00e9n\u00e9reux. Notre peuple est malheureux. J&rsquo;admets que la Palestine vous appartenait d&rsquo;apr\u00e8s les lois internationales. Mais nous avons tant souffert depuis deux mille ans, nous avons perdu un tiers de notre population parce que nous n&rsquo;avions pas de territoire. Alors c\u00e9dez-nous au moins un pour cent du v\u00f4tre et garantissez notre existence. Soyez avec l&rsquo;Am\u00e9rique, la Russie et la France l&rsquo;un des garants de la survie d&rsquo;Isra\u00ebl. \u00bb<br \/>\nJe suis persuad\u00e9 qu&rsquo;un tel discours aurait eu une grande influence psychologique sur les Arabes, en leur donnant un sentiment de fiert\u00e9, voire d&rsquo;\u00e9galit\u00e9. J&rsquo;en ai d&rsquo;ailleurs parl\u00e9 avec quelques leaders arabes qui \u00e9taient fascin\u00e9s par cette id\u00e9e ; h\u00e9las ! il ne semble pas qu&rsquo;Isra\u00ebl choisisse cette voie-l\u00e0.\u00a0\u00bb<br \/>\n<\/span><\/p>\n<p style=\"margin-left: 28pt;\"><span style=\"color: #c00000; font-family: Arial;\"><em>Le Paradoxe juif page 106<\/em><br \/>\n<\/span><\/p>\n<p><span style=\"color: maroon; font-family: Arial;\">&lt;1777&gt;<\/span><\/p>\n","protected":false},"excerpt":{"rendered":"<p>\u00ab\u00a0Ils ne voient qu&rsquo;une chose : nous sommes venus et nous avons vol\u00e9 leur pays. Pourquoi l&rsquo;accepteraient-ils ?\u00a0\u00bb David Ben Gourion en 1956 en parlant des arabes, propos reproduit par Nahum Goldmann dans \u00ab\u00a0Le Paradoxe juif\u00a0\u00bb Depuis un mois, il<\/p>\n","protected":false},"author":1,"featured_media":0,"comment_status":"open","ping_status":"closed","sticky":false,"template":"","format":"standard","meta":{"footnotes":""},"categories":[1],"tags":[17,151,239,201],"class_list":["post-15137","post","type-post","status-publish","format-standard","hentry","category-motdujour","tag-histoire","tag-israel","tag-paix","tag-palestine"],"_links":{"self":[{"href":"https:\/\/lemotdujour.fr\/index.php?rest_route=\/wp\/v2\/posts\/15137","targetHints":{"allow":["GET"]}}],"collection":[{"href":"https:\/\/lemotdujour.fr\/index.php?rest_route=\/wp\/v2\/posts"}],"about":[{"href":"https:\/\/lemotdujour.fr\/index.php?rest_route=\/wp\/v2\/types\/post"}],"author":[{"embeddable":true,"href":"https:\/\/lemotdujour.fr\/index.php?rest_route=\/wp\/v2\/users\/1"}],"replies":[{"embeddable":true,"href":"https:\/\/lemotdujour.fr\/index.php?rest_route=%2Fwp%2Fv2%2Fcomments&post=15137"}],"version-history":[{"count":8,"href":"https:\/\/lemotdujour.fr\/index.php?rest_route=\/wp\/v2\/posts\/15137\/revisions"}],"predecessor-version":[{"id":15151,"href":"https:\/\/lemotdujour.fr\/index.php?rest_route=\/wp\/v2\/posts\/15137\/revisions\/15151"}],"wp:attachment":[{"href":"https:\/\/lemotdujour.fr\/index.php?rest_route=%2Fwp%2Fv2%2Fmedia&parent=15137"}],"wp:term":[{"taxonomy":"category","embeddable":true,"href":"https:\/\/lemotdujour.fr\/index.php?rest_route=%2Fwp%2Fv2%2Fcategories&post=15137"},{"taxonomy":"post_tag","embeddable":true,"href":"https:\/\/lemotdujour.fr\/index.php?rest_route=%2Fwp%2Fv2%2Ftags&post=15137"}],"curies":[{"name":"wp","href":"https:\/\/api.w.org\/{rel}","templated":true}]}}