{"id":1510,"date":"2016-11-29T01:00:00","date_gmt":"2016-11-28T22:00:00","guid":{"rendered":"http:\/\/lemotdujour.fr\/?p=1510"},"modified":"2023-01-31T21:10:46","modified_gmt":"2023-01-31T20:10:46","slug":"mardi-29-novembre-2016","status":"publish","type":"post","link":"https:\/\/lemotdujour.fr\/?p=1510","title":{"rendered":"Mardi 29 novembre 2016"},"content":{"rendered":"<div class=\"mdjDate\">Mardi 29 novembre 2016<\/div>\n<div class=\"mdjTexte\">\u00ab Mettre d\u00e9finitivement l\u2019homme \u00e0 l\u2019abri du besoin, en finir avec la souffrance et les angoisses du lendemain \u00bb<\/div>\n<div class=\"mdjAuteur\">Ambroise Croizat, ministre du Travail de 1945 \u00e0 1947<\/div>\n<p><span style=\"color: #777777; font-family: Arial;\">C&rsquo;est encore un film r\u00e9cent <a href=\"http:\/\/www.lasociale.fr\/le-film\/\"><span style=\"color: blue; text-decoration: underline;\">&lt;La Sociale&gt;<\/span><\/a> de Gilles Perret qui est \u00e0 l&rsquo;origine de ce mot du jour qui concerne la mise en place de la S\u00e9curit\u00e9 Sociale au lendemain de la guerre.<br \/>\n<\/span><\/p>\n<p><span style=\"color: #777777; font-family: Arial;\">Ce sont les ordonnances du 4 octobre 1945 qui ont constitu\u00e9 la naissance juridique de cette magnifique institution.<br \/>\n<\/span><\/p>\n<p><img loading=\"lazy\" decoding=\"async\" class=\"alignleft\" src=\"https:\/\/lemotdujour.fr\/wp-content\/uploads\/2023\/01\/013123_1956_Lundixxfvri1.jpg\" alt=\"\" width=\"184\" height=\"334\" align=\"left\" \/><span style=\"color: #777777; font-family: Arial;\">TELERAMA rappelle que l&rsquo;on attribue toujours cette cr\u00e9ation \u00e0 <a href=\"https:\/\/www.conseil-etat.fr\/qui-sommes-nous\/le-conseil-d-etat\/histoire-et-patrimoine\/les-grandes-figures-du-conseil-d-etat\/pierre-laroque\"><strong><span style=\"color: #0000ff;\">Pierre Laroque<\/span><\/strong><\/a><span style=\"color: #0000ff;\">,<\/span> haut fonctionnaire, le \u00ab p\u00e8re \u00bb officiel de la S\u00e9cu et qu&rsquo;on laisse dans l&rsquo;ombre, <strong>Ambroise Croizat<\/strong>, l&rsquo;homme politique qui fut le ministre du Travail du g\u00e9n\u00e9ral de Gaulle, certains pr\u00e9tendent que c&rsquo;est en raison de son appartenance au Parti communiste. C&rsquo;est aussi TELERAMA qui donne cette phrase d&rsquo;Ambroise Croizat que j&rsquo;ai utilis\u00e9e comme exergue de ce mot du jour.<br \/>\n<\/span><\/p>\n<p><span style=\"color: #777777; font-family: Arial;\">Comme les choses ne sont jamais simples et \u00e9videntes, il faut savoir que Pierre Laroque \u00e9tait aussi Haut fonctionnaire du R\u00e9gime de Vichy.<br \/>\n<\/span><\/p>\n<p><span style=\"color: #777777; font-family: Arial;\">Il \u00e9tait entr\u00e9 dans le cabinet du ministre Ren\u00e9 Belin dans le premier gouvernement du r\u00e9gime de Vichy, et a particip\u00e9 \u00e0 la r\u00e9daction de la loi du 16 ao\u00fbt 1940 sur la r\u00e9organisation \u00e9conomique et a suivi le dossier des assurances.<br \/>\n<\/span><\/p>\n<p><span style=\"color: #777777; font-family: Arial;\">Avec <a href=\"https:\/\/fr.wikipedia.org\/wiki\/Alexandre_Parodi\"><span style=\"color: blue; text-decoration: underline;\"><strong>Alexandre Parodi<\/strong><\/span><\/a>, qui fut par la suite le premier ministre du travail du gouvernement provisoire de De Gaulle, pr\u00e9c\u00e9dant imm\u00e9diatement \u00e0 ce poste Ambroise Croizat, Pierre Laroque r\u00e9dige un projet de \u00ab <strong>r\u00e9forme des l\u00e9gislations sur les Assurances sociales, les Allocations familiales et les cong\u00e9s pay\u00e9s<\/strong> \u00bb. De ce projet aboutira l&rsquo;allocation aux vieux travailleurs salari\u00e9s qui instaure en France le r\u00e9gime de retraite par r\u00e9partition, formant ainsi la base de ce que sera la S\u00e9curit\u00e9 Sociale. Bref la s\u00e9curit\u00e9 sociale eut des pr\u00e9mices sous le R\u00e9gime de Vichy et les hommes qui ont travaill\u00e9 sur ce projet \u00e9taient les m\u00eames que ceux qui allaient le faire avec De Gaulle.<br \/>\n<\/span><\/p>\n<p><span style=\"color: #777777; font-family: Arial;\">Il faut noter cependant que Pierre Laroque fut R\u00e9voqu\u00e9 en octobre 1940 pour des origines juives et qu&rsquo;il participa \u00e0 Lyon \u00e0 l&rsquo;organisation de r\u00e9sistance \u00ab Combat \u00bb et rejoignis Londres en avril 1943.<br \/>\n<\/span><\/p>\n<p><span style=\"color: #777777; font-family: Arial;\">Parodi fut \u00e9galement r\u00e9sistant. Ce n&rsquo;\u00e9tait pas deux collaborateurs, mais c&rsquo;est le R\u00e9gime de Vichy, si on veut respecter l&rsquo;Histoire qui commen\u00e7a cette aventure.<br \/>\n<\/span><\/p>\n<p><span style=\"color: #777777; font-family: Arial;\">Contrairement aux Ministres d&rsquo;aujourd&rsquo;hui, Ambroize Croizat avait un m\u00e9tier en dehors de la politique. Il travaille en usine d\u00e8s l&rsquo;\u00e2ge de 13 ans lorsque son p\u00e8re est appel\u00e9 sous les drapeaux en 1914. Apprenti m\u00e9tallurgiste, il suit en m\u00eame temps des cours du soir et devient ouvrier ajusteur-outilleur dans la r\u00e9gion lyonnaise. Il est mort \u00e0 50 ans d&rsquo;un cancer du poumon.<br \/>\n<\/span><\/p>\n<p><span style=\"color: #777777; font-family: Arial;\">Pour en dire un peu plus je voudrai revenir \u00e0 une histoire que l&rsquo;on attribue \u00e0 <a href=\"https:\/\/fr.wikipedia.org\/wiki\/Raymond_Lulle\"><span style=\"color: blue; text-decoration: underline;\">Raymond Lulle<\/span><\/a> philosophe, po\u00e8te, th\u00e9ologien, apologiste chr\u00e9tien et romancier majorquin (1232-1315).<br \/>\n<\/span><\/p>\n<p style=\"margin-left: 28pt;\"><span style=\"color: #c00000; font-family: Arial;\">\u00ab C&rsquo;est l&rsquo;histoire de 3 tailleurs de pierre. Ils sont c\u00f4te \u00e0 c\u00f4te, et font exactement les m\u00eames gestes techniques. Mais le premier semble \u00e9puis\u00e9 et triste. Je lui demande :<br \/>\n<\/span><span style=\"color: #c00000; font-family: Arial;\">\u2013 Que faites-vous ?<br \/>\n<\/span><span style=\"color: #c00000; font-family: Arial;\">Il me r\u00e9pond \u00e9nerv\u00e9 : \u2013 ben ! Vous l&rsquo;voyez bien !\u00a0 Je taille une pierre !<br \/>\n<\/span><\/p>\n<p style=\"margin-left: 28pt;\"><span style=\"color: #c00000; font-family: Arial;\">Je regarde le deuxi\u00e8me, qui semble moins malheureux et moins \u00e9puis\u00e9 que le premier. Je lui demande :<br \/>\n<\/span><span style=\"color: #c00000; font-family: Arial;\">\u2013 Que faites-vous ?<br \/>\n<\/span><span style=\"color: #c00000; font-family: Arial;\">Il me r\u00e9pond gentiment : \u2013 ben ! Vous l&rsquo;voyez bien ! Je construis un mur !<br \/>\n<\/span><\/p>\n<p style=\"margin-left: 28pt;\"><span style=\"color: #c00000; font-family: Arial;\">Alors je regarde le troisi\u00e8me, qui lui, para\u00eet tr\u00e8s joyeux et lumineux. Il siffle en r\u00e9alisant son ouvrage. Je lui demande :<br \/>\n<\/span><span style=\"color: #c00000; font-family: Arial;\">\u2013 Que faites-vous ?<br \/>\n<\/span><span style=\"color: #c00000; font-family: Arial;\">Alors il me r\u00e9pond avec passion : \u2013 ben ! Vous l&rsquo;voyez bien ! Je construis une cath\u00e9drale ! \u00bb<br \/>\n<\/span><\/p>\n<p><span style=\"color: #777777; font-family: Arial;\">C&rsquo;est une histoire du moyen-\u00e2ge, o\u00f9 on construisait des cath\u00e9drales en pierre pour la religion.<br \/>\n<\/span><\/p>\n<p><span style=\"color: #777777; font-family: Arial;\"><img loading=\"lazy\" decoding=\"async\" class=\"wp-image-14384 alignright\" src=\"https:\/\/lemotdujour.fr\/wp-content\/uploads\/2023\/01\/013123_1956_Lundixxfvri2.jpg\" alt=\"\" width=\"243\" height=\"392\" srcset=\"https:\/\/lemotdujour.fr\/wp-content\/uploads\/2023\/01\/013123_1956_Lundixxfvri2.jpg 291w, https:\/\/lemotdujour.fr\/wp-content\/uploads\/2023\/01\/013123_1956_Lundixxfvri2-186x300.jpg 186w\" sizes=\"auto, (max-width: 243px) 100vw, 243px\" \/>AU XX\u00e8me si\u00e8cle on a construit des cath\u00e9drales non mat\u00e9rielles mais sociales pour L&rsquo;Humanit\u00e9, comme la S\u00e9curit\u00e9 Sociale, pour \u00ab en finir avec la souffrance et les angoisses du lendemain \u00bb selon les mots d&rsquo;<strong><span style=\"color: #0000ff;\"><a style=\"color: #0000ff;\" href=\"https:\/\/www2.assemblee-nationale.fr\/sycomore\/bio\/(num_dept)\/2074\">Ambroize Croizat<\/a><\/span>.<\/strong><br \/>\n<\/span><\/p>\n<p><span style=\"color: #777777; font-family: Arial;\">Une partie des fran\u00e7ais a d\u00e9sign\u00e9 Fran\u00e7ois Fillon comme candidat \u00e0 la Pr\u00e9sidence de la R\u00e9publique. Il est possible qu&rsquo;il devienne Pr\u00e9sident. Constatons que lui contrairement \u00e0 Ambroise Croizat n&rsquo;a jamais eu un emploi autre que Politique. Il est devenu d\u00e9put\u00e9 \u00e0 l&rsquo;\u00e2ge de 27 ans en 1981 et avant il \u00e9tait assistant parlementaire de Jo\u00ebl Le Theule.<br \/>\n<\/span><\/p>\n<p><span style=\"color: #777777; font-family: Arial;\">Concernant la sant\u00e9, il a un projet : \u00ab <span style=\"color: #c00000;\">Offrir la meilleure couverture sant\u00e9 possible \u00e0 tous nos concitoyens en red\u00e9finissant les r\u00f4les respectifs de l&rsquo;assurance maladie et de l&rsquo;assurance priv\u00e9e : focaliser l&rsquo;assurance publique universelle notamment sur les affections graves ou de longue dur\u00e9e, le panier de soin \u00ab solidaire \u00bb, et l&rsquo;assurance priv\u00e9e sur le reste, le panier de soin \u00ab individuel \u00bb. Les moins favoris\u00e9s ne pouvant acc\u00e9der \u00e0 l&rsquo;assurance priv\u00e9e b\u00e9n\u00e9ficieront d&rsquo;un r\u00e9gime sp\u00e9cial de couverture accrue. Les patients seront responsabilis\u00e9s par l&rsquo;introduction d&rsquo;une franchise maladie universelle dans la limite d&rsquo;un seuil et d&rsquo;un plafond<span style=\"color: #777777;\">.\u00bb<br \/>\n<\/span><\/span><\/span><\/p>\n<p><span style=\"color: #777777; font-family: Arial;\">Je ne veux pas d\u00e9former, donc je cite int\u00e9gralement et si vous voulez v\u00e9rifier c&rsquo;est apr\u00e8s ce lien : <a href=\"https:\/\/www.fillon2017.fr\/participez\/sante\/propositions-pour-les-patients\/\"><span style=\"color: blue; text-decoration: underline;\">https:\/\/www.fillon2017.fr\/participez\/sante\/propositions-pour-les-patients\/<\/span><\/a><br \/>\n<\/span><\/p>\n<p><span style=\"color: #777777; font-family: Arial;\">En bon chr\u00e9tien, les pauvres ont droit \u00e0 la charit\u00e9 : \u00ab Les moins favoris\u00e9s\u00a0 b\u00e9n\u00e9ficieront d&rsquo;un r\u00e9gime sp\u00e9cial de couverture accrue.\u00bb<br \/>\n<\/span><\/p>\n<p><span style=\"color: #777777; font-family: Arial;\">Mais pour les autres il y aura les affections graves prises en charge par la S\u00e9curit\u00e9 Sociale publique et le reste par les assurances priv\u00e9es que vous paierez selon vos choix pertinents, vos moyens et votre tendance plus ou moins affirm\u00e9e \u00e0 la prudence par rapport \u00e0 votre sant\u00e9 et votre volont\u00e9 de sacrifier d&rsquo;autres consommations \u00e0 celle-ci.<br \/>\n<\/span><\/p>\n<p><span style=\"color: #777777; font-family: Arial;\">Les \u00c9tats-Unis\u00a0 montrent, en grandeur r\u00e9elle, ce que ce type de syst\u00e8me produit : Une m\u00e9decine de tr\u00e8s haute qualit\u00e9 certes, mais une offre de soins tr\u00e8s chers et une in\u00e9galit\u00e9 extr\u00eame par rapport \u00e0 la sant\u00e9, qu&rsquo;Obama a tent\u00e9 de r\u00e9duire un peu.<br \/>\n<\/span><\/p>\n<p><span style=\"color: #777777; font-family: Arial;\">C&rsquo;est tr\u00e8s simple \u00e0 comprendre. C&rsquo;est aussi \u00e9vident qu&rsquo;une \u00e9quation math\u00e9matique.<br \/>\n<\/span><\/p>\n<p><span style=\"color: #777777; font-family: Arial;\">Quand l&rsquo;offre de soins est <strong>publique, l&rsquo;objectif est de soigner le mieux possible au co\u00fbt le moins \u00e9lev\u00e9 pour la collectivit\u00e9<\/strong>.<br \/>\n<\/span><\/p>\n<p><span style=\"color: #777777; font-family: Arial;\">Quand l&rsquo;offre de soins est <strong>priv\u00e9e, l&rsquo;objectif est de soigner le mieux possible en obtenant le meilleur profit pour la soci\u00e9t\u00e9 priv\u00e9e qui assure le soin<\/strong>.<br \/>\n<\/span><\/p>\n<p><span style=\"color: #777777; font-family: Arial;\">Je ne dis pas que le premier syst\u00e8me ne peut pas \u00eatre am\u00e9lior\u00e9 notamment en obtenant un co\u00fbt moins \u00e9lev\u00e9, mais je dis que le second syst\u00e8me est tendanciellement plus on\u00e9reux pour la collectivit\u00e9.<br \/>\n<\/span><\/p>\n<p><span style=\"color: #777777; font-family: Arial;\">Quand on commence \u00e0 s&rsquo;attaquer aux cath\u00e9drales d&rsquo;une civilisation, on peut penser que son d\u00e9clin est proche. <\/span><\/p>\n<p><span style=\"color: #777777; font-family: Arial;\"><span style=\"color: #800000;\">&lt;796&gt;<\/span><br \/>\n<\/span><\/p>\n","protected":false},"excerpt":{"rendered":"<p>Mardi 29 novembre 2016 \u00ab Mettre d\u00e9finitivement l\u2019homme \u00e0 l\u2019abri du besoin, en finir avec la souffrance et les angoisses du lendemain \u00bb Ambroise Croizat, ministre du Travail de 1945 \u00e0 1947 C&rsquo;est encore un film r\u00e9cent &lt;La Sociale&gt; de<\/p>\n","protected":false},"author":1,"featured_media":0,"comment_status":"closed","ping_status":"closed","sticky":false,"template":"","format":"standard","meta":{"footnotes":""},"categories":[1],"tags":[15,17,76],"class_list":["post-1510","post","type-post","status-publish","format-standard","hentry","category-motdujour","tag-france","tag-histoire","tag-social"],"_links":{"self":[{"href":"https:\/\/lemotdujour.fr\/index.php?rest_route=\/wp\/v2\/posts\/1510","targetHints":{"allow":["GET"]}}],"collection":[{"href":"https:\/\/lemotdujour.fr\/index.php?rest_route=\/wp\/v2\/posts"}],"about":[{"href":"https:\/\/lemotdujour.fr\/index.php?rest_route=\/wp\/v2\/types\/post"}],"author":[{"embeddable":true,"href":"https:\/\/lemotdujour.fr\/index.php?rest_route=\/wp\/v2\/users\/1"}],"replies":[{"embeddable":true,"href":"https:\/\/lemotdujour.fr\/index.php?rest_route=%2Fwp%2Fv2%2Fcomments&post=1510"}],"version-history":[{"count":7,"href":"https:\/\/lemotdujour.fr\/index.php?rest_route=\/wp\/v2\/posts\/1510\/revisions"}],"predecessor-version":[{"id":14393,"href":"https:\/\/lemotdujour.fr\/index.php?rest_route=\/wp\/v2\/posts\/1510\/revisions\/14393"}],"wp:attachment":[{"href":"https:\/\/lemotdujour.fr\/index.php?rest_route=%2Fwp%2Fv2%2Fmedia&parent=1510"}],"wp:term":[{"taxonomy":"category","embeddable":true,"href":"https:\/\/lemotdujour.fr\/index.php?rest_route=%2Fwp%2Fv2%2Fcategories&post=1510"},{"taxonomy":"post_tag","embeddable":true,"href":"https:\/\/lemotdujour.fr\/index.php?rest_route=%2Fwp%2Fv2%2Ftags&post=1510"}],"curies":[{"name":"wp","href":"https:\/\/api.w.org\/{rel}","templated":true}]}}