{"id":15099,"date":"2023-11-16T19:38:51","date_gmt":"2023-11-16T18:38:51","guid":{"rendered":"https:\/\/lemotdujour.fr\/?p=15099"},"modified":"2023-11-16T20:08:43","modified_gmt":"2023-11-16T19:08:43","slug":"jeudi-16-novembre-2023","status":"publish","type":"post","link":"https:\/\/lemotdujour.fr\/?p=15099","title":{"rendered":"Jeudi 16 novembre 2023"},"content":{"rendered":"<div class=\"mdjTexte\">\u00ab\u00a0Concert de l&rsquo;Orchestre de Paris du 15 novembre 2023.\u00a0\u00bb<\/div>\n<div class=\"mdjAuteur\">Dirig\u00e9 par Klaus M\u00e4kel\u00e4<\/div>\n<p><span style=\"color: #777777; font-family: Arial;\">J&rsquo;ai d\u00e9j\u00e0 \u00e9crit que l&rsquo;Orchestre de Paris vivait son \u00e2ge d&rsquo;or, parce qu&rsquo;il a choisi, comme directeur musical, un jeune prodige n\u00e9 le 17 janvier 1996 \u00e0 Helsinki : <strong>Klaus M\u00e4kel\u00e4<\/strong><br \/>\n<\/span><\/p>\n<p><span style=\"color: #777777; font-family: Arial;\">Comme les autres grands orchestres, l&rsquo;Orchestre de Paris dispose de sa cha\u00eene Internet\u00a0: &lt;<a href=\"https:\/\/philharmoniedeparis.fr\/fr\/live\"><span style=\"color: #0000ff;\">https:\/\/philharmoniedeparis.fr\/fr\/live<\/span><\/a>&gt;<br \/>\n<\/span><\/p>\n<p><span style=\"color: #777777; font-family: Arial;\">Mais contrairement aux autres phalanges, comme le Philharmonique de Berlin, par exemple, ce site est gratuit et ouvert \u00e0 tous.<br \/>\n<\/span><\/p>\n<p><span style=\"color: #777777; font-family: Arial;\">Il vient de mettre en ligne le concert du 15 novembre.<br \/>\n<\/span><\/p>\n<p><span style=\"color: #777777; font-family: Arial;\">Ce concert se trouve derri\u00e8re ce lien\u00a0: &lt;<span style=\"color: #0000ff;\"><a style=\"color: #0000ff;\" href=\"https:\/\/philharmoniedeparis.fr\/fr\/live\/1160923\">https:\/\/philharmoniedeparis.fr\/fr\/live\/1160923<\/a><\/span>&gt;<br \/>\n<\/span><\/p>\n<p><span style=\"color: #777777; font-family: Arial; text-decoration: underline;\">Programme\u00a0:<br \/>\n<\/span><\/p>\n<p style=\"margin-left: 28pt;\"><span style=\"color: #c00000; font-family: Arial;\">Maurice Ravel\u00a0: Sh\u00e9h\u00e9razade &#8211; Ouverture de f\u00e9\u00e9rie<br \/>\n<\/span><\/p>\n<p style=\"margin-left: 28pt;\"><span style=\"color: #c00000; font-family: Arial;\">Camille Saint-Sa\u00ebns\u00a0: Concerto pour piano n\u00b0 5 \u00ab \u00c9gyptien \u00bb<br \/>\n<\/span><\/p>\n<p><span style=\"color: #777777; font-family: Arial;\">Entracte<br \/>\n<\/span><\/p>\n<p style=\"margin-left: 28pt;\"><span style=\"color: #c00000; font-family: Arial;\">John Dowland\u00a0: Lachrimae Antiquae<br \/>\n<\/span><\/p>\n<p style=\"margin-left: 28pt;\"><span style=\"color: #c00000; font-family: Arial;\">Robert Schumann\u00a0: Symphonie n\u00b0 2<br \/>\n<\/span><\/p>\n<p><span style=\"color: #777777; font-family: Arial;\">Le pianiste est <a href=\"https:\/\/classica.fr\/alexandre-kantorow-le-plus-grand-des-nouveaux-talents\/\"><strong><span style=\"color: #0000ff;\">Alexandre Kantorow<\/span><\/strong><\/a><strong>, <\/strong>de 6 mois plus jeune que Klaus M\u00e4kel\u00e4 et premier fran\u00e7ais \u00e0 avoir remport\u00e9 le prestigieux Concours international Tcha\u00efkovski de Moscou en 2019.<br \/>\n<\/span><\/p>\n<p><span style=\"color: #777777; font-family: Arial;\">Ce concert pourra \u00eatre visionn\u00e9 en ligne en int\u00e9gralit\u00e9, <strong>jusqu&rsquo;au 15 mai 2024<\/strong>.<\/span><\/p>\n<p><span style=\"color: #777777; font-family: Arial;\"><br \/>\n<span style=\"color: #c00000; font-family: Arial;\">&lt; Mot du jour \u00e9ph\u00e9m\u00e8re &gt;<\/span><\/span><\/p>\n","protected":false},"excerpt":{"rendered":"<p>\u00ab\u00a0Concert de l&rsquo;Orchestre de Paris du 15 novembre 2023.\u00a0\u00bb Dirig\u00e9 par Klaus M\u00e4kel\u00e4 J&rsquo;ai d\u00e9j\u00e0 \u00e9crit que l&rsquo;Orchestre de Paris vivait son \u00e2ge d&rsquo;or, parce qu&rsquo;il a choisi, comme directeur musical, un jeune prodige n\u00e9 le 17 janvier 1996 \u00e0<\/p>\n","protected":false},"author":1,"featured_media":0,"comment_status":"open","ping_status":"closed","sticky":false,"template":"","format":"standard","meta":{"footnotes":""},"categories":[92],"tags":[237,20],"class_list":["post-15099","post","type-post","status-publish","format-standard","hentry","category-oeuvre-musicale","tag-ephemere","tag-musique"],"_links":{"self":[{"href":"https:\/\/lemotdujour.fr\/index.php?rest_route=\/wp\/v2\/posts\/15099","targetHints":{"allow":["GET"]}}],"collection":[{"href":"https:\/\/lemotdujour.fr\/index.php?rest_route=\/wp\/v2\/posts"}],"about":[{"href":"https:\/\/lemotdujour.fr\/index.php?rest_route=\/wp\/v2\/types\/post"}],"author":[{"embeddable":true,"href":"https:\/\/lemotdujour.fr\/index.php?rest_route=\/wp\/v2\/users\/1"}],"replies":[{"embeddable":true,"href":"https:\/\/lemotdujour.fr\/index.php?rest_route=%2Fwp%2Fv2%2Fcomments&post=15099"}],"version-history":[{"count":7,"href":"https:\/\/lemotdujour.fr\/index.php?rest_route=\/wp\/v2\/posts\/15099\/revisions"}],"predecessor-version":[{"id":15111,"href":"https:\/\/lemotdujour.fr\/index.php?rest_route=\/wp\/v2\/posts\/15099\/revisions\/15111"}],"wp:attachment":[{"href":"https:\/\/lemotdujour.fr\/index.php?rest_route=%2Fwp%2Fv2%2Fmedia&parent=15099"}],"wp:term":[{"taxonomy":"category","embeddable":true,"href":"https:\/\/lemotdujour.fr\/index.php?rest_route=%2Fwp%2Fv2%2Fcategories&post=15099"},{"taxonomy":"post_tag","embeddable":true,"href":"https:\/\/lemotdujour.fr\/index.php?rest_route=%2Fwp%2Fv2%2Ftags&post=15099"}],"curies":[{"name":"wp","href":"https:\/\/api.w.org\/{rel}","templated":true}]}}