{"id":15091,"date":"2023-11-09T01:22:49","date_gmt":"2023-11-09T00:22:49","guid":{"rendered":"https:\/\/lemotdujour.fr\/?p=15091"},"modified":"2023-11-09T01:30:58","modified_gmt":"2023-11-09T00:30:58","slug":"jeudi-9-novembre-2023","status":"publish","type":"post","link":"https:\/\/lemotdujour.fr\/?p=15091","title":{"rendered":"Jeudi 9 novembre 2023"},"content":{"rendered":"<div class=\"mdjTexte\">\u00ab\u00a0C&rsquo;est tr\u00e8s simple : la haine est un poison et, en fin de compte, on s&#8217;empoisonne soi-m\u00eame.\u00a0\u00bb<\/div>\n<div class=\"mdjAuteur\">Anita Lasker-Wallfisch, rescap\u00e9e d&rsquo;Auschwitz<\/div>\n<p><span style=\"color: #777777; font-family: Arial;\">Tant de haine se d\u00e9verse sur ce monde.<br \/>\n<\/span><\/p>\n<p><span style=\"color: #777777; font-family: Arial;\">Quel torrent de haine devait couler dans les veines de ces hommes du Hamas pour commettre ces abominations du 7 octobre contre des hommes, des femmes et des enfants simplement parce qu&rsquo;ils habitaient en Isra\u00ebl.<br \/>\n<\/span><\/p>\n<p><span style=\"color: #777777; font-family: Arial;\">Cette haine a aliment\u00e9 la haine des isra\u00e9liens qui veulent \u00e9radiquer le Hamas et qui se sont lanc\u00e9s dans un bombardement terrifiant d&rsquo;un territoire qui est une prison puisqu&rsquo;on ne peut pas en sortir.<br \/>\n<\/span><\/p>\n<p><span style=\"color: #777777; font-family: Arial;\">Ces bombes ont-ils pour objectif de d\u00e9truire les 30\u00a0000 \u00e0 40\u00a0000 combattants que compte cette organisation, au milieu de 2\u00a0200\u00a0000 palestiniens\u00a0qui habitent Gaza et plus de 200 otages du Hamas ?<br \/>\n<\/span><\/p>\n<p><span style=\"color: #777777; font-family: Arial;\">De part et d&rsquo;autre, on d\u00e9shumanise les humains de l&rsquo;autre camp en les traitant d&rsquo;animaux.<br \/>\n<\/span><\/p>\n<p><span style=\"color: #777777; font-family: Arial;\">La violence et la vengeance que le gouvernement de Benyamin Netanyahou a ext\u00e9rioris\u00e9 par un d\u00e9luge de bombes sur la bande de Gaza, sans oublier les exactions que commettent les colons juifs extr\u00e9mistes, sur le territoire occup\u00e9 de Cisjordanie, \u00e0 l&rsquo;\u00e9gard des palestiniens a encore augment\u00e9 la haine contre Isra\u00ebl dans les peuples arabes, les communaut\u00e9s musulmanes des pays occidentaux et beaucoup de celles et de ceux qui d\u00e9fendent les droits des palestiniens \u00e0 poss\u00e9der une patrie.<br \/>\n<\/span><\/p>\n<p><span style=\"color: #777777; font-family: Arial;\">Et cet engrenage a r\u00e9veill\u00e9 l&rsquo;antis\u00e9mitisme dans le monde et dans nos pays, France, Belgique, Royaume-Uni, Allemagne.<br \/>\n<\/span><\/p>\n<p><span style=\"color: #777777; font-family: Arial;\"><strong>Edgar Morin<\/strong> vient de faire para\u00eetre un livre\u00a0: \u00ab\u00a0<a href=\"https:\/\/www.fnac.com\/a18268053\/Edgar-Morin-Mon-ennemi-c-est-la-haine\"><span style=\"color: #0000ff;\">Mon ennemi c&rsquo;est la haine<\/span><\/a><span style=\"color: #0000ff;\">.<\/span>\u00a0\u00bb<br \/>\n<\/span><\/p>\n<p><span style=\"color: #777777; font-family: Arial;\"><strong>Augustin Trapenard<\/strong>, l&rsquo;a interrog\u00e9, dans le cadre de son \u00e9mission \u00ab\u00a0<strong>la Grande Librairie<\/strong>\u00a0\u00bb du mercredi 8 novembre.<br \/>\n<\/span><\/p>\n<p><span style=\"color: #777777; font-family: Arial;\">Edgar Morin apr\u00e8s avoir rappel\u00e9 que la haine engendre la haine a expliqu\u00e9 que pendant la guerre, dans laquelle il avait \u00e9t\u00e9 r\u00e9sistant, il ne ha\u00efssait pas les allemands, il ha\u00efssait juste l&rsquo;id\u00e9ologie nazi.<br \/>\n<\/span><\/p>\n<p><span style=\"color: #777777; font-family: Arial;\">Ne pas ha\u00efr les humains, mais quelquefois les id\u00e9es qui sont \u00e0 l&rsquo;\u0153uvre.<br \/>\n<\/span><\/p>\n<p><img loading=\"lazy\" decoding=\"async\" class=\"alignleft\" src=\"https:\/\/lemotdujour.fr\/wp-content\/uploads\/2023\/11\/110923_0009_Jeudi9novem1.jpg\" alt=\"\" width=\"287\" height=\"404\" align=\"left\" \/><span style=\"color: #777777; font-family: Arial;\">Hier, j&rsquo;ai re\u00e7u un message d&rsquo;un site auquel je suis abonn\u00e9 \u00ab\u00a0<strong>Resmusica\u00a0<\/strong>\u00bb qui me renvoyait vers un article : \u00ab\u00a0<a href=\"https:\/\/www.resmusica.com\/2023\/11\/07\/furtwangler-et-la-violoncelliste-lasker-wallfisch-dauschwitz-cmajor\/\"><strong><span style=\"color: #0000ff;\">Furtw\u00e4ngler et la violoncelliste Lasker-Wallfisch d&rsquo;Auschwitz\u00a0<\/span><\/strong><\/a>\u00bb<br \/>\n<\/span><\/p>\n<p><span style=\"color: #777777; font-family: Arial;\">L&rsquo;article faisait la promotion d&rsquo;un DVD documentaire qui parlait, un peu, du plus grand chef d&rsquo;orchestre allemand au milieu du XX\u00e8me si\u00e8cle : <strong>Wilhelm Furw\u00e4ngler<\/strong>.<br \/>\n<\/span><\/p>\n<p><span style=\"color: #777777; font-family: Arial;\"><strong>Furw\u00e4ngler<\/strong> s&rsquo;\u00e9tait compromis avec le r\u00e9gime nazi en continuant \u00e0 diriger en Allemagne et notamment devant et \u00e0 l&rsquo;invitation des dignitaires nazis.<br \/>\n<\/span><\/p>\n<p><span style=\"color: #777777; font-family: Arial;\">Mais ce documentaire parlait surtout d&rsquo;une violoncelliste juive\u00a0: <strong>Anita Lasker-Wallfisch <\/strong>qui a \u00e9t\u00e9 d\u00e9port\u00e9e \u00e0 17 ans dans le camp de la mort d&rsquo;Auschwitz et qui a \u00e9t\u00e9 incorpor\u00e9 dans l&rsquo;orchestre des femmes d&rsquo;Auschwitz ce qui lui a permis de survivre.<br \/>\n<\/span><\/p>\n<p><span style=\"color: #777777; font-family: Arial;\">Le rapport entre les deux c&rsquo;est que Furtw\u00e4ngler est venu diriger cet orchestre ce qui donne comme sous-titre\u00a0: \u00ab\u00a0<strong>Le maestro et la violoncelliste d&rsquo;Auschwitz<\/strong>\u00a0\u00bb.<br \/>\n<\/span><\/p>\n<p><span style=\"color: #777777; font-family: Arial;\">Je ne la connaissais pas, mais gr\u00e2ce \u00e0 ce message je suis parti \u00e0 sa d\u00e9couverte.<br \/>\n<\/span><\/p>\n<p><span style=\"color: #777777; font-family: Arial;\">Chaque ann\u00e9e l&rsquo;Allemagne comm\u00e9more une journ\u00e9e souvenir \u00e0 la m\u00e9moire des victimes de la Shoah.<br \/>\n<\/span><\/p>\n<p><span style=\"color: #777777; font-family: Arial;\">Le 31 janvier 2018, Anita Lasker Wallfisch avait 92 ans, elle \u00e9tait l&rsquo;invit\u00e9e d&rsquo;honneur du Bundestag et a fait un discours.<br \/>\n<\/span><\/p>\n<p><span style=\"color: #777777; font-family: Arial;\">Vous trouverez ce discours en allemand, derri\u00e8re ce lien\u00a0: &lt;<span style=\"color: #0000ff;\"><a style=\"color: #0000ff;\" href=\"https:\/\/www.youtube.com\/watch?v=vix-ia9-Lqk\">Anita Lasker-Wallfisch im Bundestag<\/a><\/span>&gt;<br \/>\n<\/span><\/p>\n<p><span style=\"color: #777777; font-family: Arial;\">Sur ce site, vous trouverez un extrait de ce discours sous-titr\u00e9 en fran\u00e7ais\u00a0: <a href=\"https:\/\/www.francetvinfo.fr\/monde\/europe\/auschwitz\/j-ai-integre-l-orchestre-d-auschwitz-l-emouvant-discours-d-une-rescapee-de-l-holocauste_2598864.html\"><span style=\"color: #0000ff;\">&lt;l&rsquo;\u00e9mouvant discours d&rsquo;une rescap\u00e9e de l&rsquo;holocauste &gt;<\/span><\/a><br \/>\n<\/span><\/p>\n<p><span style=\"color: #777777; font-family: Arial;\">Et derri\u00e8re ce lien\u00a0: &lt;<span style=\"color: #f79646;\"><span style=\"color: #0000ff;\"><a style=\"color: #0000ff;\" href=\"https:\/\/lemotdujour.fr\/wp-content\/uploads\/2023\/11\/2018-01-31-Le-discours-dAnita-Lasker-Wallfisch.pdf\">2018-01-31-Le discours d&rsquo;Anita Lasker Wallfisch<\/a><\/span><span style=\"color: #777777;\">&gt; vous trouverez une tentative de traduction en fran\u00e7ais de l&rsquo;int\u00e9gralit\u00e9 du discours.<br \/>\n<\/span><\/span><\/span><\/p>\n<p><span style=\"color: #777777; font-family: Arial;\">Elle y raconte son histoire, l&rsquo;arriv\u00e9e au pouvoir des nazis et l&rsquo;oppression des juifs \u00e0 partir de ce moment.<br \/>\n<\/span><\/p>\n<p><span style=\"color: #777777; font-family: Arial;\">En 2016 et 2017 de nombreux actes antis\u00e9mites ont \u00e9t\u00e9 commis en Allemagne, le parti d&rsquo;extr\u00eame droite AFD est entr\u00e9 au Parlement allemand\u00a0: <span style=\"color: #0000ff;\">&lt;<\/span><a href=\"https:\/\/www.nouvelobs.com\/societe\/20180206.OBS1799\/antisemitisme-en-allemagne-les-vieux-demons-resurgissent.html\"><span style=\"color: #0000ff;\">Antis\u00e9mitisme<\/span> <span style=\"color: #0000ff;\">: en Allemagne, les vieux d\u00e9mons resurgissent<\/span><\/a>&gt;<br \/>\n<\/span><\/p>\n<p><span style=\"color: #777777; font-family: Arial;\">Ce qui fait dire \u00e0 Anita Lasker Wallfisch\u00a0:<br \/>\n<\/span><\/p>\n<p style=\"margin-left: 28pt;\"><span style=\"color: #c00000; font-family: Arial;\">\u00ab\u00a0<strong>L&rsquo;antis\u00e9mitisme est un virus vieux de deux mille ans et apparemment incurable<\/strong>. Il mute pour prendre de nouvelles formes : religion, race. Seulement aujourd&rsquo;hui, on ne dit pas forc\u00e9ment \u00ab\u00a0les Juifs\u00a0\u00bb. Aujourd&rsquo;hui, ce sont les Isra\u00e9liens, sans vraiment comprendre le contexte ni savoir ce qui se passe en coulisses.<br \/>\nOn reproche aux Juifs de ne pas s&rsquo;\u00eatre d\u00e9fendus, ce qui ne fait que confirmer l&rsquo;impossibilit\u00e9 d&rsquo;imaginer ce qu&rsquo;il en \u00e9tait pour nous \u00e0 l&rsquo;\u00e9poque. Et puis on reproche aux Juifs de se d\u00e9fendre. Il est scandaleux que les \u00e9coles juives, m\u00eame les jardins d&rsquo;enfants juifs, doivent \u00eatre surveill\u00e9s par la police.\u00a0\u00bb<br \/>\n<\/span><\/p>\n<p><span style=\"color: #777777; font-family: Arial;\">Elle raconte la brutalit\u00e9 avec laquelle la shoah s&rsquo;est brutalement montr\u00e9e aux yeux des juifs :<br \/>\n<\/span><\/p>\n<p style=\"margin-left: 28pt;\"><span style=\"color: #c00000; font-family: Arial;\">\u00ab\u00a0Et puis tout s&rsquo;est arr\u00eat\u00e9 brusquement. L&rsquo;exclusion radicale. Il y avait des affiches partout : \u00ab\u00a0Les Juifs ne sont pas les bienvenus\u00a0\u00bb. Nous n&rsquo;avions plus le droit d&rsquo;utiliser les piscines ni de nous asseoir sur les bancs publics, et nous devions rendre nos bicyclettes. Les hommes juifs devaient ajouter le nom \u00ab\u00a0Isra\u00ebl\u00a0\u00bb et les femmes \u00ab\u00a0Sarah\u00a0\u00bb \u00e0 leur nom. Nous avons \u00e9t\u00e9 chass\u00e9s de chez nous. Puis nous sommes entr\u00e9s dans le Moyen-\u00c2ge : nous devions porter une \u00e9toile jaune, on me crachait dessus dans la rue et on me traitait de sale juif. Notre p\u00e8re, incurable optimiste, ne pouvait pas croire ce qui se passait. Les Allemands ne peuvent tout de m\u00eame pas accepter cette folie ?\u00a0\u00bb<br \/>\n<\/span><\/p>\n<p><img decoding=\"async\" class=\"alignright\" src=\"https:\/\/lemotdujour.fr\/wp-content\/uploads\/2023\/11\/110923_0009_Jeudi9novem2.jpg\" alt=\"\" align=\"left\" \/><span style=\"color: #777777; font-family: Arial;\">Son p\u00e8re avait \u00e9t\u00e9 soldat allemand en 1914-1918, il avait \u00e9t\u00e9 d\u00e9cor\u00e9. Il \u00e9tait avocat, totalement impr\u00e9gn\u00e9 de culture allemande. Du point de vue religieux, la famille n&rsquo;\u00e9tait pas pratiquante, Anita Lasker ne savait m\u00eame pas ce que signifiait \u00eatre juif.<br \/>\n<\/span><\/p>\n<p><span style=\"color: #777777; font-family: Arial;\">Toute la famille comprend que l&rsquo;horreur est en route\u00a0:<br \/>\n<\/span><\/p>\n<p style=\"margin-left: 28pt;\"><span style=\"color: #c00000; font-family: Arial;\">Nos parents ont \u00e9t\u00e9 d\u00e9port\u00e9s le 9 avril 1942. Bien s\u00fbr, nous voulions rester ensemble, aller avec eux. Mais notre p\u00e8re nous a sagement dit non. \u00ab\u00a0L\u00e0 o\u00f9 nous allons, on y arrive bien assez t\u00f4t\u00a0\u00bb. Inutile de dire que nous ne les avons jamais revus. J&rsquo;avais 16 ans.<br \/>\n<\/span><\/p>\n<p><span style=\"color: #777777; font-family: Arial;\">Elle sera d\u00e9port\u00e9e \u00e0 Auschwitz un peu plus tard et sera int\u00e9gr\u00e9e \u00e0 l&rsquo;orchestre des femmes. Elle assistera aux horreurs qui s&rsquo;y passeront. Elle raconte<\/span><\/p>\n<p style=\"margin-left: 28pt;\"><span style=\"color: #c00000; font-family: Arial;\">\u00ab\u00a0L&rsquo;orchestre \u00e9tait install\u00e9 dans le Block 12, tout au bout de la route du camp, \u00e0 quelques m\u00e8tres du Cr\u00e9matorium I et avec une vue imprenable sur la rampe. Nous pouvions tout voir : les c\u00e9r\u00e9monies d&rsquo;arriv\u00e9e, les s\u00e9lections, les colonnes de personnes marchant vers les chambres \u00e0 gaz, bient\u00f4t transform\u00e9es en fum\u00e9e.<br \/>\n<\/span><\/p>\n<p style=\"margin-left: 28pt;\"><span style=\"color: #c00000; font-family: Arial;\">En 1944, les transports en provenance de Hongrie arrivent et les chambres \u00e0 gaz ne peuvent plus suivre. Comme le d\u00e9crit Danuta Czech dans son remarquable livre Auschwitz Chronicle, 1939-1945 : Le commandant du camp, H\u00f6\u00df, ordonna de creuser cinq fosses pour br\u00fbler les cadavres. Il y avait tellement de transports que parfois, il n&rsquo;y avait pas de place dans le cr\u00e9matorium V pour tous les corps. S&rsquo;il n&rsquo;y avait pas de place dans les chambres \u00e0 gaz, les gens \u00e9taient fusill\u00e9s \u00e0 la place. Beaucoup ont \u00e9t\u00e9 jet\u00e9s vivants dans les fosses en feu. J&rsquo;ai vu cela de mes propres yeux.<br \/>\n<\/span><\/p>\n<p style=\"margin-left: 28pt;\"><span style=\"color: #c00000; font-family: Arial;\">M\u00eame si vous n&rsquo;\u00e9tiez pas envoy\u00e9 directement dans la chambre \u00e0 gaz, personne ne survivait longtemps \u00e0 Auschwitz &#8211; le maximum que vous pouviez esp\u00e9rer \u00e9tait d&rsquo;environ trois mois. Mais si l&rsquo;on avait besoin de vous pour une raison ou une autre, vous aviez une chance infime de survivre. J&rsquo;ai eu cette chance &#8211; on avait besoin de moi.<br \/>\n<\/span><\/p>\n<p style=\"margin-left: 28pt;\"><span style=\"color: #c00000; font-family: Arial;\">Nous jouions des marches \u00e0 la porte du camp pour les prisonniers qui travaillaient dans les usines voisines &#8211; IG Farben, Buna, Krupp, etc. &#8211; et nous donnions des concerts le dimanche autour du camp pour les personnes qui y travaillaient ou toute autre personne qui souhaitait nous entendre jouer. Pour beaucoup, entendre jouer de la musique dans cet enfer \u00e9tait l&rsquo;insulte supr\u00eame. Mais pour d&rsquo;autres, peut-\u00eatre, c&rsquo;\u00e9tait l&rsquo;occasion de r\u00eaver d&rsquo;un autre monde, ne serait-ce que pour quelques instants.\u00a0\u00bb<br \/>\n<\/span><\/p>\n<p><span style=\"color: #777777; font-family: Arial;\">Elle raconte \u00e0 propos de cet orchestre\u00a0:<br \/>\n<\/span><\/p>\n<p style=\"margin-left: 28pt;\"><span style=\"color: #c00000; font-family: Arial;\">\u00ab\u00a0Parfois, je pense que l&rsquo;orchestre d&rsquo;Auschwitz \u00e9tait une sorte de microcosme, une soci\u00e9t\u00e9 en miniature dont nous pouvons nous inspirer. Toutes les nationalit\u00e9s \u00e9taient repr\u00e9sent\u00e9es. C&rsquo;\u00e9tait une tour de Babel. \u00c0 qui puis-je parler ? Seulement \u00e0 ceux qui parlent allemand ou fran\u00e7ais. Je ne sais pas parler russe ou polonais, donc je ne leur parlerai pas. Au lieu de cela, nous nous regardons avec m\u00e9fiance et supposons automatiquement que l&rsquo;autre personne est hostile ; nous ne pensons pas \u00e0 demander pourquoi l&rsquo;autre personne a \u00e9galement fini \u00e0 Auschwitz.\u00a0\u00bb<br \/>\n<\/span><\/p>\n<p><span style=\"color: #777777; font-family: Arial;\">A partir de ce constat et d&rsquo;une exp\u00e9rience elle donne le conseil de<strong> construire des ponts<\/strong>\u00a0:<br \/>\n<\/span><\/p>\n<p style=\"margin-left: 28pt;\"><span style=\"color: #c00000; font-family: Arial;\">\u00ab\u00a0Bien des ann\u00e9es apr\u00e8s ces \u00e9v\u00e9nements, je suis en contact \u00e9troit avec l&rsquo;une de ces autres prisonni\u00e8res, une Polonaise, une aryenne pure qui jouait du violon dans l&rsquo;orchestre. Nous ne nous sommes jamais parl\u00e9 \u00e0 l&rsquo;\u00e9poque. Mais gr\u00e2ce \u00e0 un livre incroyablement mal \u00e9crit sur l&rsquo;orchestre de femmes, nous avons repris contact et nous nous sommes retrouv\u00e9es \u00e0 Cracovie. Nous avons encore du mal \u00e0 trouver une langue commune, mais nous nous parlons et nous nous \u00e9crivons en anglais. Bref, nous sommes devenues amies et avons d\u00e9couvert que nous avons bien plus en commun que ce qui nous s\u00e9pare. Cela peut peut-\u00eatre servir d&rsquo;exemple pour les probl\u00e8mes d&rsquo;aujourd&rsquo;hui. Parlez \u00e0 l&rsquo;autre. Construisez des ponts.\u00a0\u00bb<br \/>\n<\/span><\/p>\n<p><span style=\"color: #777777; font-family: Arial;\">Et puis elle termine par cette conclusion bouleversante\u00a0:<br \/>\n<\/span><\/p>\n<p style=\"margin-left: 28pt;\"><span style=\"color: #c00000; font-family: Arial;\">\u00ab\u00a0Nous avons d\u00fb surmonter d&rsquo;innombrables difficult\u00e9s avant de pouvoir quitter l&rsquo;Allemagne ; cela a pris pr\u00e8s d&rsquo;un an, <strong>et j&rsquo;ai jur\u00e9 de ne plus jamais mettre les pieds sur le sol allemand. J&rsquo;\u00e9tais rong\u00e9 par une haine sans borne de tout ce qui \u00e9tait allemand. Comme vous le voyez, j&rsquo;ai rompu mon serment &#8211; il y a de tr\u00e8s nombreuses ann\u00e9es &#8211; et je ne le regrette pas. C&rsquo;est tr\u00e8s simple : la haine est un poison et, en fin de compte, on s&#8217;empoisonne soi-m\u00eame.\u00a0<\/strong>\u00bb<br \/>\n<\/span><\/p>\n<p><img loading=\"lazy\" decoding=\"async\" class=\"alignleft\" src=\"https:\/\/lemotdujour.fr\/wp-content\/uploads\/2023\/11\/110923_0009_Jeudi9novem3.jpg\" alt=\"\" width=\"415\" height=\"291\" align=\"left\" \/><span style=\"color: #777777; font-family: Arial;\">Si des femmes qui ont v\u00e9cu ce qu&rsquo;a v\u00e9cu Anita Lasker Wallfisch sont capable de surmonter la haine, l&rsquo;espoir peut rester dans nos c\u0153urs.<br \/>\n<\/span><\/p>\n<p><span style=\"color: #777777; font-family: Arial;\">D&rsquo;apr\u00e8s sa page &lt;<a href=\"https:\/\/fr.wikipedia.org\/wiki\/Anita_Lasker-Wallfisch\"><span style=\"color: #0000ff;\">Wikipedia<\/span><\/a>&gt; <strong>Anita Lasker Wallfisch <\/strong>vit toujours, elle a 98 ans<strong>.<br \/>\n<\/strong><\/span><\/p>\n<p><span style=\"color: #777777; font-family: Arial;\">Son fils <strong>Rapha\u00ebl Wallfisch<\/strong> est un des grands violoncellistes de la sc\u00e8ne musicale.<br \/>\n<\/span><\/p>\n<p><span style=\"color: #777777; font-family: Arial;\">Elle a t\u00e9moign\u00e9 longuement, en langue fran\u00e7aise, sur son histoire au \u00ab\u00a0<strong>M\u00e9morial de la Shoah<\/strong>\u00a0\u00bb. L&rsquo;INA a mis en ligne ce t\u00e9moignage de plus de 2 heures\u00a0: \u00ab\u00a0<a href=\"https:\/\/entretiens.ina.fr\/memoires-de-la-shoah\/LaskerWallfisch\/anita-lasker-wallfisch\"><strong><span style=\"color: #0000ff;\">Anita Lasker Wallfisch<\/span>\u00a0<\/strong><\/a><strong>\u00bb<br \/>\n<\/strong><\/span><\/p>\n<p><span style=\"color: #777777; font-family: Arial;\"><strong>Le Point <\/strong>parle d&rsquo;elle\u00a0: \u00ab\u00a0<a href=\"https:\/\/www.lepoint.fr\/monde\/au-parlement-allemand-une-survivante-d-auschwitz-denonce-le-virus-antisemite-31-01-2018-2191141_24.php\"><span style=\"color: #0000ff;\">une survivante d&rsquo;Auschwitz d\u00e9nonce le \u00ab\u00a0virus\u00a0\u00bb antis\u00e9mite<\/span>\u00a0<\/a>\u00bb<br \/>\n<\/span><\/p>\n<p><span style=\"color: #777777; font-family: Arial;\"><strong>Geo<\/strong> aussi\u00a0: &lt;<span style=\"color: #0000ff;\"><a style=\"color: #0000ff;\" href=\"https:\/\/www.geo.fr\/histoire\/le-long-silence-danita-lasker-wallfisch-rescapee-de-lorchestre-dauschwitz-200628\">Le long silence d&rsquo;Anita Lasker-Wallfisch<\/a><\/span>&gt;<br \/>\n<\/span><\/p>\n<p><span style=\"color: maroon; font-family: Arial;\">&lt;1775&gt;<\/span><\/p>\n","protected":false},"excerpt":{"rendered":"<p>\u00ab\u00a0C&rsquo;est tr\u00e8s simple : la haine est un poison et, en fin de compte, on s&#8217;empoisonne soi-m\u00eame.\u00a0\u00bb Anita Lasker-Wallfisch, rescap\u00e9e d&rsquo;Auschwitz Tant de haine se d\u00e9verse sur ce monde. Quel torrent de haine devait couler dans les veines de ces<\/p>\n","protected":false},"author":1,"featured_media":0,"comment_status":"open","ping_status":"closed","sticky":false,"template":"","format":"standard","meta":{"footnotes":""},"categories":[1],"tags":[47,134,54,6],"class_list":["post-15091","post","type-post","status-publish","format-standard","hentry","category-motdujour","tag-allemagne","tag-antisemitisme","tag-humanisme","tag-philosophie"],"_links":{"self":[{"href":"https:\/\/lemotdujour.fr\/index.php?rest_route=\/wp\/v2\/posts\/15091","targetHints":{"allow":["GET"]}}],"collection":[{"href":"https:\/\/lemotdujour.fr\/index.php?rest_route=\/wp\/v2\/posts"}],"about":[{"href":"https:\/\/lemotdujour.fr\/index.php?rest_route=\/wp\/v2\/types\/post"}],"author":[{"embeddable":true,"href":"https:\/\/lemotdujour.fr\/index.php?rest_route=\/wp\/v2\/users\/1"}],"replies":[{"embeddable":true,"href":"https:\/\/lemotdujour.fr\/index.php?rest_route=%2Fwp%2Fv2%2Fcomments&post=15091"}],"version-history":[{"count":4,"href":"https:\/\/lemotdujour.fr\/index.php?rest_route=\/wp\/v2\/posts\/15091\/revisions"}],"predecessor-version":[{"id":15097,"href":"https:\/\/lemotdujour.fr\/index.php?rest_route=\/wp\/v2\/posts\/15091\/revisions\/15097"}],"wp:attachment":[{"href":"https:\/\/lemotdujour.fr\/index.php?rest_route=%2Fwp%2Fv2%2Fmedia&parent=15091"}],"wp:term":[{"taxonomy":"category","embeddable":true,"href":"https:\/\/lemotdujour.fr\/index.php?rest_route=%2Fwp%2Fv2%2Fcategories&post=15091"},{"taxonomy":"post_tag","embeddable":true,"href":"https:\/\/lemotdujour.fr\/index.php?rest_route=%2Fwp%2Fv2%2Ftags&post=15091"}],"curies":[{"name":"wp","href":"https:\/\/api.w.org\/{rel}","templated":true}]}}