{"id":15075,"date":"2023-11-03T00:27:21","date_gmt":"2023-11-02T23:27:21","guid":{"rendered":"https:\/\/lemotdujour.fr\/?p=15075"},"modified":"2023-11-03T09:28:09","modified_gmt":"2023-11-03T08:28:09","slug":"vendredi-3-novembre-2023","status":"publish","type":"post","link":"https:\/\/lemotdujour.fr\/?p=15075","title":{"rendered":"Vendredi 3 novembre 2023"},"content":{"rendered":"<div class=\"mdjTexte\">\u00ab Que nous soyons Isra\u00e9liens ou Palestiniens, Libanais, Syriens, juifs ou musulmans, chr\u00e9tiens ou ath\u00e9es, Fran\u00e7ais ou Am\u00e9ricains, nous ne nous m\u00e9fierons jamais assez du recours au \u00ab nous contre eux \u00bb, qui signe fatalement le d\u00e9but de l&rsquo;obscurantisme et de la c\u00e9cit\u00e9. \u00bb<\/div>\n<div class=\"mdjAuteur\">Dominique Edd\u00e9<\/div>\n<p><span style=\"color: #777777; font-family: Arial;\">\u00c9crire sur ce conflit qui met face \u00e0 face, deux peuples pour une m\u00eame terre, pr\u00e9sente le risque de se f\u00e2cher avec beaucoup de monde. D&rsquo;abord avec les personnes convaincues de chacun des deux camps qui trouveront toujours qu&rsquo;on ne compatit pas assez avec les souffrances du camp d\u00e9fendu et qu&rsquo;on est aveugle sur la culpabilit\u00e9 du camp d&rsquo;en face. Mais on peut aussi se f\u00e2cher avec les personnes neutres qui consid\u00e8rent que dans ce domaine la seule position digne est de se taire.<br \/>\n<\/span><\/p>\n<p><span style=\"color: #777777; font-family: Arial;\">Je n&rsquo;ai pas de solution bien s\u00fbr et je suis rempli de doutes.<br \/>\n<\/span><\/p>\n<p><span style=\"color: #777777; font-family: Arial;\">Mais il me semble que seuls les mots, m\u00eame maladroits, sont en mesure de surpasser la violence et de ma\u00eetriser la sid\u00e9ration et le d\u00e9sarroi.<br \/>\n<\/span><\/p>\n<p><span style=\"color: #777777; font-family: Arial;\">L&rsquo;histoire ne commence pas le 7 octobre 2023 et il faut se pencher aussi sur ce qui s&rsquo;est pass\u00e9 avant.<br \/>\n<\/span><\/p>\n<p><span style=\"color: #777777; font-family: Arial;\">Mais le 7 octobre constitue une rupture que l&rsquo;\u00e9crivaine libanaise Dominique Edd\u00e9 d\u00e9crit ainsi dans une Tribune du Monde du &lt;<a href=\"https:\/\/www.lemonde.fr\/idees\/article\/2023\/10\/31\/l-ecrivaine-libanaise-dominique-edde-sur-la-guerre-israel-hamas-le-recours-au-nous-contre-eux-signe-fatalement-le-debut-de-l-obscurantisme-et-de-la-cecite_6197490_3232.html\"><span style=\"color: #0000ff;\">31 octobre 2023<\/span><\/a>&gt;<br \/>\n<\/span><\/p>\n<p style=\"margin-left: 28pt;\"><span style=\"color: #c00000; font-family: Arial;\">\u00ab\u00a0Le carnage barbare du Hamas, le 7 octobre, n&rsquo;a pas fait que des milliers de morts et de bless\u00e9s civils isra\u00e9liens, il a jet\u00e9 une bombe dans les esprits et dans les c\u0153urs, il a arr\u00eat\u00e9 la pens\u00e9e. Il a autoris\u00e9 le d\u00e9cha\u00eenement des passions contre les raisons et les preuves de l&rsquo;histoire. Ce d\u00e9cha\u00eenement peut se comprendre l\u00e0 o\u00f9 manquent les moyens de savoir, d&rsquo;un c\u00f4t\u00e9 comme de l&rsquo;autre. L\u00e0 o\u00f9 la douleur est \u00e9crasante. Il est inacceptable chez les puissants : l\u00e0 o\u00f9 se d\u00e9clarent les guerres, l\u00e0 o\u00f9 se d\u00e9cident les chances de la paix.\u00a0\u00bb<br \/>\n<\/span><\/p>\n<p><span style=\"color: #777777; font-family: Arial;\">Par cet acte \u00ab horrible \u00bb le Hamas a tendu un pi\u00e8ge \u00e0 Isra\u00ebl, pi\u00e8ge qu&rsquo;Isra\u00ebl a \u00e9norm\u00e9ment de difficult\u00e9s \u00e0 contourner.<br \/>\n<\/span><\/p>\n<p><span style=\"color: #777777; font-family: Arial;\">Il \u00e9tait inimaginable et inacceptable qu&rsquo;Isra\u00ebl ne r\u00e9agisse pas et ne s&rsquo;attaque durement au Hamas.<br \/>\n<\/span><\/p>\n<p><span style=\"color: #777777; font-family: Arial;\">Le blocus et les bombardements massifs sur une population civile qui est prisonni\u00e8re, dans ce bout de territoire surpeupl\u00e9, sont en train de renverser dans l&rsquo;esprit de beaucoup, notamment dans les populations musulmanes et aussi des populations non occidentales, le poids de l&rsquo;inhumanit\u00e9 du c\u00f4t\u00e9 de l&rsquo;arm\u00e9e isra\u00e9lienne.<br \/>\n<\/span><\/p>\n<p><span style=\"color: #777777; font-family: Arial;\">En outre, des exactions et des crimes commis par des colons juifs en Cisjordanie contre la population arabe ont conduit, m\u00eame les \u00c9tats-Unis, \u00e0 r\u00e9agir par la voie du porte-parole du d\u00e9partement d&rsquo;\u00c9tat, Matthew Miller en d\u00e9non\u00e7ant &lt;<a href=\"https:\/\/www.rfi.fr\/fr\/moyen-orient\/20231102-les-palestiniens-de-cisjordanie-en-proie-%C3%A0-la-violence-accrue-des-colons-isra%C3%A9liens\"><span style=\"color: #0000ff;\">des attaques<\/span><\/a>&gt;\u00a0:<br \/>\n<\/span><\/p>\n<p style=\"margin-left: 28pt;\"><span style=\"color: #c00000; font-family: Arial;\"> \u00ab Incroyablement d\u00e9stabilisatrices et contre-productives pour la s\u00e9curit\u00e9 \u00e0 long terme d&rsquo;Isra\u00ebl, en plus d&rsquo;\u00eatre, bien s\u00fbr, extr\u00eamement pr\u00e9judiciables aux Palestiniens vivant en Cisjordanie \u00bb<br \/>\n<\/span><\/p>\n<p><span style=\"color: #777777; font-family: Arial;\">Ceci a fait exploser un antis\u00e9mitisme latent dans le monde entier et en France aussi.<br \/>\n<\/span><\/p>\n<p><span style=\"color: #777777; font-family: Arial;\">Longtemps, l&rsquo;antis\u00e9mitisme \u00e9tait analys\u00e9 comme l&rsquo;apanage de l&rsquo;extr\u00eame droite maurassienne. Beaucoup de gens de gauche ont eu du mal \u00e0 accepter l&rsquo;id\u00e9e qu&rsquo;il y avait aussi en France un antis\u00e9mitisme musulman.<br \/>\n<\/span><\/p>\n<p><span style=\"color: #777777; font-family: Arial;\">Parce qu&rsquo;on peut se trouver \u00eatre tr\u00e8s critique avec les d\u00e9cisions, les actions du gouvernement d&rsquo;Isra\u00ebl, mais pourquoi faire porter la responsabilit\u00e9 et commettre des actes contre les juifs en France ou ailleurs\u00a0?<br \/>\n<\/span><\/p>\n<p><span style=\"color: #777777; font-family: Arial;\">Seul l&rsquo;antis\u00e9mitisme peut l&rsquo;expliquer sans le justifier.<br \/>\n<\/span><\/p>\n<p><span style=\"color: #777777; font-family: Arial;\"><strong>Isma\u00ebl Saidi<\/strong> est musulman, il est com\u00e9dien et metteur en sc\u00e8ne de la pi\u00e8ce \u00ab Djihad \u00bb. Il a commis un article\u00a0: \u00ab <a href=\"https:\/\/www.lefigaro.fr\/vox\/monde\/ismael-saidi-en-tant-que-musulman-je-refuse-de-me-voiler-la-face-sur-la-nature-de-l-antisemitisme-en-france-20231031\"><span style=\"color: #0000ff;\">En tant que musulman, je refuse de me voiler la face sur la nature de l&rsquo;antis\u00e9mitisme en France<\/span><\/a> \u00bb dans lequel il \u00e9crit\u00a0:<br \/>\n<\/span><\/p>\n<p style=\"margin-left: 28pt;\"><span style=\"color: #c00000; font-family: Arial;\">\u00ab \u00ab Il ne faut pas \u00eatre juif \u00bb : c&rsquo;est l&rsquo;unique \u00ab raison \u00bb que l&rsquo;on peut trouver aux crimes commis ce 7 octobre 2023, du moins, je n&rsquo;en vois pas d&rsquo;autre car aucune cause, aussi l\u00e9gitime soit-elle, m\u00eame aussi noble que celle de la cr\u00e9ation d&rsquo;un \u00e9tat pour le peuple palestinien en souffrance depuis si longtemps, ne justifie un massacre. [&#8230;]<\/span><\/p>\n<p style=\"margin-left: 28pt;\"><span style=\"color: #c00000; font-family: Arial;\">Mais si, pour une fois, au lieu d&rsquo;inviter un rabbin et un imam sur tous les plateaux en leur demandant de nous montrer \u00e0 quel point les religions ne sont qu&rsquo;amour et paix (les millions de morts \u00e0 travers les si\u00e8cles, victimes de guerres de religions, de croisades, de pogroms, d&rsquo;esclavage appr\u00e9cieront\u2026), on se posait la bonne question.<br \/>\n<\/span><\/p>\n<p style=\"margin-left: 28pt;\"><span style=\"color: #c00000; font-family: Arial;\">Si pour une fois, au lieu de mettre la poussi\u00e8re sous le tapis jusqu&rsquo;au prochain attentat, nous arr\u00eations de nous voiler la face.<br \/>\n<\/span><\/p>\n<p style=\"margin-left: 28pt;\"><span style=\"color: #c00000; font-family: Arial;\">Je vais donc lancer un pav\u00e9 dans la mare : pourquoi lorsque des atrocit\u00e9s sont commises \u00e0 des milliers de kilom\u00e8tres de chez nous, faut-il prot\u00e9ger la communaut\u00e9 juive de France ?<br \/>\n<\/span><\/p>\n<p style=\"margin-left: 28pt;\"><span style=\"color: #c00000; font-family: Arial;\">Pourquoi est-ce que l&rsquo;on trouve cela normal ?<br \/>\n<\/span><\/p>\n<p style=\"margin-left: 28pt;\"><span style=\"color: #c00000; font-family: Arial;\">Pourquoi est-ce qu&rsquo;un Fran\u00e7ais juif doit craindre de sortir avec une kippa ou la moindre preuve d&rsquo;appartenance \u00e0 sa communaut\u00e9 de croyance ?<br \/>\n<\/span><\/p>\n<p style=\"margin-left: 28pt;\"><span style=\"color: #c00000; font-family: Arial;\">Pourquoi des maisons o\u00f9 se trouvent des m\u00e9zouzas sont vis\u00e9es ? Pourquoi des familles changent leur nom sur les applications de livraison pour \u00e9viter de se faire agresser si elles sont reconnues comme juives ? De quoi les Fran\u00e7ais juifs sont-ils coupables ?<br \/>\n<\/span><\/p>\n<p style=\"margin-left: 28pt;\"><span style=\"color: #c00000; font-family: Arial;\">Si le Moyen-Orient s&rsquo;enflamme, pourquoi nos compatriotes juifs doivent-ils en souffrir ?<br \/>\n<\/span><\/p>\n<p style=\"margin-left: 28pt;\"><span style=\"color: #c00000; font-family: Arial;\">La r\u00e9ponse qui me vient \u00e0 l&rsquo;esprit est qu&rsquo;il y a une id\u00e9ologie en France qui a d\u00e9cid\u00e9 de faire des juifs ses ennemis.<br \/>\n<\/span><\/p>\n<p style=\"margin-left: 28pt;\"><span style=\"color: #c00000; font-family: Arial;\">Comme l&rsquo;avait fait le nazisme, par le pass\u00e9, il y a une id\u00e9ologie qui veut \u00ab se faire du juif \u00bb.<br \/>\n<\/span><\/p>\n<p style=\"margin-left: 28pt;\"><span style=\"color: #c00000; font-family: Arial;\">Je le dis parce que je ne la connais que trop bien.<br \/>\n<\/span><\/p>\n<p style=\"margin-left: 28pt;\"><span style=\"color: #c00000; font-family: Arial;\">Des ann\u00e9es \u00e0 \u00eatre abreuv\u00e9 d&rsquo;images, de discours sur \u00ab nos fr\u00e8res palestiniens \u00bb tr\u00e8s vite devenus \u00ab nos fr\u00e8res en islam \u00bb tu\u00e9s par les \u00ab juifs \u00bb &#8211; et pas par les Isra\u00e9liens car dans le monde arabo-musulman, c&rsquo;est le mot \u00ab juif \u00bb qui est utilis\u00e9 et \u00e0 dessein.<br \/>\n<\/span><\/p>\n<p style=\"margin-left: 28pt;\"><span style=\"color: #c00000; font-family: Arial;\">Les terroristes n&rsquo;ont-ils pas appel\u00e9 leur famille, hurlant de joie, leur expliquant qu&rsquo;ils ont tu\u00e9 \u00ab des juifs \u00bb.<br \/>\n<\/span><\/p>\n<p style=\"margin-left: 28pt;\"><span style=\"color: #c00000; font-family: Arial;\">Ainsi le glissement s\u00e9mantique a eu lieu depuis bien longtemps : ce n&rsquo;est pas Palestinien contre Isra\u00e9lien, mais musulman contre juif.<br \/>\n<\/span><\/p>\n<p style=\"margin-left: 28pt;\"><span style=\"color: #c00000; font-family: Arial;\">Il n&rsquo;est donc pas \u00e9tonnant, quand on comprend cela, que dans le pays o\u00f9 se trouve la plus grande communaut\u00e9 musulmane d&rsquo;Europe et la plus grande communaut\u00e9 juive d&rsquo;Europe, la situation devienne explosive.<br \/>\n<\/span><\/p>\n<p style=\"margin-left: 28pt;\"><span style=\"color: #c00000; font-family: Arial;\">Et l\u00e0 o\u00f9 beaucoup d&rsquo;entre nous pensent que c&rsquo;est le conflit isra\u00e9lo-palestinien qui est la matrice de l&rsquo;antis\u00e9mitisme en France, je r\u00e9pondrai : changez de paradigme de lecture, retournez l&rsquo;image d&rsquo;\u00c9pinal et vous comprendrez: c&rsquo;est l&rsquo;antis\u00e9mitisme que l&rsquo;on retrouve dans une id\u00e9ologie meurtri\u00e8re, cancer de l&rsquo;islam, qui est devenu, aujourd&rsquo;hui, la matrice du conflit isra\u00e9lo-palestinien.\u00a0\u00bb<br \/>\n<\/span><\/p>\n<p><span style=\"color: #777777; font-family: Arial;\">Dans sa tribune au Monde <strong>Dominique Edd\u00e9<\/strong> ajoute\u00a0:<br \/>\n<\/span><\/p>\n<p style=\"margin-left: 28pt;\"><span style=\"color: #c00000; font-family: Arial;\">\u00ab\u00a0Que nous soyons Isra\u00e9liens ou Palestiniens, Libanais, Syriens, juifs ou musulmans, chr\u00e9tiens ou ath\u00e9es, Fran\u00e7ais ou Am\u00e9ricains, nous ne nous m\u00e9fierons jamais assez du recours au \u00ab nous contre eux \u00bb, qui signe fatalement le d\u00e9but de l&rsquo;obscurantisme et de la c\u00e9cit\u00e9.<br \/>\n<\/span><\/p>\n<p style=\"margin-left: 28pt;\"><span style=\"color: #c00000; font-family: Arial;\">Or l&#8217;emploi de ces trois mots enregistre \u00e0 l&rsquo;heure qu&rsquo;il est des records terrifiants, d&rsquo;un bord \u00e0 l&rsquo;autre de la plan\u00e8te. Et il se r\u00e9pand \u00e0 une vitesse si foudroyante qu&rsquo;il emporte les t\u00eates, comme un ouragan des maisons. [\u2026]<br \/>\n<\/span><\/p>\n<p style=\"margin-left: 28pt;\"><span style=\"color: #c00000; font-family: Arial;\">Pour assurer son existence dans la dur\u00e9e, Isra\u00ebl doit renoncer \u00e0 l&rsquo;an\u00e9antissement de Gaza et \u00e0 l&rsquo;annexion de la Cisjordanie. Son avenir ne peut pas lui \u00eatre assur\u00e9 par l&rsquo;expulsion, l&rsquo;extermination, la conqu\u00eate du peu de territoire qui reste. Il ne peut l&rsquo;\u00eatre que par un changement radical de politique. Un renoncement \u00e0 la logique de l&rsquo;affirmation de soi par la sup\u00e9riorit\u00e9 militaire et la n\u00e9gation de l&rsquo;autre. Alors, les esprits ignorants ou born\u00e9s du monde arabo-musulman prendront mieux la mesure de ce temps de l&rsquo;horreur absolue que fut la Shoah. Il sera enfin enseign\u00e9 et transmis aux nouvelles g\u00e9n\u00e9rations. Nous apprendrons, de part et d&rsquo;autre, que pas une histoire ne commence avec soi.<br \/>\n<\/span><\/p>\n<p style=\"margin-left: 28pt;\"><span style=\"color: #c00000; font-family: Arial;\">On ne d\u00e9truira pas les islamistes radicaux \u00e0 coups de d\u00e9clarations de guerre, on les affaiblira en leur \u00f4tant, une par une, leurs raisons d&rsquo;exister et d&rsquo;instrumentaliser l&rsquo;islam. Ce sera long ? Oui. Mais qu&rsquo;on nous dise, quel autre moyen a-t-on d&rsquo;\u00e9teindre un incendie sans fronti\u00e8res ?<br \/>\n<\/span><\/p>\n<p style=\"margin-left: 28pt;\"><span style=\"color: #c00000; font-family: Arial;\">C&rsquo;est en retirant ses \u00ab pr\u00e9textes \u00bb \u00e0 la mauvaise foi g\u00e9n\u00e9rale qu&rsquo;on fera peut-\u00eatre advenir la paix \u00e0 laquelle aspire d\u00e9sesp\u00e9r\u00e9ment le plus grand nombre. Les psychoth\u00e9rapeutes savent ce que les politiciens s&rsquo;abstiennent de prendre en compte : formuler la souffrance de l&rsquo;autre, son humiliation, l&rsquo;aider \u00e0 dire son cri, sa rage, sa haine, c&rsquo;est les d\u00e9samorcer. C&rsquo;est d&rsquo;un combat contre la haine qu&rsquo;il s&rsquo;agit d\u00e9sormais. Il engage chacun de nous, si l&rsquo;on veut donner une chance aux prochaines g\u00e9n\u00e9rations.<br \/>\n<\/span><\/p>\n<p style=\"margin-left: 28pt;\"><span style=\"color: #c00000; font-family: Arial;\">Que les dirigeants isra\u00e9liens et leurs soutiens aveugles renoncent \u00e0 leur domination brutale, satisfaite et sans partage de ce lieu explosif qu&rsquo;est la \u00ab Terre sainte \u00bb. Que les Arabes, les musulmans, les d\u00e9faits de l&rsquo;histoire n&rsquo;oublient pas qu&rsquo;en versant dans l&rsquo;antis\u00e9mitisme ils se salissent, ils tombent dans un mal qui n&rsquo;est pas le leur, ils se retournent contre eux-m\u00eames. Qu&rsquo;ils s&rsquo;\u00e9l\u00e8vent, bien s\u00fbr, contre le massacre en masse qui est en cours, mais qu&rsquo;ils ne privent pas les familles isra\u00e9liennes endeuill\u00e9es de leur compassion, qu&rsquo;ils ne confondent pas leur r\u00e9volte avec le fantasme de la disparition d&rsquo;Isra\u00ebl.<br \/>\n<\/span><\/p>\n<p style=\"margin-left: 28pt;\"><span style=\"color: #c00000; font-family: Arial;\">N&rsquo;oublions pas, nous autres Arabes, que nous avons massivement contribu\u00e9 \u00e0 notre malheur. N&rsquo;oublions pas qu&rsquo;en mati\u00e8re d&rsquo;horreur nous avons enregistr\u00e9 sur nos sols, depuis 1975, une s\u00e9rie abominable de massacres. Du Liban \u00e0 la Syrie, \u00e0 l&rsquo;Irak, nos prisonniers ont \u00e9t\u00e9 enferm\u00e9s dans des conditions atroces. Des femmes, des hommes ont \u00e9t\u00e9 tortur\u00e9s, sans que nous sachions les d\u00e9fendre. Nos m\u00e9moires, nos cerveaux, nos \u00e2mes ont \u00e9t\u00e9 tortur\u00e9s. Nos cultures. Notre histoire mill\u00e9naire. Aucun de ces pays n&rsquo;est parvenu \u00e0 r\u00e9sister aux manipulations internes et externes, \u00e0 la pression infernale des grandes puissances, \u00e0 la sinistre alliance de la corruption, du m\u00e9pris des pauvres et de la plus abusive des virilit\u00e9s.<br \/>\n<\/span><\/p>\n<p style=\"margin-left: 28pt;\"><span style=\"color: #c00000; font-family: Arial;\">Nous ne pouvons plus relever la t\u00eate \u00e0 coups de slogans et de dol\u00e9ances exclusivement dirig\u00e9s contre Isra\u00ebl. L&rsquo;avenir ne consiste pas \u00e0 revendiquer ce que l&rsquo;on a perdu, mais \u00e0 examiner ce qui reste \u00e0 sauver. Isra\u00ebl existe. De ce qui fut un mal pour beaucoup d&rsquo;entre nous peut sortir un bien pour tous.<br \/>\n<\/span><\/p>\n<p style=\"margin-left: 28pt;\"><span style=\"color: #c00000; font-family: Arial;\">Un chantier gigantesque<br \/>\n<\/span><\/p>\n<p style=\"margin-left: 28pt;\"><span style=\"color: #c00000; font-family: Arial;\">Ne ratons pas ce terrible et dernier rendez-vous. Souvenons-nous que la vie, la mort, le jour, la nuit, la douleur, l&rsquo;orphelin, la terre et la paix se disent pareil en arabe et en h\u00e9breu. Il est temps pour chacun de nous de faire un immense effort si nous ne voulons pas que la barbarie triomphe \u00e0 nos portes, pire : \u00e0 l&rsquo;int\u00e9rieur de chacun de nous.\u00a0\u00bb<br \/>\n<\/span><\/p>\n<p><span style=\"color: #777777; font-family: Arial;\">J&rsquo;avais d\u00e9j\u00e0 fait appel \u00e0 Dominique Edd\u00e9 lors d&rsquo;un mot du jour pr\u00e9c\u00e9dent, c&rsquo;\u00e9tait une lettre ouverte \u00e0 Alain Finkielkraut\u00a0: \u00ab<span style=\"color: #0000ff;\"><a style=\"color: #0000ff;\" href=\"https:\/\/lemotdujour.fr\/?p=6377\"><strong>Le monde est comme un masque qui danse\u00a0: pour bien le voir, il ne faut pas rester au m\u00eame endroit<\/strong><\/a>.<\/span>\u00bb<br \/>\n<\/span><\/p>\n<p><span style=\"color: maroon; font-family: Arial;\">&lt;1774&gt;<\/span><\/p>\n","protected":false},"excerpt":{"rendered":"<p>\u00ab Que nous soyons Isra\u00e9liens ou Palestiniens, Libanais, Syriens, juifs ou musulmans, chr\u00e9tiens ou ath\u00e9es, Fran\u00e7ais ou Am\u00e9ricains, nous ne nous m\u00e9fierons jamais assez du recours au \u00ab nous contre eux \u00bb, qui signe fatalement le d\u00e9but de l&rsquo;obscurantisme et<\/p>\n","protected":false},"author":1,"featured_media":0,"comment_status":"open","ping_status":"closed","sticky":false,"template":"","format":"standard","meta":{"footnotes":""},"categories":[1],"tags":[134,54,151,201],"class_list":["post-15075","post","type-post","status-publish","format-standard","hentry","category-motdujour","tag-antisemitisme","tag-humanisme","tag-israel","tag-palestine"],"_links":{"self":[{"href":"https:\/\/lemotdujour.fr\/index.php?rest_route=\/wp\/v2\/posts\/15075","targetHints":{"allow":["GET"]}}],"collection":[{"href":"https:\/\/lemotdujour.fr\/index.php?rest_route=\/wp\/v2\/posts"}],"about":[{"href":"https:\/\/lemotdujour.fr\/index.php?rest_route=\/wp\/v2\/types\/post"}],"author":[{"embeddable":true,"href":"https:\/\/lemotdujour.fr\/index.php?rest_route=\/wp\/v2\/users\/1"}],"replies":[{"embeddable":true,"href":"https:\/\/lemotdujour.fr\/index.php?rest_route=%2Fwp%2Fv2%2Fcomments&post=15075"}],"version-history":[{"count":6,"href":"https:\/\/lemotdujour.fr\/index.php?rest_route=\/wp\/v2\/posts\/15075\/revisions"}],"predecessor-version":[{"id":15083,"href":"https:\/\/lemotdujour.fr\/index.php?rest_route=\/wp\/v2\/posts\/15075\/revisions\/15083"}],"wp:attachment":[{"href":"https:\/\/lemotdujour.fr\/index.php?rest_route=%2Fwp%2Fv2%2Fmedia&parent=15075"}],"wp:term":[{"taxonomy":"category","embeddable":true,"href":"https:\/\/lemotdujour.fr\/index.php?rest_route=%2Fwp%2Fv2%2Fcategories&post=15075"},{"taxonomy":"post_tag","embeddable":true,"href":"https:\/\/lemotdujour.fr\/index.php?rest_route=%2Fwp%2Fv2%2Ftags&post=15075"}],"curies":[{"name":"wp","href":"https:\/\/api.w.org\/{rel}","templated":true}]}}