{"id":15056,"date":"2023-10-30T00:08:00","date_gmt":"2023-10-29T23:08:00","guid":{"rendered":"https:\/\/lemotdujour.fr\/?p=15056"},"modified":"2023-10-30T12:14:11","modified_gmt":"2023-10-30T11:14:11","slug":"lundi-30-octobre-2023","status":"publish","type":"post","link":"https:\/\/lemotdujour.fr\/?p=15056","title":{"rendered":"Lundi 30 octobre 2023"},"content":{"rendered":"<div class=\"mdjTexte\">\u00ab\u00a0Du coup, c&rsquo;est compliqu\u00e9 \u2026 \u00bb<\/div>\n<div class=\"mdjAuteur\">Essai de synth\u00e9tiser la situation en langue moderne<\/div>\n<p><span style=\"color: #777777; font-family: Arial;\">Il y a deux mois j&rsquo;ai trouv\u00e9 une publication sur Facebook qui m&rsquo;a amus\u00e9 et que j&rsquo;ai partag\u00e9.<br \/>\n<\/span><\/p>\n<p style=\"text-align: left;\"><img decoding=\"async\" class=\"alignleft\" src=\"https:\/\/lemotdujour.fr\/wp-content\/uploads\/2023\/10\/102923_2128_Lundi30octo1.png\" alt=\"\" align=\"left\" \/><span style=\"color: #777777; font-family: Arial;\">Et je dois dire que depuis j&rsquo;\u00e9coute la radio, les \u00e9missions trouv\u00e9es sur Internet, mes \u00e9changes avec autrui, jusqu&rsquo;aux conversations dans la rue ou les transports commun, j&rsquo;arrive \u00e0 cette conclusion qu&rsquo;en effet l&rsquo;expression \u00ab\u00a0du coup\u00a0\u00bb est devenu extraordinairement fr\u00e9quente.<br \/>\n<\/span><\/p>\n<p><span style=\"color: #777777; font-family: Arial;\">Ce dimanche matin j&rsquo;ai entendu le d\u00e9put\u00e9 LFI Eric Coquerel sur France Info. Dans un discours uniquement tourn\u00e9 vers la responsabilit\u00e9 de l&rsquo;Etat d&rsquo;Isra\u00ebl, il a reconnu dans une proposition subordonn\u00e9e qu&rsquo;il y avait crime de guerre de la part du Hamas. Plus loin il a dit qu&rsquo;Isra\u00ebl commettait aussi des crimes de guerre.<br \/>\n<\/span><\/p>\n<p><span style=\"color: #777777; font-family: Arial;\">Un instant\u2026<br \/>\n<\/span><\/p>\n<p><span style=\"color: #777777; font-family: Arial;\">Ce qui s&rsquo;est pass\u00e9 le 7 octobre, c&rsquo;est le plus grand massacre de juifs, depuis la Shoah, avec des actes d&rsquo;une barbarie \u00e9c\u0153urante.<br \/>\n<\/span><\/p>\n<p><span style=\"color: #777777; font-family: Arial;\">Le Hamas est une organisation islamique, totalitaire, d&rsquo;extr\u00eame droite. Je ne peux m\u00eame pas comprendre qu&rsquo;un homme de gauche puisse trouver le d\u00e9but du commencement d&rsquo;une connivence avec une organisation qui est si loin de ses valeurs d\u00e9clar\u00e9es.<br \/>\n<\/span><\/p>\n<p><span style=\"color: #777777; font-family: Arial;\">La vie des palestiniens et leur aspiration l\u00e9gitime \u00e0 un \u00c9tat sont tr\u00e8s loin de leur priorit\u00e9 qui est l&rsquo;islamisation de la soci\u00e9t\u00e9 palestinienne et de l&rsquo;Oumma c&rsquo;est-\u00e0-dire de la communaut\u00e9 de l&rsquo;ensemble des musulmans du monde, puis de l&rsquo;expansion de cette communaut\u00e9 dans la logique de l&rsquo;id\u00e9ologie des fr\u00e8res musulmans.<br \/>\n<\/span><\/p>\n<p><span style=\"color: #777777; font-family: Arial;\">Je suis atterr\u00e9 que Mediapart, auquel j&rsquo;\u00e9tais abonn\u00e9 longtemps et qui sur certains dossiers a fait un travail remarquable et utile soit tomb\u00e9 avec son fondateur Edwy Plenel dans un islamo gauchiste niant l&rsquo;id\u00e9ologie et les objectifs de certaines organisations qu&rsquo;ils d\u00e9fendent. Ce fut encore le cas lors de cette \u00e9mission &lt;<a href=\"https:\/\/www.youtube.com\/watch?v=kZUTBEbZ8Qg\"><span style=\"color: #0000ff;\">Guerre au Proche-Orient : les d\u00e9rives du d\u00e9bat fran\u00e7ais<\/span><\/a>&gt; dans laquelle apr\u00e8s avoir une fois de plus d\u00e9nigr\u00e9 le travail de <a href=\"https:\/\/lemotdujour.fr\/?p=14881\"><strong><span style=\"color: #0000ff;\">Florence Bergeaud-Blackler<\/span><\/strong><\/a> a ni\u00e9 l&rsquo;\u00e9vidence du caract\u00e8re totalitaire du Hamas, sa volont\u00e9 d&rsquo;\u00e9radiquer la pr\u00e9sence juive au moyen orient et son ambition g\u00e9n\u00e9rale concernant l&rsquo;Oumma, ainsi que les forces \u00e0 l&rsquo;\u0153uvre en Occident et en France suivant les m\u00eames objectifs<strong>.<br \/>\n<\/strong><\/span><\/p>\n<p><span style=\"color: #777777; font-family: Arial;\">Je reconnais cependant que la pr\u00e9sence et les interventions de <strong>Latifa Oulkhouir<\/strong> et de <strong>Hanna Assouline<\/strong>, d\u00e9j\u00e0 \u00e9voqu\u00e9e lors du mot du jour du lundi 23 octobre, \u00e9taient de qualit\u00e9 et donnaient des \u00e9clairages int\u00e9ressants.<br \/>\n<\/span><\/p>\n<p><span style=\"color: #777777; font-family: Arial;\">Et puis, il y a aussi l&rsquo;Iran \u00e0 la man\u0153uvre.<br \/>\n<\/span><\/p>\n<p><span style=\"color: #777777; font-family: Arial;\">Et je ne me lasserai pas de r\u00e9p\u00e9ter ce moment de r\u00e9v\u00e9lation rationnelle et la\u00efque, lorsqu&rsquo;en 1979, j&rsquo;ai entendu une jeune iranienne appeler \u00ab la Ligne Ouverte \u00bb, \u00e9mission de Gonzague Saint Bris, pour crier sa col\u00e8re que la gauche occidentale, dont je faisais partie, trouvait g\u00e9nial que Khomeini puisse renverser la dictature honnie du Shah d&rsquo;Iran.<br \/>\n<\/span><\/p>\n<p><span style=\"color: #777777; font-family: Arial;\">J&rsquo;ai racont\u00e9 cet \u00e9pisode et aussi la mani\u00e8re dont la gauche et les humanistes iraniens ont \u00e9t\u00e9 dup\u00e9s puis pers\u00e9cut\u00e9s par les monstres qui ont pris le pouvoir en 1979, en Iran : \u00ab <a href=\"https:\/\/lemotdujour.fr\/?p=11783\"><span style=\"color: #0000ff;\">Vous ne pouvez pas comprendre<\/span><\/a>\u00bb<br \/>\n<\/span><\/p>\n<p><span style=\"color: #777777; font-family: Arial;\">Les fr\u00e8res musulmans, le Hamas, les salafistes et autres font partie de cette m\u00eame id\u00e9ologie r\u00e9gressive, totalitaire, expansionniste et absolument oppos\u00e9e \u00e0 notre mani\u00e8re de vivre, \u00e0 notre libert\u00e9, \u00e0 nos valeurs.<br \/>\n<\/span><\/p>\n<p><span style=\"color: #777777; font-family: Arial;\">Alors \u00ab du coup c&rsquo;est compliqu\u00e9 \u00bb, parce qu&rsquo;en face du Hamas, du c\u00f4t\u00e9 des pro-isra\u00e9liens, il y a aussi une vision unilat\u00e9rale, violente, exclusive qui s&rsquo;exprime.<br \/>\n<\/span><\/p>\n<p><span style=\"color: #777777; font-family: Arial;\">Je pourrais aussi multiplier les exemples j&rsquo;en prendrai deux.<br \/>\n<\/span><\/p>\n<p><span style=\"color: #777777; font-family: Arial;\">Le premier est celui du <a href=\"https:\/\/www.lefigaro.fr\/international\/conflit-israel-hamas-quand-netanyahou-evoque-le-peuple-des-tenebres-et-promet-de-realiser-la-prophetie-d-isaie-20231027\"><span style=\"color: #0000ff;\">discours t\u00e9l\u00e9vis\u00e9 du mercredi 25 octobre<\/span><\/a> du premier ministre qu&rsquo;Isra\u00ebl s&rsquo;est donn\u00e9\u00a0:<br \/>\n<\/span><\/p>\n<p style=\"margin-left: 28pt;\"><span style=\"color: #c00000; font-family: Arial;\">\u00ab Ils sont le peuple des t\u00e9n\u00e8bres, et la lumi\u00e8re triomphe des t\u00e9n\u00e8bres. \u00bb<br \/>\n<\/span><\/p>\n<p><span style=\"color: #777777; font-family: Arial;\">Benjamin N\u00e9tanyahou promet ensuite de \u00ab <span style=\"color: #c00000;\">r\u00e9aliser la proph\u00e9tie d&rsquo;Isa\u00efe<span style=\"color: #777777;\"> \u00bb avant de citer une partie du texte. \u00ab <span style=\"color: #c00000;\">Il n&rsquo;y aura plus de voleurs dans vos fronti\u00e8res et vos portes seront glorieuses. <span style=\"color: #777777;\">\u00bb.<br \/>\n<\/span><\/span><\/span><\/span><\/span><\/p>\n<p><span style=\"color: #777777; font-family: Arial;\">Le verset 18 du chapitre 60 du livre d&rsquo;Isa\u00efe qui est un livre proph\u00e9tique dit exactement.<br \/>\n<\/span><\/p>\n<p style=\"margin-left: 28pt;\"><span style=\"color: #c00000; font-family: Arial;\">\u00ab On n&rsquo;entendra plus parler de violence en ton pays, de ravages ni de ruine en ton territoire, et tu appelleras tes murs &lsquo;Salut&rsquo;, et tes portes &lsquo;Gloire&rsquo;\u00bb.<br \/>\n<\/span><\/p>\n<p><span style=\"color: #777777; font-family: Arial;\">Il y a d&rsquo;un c\u00f4t\u00e9 \u00ab\u00a0le camp du bien\u00a0\u00bb et de l&rsquo;autre \u00ab\u00a0le camp du mal\u00a0\u00bb et on fait appel \u00e0 la religion pour \u00e9radiquer le mal. Le discours a comme fondement le fait que la force (avec l&rsquo;aide de Dieu\u00a0?) permettra d&rsquo;obtenir la paix et la fin de la violence.<br \/>\n<\/span><\/p>\n<p><span style=\"color: #777777; font-family: Arial;\">\u00ab Du coup s&rsquo;est compliqu\u00e9 \u00bb et la paix me semble alors tr\u00e8s \u00e9loign\u00e9e.<br \/>\n<\/span><\/p>\n<p><span style=\"color: #777777; font-family: Arial;\">L&rsquo;autre exemple est celui du d\u00e9put\u00e9 Habib Meyer, lors du discours de Jean-Louis Bourlanges, objet du mot du jour de vendredi dernier.<br \/>\n<\/span><\/p>\n<p><span style=\"color: #777777; font-family: Arial;\">Lorsque Jean-Louis Bourlanges parle des colonies isra\u00e9liennes en Cisjordanie, ce d\u00e9put\u00e9 r\u00e9plique\u00a0:<br \/>\n<\/span><\/p>\n<p style=\"margin-left: 28pt;\"><span style=\"color: #c00000; font-family: Arial;\">\u00ab\u00a0La Jud\u00e9e ne sera jamais une colonie !\u00a0\u00bb<br \/>\n<\/span><\/p>\n<p><span style=\"color: #777777; font-family: Arial;\">Faut-il une explication de texte\u00a0?<br \/>\n<\/span><\/p>\n<p><span style=\"color: #777777; font-family: Arial;\">Le d\u00e9put\u00e9 utilise le terme de Jud\u00e9e, terme Biblique utilis\u00e9 il y a 2000 ans \u00e0 l&rsquo;\u00e9poque du Christ, jusqu&rsquo;au moment o\u00f9 les romains et Titus ont combattu et chass\u00e9 les juifs de ces terres parce qu&rsquo;ils s&rsquo;\u00e9taient r\u00e9volt\u00e9s contre l&#8217;empire romain.<br \/>\n<\/span><\/p>\n<p><span style=\"color: #777777; font-family: Arial;\">Et puis il dit : \u00ab\u00a0ce n&rsquo;est pas une colonie\u00a0\u00bb.<br \/>\n<\/span><\/p>\n<p><span style=\"color: #777777; font-family: Arial;\">D\u00e8s lors, il rejette l&rsquo;acte de l&rsquo;ONU de 1947 qui avait autoris\u00e9 la cr\u00e9ation en Palestine d&rsquo;un \u00ab \u00c9tat juif \u00bb et d&rsquo;un \u00ab \u00c9tat arabe \u00bb.<br \/>\n<\/span><\/p>\n<p><span style=\"color: #777777; font-family: Arial;\">Il se place sur un autre registre, exactement parall\u00e8le \u00e0 celui des islamistes.<br \/>\n<\/span><\/p>\n<p><span style=\"color: #777777; font-family: Arial;\">Pour les islamistes, cette terre est musulmane selon la volont\u00e9 de Dieu. Aucun humain et pas davantage l&rsquo;ONU ne peut en disposer.<br \/>\n<\/span><\/p>\n<p><span style=\"color: #777777; font-family: Arial;\">Pour les messianistes juifs et comme l&rsquo;exprime Habib Meyer, cette terre, la Jud\u00e9e est la terre promise par Dieu \u00e0 son peuple \u00e9lu. La d\u00e9cision de l&rsquo;ONU est une simple anecdote ne r\u00e9v\u00e9lant qu&rsquo;une partie de la v\u00e9rit\u00e9 sur cette terre\u00a0: Elle est aux juifs, il n&rsquo;y a pas lieu d&rsquo;en discuter avec les palestiniens ou d&rsquo;autres humains.<br \/>\n<\/span><\/p>\n<p><span style=\"color: #777777; font-family: Arial;\">Tant qu&rsquo;il y a des combats politiques et territoriaux, des compromis sont possibles.<br \/>\n<\/span><\/p>\n<p><span style=\"color: #777777; font-family: Arial;\">Mais si on jette sur la situation une vision religieuse, nous sommes dans l&rsquo;absolu, il n&rsquo;y a pas de compromis possible.<br \/>\n<\/span><\/p>\n<p><span style=\"color: #777777; font-family: Arial;\">Il n&rsquo;y a que la violence qui est bien s\u00fbr \u00ab l&rsquo;expression de la volont\u00e9 divine \u00bb qui peut \u00eatre mise en \u0153uvre.<\/span><\/p>\n<p><span style=\"color: #777777; font-family: Arial;\"> Et c&rsquo;est ce que fait Isra\u00ebl en bombardant de mani\u00e8re massive, cette prison \u00e0 ciel ouvert qu&rsquo;est Gaza. Les chiffres annonc\u00e9s par le Hamas sont sujets \u00e0 caution, mais il est certain que des milliers d&rsquo;enfants, de femmes et d&rsquo;hommes sont tu\u00e9s ou bless\u00e9s gri\u00e8vement avec peu de possibilit\u00e9 d&rsquo;\u00eatre soign\u00e9s. A cela s&rsquo;ajoute le blocus qui les prive d&rsquo;eau, de nourriture, d&rsquo;\u00e9lectricit\u00e9. C&rsquo;est un enfer. Des isra\u00e9liens tomb\u00e9s dans une faille empathique absolue, disent : c&rsquo;est la faute du Hamas. Peut \u00eatre, mais ce sont les avions, les missiles et les armes isra\u00e9liennes qui donnent la mort \u00e0 beaucoup d&rsquo;innocents. D&rsquo;autres isra\u00e9liens r\u00e9pondent mais eux aussi nous envoient des roquettes et des projectiles pour nous tuer.\u00a0 Oui, ils r\u00e9pliquent dans ce cas.<br \/>\n<\/span><\/p>\n<p><span style=\"color: #777777; font-family: Arial;\">Nous sommes dans une trag\u00e9die dans laquelle des enfants, des femmes et des hommes souffrent et meurent, pris dans l&rsquo;engrenage des haines qui se nourrissent\u00a0 les unes des autres, sans que notre humanit\u00e9 ne soit en mesure de les freiner.<br \/>\n<\/span><\/p>\n<p><span style=\"color: #777777; font-family: Arial;\"><strong>Manon Qu\u00e9rouil-Bruneel,<\/strong> Grande-reporter Paris Match, t\u00e9moigne dans l&rsquo;\u00e9mission du 26 octobre 2023 &lt;<span style=\"color: #0000ff;\"><a style=\"color: #0000ff;\" href=\"https:\/\/www.france.tv\/france-5\/c-ce-soir\/saison-4\/5326392-israel-hamas-la-bataille-de-l-emotion.html\">C ce soir\u00a0: La bataille de l&rsquo;\u00e9motion<\/a><\/span>&gt; :<br \/>\n<\/span><\/p>\n<p style=\"margin-left: 28pt;\"><span style=\"color: #c00000; font-family: Arial;\">\u00ab\u00a0On est arriv\u00e9 \u00e0 un degr\u00e9 de haine des deux c\u00f4t\u00e9s qui est terrifiant.<br \/>\n<\/span><\/p>\n<p style=\"margin-left: 28pt;\"><span style=\"color: #c00000; font-family: Arial;\">Je suis all\u00e9 du c\u00f4t\u00e9 de la Cisjordanie, avec des images du 7 octobre. Il y avait une impossibilit\u00e9 de reconna\u00eetre les crimes contre les civils qui avaient \u00e9t\u00e9 commis par le Hamas.<br \/>\n<\/span><span style=\"color: #c00000; font-family: Arial;\">M\u00eame des personnes de l&rsquo;intelligentsia palestinienne, solidement structur\u00e9es, remettent en cause ces images.<br \/>\n<\/span><span style=\"color: #c00000; font-family: Arial;\">Parce que, pour eux, c&rsquo;est un mouvement de lib\u00e9ration et qu&rsquo;il n&rsquo;aurait pas pu commettre de telles atrocit\u00e9s.<br \/>\n<\/span><span style=\"color: #c00000; font-family: Arial;\">Et c\u00f4t\u00e9 isra\u00e9lien le choc devant la barbarie est tel que la parole de paix est inaudible.<br \/>\n<\/span><span style=\"color: #c00000; font-family: Arial;\"><strong>On n&rsquo;arrive plus \u00e0 faire ce travail de compassion, au sens propre, c&rsquo;est \u00e0 dire souffrir avec l&rsquo;autre<\/strong>.\u00a0\u00bb<br \/>\n<\/span><\/p>\n<p><span style=\"color: #777777; font-family: Arial;\">Ce d\u00e9faut de capacit\u00e9 de comprendre ou simplement d&rsquo;entendre la souffrance de l&rsquo;autre est pr\u00e9gnant non seulement pour les deux peuples qui s&rsquo;affrontent, mais m\u00eame pour celles et ceux qui ont pris fait et cause pour l&rsquo;un des camps.<br \/>\n<\/span><\/p>\n<p><span style=\"color: #777777; font-family: Arial;\">Il n&rsquo;y a que de l&#8217;empathie pour celles et ceux que l&rsquo;on d\u00e9fend<br \/>\n<\/span><\/p>\n<p><span style=\"color: #777777; font-family: Arial;\">Nous sommes dans une rupture d&rsquo;humanit\u00e9.<br \/>\n<\/span><\/p>\n<p><span style=\"color: #777777; font-family: Arial;\">J&rsquo;ai quand m\u00eame trouv\u00e9 ce beau dialogue entre la Rabin <strong>Delphine Horvilleur<\/strong> et <strong>Kamel Daoud<\/strong> \u00e9crivain et journaliste franco-alg\u00e9rien dans \u00ab\u00a0<strong>l&rsquo;Obs<\/strong>\u00a0\u00bb\u00a0: \u00ab <a href=\"https:\/\/www.nouvelobs.com\/idees\/20231025.OBS79981\/delphine-horvilleur-kamel-daoud-l-entretien-croise-nous-devons-reaffirmer-notre-humanite.html\"><span style=\"color: #0000ff;\">Nous devons r\u00e9affirmer notre humanit\u00e9<\/span><\/a> \u00bb<br \/>\n<\/span><\/p>\n<p><img decoding=\"async\" class=\"alignright\" src=\"https:\/\/lemotdujour.fr\/wp-content\/uploads\/2023\/10\/102923_2128_Lundi30octo2.png\" alt=\"\" align=\"left\" \/><span style=\"color: #777777; font-family: Arial;\">Delphine Horvilleur dit au d\u00e9but de l&rsquo;entretien\u00a0:<br \/>\n<\/span><\/p>\n<p style=\"margin-left: 28pt;\"><span style=\"color: #c00000; font-family: Arial;\">\u00ab\u00a0D&rsquo;abord, je m&rsquo;\u00e9tais dit que j&rsquo;arr\u00eaterais les entretiens. Et puis quand on m&rsquo;a propos\u00e9 de dialoguer avec toi, Kamel, j&rsquo;ai senti combien j&rsquo;avais besoin de le faire, presque dans un souci de sant\u00e9 mentale. Depuis quelques jours, j&rsquo;oscille entre une tr\u00e8s profonde tristesse, un sentiment de d\u00e9vastation, et une col\u00e8re, une rage particuli\u00e8re et un d\u00e9sespoir que je ne connaissais pas en moi qui me suis toujours per\u00e7ue comme une optimiste. Je suis en manque d&rsquo;un dialogue humain sens\u00e9, empathique, au milieu de cette d\u00e9ferlante de haine et de rage.<strong> Je suis en r\u00e9alit\u00e9 tr\u00e8s bless\u00e9e de trouver si difficilement des interlocuteurs.<\/strong> J&rsquo;avoue, j&rsquo;attendais les paroles d&rsquo;intellectuels musulmans avec qui je dialogue habituellement. Il y en a eu quelques-unes, si essentielles, mais si rares. <strong>Quelque chose m&rsquo;\u00e9chappe dans ce silence qui me terrasse<\/strong>. J&rsquo;ai le sentiment d&rsquo;une immense solitude.\u00a0\u00bb<br \/>\n<\/span><\/p>\n<p><span style=\"color: #777777; font-family: Arial;\">Et Kamel Daoud r\u00e9pond\u00a0:<br \/>\n<\/span><\/p>\n<p style=\"margin-left: 28pt;\"><span style=\"color: #c00000; font-family: Arial;\">J&rsquo;aime \u00e9couter Delphine. Et <strong>je ressens aussi le besoin de dialoguer pour r\u00e9affirmer quelque chose de banal qui est l&rsquo;humanit\u00e9, face \u00e0 cette d\u00e9ferlante d&rsquo;inhumanit\u00e9 qui s&rsquo;est infiltr\u00e9e en chacun<\/strong>, dans chaque camp, dans chaque famille. Mais j&rsquo;ai aussi une col\u00e8re, elle n&rsquo;est pas de m\u00eame valeur que la tienne, je n&rsquo;ai pas \u00e9t\u00e9 attaqu\u00e9 comme les Isra\u00e9liens dans leur maison, j&rsquo;ai connu autrefois ce genre d&rsquo;attaque en tant qu&rsquo;Alg\u00e9rien durant la guerre civile quand les islamistes d\u00e9capitaient, massacraient et violaient, mais c&rsquo;est autre chose. Je suis en col\u00e8re parce que je suis musulman de culture et que dans ma g\u00e9ographie on me refuse le droit \u00e0 l&rsquo;expression et \u00e0 la nuance, parce qu&rsquo;on voudrait me forcer \u00e0 une unanimit\u00e9 monstrueuse qui n&rsquo;est pas la mienne. Je ressens \u00e9galement cette solitude profonde, incomparable avec celle de ceux qui ont perdu des vies, parce que j&rsquo;ai pris la parole pour dire qu&rsquo;une cause doit garder sa sup\u00e9riorit\u00e9 morale, qu&rsquo;elle s&rsquo;effondre si elle choisit la barbarie et trouve des gens qui la justifient. \u00bb<br \/>\n<\/span><\/p>\n<p><span style=\"color: #777777; font-family: Arial;\">Pourquoi est-il si compliqu\u00e9 de trouver de la compassion pour l&rsquo;Autre\u00a0?<br \/>\n<\/span><\/p>\n<p style=\"margin-left: 28pt;\"><span style=\"color: #c00000; font-family: Arial;\">\u00ab\u00a0<strong>D. H<\/strong>. La lucidit\u00e9 vient du mot lumi\u00e8re, mais c&rsquo;est l&rsquo;\u00e9loge de l&rsquo;obscurit\u00e9 qui prime aujourd&rsquo;hui. Tu parlais de malentendu, \u00e7a m&rsquo;a fait penser au non-entendu. Apr\u00e8s le 7 octobre, ce qui m&rsquo;a paru le plus fou, c&rsquo;est que je n&rsquo;ai pas trouv\u00e9 de voix palestinienne en France pour d\u00e9noncer le Hamas. En fait, et pardon pour ma na\u00efvet\u00e9, \u00e7a me paraissait facile \u00e0 faire. Cela fait des ann\u00e9es que je m&#8217;emploie \u00e0 d\u00e9noncer le gouvernement de Netanyahou, l&rsquo;horreur de l&rsquo;occupation, la d\u00e9rive de la soci\u00e9t\u00e9, son hubris, etc., et j&rsquo;ai \u00e9t\u00e9 sid\u00e9r\u00e9e de ne pas trouver de voix palestinienne en France pour dire \u00ab notre cause est juste, les Palestiniens ont le droit d&rsquo;avoir une terre, mais pas par ces moyens-l\u00e0 \u00bb. M\u00eame pour Le\u00efla Shahid [ancienne d\u00e9l\u00e9gu\u00e9e g\u00e9n\u00e9rale de l&rsquo;Autorit\u00e9 palestinienne en France, NDLR], d\u00e9noncer le terrorisme du Hamas \u00e9tait impossible. Jusqu&rsquo;\u00e0 aujourd&rsquo;hui, je ne m&rsquo;en rel\u00e8ve pas. Ce silence ne trouve pas de place dans mon sch\u00e9ma mental.\u00a0\u00bb<br \/>\n<\/span><\/p>\n<p style=\"margin-left: 28pt;\"><span style=\"color: #c00000; font-family: Arial;\">\u00ab\u00a0<strong>K. D.<\/strong> Malheureusement, \u00e7a ne m&rsquo;\u00e9tonne pas, j&rsquo;ai toujours connu ce \u00ab on \u00bb et ce \u00ab off \u00bb dans le discours des intellectuels du Sud. Mais ce qui me frappe, c&rsquo;est qu&rsquo;en Alg\u00e9rie ou en \u00c9gypte, et dans bien d&rsquo;autres pays, nous connaissons les m\u00e9thodes des islamistes, et leur but. [\u2026] On le sait que le but des islamistes n&rsquo;a jamais \u00e9t\u00e9 de fonder un \u00c9tat palestinien ; le but des islamistes, c&rsquo;est de pr\u00e9cipiter la fin du monde, ils veulent un messianisme qui a abouti, c&rsquo;est une vision jud\u00e9ophobe dont la finalit\u00e9 est la disparition du peuple juif. Et le Palestinien, dans cette mythologie, est un destin des plus tragiques. Il lui est dit que la fin du monde adviendra le jour o\u00f9 tous les Juifs seront tu\u00e9s et le Palestinien lib\u00e9r\u00e9. Mais quelle arnaque ! On lui promet \u00e0 la fois un pays et la mort, on lui dit \u00ab tu vivras libre, mais un instant \u00bb, au prix de ta disparition et de celle du monde entier. Et le fait que les \u00e9lites la\u00efques ont opt\u00e9, dans leur majorit\u00e9, pour une m\u00e9canique de l&rsquo;affect et de la vengeance, de la douleur et de la frustration, pour soutenir ce r\u00eave, qui est un cauchemar, en oubliant le r\u00eave port\u00e9 par Arafat \u2013 avec certes les errements de son \u00e9poque \u2013, que des intellectuels succombent \u00e0 cette illusion en se disant que c&rsquo;est un moyen, peut-\u00eatre pourri, d&rsquo;aboutir \u00e0 quelque chose, ce basculement vers le r\u00eave de fin du monde en soi comme \u00e9tant la seule solution possible, est d\u00e9sarmant. \u00bb<br \/>\n<\/span><\/p>\n<p><span style=\"color: #777777; font-family: Arial;\">Et je citerai encore ces deux propos de Kamel Daoud de ce long entretien qu&rsquo;il est bon de lire\u00a0:<br \/>\n<\/span><\/p>\n<p style=\"margin-left: 28pt;\"><span style=\"color: #c00000; font-family: Arial;\">\u00ab\u00a0 Je suis pour un \u00c9tat palestinien et je crois que l&rsquo;existence d&rsquo;un tel \u00c9tat est n\u00e9cessaire non seulement pour les Palestiniens mais aussi pour ma propre libert\u00e9 dans mon propre pays, parce que ce probl\u00e8me hypoth\u00e8que tous nos projets de d\u00e9mocratisation. Mais je ne peux pas adh\u00e9rer \u00e0 un projet d&rsquo;extermination qui refuse l&rsquo;humanit\u00e9 \u00e0 chacun. <strong>S&rsquo;il s&rsquo;agit d&rsquo;une cause de colonisation et de d\u00e9colonisation, l\u00e0 je suis solidaire. S&rsquo;il s&rsquo;agit d&rsquo;une cause raciale, arabe, ou confessionnelle, musulmane, je ne peux pas l&rsquo;\u00eatre.<\/strong> Ce ne serait pas rendre justice \u00e0 cette cause et \u00e0 la volont\u00e9 de ce peuple d&rsquo;avoir une terre et une histoire. Ce 7\u202foctobre est une v\u00e9ritable d\u00e9faite, parce que ce qu&rsquo;il disait, c&rsquo;est \u00ab on veut la terre pour les Palestiniens avec la noyade pour les Isra\u00e9liens \u00bb.<br \/>\n<\/span><\/p>\n<p><span style=\"color: #777777; font-family: Arial;\">Et<br \/>\n<\/span><\/p>\n<p style=\"margin-left: 28pt;\"><span style=\"color: #c00000; font-family: Arial;\">\u00ab\u00a0Et il y a un autre drame, c&rsquo;est l&rsquo;hydre dont parlait Delphine : la guerre fabrique le tueur de demain. C&rsquo;est le cycle dans lequel nous sommes tous entra\u00een\u00e9s et ce pour quoi il faut imp\u00e9rativement revoir ce probl\u00e8me \u00e0 partir de deux grands enjeux. D&rsquo;une part, l&rsquo;enjeu de l&rsquo;humanit\u00e9 de chacun : le droit d&rsquo;humanit\u00e9 pour l&rsquo;Isra\u00e9lien et le Juif, pour l&rsquo;Arabe et le Palestinien. Et d&rsquo;autre part, l&rsquo;enjeu d\u00e9mocratique, car plus la Palestine r\u00e9tr\u00e9cit, plus le califat imaginaire s&rsquo;\u00e9tend. Je demande \u00e0 Isra\u00ebl comme en Palestine, de faire la paix pour pouvoir me lib\u00e9rer. Tous les propalestiniens, loin de l\u00e0, ne sont pas d&rsquo;accord avec \u00e7a !\u00a0\u00bb<br \/>\n<\/span><\/p>\n<p><span style=\"color: #777777; font-family: Arial;\">Pour conclure le journaliste de \u00ab\u00a0<strong>L&rsquo;Obs<\/strong>\u00a0\u00bb rappelle \u00e0 Delphine Horvilleur le sermon qu&rsquo;elle a prononc\u00e9 le 24\u202fseptembre \u00e0 l&rsquo;occasion de la f\u00eate juive de Kippour<br \/>\n<\/span><\/p>\n<p style=\"margin-left: 28pt;\"><span style=\"color: #c00000; font-family: Arial;\">\u00ab\u00a0 Je ne le regrette pas, mais il me fait trembler. Je voulais en effet faire une mise en garde, \u00e0 partir de nos textes, contre l&rsquo;hubris de la souverainet\u00e9. La Bible, et en particulier le Deut\u00e9ronome, dit aux H\u00e9breux qui vont entrer sur la Terre promise : \u00ab Il arrivera un jour o\u00f9 vous serez souverains sur cette terre, et vous serez menac\u00e9s par votre puissance parce que vous n&rsquo;aurez plus conscience de votre vuln\u00e9rabilit\u00e9. Vous allez tellement croire \u00e0 cette puissance qu&rsquo;elle risque d&rsquo;\u00eatre pour vous assassine. \u00bb<br \/>\n<\/span><\/p>\n<p><span style=\"color: #777777; font-family: Arial;\">Et Delphine Horvilleur finit par\u00a0:<br \/>\n<\/span><\/p>\n<p style=\"margin-left: 28pt;\"><span style=\"color: #c00000; font-family: Arial;\">\u00ab\u00a0Dans l&rsquo;une de ses chansons, Leonard Cohen, qui \u00e9tait pr\u00e9sent sur les champs de bataille durant la guerre de Kippour, \u00e9crit : \u00ab <strong>Il y a une brisure dans chaque chose, mais c&rsquo;est l\u00e0 que la lumi\u00e8re se faufile<\/strong>. \u00bb Je veux me raccrocher \u00e0 cela.\u00a0\u00bb<br \/>\n<\/span><\/p>\n<p><span style=\"color: #777777; font-family: Arial;\">Cette phrase \u00ab\u00a0<span style=\"color: #c00000;\">There is a crack, a crack in everything, That&rsquo;s how the light gets in<span style=\"color: #777777;\">\u00a0\u00bb se trouve dans la chanson \u00ab\u00a0<a href=\"https:\/\/www.youtube.com\/watch?v=c8-BT6y_wYg\"><span style=\"color: #0000ff;\">Anthem<\/span><\/a>\u00a0\u00bb de Leonard Cohen<br \/>\n<\/span><\/span><\/span><\/p>\n<p style=\"margin-left: 28pt;\"><span style=\"color: #c00000; font-family: Arial;\"><a href=\"https:\/\/www.youtube.com\/watch?v=c8-BT6y_wYg\" data-wplink-edit=\"true\"><img loading=\"lazy\" decoding=\"async\" class=\"size-full wp-image-15055 alignright\" src=\"https:\/\/lemotdujour.fr\/wp-content\/uploads\/2023\/10\/102923_2128_Lundi30octo3.png\" alt=\"\" width=\"462\" height=\"319\" srcset=\"https:\/\/lemotdujour.fr\/wp-content\/uploads\/2023\/10\/102923_2128_Lundi30octo3.png 462w, https:\/\/lemotdujour.fr\/wp-content\/uploads\/2023\/10\/102923_2128_Lundi30octo3-300x207.png 300w\" sizes=\"auto, (max-width: 462px) 100vw, 462px\" \/><\/a>\u00ab\u00a0Ah les guerres elles<br \/>\nRecommenceront<br \/>\nLa colombe sacr\u00e9e<br \/>\nSera attrap\u00e9e de nouveau<br \/>\nPour \u00eatre achet\u00e9e et vendue<br \/>\nEt achet\u00e9e encore<br \/>\nLa colombe n&rsquo;est jamais libre.<br \/>\nSonnez les cloches qui peuvent encore sonner<br \/>\n<\/span><\/p>\n<p style=\"margin-left: 28pt;\"><span style=\"color: #c00000; font-family: Arial;\">Oubliez vos offrandes parfaites.<br \/>\nIl y a une fissure en toute chose.<br \/>\nC&rsquo;est ainsi qu&rsquo;entre la lumi\u00e8re.\u00a0\u00bb<br \/>\n<\/span><\/p>\n<p style=\"margin-left: 28pt;\"><span style=\"color: #c00000; font-family: Arial;\"><em>Extrait d&rsquo;Anthem<br \/>\n<\/em><\/span><\/p>\n<p style=\"margin-left: 28pt;\"><span style=\"color: #777777; font-family: Arial;\">Du coup, si on laisse parler l&rsquo;humanisme, qu&rsquo;on revient \u00e0 la politique et qu&rsquo;on limite la religion \u00e0 s&rsquo;occuper du spirituel et de l&rsquo;\u00e2me, on pourra peut-\u00eatre trouver la voie du compromis qui est la seule permettant d&rsquo;aller vers la Paix.<br \/>\n<\/span><\/p>\n<p><span style=\"color: maroon; font-family: Arial;\">&lt;1773&gt;<span style=\"color: #777777;\"><br \/>\n<\/span><\/span><\/p>\n<p><span style=\"color: #777777; font-family: Arial;\">\u00a0<\/span><\/p>\n","protected":false},"excerpt":{"rendered":"<p>\u00ab\u00a0Du coup, c&rsquo;est compliqu\u00e9 \u2026 \u00bb Essai de synth\u00e9tiser la situation en langue moderne Il y a deux mois j&rsquo;ai trouv\u00e9 une publication sur Facebook qui m&rsquo;a amus\u00e9 et que j&rsquo;ai partag\u00e9. Et je dois dire que depuis j&rsquo;\u00e9coute la<\/p>\n","protected":false},"author":1,"featured_media":0,"comment_status":"open","ping_status":"closed","sticky":false,"template":"","format":"standard","meta":{"footnotes":""},"categories":[1],"tags":[219,54,151,201],"class_list":["post-15056","post","type-post","status-publish","format-standard","hentry","category-motdujour","tag-guerre","tag-humanisme","tag-israel","tag-palestine"],"_links":{"self":[{"href":"https:\/\/lemotdujour.fr\/index.php?rest_route=\/wp\/v2\/posts\/15056","targetHints":{"allow":["GET"]}}],"collection":[{"href":"https:\/\/lemotdujour.fr\/index.php?rest_route=\/wp\/v2\/posts"}],"about":[{"href":"https:\/\/lemotdujour.fr\/index.php?rest_route=\/wp\/v2\/types\/post"}],"author":[{"embeddable":true,"href":"https:\/\/lemotdujour.fr\/index.php?rest_route=\/wp\/v2\/users\/1"}],"replies":[{"embeddable":true,"href":"https:\/\/lemotdujour.fr\/index.php?rest_route=%2Fwp%2Fv2%2Fcomments&post=15056"}],"version-history":[{"count":12,"href":"https:\/\/lemotdujour.fr\/index.php?rest_route=\/wp\/v2\/posts\/15056\/revisions"}],"predecessor-version":[{"id":15074,"href":"https:\/\/lemotdujour.fr\/index.php?rest_route=\/wp\/v2\/posts\/15056\/revisions\/15074"}],"wp:attachment":[{"href":"https:\/\/lemotdujour.fr\/index.php?rest_route=%2Fwp%2Fv2%2Fmedia&parent=15056"}],"wp:term":[{"taxonomy":"category","embeddable":true,"href":"https:\/\/lemotdujour.fr\/index.php?rest_route=%2Fwp%2Fv2%2Fcategories&post=15056"},{"taxonomy":"post_tag","embeddable":true,"href":"https:\/\/lemotdujour.fr\/index.php?rest_route=%2Fwp%2Fv2%2Ftags&post=15056"}],"curies":[{"name":"wp","href":"https:\/\/api.w.org\/{rel}","templated":true}]}}