{"id":15022,"date":"2023-10-24T17:25:00","date_gmt":"2023-10-24T15:25:00","guid":{"rendered":"https:\/\/lemotdujour.fr\/?p=15022"},"modified":"2023-10-25T22:36:27","modified_gmt":"2023-10-25T20:36:27","slug":"mardi-24-octobre-2023","status":"publish","type":"post","link":"https:\/\/lemotdujour.fr\/?p=15022","title":{"rendered":"Mardi 24 octobre 2023"},"content":{"rendered":"<div class=\"mdjTexte\">\u00ab Le voyage \u00e0 Nantes. \u00bb<\/div>\n<div class=\"mdjAuteur\">Souvenir personnel d&rsquo;il y a un an lundi 24 octobre 2022<\/div>\n<p><span style=\"color: #777777; font-family: Arial;\">Le voyage \u00e0 Nantes est pour les nantais un concept touristique.<br \/>\n<\/span><\/p>\n<p><img decoding=\"async\" class=\"alignleft\" src=\"https:\/\/lemotdujour.fr\/wp-content\/uploads\/2023\/10\/102423_1326_Mardi24octo1.jpg\" alt=\"\" align=\"left\" \/><a href=\"https:\/\/fr.wikipedia.org\/wiki\/Le_Voyage_%C3%A0_Nantes\"><span style=\"font-family: Arial;\"><span style=\"color: #0000ff;\">Le Voyage \u00e0 Nantes<\/span><\/span><\/a><span style=\"color: #777777; font-family: Arial;\"> est d&rsquo;abord un organisme touristique charg\u00e9 de la promotion via la culture de la destination de Nantes, cr\u00e9\u00e9 en 2011 sous la forme d&rsquo;une soci\u00e9t\u00e9 publique locale.<br \/>\n<\/span><\/p>\n<p><span style=\"color: #777777; font-family: Arial;\">C&rsquo;est ensuite un parcours p\u00e9renne d&rsquo;une cinquantaine d&rsquo;\u00e9tapes, dans la ville de Nantes, mat\u00e9rialis\u00e9 par une ligne verte trac\u00e9e au sol qui conduit le visiteur d&rsquo;une \u0153uvre originale d&rsquo;un artiste d&rsquo;aujourd&rsquo;hui \u00e0 un monument du patrimoine, c\u00e9l\u00e8bre ou m\u00e9connu.<br \/>\n<\/span><\/p>\n<p><span style=\"color: #777777; font-family: Arial;\">Pour un grand nombre de fran\u00e7ais, le voyage de Nantes fait songer \u00e0 une chanson bouleversante de Barbara.<br \/>\n<\/span><\/p>\n<p><span style=\"color: #777777; font-family: Arial;\">Une chanson d&rsquo;Adieu.<br \/>\n<\/span><\/p>\n<p><span style=\"color: #777777; font-family: Arial;\">D&rsquo;adieu \u00e0 son p\u00e8re incestueux.<br \/>\n<\/span><\/p>\n<p><span style=\"color: #777777; font-family: Arial;\">Elle entreprit le voyage \u00e0 Nantes pour le rencontrer une derni\u00e8re fois avant qu&rsquo;il ne meure.<br \/>\n<\/span><\/p>\n<p><span style=\"color: #777777; font-family: Arial;\">Mais elle n&rsquo;est pas arriv\u00e9e \u00e0 temps.<br \/>\n<\/span><\/p>\n<p><span style=\"color: #777777; font-family: Arial;\">Le titre exact du voyage \u00e0 Nantes est simplement \u00ab\u00a0<a href=\"https:\/\/www.youtube.com\/watch?v=dXqYRHOCA2Y\"><span style=\"color: #0000ff;\">Nantes<\/span><\/a>\u00a0\u00bb.<br \/>\n<\/span><\/p>\n<p style=\"margin-left: 28pt;\"><span style=\"color: #c00000; font-family: Arial;\">Il pleut sur Nantes<br \/>\nDonne-moi la main<br \/>\nLe ciel de Nantes<br \/>\nRend mon c\u0153ur chagrin<br \/>\nUn matin comme celui-l\u00e0<br \/>\nIl y a juste un an d\u00e9j\u00e0<br \/>\nLa ville avait ce teint blafard<br \/>\nLorsque je sortis de la gare<br \/>\nNantes m&rsquo;\u00e9tait alors inconnue<br \/>\nJe n&rsquo;y \u00e9tais jamais venue<br \/>\nIl avait fallu ce message<br \/>\n<img loading=\"lazy\" decoding=\"async\" class=\" wp-image-15028 alignright\" src=\"https:\/\/lemotdujour.fr\/wp-content\/uploads\/2023\/10\/Barbara.jpg\" alt=\"\" width=\"231\" height=\"240\" srcset=\"https:\/\/lemotdujour.fr\/wp-content\/uploads\/2023\/10\/Barbara.jpg 461w, https:\/\/lemotdujour.fr\/wp-content\/uploads\/2023\/10\/Barbara-289x300.jpg 289w\" sizes=\"auto, (max-width: 231px) 100vw, 231px\" \/>Pour que je fasse le voyage<br \/>\nMadame soyez au rendez-vous<br \/>\nVingt-cinq rue de la Grange aux Loups<br \/>\nFaites vite, il y a peu d&rsquo;espoir<br \/>\nIl a demand\u00e9 \u00e0 vous voir<br \/>\n\u00c0 l&rsquo;heure de sa derni\u00e8re heure<br \/>\nApr\u00e8s bien des ann\u00e9es d&rsquo;errance<br \/>\nIl me revenait en plein c\u0153ur<br \/>\nSon cri d\u00e9chirait le silence<br \/>\nDepuis qu&rsquo;il s&rsquo;en \u00e9tait all\u00e9<br \/>\nLongtemps je l&rsquo;avais esp\u00e9r\u00e9<br \/>\nCe vagabond, ce disparu,<br \/>\nVoil\u00e0 qu&rsquo;il m&rsquo;\u00e9tait revenu<br \/>\nVingt-cinq rue de la Grange aux Loups<br \/>\nJe m&rsquo;en souviens du rendez-vous<br \/>\nMais j&rsquo;ai grav\u00e9 dans ma m\u00e9moire<br \/>\nCette chambre au fond d&rsquo;un couloir<br \/>\nAssis pr\u00e8s d&rsquo;une chemin\u00e9e<br \/>\nJ&rsquo;ai vu quatre hommes se lever<br \/>\nLa lumi\u00e8re \u00e9tait froide et blanche<br \/>\nIls portaient l&rsquo;habit du dimanche<br \/>\nJe n&rsquo;ai pas pos\u00e9 de questions<br \/>\n\u00c0 ces \u00e9tranges compagnons<br \/>\nJ&rsquo;ai rien dit, mais \u00e0 leur regard<br \/>\nJ&rsquo;ai compris qu&rsquo;il \u00e9tait trop tard<br \/>\nPourtant j&rsquo;\u00e9tais au rendez-vous<br \/>\nVingt-cinq rue de la Grange aux Loups<br \/>\nMais il ne m&rsquo;a jamais revue<br \/>\nIl avait d\u00e9j\u00e0 disparu<br \/>\nVoil\u00e0 tu la connais l&rsquo;histoire<br \/>\nIl \u00e9tait revenu un soir<br \/>\nEt ce fut son dernier voyage<br \/>\nEt ce fut son dernier rivage<br \/>\nIl voulait avant de mourir<br \/>\nSe r\u00e9chauffer \u00e0 mon sourire<br \/>\nMais il mourut \u00e0 la nuit m\u00eame<br \/>\nSans un adieu, sans un je t&rsquo;aime,<br \/>\nAu chemin qui longe la mer<br \/>\nCouch\u00e9 dans le jardin de pierres<br \/>\nJe veux que tranquille il repose<br \/>\nJe l&rsquo;ai couch\u00e9 dessous les roses<br \/>\nMon p\u00e8re, mon p\u00e8re<br \/>\nIl pleut sur Nantes<br \/>\nEt je me souviens<br \/>\nLe ciel de Nantes<br \/>\nRend mon c\u0153ur chagrin<br \/>\n<\/span><\/p>\n<p><span style=\"color: #777777; font-family: Arial;\">Pour moi, aujourd&rsquo;hui, \u00ab\u00a0<strong>le voyage \u00e0 Nantes<\/strong> \u00bb est le trajet en train que j&rsquo;ai entrepris, il y a un an, lundi 24 octobre 2022, avec Annie.<br \/>\n<\/span><\/p>\n<p><span style=\"color: #777777; font-family: Arial;\">Mon but \u00e9tait de voir encore une fois mon grand fr\u00e8re, avant qu&rsquo;il ne soit trop tard.<br \/>\n<\/span><\/p>\n<p><span style=\"color: #777777; font-family: Arial;\">Les nouvelles \u00e9taient mauvaises. 40 jours auparavant G\u00e9rard m&rsquo;avait appris qu&rsquo;il \u00e9tait atteint d&rsquo;une leuc\u00e9mie aig\u00fce. Mais lors du weekend, les m\u00e9decins avaient brusquement donn\u00e9 le signal de l&rsquo;urgence absolue.<br \/>\n<\/span><\/p>\n<p><span style=\"color: #777777; font-family: Arial;\">Alors, avec Annie nous avons pris le TGV pour Nantes \u00e0 15:30 avec une arriv\u00e9e pr\u00e9vue \u00e0 19:50.<br \/>\n<\/span><\/p>\n<p><span style=\"color: #777777; font-family: Arial;\">A 16:50, ce TGV va s&rsquo;arr\u00eater en pleine voie, une panne \u00e9lectrique en est la cause.<br \/>\n<\/span><\/p>\n<p><span style=\"color: #777777; font-family: Arial;\">Il sera toujours arr\u00eat\u00e9 quand \u00e0 17:25, G\u00e9rard expira pour la derni\u00e8re fois.<br \/>\n<\/span><\/p>\n<p><span style=\"color: #777777; font-family: Arial;\">Son fils Gregory m&rsquo;a tout de suite inform\u00e9\u00a0:<br \/>\n<\/span><\/p>\n<p style=\"margin-left: 28pt;\"><span style=\"color: #c00000; font-family: Arial;\">\u00ab\u00a0Papa vient d&rsquo;avoir son dernier souffle.\u00a0\u00bb<br \/>\n<\/span><\/p>\n<p><span style=\"color: #777777; font-family: Arial;\">C&rsquo;\u00e9tait mon Grand Fr\u00e8re, puisque lui m&rsquo;appelait toujours, alors que j&rsquo;avais 60 ans pass\u00e9, \u00ab mon petit fr\u00e8re \u00bb.<br \/>\n<\/span><\/p>\n<p><span style=\"color: #777777; font-family: Arial;\">Il est vrai que 11 ans nous s\u00e9paraient.<br \/>\n<\/span><\/p>\n<p><span style=\"color: #777777; font-family: Arial;\">Le train arrivera \u00e0 Nantes \u00e0 22:10 avec 2h20 de retard<br \/>\n<\/span><\/p>\n<p><img decoding=\"async\" src=\"https:\/\/lemotdujour.fr\/wp-content\/uploads\/2023\/10\/102423_1326_Mardi24octo2-scaled.jpg\" alt=\"\" \/><span style=\"color: #777777; font-family: Arial;\"><br \/>\n<\/span><\/p>\n<p style=\"margin-left: 28pt;\"><span style=\"color: #c00000; font-family: Arial;\">\u00ab\u00a0La vie est une drogue.<br \/>\nLa mort est son sevrage qui nous rend plus jeunes encore qu&rsquo;au berceau o\u00f9 nous sommes satur\u00e9s de gloires.<br \/>\nIl y a deux forces in\u00e9puisables dans le monde, celle des nouveau-n\u00e9s et celle des morts.<br \/>\nLe seul fait de vivre, d&rsquo;\u00eatre jet\u00e9 au monde, comme on est jet\u00e9 aux chiens, nous cr\u00e9e un devoir envers ceux qui nous ont pr\u00e9c\u00e9d\u00e9s sur ce chemin, sous cette charmille, dans ce cyclone.<br \/>\nLes morts nous ont men\u00e9s, si\u00e8cle apr\u00e8s si\u00e8cle, au rivage de la vie. Nous leur devons bien un peu de lumi\u00e8re.<br \/>\n\u00catre dignes d&rsquo;eux, ne pas ab\u00eemer ce qu&rsquo;ils n&rsquo;ont plus.<br \/>\nNous avons le devoir d&rsquo;enchanter le bout de tissu que nos doigts de nouveau venu serraient au fond du berceau.<br \/>\nCe tissu est la vie enti\u00e8re, l\u00e9g\u00e8re, froissable.\u00a0\u00bb<br \/>\n<em>Christian Bobin, \u00ab\u00a0Le muguet rouge\u00a0\u00bb page 40<\/em><br \/>\n<\/span><\/p>\n<p><span style=\"font-family: Arial; font-size: 12pt;\">Bobin l&rsquo;enchanteur est mort le 23 novembre 2022, soit trente jours apr\u00e8s mon grand fr\u00e8re<br \/>\n<\/span><\/p>\n<p><span style=\"color: maroon; font-family: Arial;\">&lt;1770&gt;<\/span><\/p>\n","protected":false},"excerpt":{"rendered":"<p>\u00ab Le voyage \u00e0 Nantes. \u00bb Souvenir personnel d&rsquo;il y a un an lundi 24 octobre 2022 Le voyage \u00e0 Nantes est pour les nantais un concept touristique. Le Voyage \u00e0 Nantes est d&rsquo;abord un organisme touristique charg\u00e9 de la<\/p>\n","protected":false},"author":1,"featured_media":0,"comment_status":"open","ping_status":"closed","sticky":false,"template":"","format":"standard","meta":{"footnotes":""},"categories":[1],"tags":[29,19,8],"class_list":["post-15022","post","type-post","status-publish","format-standard","hentry","category-motdujour","tag-hommage","tag-personnel","tag-poesie"],"_links":{"self":[{"href":"https:\/\/lemotdujour.fr\/index.php?rest_route=\/wp\/v2\/posts\/15022","targetHints":{"allow":["GET"]}}],"collection":[{"href":"https:\/\/lemotdujour.fr\/index.php?rest_route=\/wp\/v2\/posts"}],"about":[{"href":"https:\/\/lemotdujour.fr\/index.php?rest_route=\/wp\/v2\/types\/post"}],"author":[{"embeddable":true,"href":"https:\/\/lemotdujour.fr\/index.php?rest_route=\/wp\/v2\/users\/1"}],"replies":[{"embeddable":true,"href":"https:\/\/lemotdujour.fr\/index.php?rest_route=%2Fwp%2Fv2%2Fcomments&post=15022"}],"version-history":[{"count":8,"href":"https:\/\/lemotdujour.fr\/index.php?rest_route=\/wp\/v2\/posts\/15022\/revisions"}],"predecessor-version":[{"id":15033,"href":"https:\/\/lemotdujour.fr\/index.php?rest_route=\/wp\/v2\/posts\/15022\/revisions\/15033"}],"wp:attachment":[{"href":"https:\/\/lemotdujour.fr\/index.php?rest_route=%2Fwp%2Fv2%2Fmedia&parent=15022"}],"wp:term":[{"taxonomy":"category","embeddable":true,"href":"https:\/\/lemotdujour.fr\/index.php?rest_route=%2Fwp%2Fv2%2Fcategories&post=15022"},{"taxonomy":"post_tag","embeddable":true,"href":"https:\/\/lemotdujour.fr\/index.php?rest_route=%2Fwp%2Fv2%2Ftags&post=15022"}],"curies":[{"name":"wp","href":"https:\/\/api.w.org\/{rel}","templated":true}]}}