{"id":14975,"date":"2023-10-17T00:19:00","date_gmt":"2023-10-16T22:19:00","guid":{"rendered":"https:\/\/lemotdujour.fr\/?p=14975"},"modified":"2023-10-16T22:46:30","modified_gmt":"2023-10-16T20:46:30","slug":"mardi-17-octobre-2023","status":"publish","type":"post","link":"https:\/\/lemotdujour.fr\/?p=14975","title":{"rendered":"Mardi 17 octobre 2023"},"content":{"rendered":"<div class=\"mdjTexte\">\u00ab\u00a0Je n&rsquo;aurai pas le temps [\u2026] de visiter toute l&rsquo;immensit\u00e9 d&rsquo;un si grand univers.\u00a0\u00bb<\/div>\n<div class=\"mdjAuteur\">Texte de Pierre Delano\u00eb, chant\u00e9 par Michel Fugain et titre d&rsquo;un ouvrage de Hubert Reeves<\/div>\n<p><span style=\"color: #777777; font-family: Arial;\">Nous sommes dans un monde de violence.<br \/>\n<\/span><\/p>\n<p><span style=\"color: #777777; font-family: Arial;\">Et la violence, h\u00e9las, mille fois h\u00e9las, paie.<br \/>\n<\/span><\/p>\n<p><span style=\"color: #777777; font-family: Arial;\">L&rsquo;isra\u00e9lien fanatique qui a tu\u00e9 <strong>Yitzhak Rabin<\/strong> a gagn\u00e9, le processus de paix engag\u00e9 par les accords d&rsquo;Oslo a \u00e9t\u00e9 enterr\u00e9.<br \/>\n<\/span><\/p>\n<p><span style=\"color: #777777; font-family: Arial;\">L&rsquo;Azerba\u00efdjan a r\u00e9cup\u00e9r\u00e9 le Haut Karabakh par une violence inou\u00efe, elle a gagn\u00e9, personne ne proteste, ou si mollement.<br \/>\n<\/span><\/p>\n<p><span style=\"color: #777777; font-family: Arial;\">Poutine a us\u00e9 de violence sur tous les fronts. Nous avons l&rsquo;intuition qu&rsquo;il va garder la Crim\u00e9e et une partie de l&rsquo;Ukraine. Par lassitude nous accepterons cette situation de fait.<br \/>\n<\/span><\/p>\n<p><span style=\"color: #777777; font-family: Arial;\">Les islamistes monstrueux qui ont pratiqu\u00e9 le carnage de Charlie Hebdo ont gagn\u00e9, plus personne ne caricature le proph\u00e8te de l&rsquo;islam.<br \/>\n<\/span><\/p>\n<p><span style=\"color: #777777; font-family: Arial;\">Cette religion que certains veulent voir ou proclamer comme une religion de paix et qui aujourd&rsquo;hui dans le monde fonde des r\u00e9gimes odieux et des organisations criminelles \u00e0 l&rsquo;\u00e9gard des femmes, des id\u00e9es, de la connaissance et de ceux qui ne croient pas ou ne suivent pas leur r\u00e9cit int\u00e9griste.<br \/>\n<\/span><\/p>\n<p><span style=\"color: #777777; font-family: Arial;\">Ce n&rsquo;est au nom de la Palestine mais au cri de la formule du \u00ab <a href=\"https:\/\/fr.wikipedia.org\/wiki\/Allahu_akbar\"><strong><span style=\"color: #0000ff;\">takbir<\/span><\/strong><span style=\"color: #0000ff;\">\u00a0<\/span><\/a>\u00bb que les criminels du Hamas ont tu\u00e9, massacr\u00e9, mutil\u00e9 enfants, femmes et hommes parce qu&rsquo;ils \u00e9taient sur le sol de l\u2019\u00c9tat d&rsquo;Isra\u00ebl, juifs et aussi non juifs<br \/>\n<\/span><\/p>\n<p><span style=\"color: #777777; font-family: Arial;\">Le takbir est cette expression arabe, utilis\u00e9e dans l&rsquo;islam : \u00ab Allahu akbar \u00bb ou \u00ab Allahou akbar \u00bb parfois transcrite \u00ab Allah akbar \u00bb, qui signifie \u00ab Allah est [le] plus grand \u00bb.<br \/>\n<\/span><\/p>\n<p><span style=\"color: #777777; font-family: Arial;\">Nous pouvons craindre que ces actes de terrorisme, ces crimes de guerre et ces crimes contre l&rsquo;humanit\u00e9, car ces 3 appellations correspondent, toutes les trois, \u00e0 la r\u00e9alit\u00e9 des faits, vont entrainer encore plus de violence et de chaos, ce que les odieux strat\u00e8ges du Hamas avaient anticip\u00e9.<br \/>\n<\/span><\/p>\n<p><span style=\"color: #777777; font-family: Arial;\">Alors, cela fait du bien de parler d&rsquo;un homme doux, d&rsquo;un homme sage, d&rsquo;un humain qui a cherch\u00e9 \u00e0 comprendre le monde, non en cherchant de mani\u00e8re ab\u00eatissante dans des r\u00e9cits proclam\u00e9s \u00ab\u00a0sacr\u00e9s\u00a0\u00bb une v\u00e9rit\u00e9 qui ne s&rsquo;y trouve pas, mais en observant l&rsquo;univers, en l&rsquo;\u00e9tudiant humblement, en faisant des exp\u00e9riences et en acceptant de distinguer entre ce que l&rsquo;on pouvait savoir, ce qui \u00e9tait probable et l&rsquo;immensit\u00e9 de ce que l&rsquo;on ne savait pas.<br \/>\n<\/span><\/p>\n<p><span style=\"color: #777777; font-family: Arial;\">Cet homme qui disait\u00a0:<br \/>\n<\/span><\/p>\n<p style=\"margin-left: 28pt;\"><span style=\"color: #c00000; font-family: Arial;\">\u00ab\u00a0Quand il y a plusieurs hypoth\u00e8ses, c&rsquo;est qu&rsquo;on ne sait pas\u00a0\u00bb<br \/>\n<\/span><\/p>\n<p><span style=\"color: #777777; font-family: Arial;\">Cet homme \u00e9tait <strong>Hubert Reeves<\/strong>, il est parti rejoindre les \u00e9toiles ce vendredi 13 octobre 2023 \u00e0 15:15 . Il avait 91 ans<br \/>\n<\/span><\/p>\n<p><img loading=\"lazy\" decoding=\"async\" class=\"alignleft\" src=\"https:\/\/lemotdujour.fr\/wp-content\/uploads\/2023\/10\/101623_2019_Mardi17fvri1.jpg\" alt=\"\" width=\"272\" height=\"398\" align=\"left\" \/><span style=\"color: #777777; font-family: Arial;\">En 2008, il a publi\u00e9 un livre de 348 pages\u00a0: \u00ab\u00a0<a href=\"https:\/\/www.hubertreeves.info\/livres\/jenauraipas.html\"><span style=\"color: #0000ff;\">Je n&rsquo;aurai pas le temps\u00a0<\/span><\/a>\u00bb dans lequel il parle de son parcours, de son enfance qu\u00e9b\u00e9coise \u00e0 sa carri\u00e8re scientifique internationale, de son milieu familial \u00e0 sa renomm\u00e9e m\u00e9diatique et \u00e0 ses engagements \u00e9cologiques.<br \/>\n<\/span><\/p>\n<p><span style=\"color: #777777; font-family: Arial;\">Il d\u00e9crit la qu\u00eate de cet ouvrage de la mani\u00e8re suivante\u00a0:<br \/>\n<\/span><\/p>\n<p style=\"margin-left: 28pt;\"><span style=\"color: #c00000; font-family: Arial;\">\u00ab\u00a0Le motif de ce livre peut se r\u00e9sumer en ces quelques mots : \u00ab\u00a0un homme et son m\u00e9tier\u00a0\u00bb. Comment ai-je atterri dans ce monde de la science ? Que m&rsquo;a-t-il apport\u00e9 ? Que lui ai-je apport\u00e9 ? Je parlerai de mes moments de bonheur, d&rsquo;euphorie, et aussi de mes frustrations. Je d\u00e9crirai les projets que j&rsquo;ai poursuivis et comment ils m&rsquo;ont amen\u00e9 \u00e0 visiter le vaste monde.\u00a0\u00bb<br \/>\n<\/span><\/p>\n<p><span style=\"color: #777777; font-family: Arial;\">Le titre de son livre a \u00e9t\u00e9 inspir\u00e9 directement de &lt;<span style=\"color: #0000ff;\"><a style=\"color: #0000ff;\" href=\"https:\/\/www.youtube.com\/watch?v=E9xgdEdSpOM\">cette chanson<\/a><\/span>&gt; de <strong>Michel Fugain<\/strong> dont les paroles ont \u00e9t\u00e9 \u00e9crites par <strong>Pierre Delano\u00eb<\/strong><br \/>\n<\/span><\/p>\n<p style=\"margin-left: 28pt;\"><span style=\"color: #c00000; font-family: Arial;\">\u00ab\u00a0Je n&rsquo;aurai pas le temps<br \/>\nPas le temps<br \/>\nM\u00eame en courant<br \/>\nPlus vite que le vent<br \/>\nPlus vite que le temps<br \/>\nM\u00eame en volant<br \/>\n<\/span><\/p>\n<p style=\"margin-left: 28pt;\"><span style=\"color: #c00000; font-family: Arial;\">Je n&rsquo;aurai pas le temps<br \/>\nPas le temps<br \/>\nDe visiter<br \/>\nToute l&rsquo;immensit\u00e9<br \/>\nD&rsquo;un si grand univers<br \/>\nM\u00eame en cent ans<br \/>\nJe n&rsquo;aurai pas le temps<br \/>\nDe tout faire\u00a0\u00bb<br \/>\n<\/span><\/p>\n<p><span style=\"color: #777777; font-family: Arial;\"><strong>\u00ab\u00a0La terre au carr\u00e9\u00a0\u00bb<\/strong> de <strong>Mathieu Vidard<\/strong> a consacr\u00e9 un &lt;<a href=\"https:\/\/www.radiofrance.fr\/franceinter\/podcasts\/la-terre-au-carre\/la-terre-au-carre-du-lundi-16-octobre-2023-8712507\"><span style=\"color: #0000ff;\">Hommage \u00e0 Hubert Reeves<\/span><\/a>&gt; en rediffusant des parties d&rsquo;\u00e9missions auxquelles il a particip\u00e9. La premi\u00e8re d&rsquo;entre elles \u00e9tait consacr\u00e9e \u00e0 la sortie de ce livre \u00ab\u00a0<a href=\"https:\/\/www.hubertreeves.info\/livres\/jenauraipas.html\"><span style=\"color: #0000ff;\">Je n&rsquo;aurai pas le temps\u00a0<\/span><\/a>\u00bb<br \/>\n<\/span><\/p>\n<p><span style=\"color: #777777; font-family: Arial;\">La premi\u00e8re fois que j&rsquo;ai \u00e9voqu\u00e9 Hubert Reeves, ce fut en 2015, dans un mot du jour consacr\u00e9 \u00e0 la th\u00e9orie de la r\u00e9futabilit\u00e9 de Karl Popper\u00a0: <a href=\"https:\/\/lemotdujour.fr\/?p=1054\">\u00ab\u00a0<span style=\"color: #0000ff;\">Une th\u00e9orie qui n&rsquo;est r\u00e9futable par aucun \u00e9v\u00e9nement qui se puisse concevoir est d\u00e9pourvue de caract\u00e8re scientifique.\u00a0<\/span>\u00bb<\/a><br \/>\n<\/span><\/p>\n<p><span style=\"color: #777777; font-family: Arial;\">C&rsquo;\u00e9tait pour illustrer cette th\u00e9orie par une remarquable conf\u00e9rence de Hubert Reeves <a href=\"https:\/\/www.youtube.com\/watch?v=-bEjR6M3wKs\"><span style=\"color: blue; text-decoration: underline;\">&lt;La cr\u00e9dibilit\u00e9 de la th\u00e9orie du big bang par Hubert Reeves&gt;<\/span><\/a><br \/>\n<\/span><\/p>\n<p><span style=\"color: #777777; font-family: Arial;\">Un an apr\u00e8s, entre le lundi 14 mars et le vendredi j&rsquo;ai consacr\u00e9 5 mots du jour \u00e0 un livre que je venais de lire\u00a0: \u00ab\u00a0<strong>L\u00e0 o\u00f9 croit le p\u00e9ril, croit aussi ce qui sauve<\/strong>\u00a0\u00bb<br \/>\n<\/span><\/p>\n<p><span style=\"color: #777777; font-family: Arial;\">Voici le lien vers le premier article\u00a0: \u00ab <a href=\"https:\/\/lemotdujour.fr\/?p=1646\"><span style=\"color: #0000ff;\">C&rsquo;est une chose \u00e9trange \u00e0 la fin que le monde<\/span><\/a>\u2026 \u00bb<br \/>\n<\/span><\/p>\n<p><span style=\"color: #777777; font-family: Arial;\">Dans l&rsquo;\u00e9mission hommage de la terre au carr\u00e9, Hubert Reeves r\u00e9v\u00e8le que s&rsquo;il pouvait vivre une nouvelle vie, il serait \u00e0 nouveau astrophysicien, mais qu&rsquo;il apprendrait aussi \u00e0 faire de la musique et plus pr\u00e9cis\u00e9ment \u00e0 jouer du violoncelle.<br \/>\n<\/span><\/p>\n<p><span style=\"color: #777777; font-family: Arial;\">Le dernier mot du jour consacr\u00e9 \u00e0 Hubert Reeves, le 23 avril 2021, avant celui d&rsquo;aujourd&rsquo;hui \u00e9tait aussi consacr\u00e9 \u00e0 la musique\u00a0: \u00ab\u00a0<a href=\"https:\/\/lemotdujour.fr\/?p=11132\"><span style=\"color: #0000ff;\">Schubert, il est mort. [\u2026] Et pourtant il n&rsquo;est pas mort. Il est avec moi, il vient me parler, il me parle<\/span>\u00a0<\/a>\u00bb<br \/>\n<\/span><\/p>\n<p><span style=\"color: #777777; font-family: Arial;\">Hubert Reeves <a href=\"https:\/\/www.lefigaro.fr\/sciences\/2018\/04\/20\/01008-20180420ARTFIG00091-hubert-reeves-je-pense-qu-il-y-a-beaucoup-d-autres-civilisations-dans-l-univers.php\"><span style=\"color: #0000ff;\">disait<\/span><\/a> que\u00a0:<br \/>\n<\/span><\/p>\n<p style=\"margin-left: 28pt;\"><span style=\"color: #c00000; font-family: Arial;\">\u00ab\u00a0[Ma plus grande fiert\u00e9] est quand des gens me disent qu&rsquo;apr\u00e8s avoir lu un de mes livres, ils se sont sentis plus intelligents.\u00a0\u00bb<br \/>\n<\/span><\/p>\n<p><span style=\"color: #777777; font-family: Arial;\">Et il a \u00e9crit beaucoup de livres qui rendent plus intelligents celles et ceux qui ont la bonne id\u00e9e de les lire.<br \/>\n<\/span><\/p>\n<p><span style=\"color: #777777; font-family: Arial;\">Vous trouverez derri\u00e8re ce lien &lt;<a href=\"https:\/\/www.hubertreeves.info\/\"><span style=\"color: #0000ff;\">Hubert Reeves<\/span><\/a>&gt; le site consacr\u00e9 \u00e0 cet homme doux et sage et sur lequel il est \u00e9crit sobrement\u00a0: \u00ab\u00a0<span style=\"color: #c00000;\">Le pr\u00e9sent site, maintenu par un membre de sa famille, restera en ligne aussi longtemps que les ressources n\u00e9cessaires seront l\u00e0 pour le permettre, afin de perp\u00e9tuer son souvenir.<span style=\"color: #777777;\">\u00a0\u00bb<br \/>\n<\/span><\/span><\/span><\/p>\n<p><span style=\"color: maroon; font-family: Arial;\">&lt;1768&gt;<\/span><\/p>\n","protected":false},"excerpt":{"rendered":"<p>\u00ab\u00a0Je n&rsquo;aurai pas le temps [\u2026] de visiter toute l&rsquo;immensit\u00e9 d&rsquo;un si grand univers.\u00a0\u00bb Texte de Pierre Delano\u00eb, chant\u00e9 par Michel Fugain et titre d&rsquo;un ouvrage de Hubert Reeves Nous sommes dans un monde de violence. Et la violence, h\u00e9las,<\/p>\n","protected":false},"author":1,"featured_media":0,"comment_status":"open","ping_status":"closed","sticky":false,"template":"","format":"standard","meta":{"footnotes":""},"categories":[1],"tags":[24,29,35],"class_list":["post-14975","post","type-post","status-publish","format-standard","hentry","category-motdujour","tag-actualite","tag-hommage","tag-sciences"],"_links":{"self":[{"href":"https:\/\/lemotdujour.fr\/index.php?rest_route=\/wp\/v2\/posts\/14975","targetHints":{"allow":["GET"]}}],"collection":[{"href":"https:\/\/lemotdujour.fr\/index.php?rest_route=\/wp\/v2\/posts"}],"about":[{"href":"https:\/\/lemotdujour.fr\/index.php?rest_route=\/wp\/v2\/types\/post"}],"author":[{"embeddable":true,"href":"https:\/\/lemotdujour.fr\/index.php?rest_route=\/wp\/v2\/users\/1"}],"replies":[{"embeddable":true,"href":"https:\/\/lemotdujour.fr\/index.php?rest_route=%2Fwp%2Fv2%2Fcomments&post=14975"}],"version-history":[{"count":4,"href":"https:\/\/lemotdujour.fr\/index.php?rest_route=\/wp\/v2\/posts\/14975\/revisions"}],"predecessor-version":[{"id":14980,"href":"https:\/\/lemotdujour.fr\/index.php?rest_route=\/wp\/v2\/posts\/14975\/revisions\/14980"}],"wp:attachment":[{"href":"https:\/\/lemotdujour.fr\/index.php?rest_route=%2Fwp%2Fv2%2Fmedia&parent=14975"}],"wp:term":[{"taxonomy":"category","embeddable":true,"href":"https:\/\/lemotdujour.fr\/index.php?rest_route=%2Fwp%2Fv2%2Fcategories&post=14975"},{"taxonomy":"post_tag","embeddable":true,"href":"https:\/\/lemotdujour.fr\/index.php?rest_route=%2Fwp%2Fv2%2Ftags&post=14975"}],"curies":[{"name":"wp","href":"https:\/\/api.w.org\/{rel}","templated":true}]}}