{"id":1494,"date":"2016-11-17T01:00:00","date_gmt":"2016-11-16T22:00:00","guid":{"rendered":"http:\/\/lemotdujour.fr\/?p=1494"},"modified":"2020-05-05T22:27:23","modified_gmt":"2020-05-05T20:27:23","slug":"jeudi-17-novembre-2016","status":"publish","type":"post","link":"https:\/\/lemotdujour.fr\/?p=1494","title":{"rendered":"Jeudi 17 novembre 2016"},"content":{"rendered":"<div class=\"mdjDate\">Jeudi 17 novembre 2016<\/div>\n<div class=\"mdjTexte\">\u00abL&rsquo;islam des lumi\u00e8res\u00bb<\/div>\n<div class=\"mdjAuteur\">Malek Chebel<\/div>\n<p><a href=\"https:\/\/fr.wikipedia.org\/wiki\/Malek_Chebel\"><span style=\"color: blue; font-family: Arial; text-decoration: underline;\">Malek Chebel<\/span><\/a><span style=\"color: #777777; font-family: Arial;\"> \u00e9tait un musulman \u00e0 la voix douce qui donnait une belle image de l&rsquo;Islam, il vient de mourir \u00e0 63 ans, le 12 novembre 2016.<br \/>\n<\/span><\/p>\n<p><img decoding=\"async\" class=\"alignleft\" src=\"https:\/\/lemotdujour.fr\/wp-content\/uploads\/2020\/05\/050520_1808_LundiXXmai21.jpg\" alt=\"\" align=\"left\" \/><span style=\"color: #777777; font-family: Arial;\">Il avait \u00e9crit notamment <a href=\"http:\/\/www.fayard.fr\/manifeste-pour-un-islam-des-lumieres-9782213676999\"><span style=\"color: blue; text-decoration: underline;\">&lt;Manifeste pour un islam des lumi\u00e8res&gt;<\/span><\/a>.<br \/>\n<\/span><\/p>\n<p><span style=\"color: #777777; font-family: Arial;\">Il s&rsquo;\u00e9tait aussi illustr\u00e9 pour \u00e9crire sur la sexualit\u00e9 dans le monde de l&rsquo;Islam. En 2006, il publiait ainsi \u00ab le Kama sutra arabe \u00bb et il d\u00e9clarait dans <a href=\"http:\/\/www.la-croix.com\/Religion\/Islam\/Malek-Chebel-defenseur-d-un-islam-des-Lumieres-est-mort-2016-11-13-1200802721\"><span style=\"color: blue; text-decoration: underline;\">un entretien <\/span><\/a>:<br \/>\n<\/span><\/p>\n<p style=\"margin-left: 28pt;\"><span style=\"color: #c00000; font-family: Arial;\">\u00ab J&rsquo;ai pris le parti de chercher la lumi\u00e8re dans le monde arabe. Je suis tenu par un souci de v\u00e9rit\u00e9 et je veux m&rsquo;approcher au plus pr\u00e8s possible de ce que je pense \u00eatre cette v\u00e9rit\u00e9\u00bb<br \/>\n<\/span><\/p>\n<p><span style=\"color: #777777; font-family: Arial;\">Sur ma tablette, je dispose de sa traduction moderne du<a href=\"http:\/\/www.fayard.fr\/le-coran-9782213633909\"><span style=\"color: blue; text-decoration: underline;\"> Coran<\/span><\/a>.<br \/>\n<\/span><\/p>\n<p><span style=\"color: #777777; font-family: Arial;\">Le Figaro Magazine avait publi\u00e9 <a href=\"https:\/\/www.lefigaro.fr\/vox\/societe\/2016\/11\/14\/31003-20161114ARTFIG00130-malek-chebel-l-islam-apolitique-de-nos-grands-parents-a-perdu.php\"><span style=\"color: #0000ff;\">une interview<\/span><\/a> qu&rsquo;il avait accord\u00e9e en septembre dernier.<br \/>\n<\/span><\/p>\n<p><span style=\"color: #777777; font-family: Arial;\"><strong><em>FIGAROVOX. &#8211; Vous vous battez pour un \u00abislam des Lumi\u00e8res\u00bb. Quelles seraient selon vous les conditions de cet islam compatible avec la modernit\u00e9? Que faudrait-il faire pour \u00abr\u00e9former l&rsquo;islam de France\u00bb?<br \/>\n<\/em><\/strong><\/span><\/p>\n<p style=\"margin-left: 28pt;\"><span style=\"color: #c00000; font-family: Arial;\">MALEK CHEBEL. &#8211; En effet, depuis trente ans, je cherche \u00e0 mettre en place ce que j&rsquo;appelle l&rsquo;\u00abislam des Lumi\u00e8res\u00bb inspir\u00e9 des Lumi\u00e8res occidentales, et dont la libert\u00e9 de conscience, l&rsquo;\u00e9mergence de l&rsquo;individu, la raison et l&rsquo;\u00e9galit\u00e9 stricte de droits entre hommes et femmes sont les pr\u00e9requis. Cet islam des Lumi\u00e8res est d&rsquo;abord un islam de paix, principale garantie de son succ\u00e8s.<br \/>\n<\/span><\/p>\n<p><span style=\"color: #777777; font-family: Arial;\"><strong><em>Comment le promouvoir?<br \/>\n<\/em><\/strong><\/span><\/p>\n<p style=\"margin-left: 28pt;\"><span style=\"color: #c00000; font-family: Arial;\">\u00a0Il nous faut mettre en place au profit de la France exclusivement un grand imam de France avec les attributs et\/ou pr\u00e9rogatives suivantes :<br \/>\n<\/span><\/p>\n<p style=\"margin-left: 28pt;\"><span style=\"color: #c00000; font-family: Arial;\">&#8211; \u00catre Fran\u00e7ais ;<br \/>\n<\/span><span style=\"color: #c00000; font-family: Arial;\">&#8211; \u00catre francophone ;<br \/>\n<\/span><span style=\"color: #c00000; font-family: Arial;\">&#8211; Avoir suivi une formation th\u00e9ologique (entre la licence et le master, ou plus, si besoin est);<br \/>\n<\/span><span style=\"color: #c00000; font-family: Arial;\">&#8211; \u00catre la\u00efc;<br \/>\n<\/span><span style=\"color: #c00000; font-family: Arial;\">&#8211; Ne faire all\u00e9geance \u00e0 aucune instance religieuse exog\u00e8ne;<br \/>\n<\/span><span style=\"color: #c00000; font-family: Arial;\">&#8211; \u00catre \u00e9lu sur la base d&rsquo;un programme d\u00e9fendu devant le plus grand nombre de musulmans fran\u00e7ais sans exclusive de sexe, d&rsquo;\u00e2ge ou d&rsquo;origine.<br \/>\n<\/span><span style=\"color: #c00000; font-family: Arial;\">Une commission ind\u00e9pendante se chargerait au nom de la R\u00e9publique de donner un avis consultatif (ou de validation) pour que les musulmans trouvent le chemin du dialogue et de l&rsquo;apaisement entre eux et avec les autres composantes de la nation. [&#8230;]<br \/>\n<\/span><\/p>\n<p><span style=\"color: #777777; font-family: Arial;\"><strong><em>L&rsquo;islam traditionnel n&rsquo;est-il pas en train de perdre la bataille au sein de l&rsquo;orthodoxie sunnite, au profit d&rsquo;une lecture litt\u00e9raliste du Coran ?<br \/>\n<\/em><\/strong><\/span><\/p>\n<p style=\"margin-left: 28pt;\"><span style=\"color: #c00000; font-family: Arial;\">Oui, en effet, l&rsquo;islam apolitique de nos grands-parents et de nos parents a perdu la partie face \u00e0 l&rsquo;islam id\u00e9ologis\u00e9 des ann\u00e9es 1980, puis 1990, puis 2000. Le changement structurel de g\u00e9n\u00e9ration &#8211; combien de jeunes qui \u00abposent\u00bb probl\u00e8me ont moins de 30 ans actuellement? &#8211; a \u00e9t\u00e9 un bouleversement dont les cons\u00e9quences sont encore visibles aujourd&rsquo;hui. Il s&rsquo;agit d&rsquo;un s\u00e9isme profond, avec son immense faille autour de la cit\u00e9. Depuis deux d\u00e9cennies, le combat \u00e9tait pilot\u00e9 par les fondamentalismes religieux, non seulement ext\u00e9rieurs \u00e0 l&rsquo;Hexagone, mais encore au sein m\u00eame des associations p\u00e9riph\u00e9riques. Combien de jeunes encadreurs dans le p\u00e9riurbain ont cherch\u00e9 vainement \u00e0 tirer la <img loading=\"lazy\" decoding=\"async\" class=\"alignleft\" src=\"https:\/\/lemotdujour.fr\/wp-content\/uploads\/2020\/05\/050520_1808_LundiXXmai22.jpg\" alt=\"\" width=\"294\" height=\"382\" align=\"left\" \/>sonnette d&rsquo;alarme ? [&#8230;]<br \/>\n<\/span><\/p>\n<p><span style=\"color: #777777; font-family: Arial;\"><strong><em>Que r\u00e9pondez-vous \u00e0 ceux qui consid\u00e8rent l&rsquo;islam comme une religion intrins\u00e8quement violente et h\u00e9g\u00e9monique ?<br \/>\n<\/em><\/strong><\/span><\/p>\n<p style=\"margin-left: 28pt;\"><span style=\"color: #c00000; font-family: Arial;\">Il y a au moins deux types d&rsquo;islam, l&rsquo;un violent, l&rsquo;autre non. L&rsquo;un est inscrit dans une longue dur\u00e9e. Il est vain d&rsquo;en nier la dimension expansionniste et donc la violence. Cela commence par l&rsquo;\u00e9pop\u00e9e dite arabe qui a port\u00e9 le sabre jusqu&rsquo;en Andalousie. Et je ne suis pas de ceux qui se voilent la face, les liens de cet islam violent avec le Califat et les chefs de l&rsquo;EI sont publiquement affirm\u00e9s. L&rsquo;EI se r\u00e9clame sans aucune ambigu\u00eft\u00e9 de cet islam violent. Peu de musulmans normalement constitu\u00e9s l&rsquo;aiment vraiment, ils l&rsquo;ex\u00e8crent sans ambages, et hors la peur visc\u00e9rale qu&rsquo;ils ruminent int\u00e9rieurement, le d\u00e9clameraient entre nation et R\u00e9publique.<br \/>\n<\/span><\/p>\n<p><span style=\"color: #777777; font-family: Arial;\">L&rsquo;islam aujourd&rsquo;hui, fait peur \u00e0 nombre de Fran\u00e7ais. Comprenez-vous cette peur? Comment la d\u00e9samorcer?<br \/>\n<\/span><\/p>\n<p style=\"margin-left: 28pt;\"><span style=\"color: #c00000; font-family: Arial;\">Cet islam fait peur \u00e0 tous les Fran\u00e7ais, individuellement et massivement, car outre qu&rsquo;il est fonci\u00e8rement l\u00e9tal, il est aveugle et frappe sans discernement. \u00c0 l&rsquo;inverse, ce que les musulmans refusent d&rsquo;admettre, c&rsquo;est de consid\u00e9rer cette religion comme exclusivement violente, et la seule \u00e0 en \u00eatre \u00abaffect\u00e9e\u00bb. \u00c0 cet effet, l&rsquo;autocritique papale peut les soutenir. Enfin, pour d\u00e9samorcer la peur, il faut la verser dans le grand chaudron national, en faire un travail d&rsquo;appropriation national, le r\u00e9cit d&rsquo;une tension \u00e0 g\u00e9rer mutuellement, tenir des forums, les animer sans les arrimer au chiffre trompeur d&rsquo;une d\u00e9radicalisation qui, h\u00e9las, n&rsquo;a pas tenu ses promesses. L\u00e0 encore, une autorit\u00e9 centrale de l&rsquo;islam peut, avec le charisme de sa fonction, appeler au refus net et radical de la violence au nom d&rsquo;Allah, ce Dieu qui est \u00abbeau et qui aime la beaut\u00e9\u00bb (j&rsquo;en ai fait le titre de mon dernier ouvrage), au dire m\u00eame du Proph\u00e8te ! \u00bb<br \/>\n<\/span><\/p>\n<p><span style=\"color: #777777; font-family: Arial;\">Vous pourrez lire le reste de cette interview derri\u00e8re ce <a href=\"https:\/\/www.lefigaro.fr\/vox\/societe\/2016\/11\/14\/31003-20161114ARTFIG00130-malek-chebel-l-islam-apolitique-de-nos-grands-parents-a-perdu.php\"><span style=\"color: blue; text-decoration: underline;\">&lt;lien&gt;<\/span><\/a>.<br \/>\n<\/span><\/p>\n<p><span style=\"color: #777777; font-family: Arial;\">Apr\u00e8s ces trop nombreux mots sur Donald Trump, il fallait revenir \u00e0 un homme qui portait haut les valeurs des lumi\u00e8res.<br \/>\n<\/span><\/p>\n<p><span style=\"color: #800000; font-family: Arial;\">&lt;788&gt;<\/span><\/p>\n","protected":false},"excerpt":{"rendered":"<p>Jeudi 17 novembre 2016 \u00abL&rsquo;islam des lumi\u00e8res\u00bb Malek Chebel Malek Chebel \u00e9tait un musulman \u00e0 la voix douce qui donnait une belle image de l&rsquo;Islam, il vient de mourir \u00e0 63 ans, le 12 novembre 2016. Il avait \u00e9crit notamment<\/p>\n","protected":false},"author":1,"featured_media":0,"comment_status":"closed","ping_status":"closed","sticky":false,"template":"","format":"standard","meta":{"footnotes":""},"categories":[1],"tags":[29,86,34],"class_list":["post-1494","post","type-post","status-publish","format-standard","hentry","category-motdujour","tag-hommage","tag-islam","tag-religion"],"_links":{"self":[{"href":"https:\/\/lemotdujour.fr\/index.php?rest_route=\/wp\/v2\/posts\/1494","targetHints":{"allow":["GET"]}}],"collection":[{"href":"https:\/\/lemotdujour.fr\/index.php?rest_route=\/wp\/v2\/posts"}],"about":[{"href":"https:\/\/lemotdujour.fr\/index.php?rest_route=\/wp\/v2\/types\/post"}],"author":[{"embeddable":true,"href":"https:\/\/lemotdujour.fr\/index.php?rest_route=\/wp\/v2\/users\/1"}],"replies":[{"embeddable":true,"href":"https:\/\/lemotdujour.fr\/index.php?rest_route=%2Fwp%2Fv2%2Fcomments&post=1494"}],"version-history":[{"count":5,"href":"https:\/\/lemotdujour.fr\/index.php?rest_route=\/wp\/v2\/posts\/1494\/revisions"}],"predecessor-version":[{"id":8799,"href":"https:\/\/lemotdujour.fr\/index.php?rest_route=\/wp\/v2\/posts\/1494\/revisions\/8799"}],"wp:attachment":[{"href":"https:\/\/lemotdujour.fr\/index.php?rest_route=%2Fwp%2Fv2%2Fmedia&parent=1494"}],"wp:term":[{"taxonomy":"category","embeddable":true,"href":"https:\/\/lemotdujour.fr\/index.php?rest_route=%2Fwp%2Fv2%2Fcategories&post=1494"},{"taxonomy":"post_tag","embeddable":true,"href":"https:\/\/lemotdujour.fr\/index.php?rest_route=%2Fwp%2Fv2%2Ftags&post=1494"}],"curies":[{"name":"wp","href":"https:\/\/api.w.org\/{rel}","templated":true}]}}