{"id":14937,"date":"2023-10-06T00:24:53","date_gmt":"2023-10-05T22:24:53","guid":{"rendered":"https:\/\/lemotdujour.fr\/?p=14937"},"modified":"2023-10-06T23:04:11","modified_gmt":"2023-10-06T21:04:11","slug":"vendredi-6-octobre-2023","status":"publish","type":"post","link":"https:\/\/lemotdujour.fr\/?p=14937","title":{"rendered":"Vendredi 6 octobre 2023"},"content":{"rendered":"<div class=\"mdjTexte\">\u00ab\u00a0Je ne sais pas si Dieu existe, mais je crois que oui et je pense qu&rsquo;Andr\u00e9 va r\u00e9pondre\u00a0: je ne sais pas mais je pense que non.\u00a0\u00bb<\/div>\n<div class=\"mdjAuteur\">\u00c9ric-Emmanuel Schmitt r\u00e9pondant \u00e0 la question est ce que Dieu existe\u00a0? et interpellant son ami Andr\u00e9 Compte Sponville<\/div>\n<p><span style=\"color: #777777; font-family: Arial;\">Lors de l&rsquo;\u00e9mission \u00ab\u00a0<strong>La Grande Librairie<\/strong>\u00a0\u00bb du 26 avril 2023, <strong>Augustin Trapenard<\/strong> interrogeait le sacr\u00e9 et la spiritualit\u00e9.<br \/>\n<\/span><\/p>\n<p><span style=\"color: #777777; font-family: Arial;\">Il avait invit\u00e9 les auteurs de quatre ouvrages.<br \/>\n<\/span><\/p>\n<ul>\n<li><span style=\"color: #777777; font-family: Arial;\"><strong>\u00c9ric-Emmanuel Schmitt<\/strong> qui dans \u00ab\u00a0<strong>Le d\u00e9fi de J\u00e9rusalem<\/strong> \u00bb raconte son p\u00e8lerinage sur les traces de J\u00e9sus Christ. De Nazareth \u00e0 J\u00e9rusalem en passant par Capharna\u00fcm, C\u00e9sar\u00e9e, Bethl\u00e9em ou la Galil\u00e9e, il a \u00e9crit un livre de r\u00e9flexion sur son cheminement spirituel.<br \/>\n<\/span><\/li>\n<li><span style=\"color: #777777; font-family: Arial;\">Le philosophe <strong>Andr\u00e9 Comte-Sponville<\/strong> qui a \u00e9crit\u00a0: \u00ab\u00a0<strong>La Cl\u00e9 des champs et autres impromptus<\/strong> \u00bb. Un livre qui r\u00e9unit une s\u00e9rie d&rsquo;articles et d&rsquo;essais sur des sujets graves, comme la d\u00e9tresse, la souffrance, le pessimisme et la mort. Son recueil se conclut sur un texte in\u00e9dit intitul\u00e9 \u00ab\u2009Maman\u2009\u00bb, parlant de sa m\u00e8re qui a \u00e9t\u00e9 malheureuse toute sa vie et qui s&rsquo;est suicid\u00e9e lorsqu&rsquo;il avait une trentaine d&rsquo;ann\u00e9es.<br \/>\n<\/span><\/li>\n<\/ul>\n<p><span style=\"color: #777777; font-family: Arial;\">Le <a href=\"https:\/\/choisirmafindevie.org\/2022\/01\/28\/la-cle-des-champs\/\"><span style=\"color: #0000ff;\">titre de son ouvrage<\/span><\/a>, Andr\u00e9 Comte-Sponville l&rsquo;a emprunt\u00e9 \u00e0 son cher<strong> Montaigne\u00a0: <\/strong><br \/>\n<\/span><\/p>\n<p style=\"margin-left: 28pt;\"><span style=\"color: #c00000; font-family: Arial;\">\u00ab\u00a0Le pr\u00e9sent que nature nous ait fait le plus favorable, et qui nous \u00f4te tout moyen de nous plaindre de notre condition, c&rsquo;est de nous avoir laiss\u00e9 la cl\u00e9 des champs\u00a0\u00bb<br \/>\n(<em>Essais<\/em>, II, 3)<br \/>\n<\/span><\/p>\n<p><span style=\"color: #777777; font-family: Arial;\">La cl\u00e9 des champs que toutes les religions du Livre voudrait nous interdire, mais que le sage Montaigne accepte comme un pr\u00e9sent de la nature.<br \/>\n<\/span><\/p>\n<ul>\n<li><span style=\"color: #777777; font-family: Arial;\">La romanci\u00e8re et philosophe <strong>\u00c9liette Ab\u00e9cassis<\/strong> et le dessinateur <strong>Nejib <\/strong>ont publi\u00e9 \u00ab <strong>S\u00e9pher<\/strong>\u00a0\u00bb bande dessin\u00e9e qui retrace l&rsquo;\u00e9pop\u00e9e mill\u00e9naire de la Bible.<br \/>\n<\/span><\/li>\n<\/ul>\n<p><span style=\"color: #777777; font-family: Arial;\">Le dernier \u00e9crivain aurait \u00e9t\u00e9 brul\u00e9 ou ex\u00e9cut\u00e9 par un autre ch\u00e2timent, que les hommes qui croient dans le r\u00e9cit abrahamique ont invent\u00e9 et inflig\u00e9 \u00e0 tous celles et ceux qui mettaient en doute ou s&rsquo;\u00e9loignaient du r\u00e9cit qu&rsquo;ils pr\u00e9tendaient sacr\u00e9, si ces \u00ab\u00a0hommes de dieu\u00a0\u00bb disposaient encore du pouvoir politique dans nos contr\u00e9es.<br \/>\n<\/span><\/p>\n<p><span style=\"color: #777777; font-family: Arial;\">Car comme le disait Woody Allen\u00a0: \u00ab\u00a0<span style=\"color: #c00000;\">je n&rsquo;ai pas de probl\u00e8me avec Dieu, ce sont ses fans qui me font peur\u00a0!<span style=\"color: #777777;\">\u00a0\u00bb<br \/>\n<\/span><\/span><\/span><\/p>\n<ul>\n<li><span style=\"color: #777777; font-family: Arial;\"><strong>Metin Arditi<\/strong> a en effet corrig\u00e9 un peu le r\u00e9cit \u00e9vang\u00e9lique dans \u00ab\u00a0<strong>Le B\u00e2tard de Nazareth<\/strong> \u00a0\u00bb. Comme Marie \u00e9tait enceinte de J\u00e9sus, en dehors des liens du mariage, l&rsquo;enfant \u00e9tait de mani\u00e8re factuel \u00ab\u00a0un b\u00e2tard\u00a0\u00bb. Or, \u00e0 cette \u00e9poque, il n&rsquo;\u00e9tait pas bon de na\u00eetre b\u00e2tard. Cet auteur explique alors la vie et l&rsquo;enseignement du Christ par ce traumatisme initial d&rsquo;avoir \u00e9t\u00e9 rejet\u00e9 socialement et ostracis\u00e9.<br \/>\n<\/span><\/li>\n<\/ul>\n<p><span style=\"color: #777777; font-family: Arial;\">Mais ce que je souhaite partager essentiellement aujourd&rsquo;hui c&rsquo;est ce qu&rsquo;Eric Emmanuel Schmitt a dit tout au d\u00e9but de l&rsquo;\u00e9mission.<br \/>\n<\/span><\/p>\n<p><span style=\"color: #777777; font-family: Arial;\">Au commencement de l&rsquo;\u00e9mission seuls Eric Emmanuel Schmitt et Andr\u00e9 Comte-Sponville \u00e9taient pr\u00e9sents.<br \/>\n<\/span><\/p>\n<p><img loading=\"lazy\" decoding=\"async\" class=\"\" src=\"https:\/\/lemotdujour.fr\/wp-content\/uploads\/2023\/10\/100523_2224_Vendredi6oc1.png\" alt=\"\" width=\"670\" height=\"355\" \/><span style=\"color: #777777; font-family: Arial;\"><br \/>\n<\/span><\/p>\n<p><span style=\"color: #777777; font-family: Arial;\">Eric Emmanuel Schmitt\u00a0r\u00e9pondit \u00e0 une question d&rsquo;Augustin Trapenard sur la croyance\u00a0:<br \/>\n<\/span><\/p>\n<p style=\"margin-left: 28pt;\"><span style=\"color: #c00000; font-family: Arial;\">\u00ab\u00a0Moi si vous demandez\u00a0: est-ce que Dieu existe\u00a0? Je vous r\u00e9pondrais\u00a0: Je ne sais pas mais je crois que oui et je pense qu&rsquo;Andr\u00e9 va r\u00e9pondre\u00a0: je ne sais pas mais je pense que non. Je me d\u00e9finis comme un agnostique croyant. Parce qu&rsquo;il est tr\u00e8s important de distinguer le savoir et la croyance\u00a0\u00bb<br \/>\n<\/span><\/p>\n<p><span style=\"color: #777777; font-family: Arial;\">Andr\u00e9 Comte-Sponville approuva cette assertion et la fit sienne.<br \/>\n<\/span><\/p>\n<p><span style=\"color: #777777; font-family: Arial;\">La question de la diff\u00e9rence entre <strong>\u00ab\u00a0le savoir\u00a0\u00bb<\/strong> et de \u00ab\u00a0<strong>la croyance\u00a0\u00bb<\/strong> se pose bien au-del\u00e0 des religions. L&rsquo;\u00e9pisode du COVID que nous avons v\u00e9cu a \u00e9t\u00e9 particuli\u00e8rement f\u00e9cond en confusion entre ces deux notions.<br \/>\n<\/span><\/p>\n<p><span style=\"color: #777777; font-family: Arial;\">Mais ce sont bien les religions du Livre ou Abrahamique qui ont pouss\u00e9 le plus loin cette terrifiante confusion.<br \/>\n<\/span><\/p>\n<p><span style=\"color: #777777; font-family: Arial;\">Ils sont all\u00e9s jusqu&rsquo;\u00e0 ce crime contre l&rsquo;esprit de pr\u00e9tendre que \u00ab\u00a0<strong>leur croyance<\/strong>\u00a0\u00bb \u00e9tait <strong>\u00ab\u00a0la v\u00e9rit\u00e9<\/strong> \u00bb. Et au nom de ce mensonge, ils ont tu\u00e9. Et ils tuent encore dans certains des pays o\u00f9 l&rsquo;Islam est religion d\u2019\u00c9tat et je crois condamnent p\u00e9nalement dans tous les pays o\u00f9 l&rsquo;Islam est religion d\u2019\u00c9tat . <\/span><\/p>\n<p><span style=\"color: #777777; font-family: Arial;\">Les chr\u00e9tiens, catholiques, protestants, orthodoxes faisaient de m\u00eame dans des temps pas si anciens.<br \/>\n<\/span><\/p>\n<p><a href=\"https:\/\/lepetitjournal.com\/valence\/comprendre-espagne\/cayetano-ripoll-derniere-victime-inquisition-espagnole-366621\"><span style=\"font-family: Arial;\"><strong><span style=\"color: #0000ff;\">Cayetano Ripoll<\/span><\/strong><\/span><\/a><span style=\"color: #777777; font-family: Arial;\"><span style=\"color: #0000ff;\">,<\/span> a \u00e9t\u00e9 ex\u00e9cut\u00e9 par l&rsquo;inquisition espagnole en 1826. Ce catalan, instituteur a \u00e9t\u00e9 condamn\u00e9 pour h\u00e9r\u00e9sie. Son crime ? Avoir enseign\u00e9 \u00e0 ses \u00e9l\u00e8ves des id\u00e9es jug\u00e9es contraires au catholicisme.<br \/>\n<\/span><\/p>\n<p><span style=\"color: #777777; font-family: Arial;\">1826 c&rsquo;\u00e9tait 37 ans apr\u00e8s la r\u00e9volution fran\u00e7aise.<br \/>\n<\/span><\/p>\n<p><span style=\"color: #777777; font-family: Arial;\">Dire \u00ab Je ne sais pas, mais je crois que\u2026 \u00bb ou \u00ab Je ne sais pas, mais je ne crois pas que \u00bb constituent une attitude d&rsquo;humilit\u00e9 et de sagesse qui conduit imm\u00e9diatement \u00e0 un comportement plus paisible, moins exalt\u00e9 et donc moins violent.<br \/>\n<\/span><\/p>\n<p><span style=\"color: #777777; font-family: Arial;\">Probablement que Woody Allen craindrait moins les fans de dieu qui seraient dans cette posture : \u00ab Je ne sais pas, mais je crois que \u2026 \u00bb. <\/span><\/p>\n<p><span style=\"color: #777777; font-family: Arial;\">Vous pouvez encore regarder en replay cette \u00e9mission de la Grande Librairie jusqu&rsquo;au 26 novembre 2023. Voici <span style=\"font-family: Arial;\"><span style=\"color: #0000ff;\"><span style=\"color: #777777; font-family: Arial;\">le &lt;<\/span><\/span><strong><span style=\"color: #0000ff;\"><span style=\"color: #777777; font-family: Arial;\"><a href=\"https:\/\/www.france.tv\/france-5\/la-grande-librairie\/la-grande-librairie-saison-15\/4815448-emission-du-mercredi-26-avril-2023.html\"><span style=\"color: #0000ff;\">Lien<\/span><\/a> <\/span><\/span><\/strong><span style=\"color: #0000ff;\"><span style=\"color: #777777; font-family: Arial;\">&gt;<\/span><\/span><\/span><\/span><\/p>\n<p><span style=\"color: maroon; font-family: Arial;\">&lt;1766&gt;<span style=\"color: #777777;\"><br \/>\n<\/span><\/span><\/p>\n","protected":false},"excerpt":{"rendered":"<p>\u00ab\u00a0Je ne sais pas si Dieu existe, mais je crois que oui et je pense qu&rsquo;Andr\u00e9 va r\u00e9pondre\u00a0: je ne sais pas mais je pense que non.\u00a0\u00bb \u00c9ric-Emmanuel Schmitt r\u00e9pondant \u00e0 la question est ce que Dieu existe\u00a0? et interpellant<\/p>\n","protected":false},"author":1,"featured_media":0,"comment_status":"open","ping_status":"closed","sticky":false,"template":"","format":"standard","meta":{"footnotes":""},"categories":[1],"tags":[54,6,34],"class_list":["post-14937","post","type-post","status-publish","format-standard","hentry","category-motdujour","tag-humanisme","tag-philosophie","tag-religion"],"_links":{"self":[{"href":"https:\/\/lemotdujour.fr\/index.php?rest_route=\/wp\/v2\/posts\/14937","targetHints":{"allow":["GET"]}}],"collection":[{"href":"https:\/\/lemotdujour.fr\/index.php?rest_route=\/wp\/v2\/posts"}],"about":[{"href":"https:\/\/lemotdujour.fr\/index.php?rest_route=\/wp\/v2\/types\/post"}],"author":[{"embeddable":true,"href":"https:\/\/lemotdujour.fr\/index.php?rest_route=\/wp\/v2\/users\/1"}],"replies":[{"embeddable":true,"href":"https:\/\/lemotdujour.fr\/index.php?rest_route=%2Fwp%2Fv2%2Fcomments&post=14937"}],"version-history":[{"count":7,"href":"https:\/\/lemotdujour.fr\/index.php?rest_route=\/wp\/v2\/posts\/14937\/revisions"}],"predecessor-version":[{"id":14947,"href":"https:\/\/lemotdujour.fr\/index.php?rest_route=\/wp\/v2\/posts\/14937\/revisions\/14947"}],"wp:attachment":[{"href":"https:\/\/lemotdujour.fr\/index.php?rest_route=%2Fwp%2Fv2%2Fmedia&parent=14937"}],"wp:term":[{"taxonomy":"category","embeddable":true,"href":"https:\/\/lemotdujour.fr\/index.php?rest_route=%2Fwp%2Fv2%2Fcategories&post=14937"},{"taxonomy":"post_tag","embeddable":true,"href":"https:\/\/lemotdujour.fr\/index.php?rest_route=%2Fwp%2Fv2%2Ftags&post=14937"}],"curies":[{"name":"wp","href":"https:\/\/api.w.org\/{rel}","templated":true}]}}