{"id":14931,"date":"2023-10-03T00:21:00","date_gmt":"2023-10-02T22:21:00","guid":{"rendered":"https:\/\/lemotdujour.fr\/?p=14931"},"modified":"2023-10-02T23:40:40","modified_gmt":"2023-10-02T21:40:40","slug":"mardi-3-octobre-2023","status":"publish","type":"post","link":"https:\/\/lemotdujour.fr\/?p=14931","title":{"rendered":"Mardi 3 octobre 2023"},"content":{"rendered":"<div class=\"mdjTexte\">\u00ab\u00a0Quand la femme est grillag\u00e9e, toutes les femmes sont outrag\u00e9es\u00a0!\u00a0\u00bb<\/div>\n<div class=\"mdjAuteur\">Pierre Perret\u00a0: \u00ab\u00a0La femme grillag\u00e9e\u00a0\u00bb<\/div>\n<p><span style=\"color: #777777; font-family: Arial;\">Souvent ce sont les artistes et les po\u00e8tes qui expriment le mieux la r\u00e9alit\u00e9 du v\u00e9cu.<br \/>\n<\/span><\/p>\n<p><span style=\"color: #777777; font-family: Arial;\">Je ne connaissais pas cette chanson de Pierre Perret, je l&rsquo;ai d\u00e9couverte par hasard hier\u00a0:<br \/>\n<\/span><\/p>\n<p><span style=\"color: #777777; font-family: Arial;\">&lt;<span style=\"color: #0000ff;\"><a style=\"color: #0000ff;\" href=\"https:\/\/www.youtube.com\/watch?v=ppEXWqgz0VA\">La femme grillag\u00e9e<\/a><\/span>&gt; chant\u00e9e par Pierre Perret<br \/>\n<\/span><\/p>\n<p style=\"margin-left: 28pt;\"><span style=\"color: #c00000; font-family: Arial;\">\u00c9coutez ma chanson bien douce<br \/>\nQue Verlaine aurait su mieux faire<br \/>\nElle se veut discr\u00e8te et l\u00e9g\u00e8re<br \/>\nUn frisson d&rsquo;eau sur de la mousse<br \/>\n<\/span><\/p>\n<p style=\"margin-left: 28pt;\"><span style=\"color: #c00000; font-family: Arial;\"><br \/>\nC&rsquo;est la complainte de l&rsquo;\u00e9pouse<br \/>\nDe la femme derri\u00e8re son grillage<br \/>\nIls la font vivre au Moyen \u00c2ge<br \/>\nQue la honte les \u00e9clabousse<br \/>\n<\/span><\/p>\n<p style=\"margin-left: 28pt;\"><span style=\"color: #c00000; font-family: Arial;\"><br \/>\nQuand la femme est grillag\u00e9e<br \/>\nToutes les femmes sont outrag\u00e9es<br \/>\nLes hommes les ont rejet\u00e9es<br \/>\nDans l&rsquo;obscurit\u00e9<br \/>\n<\/span><\/p>\n<p style=\"margin-left: 28pt;\"><span style=\"color: #c00000; font-family: Arial;\"><br \/>\nElle ne prend jamais la parole<br \/>\nEn public, ce n&rsquo;est pas son r\u00f4le<br \/>\nElle est craintive, elle est soumise<br \/>\nPas question de lui faire la bise<br \/>\n<\/span><\/p>\n<p style=\"margin-left: 28pt;\"><span style=\"color: #c00000; font-family: Arial;\"><br \/>\nOn lui a appris \u00e0 se soumettre<br \/>\n\u00c0 ne pas contrarier son ma\u00eetre<br \/>\nElle n&rsquo;a droit qu&rsquo;\u00e0 quelques murmures<br \/>\nLes yeux baiss\u00e9s sur sa couture<br \/>\n<\/span><\/p>\n<p style=\"margin-left: 28pt;\"><span style=\"color: #c00000; font-family: Arial;\"><br \/>\nQuand la femme est grillag\u00e9e<br \/>\nToutes les femmes sont outrag\u00e9es<br \/>\nLes hommes les ont rejet\u00e9es<br \/>\nDans l&rsquo;obscurit\u00e9<br \/>\n<\/span><\/p>\n<p style=\"margin-left: 28pt;\"><span style=\"color: #c00000; font-family: Arial;\"><br \/>\nElle respecte la loi divine<br \/>\nQui dit, par la bouche de l&rsquo;homme,<br \/>\nQue sa place est \u00e0 la cuisine<br \/>\nEt qu&rsquo;elle est sa b\u00eate de somme<br \/>\n<\/span><\/p>\n<p style=\"margin-left: 28pt;\"><span style=\"color: #c00000; font-family: Arial;\"><br \/>\nPas question de faire la savante<br \/>\nIl vaut mieux qu&rsquo;elle soit ignorante<br \/>\nSon \u00e9poux dit que les \u00e9tudes<br \/>\nSont contraires \u00e0 ses servitudes<br \/>\n<\/span><\/p>\n<p style=\"margin-left: 28pt;\"><span style=\"color: #c00000; font-family: Arial;\"><br \/>\nQuand la femme est grillag\u00e9e<br \/>\nToutes les femmes sont outrag\u00e9es<br \/>\nLes hommes les ont rejet\u00e9es<br \/>\nDans l&rsquo;obscurit\u00e9<br \/>\n<\/span><\/p>\n<p style=\"margin-left: 28pt;\"><span style=\"color: #c00000; font-family: Arial;\"><br \/>\nJusqu&rsquo;aux pieds, sa burqa aust\u00e8re<br \/>\nEst garante de sa d\u00e9cence<br \/>\nElle pr\u00e9vient la concupiscence<br \/>\nDes hommes auxquels elle pourrait plaire<br \/>\n<\/span><\/p>\n<p style=\"margin-left: 28pt;\"><span style=\"color: #c00000; font-family: Arial;\"><br \/>\nUn regard jug\u00e9 impudique<br \/>\nSerait mortel pour la captive<br \/>\nElle pourrait finir br\u00fbl\u00e9e vive<br \/>\nLapid\u00e9e en place publique<br \/>\n<\/span><\/p>\n<p style=\"margin-left: 28pt;\"><span style=\"color: #c00000; font-family: Arial;\"><br \/>\nQuand la femme est grillag\u00e9e<br \/>\nToutes les femmes sont outrag\u00e9es<br \/>\nLes hommes les ont rejet\u00e9es<br \/>\nDans l&rsquo;obscurit\u00e9<br \/>\n<\/span><\/p>\n<p style=\"margin-left: 28pt;\"><span style=\"color: #c00000; font-family: Arial;\"><br \/>\nJeunes femmes, larguez les amarres<br \/>\nRefusez ces coutumes barbares<br \/>\nDites non au manich\u00e9isme<br \/>\nAu retour \u00e0 l&rsquo;obscurantisme<br \/>\n<\/span><\/p>\n<p style=\"margin-left: 28pt;\"><span style=\"color: #c00000; font-family: Arial;\"><br \/>\nJetez ce moucharabieh triste<br \/>\nN\u00e9 de coutumes esclavagistes<br \/>\nEt au lieu de porter ce voile<br \/>\nAllez vous-en, mettez les voiles<br \/>\n<\/span><\/p>\n<p style=\"margin-left: 28pt;\"><span style=\"color: #c00000; font-family: Arial;\"><br \/>\nQuand la femme est grillag\u00e9e<br \/>\nToutes les femmes sont outrag\u00e9es<br \/>\nLes hommes les ont rejet\u00e9es<br \/>\nDans l&rsquo;obscurit\u00e9<br \/>\n<\/span><\/p>\n<p><span style=\"color: #777777; font-family: Arial;\"><img loading=\"lazy\" decoding=\"async\" class=\"alignnone size-full wp-image-14933\" src=\"https:\/\/lemotdujour.fr\/wp-content\/uploads\/2023\/10\/Femme-Afghane.png\" alt=\"\" width=\"840\" height=\"601\" srcset=\"https:\/\/lemotdujour.fr\/wp-content\/uploads\/2023\/10\/Femme-Afghane.png 840w, https:\/\/lemotdujour.fr\/wp-content\/uploads\/2023\/10\/Femme-Afghane-300x215.png 300w, https:\/\/lemotdujour.fr\/wp-content\/uploads\/2023\/10\/Femme-Afghane-768x549.png 768w\" sizes=\"auto, (max-width: 840px) 100vw, 840px\" \/>L&rsquo;ONU consid\u00e8re que le traitement des femmes en Afghanistan, par les Talibans s&rsquo;apparenterait \u00e0 un \u00ab <strong>apartheid sexiste<\/strong> \u00bb<br \/>\n<\/span><\/p>\n<p><span style=\"color: #777777; font-family: Arial;\">Vous trouverez cette publication, du 11 Juillet 2023, sur cette <a href=\"https:\/\/www.ohchr.org\/fr\/stories\/2023\/07\/experts-taliban-treatment-women-may-be-gender-apartheid\">&lt;<span style=\"color: #0000ff;\">Page ONU<\/span>&gt;<\/a><br \/>\n<\/span><\/p>\n<p><span style=\"color: #777777; font-family: Arial;\">Pierre Perret s&rsquo;inspire d&rsquo;un po\u00e8me de Verlaine dont je cite ci-dessous les premi\u00e8res strophes.<br \/>\n<\/span><\/p>\n<p style=\"margin-left: 28pt;\"><span style=\"color: #c00000; font-family: Arial;\"><br \/>\n\u00c9coutez la chanson bien douce<br \/>\nQui ne pleure que pour vous plaire.<br \/>\nElle est discr\u00e8te, elle est l\u00e9g\u00e8re :<br \/>\nUn frisson d&rsquo;eau sur de la mousse !<\/span><\/p>\n<p style=\"margin-left: 28pt;\"><span style=\"color: #c00000; font-family: Arial;\">La voix vous fut connue (et ch\u00e8re ?)<br \/>\nMais \u00e0 pr\u00e9sent elle est voil\u00e9e<br \/>\nComme une veuve d\u00e9sol\u00e9e,<br \/>\nPourtant comme elle encore fi\u00e8re,<\/span><\/p>\n<p style=\"margin-left: 28pt;\"><span style=\"color: #c00000; font-family: Arial;\">Et dans les longs plis de son voile<br \/>\nQui palpite aux brises d&rsquo;automne,<br \/>\nCache et montre au c\u0153ur qui s&rsquo;\u00e9tonne<br \/>\nLa v\u00e9rit\u00e9 comme une \u00e9toile.<\/span><\/p>\n<p style=\"margin-left: 28pt;\"><span style=\"color: #c00000; font-family: Arial;\">Elle dit, la voix reconnue,<br \/>\nQue la bont\u00e9 c&rsquo;est notre vie,<br \/>\nQue de la haine et de l&rsquo;envie<br \/>\nRien ne reste, la mort venue.<\/span><\/p>\n<p style=\"margin-left: 28pt;\"><span style=\"color: #c00000; font-family: Arial;\">Paul VERLAINE : \u00c9coutez la chanson bien douce (1878) Sagesse I\/XVI<\/span><\/p>\n<p><span style=\"color: #777777; font-family: Arial;\">Ce po\u00e8me a \u00e9t\u00e9 mis en musique et la chanson qui en est le fruit &lt;<a href=\"https:\/\/www.youtube.com\/watch?v=UQHsJbcWp0k\"><span style=\"color: #0000ff;\">est chant\u00e9e par L\u00e9o Ferr\u00e9<\/span><\/a><span style=\"color: #0000ff;\">&gt;<\/span><br \/>\n<\/span><\/p>\n<p><span style=\"color: maroon; font-family: Arial;\">&lt;1765&gt;<\/span><\/p>\n","protected":false},"excerpt":{"rendered":"<p>\u00ab\u00a0Quand la femme est grillag\u00e9e, toutes les femmes sont outrag\u00e9es\u00a0!\u00a0\u00bb Pierre Perret\u00a0: \u00ab\u00a0La femme grillag\u00e9e\u00a0\u00bb Souvent ce sont les artistes et les po\u00e8tes qui expriment le mieux la r\u00e9alit\u00e9 du v\u00e9cu. Je ne connaissais pas cette chanson de Pierre Perret,<\/p>\n","protected":false},"author":1,"featured_media":0,"comment_status":"open","ping_status":"closed","sticky":false,"template":"","format":"standard","meta":{"footnotes":""},"categories":[1],"tags":[207,36,86,41],"class_list":["post-14931","post","type-post","status-publish","format-standard","hentry","category-motdujour","tag-afghanistan","tag-feminisme","tag-islam","tag-liberte"],"_links":{"self":[{"href":"https:\/\/lemotdujour.fr\/index.php?rest_route=\/wp\/v2\/posts\/14931","targetHints":{"allow":["GET"]}}],"collection":[{"href":"https:\/\/lemotdujour.fr\/index.php?rest_route=\/wp\/v2\/posts"}],"about":[{"href":"https:\/\/lemotdujour.fr\/index.php?rest_route=\/wp\/v2\/types\/post"}],"author":[{"embeddable":true,"href":"https:\/\/lemotdujour.fr\/index.php?rest_route=\/wp\/v2\/users\/1"}],"replies":[{"embeddable":true,"href":"https:\/\/lemotdujour.fr\/index.php?rest_route=%2Fwp%2Fv2%2Fcomments&post=14931"}],"version-history":[{"count":2,"href":"https:\/\/lemotdujour.fr\/index.php?rest_route=\/wp\/v2\/posts\/14931\/revisions"}],"predecessor-version":[{"id":14934,"href":"https:\/\/lemotdujour.fr\/index.php?rest_route=\/wp\/v2\/posts\/14931\/revisions\/14934"}],"wp:attachment":[{"href":"https:\/\/lemotdujour.fr\/index.php?rest_route=%2Fwp%2Fv2%2Fmedia&parent=14931"}],"wp:term":[{"taxonomy":"category","embeddable":true,"href":"https:\/\/lemotdujour.fr\/index.php?rest_route=%2Fwp%2Fv2%2Fcategories&post=14931"},{"taxonomy":"post_tag","embeddable":true,"href":"https:\/\/lemotdujour.fr\/index.php?rest_route=%2Fwp%2Fv2%2Ftags&post=14931"}],"curies":[{"name":"wp","href":"https:\/\/api.w.org\/{rel}","templated":true}]}}