{"id":1492,"date":"2016-11-16T01:00:00","date_gmt":"2016-11-15T22:00:00","guid":{"rendered":"http:\/\/lemotdujour.fr\/?p=1492"},"modified":"2017-05-08T13:29:48","modified_gmt":"2017-05-08T11:29:48","slug":"mercredi-16-novembre-2016","status":"publish","type":"post","link":"https:\/\/lemotdujour.fr\/?p=1492","title":{"rendered":"Mercredi 16 novembre 2016"},"content":{"rendered":"<div class=\"mdjDate\">Mercredi 16 novembre 2016<\/div>\n<div class=\"mdjTexte\">\u00abJusqu&rsquo;\u00e0 tr\u00e8s r\u00e9cemment, la folle in\u00e9galit\u00e9 de richesse entre les Am\u00e9ricains \u00e9tait un sujet tabou. <br \/>Aujourd&rsquo;hui, pour la premi\u00e8re fois en quarante ans, on en parle, tant \u00e0 droite qu&rsquo;\u00e0 gauche. Et l\u00e0, peut-\u00eatre, r\u00e9side un espoir.\u00bb<\/div>\n<div class=\"mdjAuteur\">Philipp Meyer,\u00a0 \u00e9crivain, auteur de Un arri\u00e8re-go\u00fbt de rouille (\u00e9d. Folio) et Le Fils (\u00e9d. Albin Michel)<\/div>\n<div class=\"mdjComplements\"><a href=\"http:\/\/www.telerama.fr\/monde\/hillary-clinton-etait-censee-remplacer-obama-ce-ne-pouvait-etre-qu-une-plaisanterie,149899.php\">TELERAMA<\/a> a publi\u00e9 la r\u00e9action de 3 \u00e9crivains am\u00e9ricains apr\u00e8s la victoire de Donald Trump.<\/div>\n<div class=\"mdjCiter\">L&rsquo;un d&rsquo;entre eux, Philipp Meyer, a \u00e9crit : \u00ab C&rsquo;est une erreur de penser que Trump a gagn\u00e9 l&rsquo;\u00e9lection uniquement parce qu&rsquo;il a fait appel au th\u00e8me du racisme, \u00e0 la crainte que l&rsquo;Am\u00e9rique devient moins blanche. Tous les candidats de droite ont toujours fait de m\u00eame. Trump a gagn\u00e9 l&rsquo;\u00e9lection parce qu&rsquo;il \u00e9tait le seul R\u00e9publicain qui parlait constamment des d\u00e9g\u00e2ts que la mondialisation, les march\u00e9s financiers non r\u00e9gul\u00e9s et le commerce compl\u00e8tement libre ont fait \u00e0 l&rsquo;Am\u00e9rique et aux Am\u00e9ricains. Les gens qui ont port\u00e9 Trump au pouvoir sont ceux qui ont tout perdu lors des quarante derni\u00e8res ann\u00e9es pass\u00e9es sous le r\u00e8gne de politiques \u00e9conomiques d\u00e9termin\u00e9es par le march\u00e9. Les classes moyennes et populaires que la mondialisation a d\u00e9vast\u00e9es.<\/div>\n<div class=\"mdjCiter\">De plus, Hillary Clinton n&rsquo;\u00e9tait pas aim\u00e9e. Les gens de droite la d\u00e9testaient, mais ceux de gauche \u00e9galement. Wall Street la payait un quart de million de dollars pour chacun de ses discours. Et elle \u00e9tait cens\u00e9e remplacer Obama ? Ce ne pouvait \u00eatre qu&rsquo;une plaisanterie. Bernie Sanders aurait probablement gagn\u00e9 la nomination d\u00e9mocrate, mais le parti, avec l&rsquo;aide de ses alli\u00e9s dans les m\u00e9dias, y compris le New York Times, s&rsquo;est assur\u00e9 que ce ne soit pas le cas.<\/div>\n<div class=\"mdjCiter\">Jusqu&rsquo;\u00e0 tr\u00e8s r\u00e9cemment, la folle in\u00e9galit\u00e9 de richesse entre les Am\u00e9ricains \u00e9tait un sujet tabou. Aujourd&rsquo;hui, pour la premi\u00e8re fois en quarante ans, on en parle, tant \u00e0 droite qu&rsquo;\u00e0 gauche. Et l\u00e0, peut-\u00eatre, r\u00e9side un espoir.\u00bb<\/div>\n<div class=\"mdjComplements\">Le livre de Piketty sur le Capital a eu un \u00e9norme succ\u00e8s aux Etats Unis probablement pour cette raison : Ce pays in\u00e9galitaire et qui l&rsquo;a toujours accept\u00e9 commence \u00e0 interroger cette r\u00e9alit\u00e9 : N&rsquo;est-on pas all\u00e9 trop loin dans l&rsquo;in\u00e9galit\u00e9 ?<\/div>\n<div class=\"mdjComplements\">Cette question est tr\u00e8s pertinente. Mais donner comme r\u00e9ponse Donald Trump constitue quand m\u00eame un pari audacieux &#8230; <\/div>\n<div class=\"mdjComplements\">D&rsquo;autant que si Philipp Meyer cible dans son analyse les march\u00e9s financiers non r\u00e9gul\u00e9s, il semblerait que Donald Trump annonce vouloir aller encore plus loin dans la d\u00e9r\u00e9gulation.<\/div>\n","protected":false},"excerpt":{"rendered":"<p>Mercredi 16 novembre 2016 \u00abJusqu&rsquo;\u00e0 tr\u00e8s r\u00e9cemment, la folle in\u00e9galit\u00e9 de richesse entre les Am\u00e9ricains \u00e9tait un sujet tabou. Aujourd&rsquo;hui, pour la premi\u00e8re fois en quarante ans, on en parle, tant \u00e0 droite qu&rsquo;\u00e0 gauche. Et l\u00e0, peut-\u00eatre, r\u00e9side un<\/p>\n","protected":false},"author":1,"featured_media":0,"comment_status":"closed","ping_status":"closed","sticky":false,"template":"","format":"standard","meta":{"footnotes":""},"categories":[1],"tags":[],"class_list":["post-1492","post","type-post","status-publish","format-standard","hentry","category-motdujour"],"_links":{"self":[{"href":"https:\/\/lemotdujour.fr\/index.php?rest_route=\/wp\/v2\/posts\/1492","targetHints":{"allow":["GET"]}}],"collection":[{"href":"https:\/\/lemotdujour.fr\/index.php?rest_route=\/wp\/v2\/posts"}],"about":[{"href":"https:\/\/lemotdujour.fr\/index.php?rest_route=\/wp\/v2\/types\/post"}],"author":[{"embeddable":true,"href":"https:\/\/lemotdujour.fr\/index.php?rest_route=\/wp\/v2\/users\/1"}],"replies":[{"embeddable":true,"href":"https:\/\/lemotdujour.fr\/index.php?rest_route=%2Fwp%2Fv2%2Fcomments&post=1492"}],"version-history":[{"count":1,"href":"https:\/\/lemotdujour.fr\/index.php?rest_route=\/wp\/v2\/posts\/1492\/revisions"}],"predecessor-version":[{"id":1493,"href":"https:\/\/lemotdujour.fr\/index.php?rest_route=\/wp\/v2\/posts\/1492\/revisions\/1493"}],"wp:attachment":[{"href":"https:\/\/lemotdujour.fr\/index.php?rest_route=%2Fwp%2Fv2%2Fmedia&parent=1492"}],"wp:term":[{"taxonomy":"category","embeddable":true,"href":"https:\/\/lemotdujour.fr\/index.php?rest_route=%2Fwp%2Fv2%2Fcategories&post=1492"},{"taxonomy":"post_tag","embeddable":true,"href":"https:\/\/lemotdujour.fr\/index.php?rest_route=%2Fwp%2Fv2%2Ftags&post=1492"}],"curies":[{"name":"wp","href":"https:\/\/api.w.org\/{rel}","templated":true}]}}