{"id":14918,"date":"2023-09-28T07:24:00","date_gmt":"2023-09-28T05:24:00","guid":{"rendered":"https:\/\/lemotdujour.fr\/?p=14918"},"modified":"2023-10-01T22:50:34","modified_gmt":"2023-10-01T20:50:34","slug":"jeudi-28-septembre-2023","status":"publish","type":"post","link":"https:\/\/lemotdujour.fr\/?p=14918","title":{"rendered":"Jeudi 28 septembre 2023"},"content":{"rendered":"<div class=\"mdjTexte\">\u00ab\u00a0Les propos que j&rsquo;entends en France me rappellent ceux que nous tenions \u00e0 Alger lorsque l&rsquo;islamisme commen\u00e7ait \u00e0 occuper le terrain et installer ses bases.\u00a0\u00bb<\/div>\n<div class=\"mdjAuteur\">Boualem Sansal<\/div>\n<p><span style=\"color: #777777; font-family: Arial;\">Dans le mot du jour du 19 septembre 2023 j&rsquo;\u00e9voquais l&rsquo;ouvrage de <strong>Florence Bergeaud-Blackler<\/strong>\u00a0: \u00ab\u00a0<a href=\"https:\/\/www.odilejacob.fr\/catalogue\/sciences-humaines\/questions-de-societe\/frerisme-et-ses-reseaux_9782415003555.php\"><span style=\"color: blue; text-decoration: underline;\"><strong>Le fr\u00e9risme et ses r\u00e9seaux. L&rsquo;enqu\u00eate<\/strong>\u00a0<\/span><\/a>\u00bb ainsi que l&rsquo;hostilit\u00e9 qui lui a \u00e9t\u00e9 oppos\u00e9e par les milieux universitaires et les menaces prof\u00e9r\u00e9es par des milieux plus troubles qui refusent tous deux que soit analys\u00e9 ce qui se passe dans la soci\u00e9t\u00e9 fran\u00e7aise, \u00e0 savoir une op\u00e9ration volontaire et ma\u00eetris\u00e9e par des partisans d&rsquo;un islam r\u00e9trograde visant \u00e0 emmener une part grandissante de la communaut\u00e9 musulmane vers des pratiques plus rigoristes et archa\u00efques. Parall\u00e8lement, le mouvement fr\u00e9riste utilise tous les moyens d&rsquo;informations, les outils juridiques et la libert\u00e9 qu&rsquo;offrent nos \u00c9tats d\u00e9mocratiques pour tenter de rendre notre organisation, notre \u00e9cole, notre soci\u00e9t\u00e9 plus compatible avec leur vision du monde.<br \/>\n<\/span><\/p>\n<p><span style=\"color: #777777; font-family: Arial;\">Je voudrais pour compl\u00e9ter ce premier mot du jour sur ce sujet par un entretien tr\u00e8s instructif entre <strong>Florence Bergeaud-Blackler<\/strong> et <a href=\"https:\/\/fr.wikipedia.org\/wiki\/Boualem_Sansal\"><strong><span style=\"color: #0000ff;\">Boualem Sansal<\/span><\/strong><\/a> l&rsquo;\u00e9crivain alg\u00e9rien de langue fran\u00e7aise qui a v\u00e9cu en Alg\u00e9rie la mont\u00e9e de l&rsquo;Islam r\u00e9trograde au sein d&rsquo;une soci\u00e9t\u00e9 musulmane et qui voit avec inqui\u00e9tude des m\u00e9canismes similaires se d\u00e9velopper dans notre soci\u00e9t\u00e9 largement ath\u00e9e avec une tradition chr\u00e9tienne remontant \u00e0 plusieurs si\u00e8cles. Boualem Sansal vit toujours en Alg\u00e9rie, dans la banlieue d&rsquo;Alger.<br \/>\n<\/span><\/p>\n<p><span style=\"color: #777777; font-family: Arial;\">&lt;<a href=\"https:\/\/www.lefigaro.fr\/actualite-france\/florence-bergeaud-blackler-boualem-sansal-decivilisation-ou-choc-des-civilisations-20230707\"><span style=\"color: #0000ff;\">Cet article<\/span><\/a>&gt; a \u00e9t\u00e9 publi\u00e9 par \u00ab\u00a0<strong>Le Figaro<\/strong>\u00a0\u00bb le 7 juillet 2023.<br \/>\n<\/span><\/p>\n<p><span style=\"color: #777777; font-family: Arial;\">Boualem Sansal \u00e9claire d&rsquo;abord les conditions qui rendent possible cet \u00ab\u00a0entrisme\u00a0\u00bb des fr\u00e8res musulmans et autres salafistes et wahhabite\u00a0: le d\u00e9clin de la civilisation occidentale\u00a0:<br \/>\n<\/span><\/p>\n<p style=\"margin-left: 28pt;\"><span style=\"color: #c00000; font-family: Arial;\">\u00ab\u00a0Les civilisations, comme les humains, ont leurs maladies et elles se transforment en permanence. Je pense que la civilisation occidentale est en perte de vitesse depuis longtemps, \u00ab\u00a0les Lumi\u00e8res\u00a0\u00bb sont un souvenir qui ne dit rien aux jeunes. On parle d&rsquo;effondrement. Ses \u00e9lites ont laiss\u00e9 faire ou n&rsquo;ont pas su faire. En se vidant de sa puissance, en perdant l&rsquo;initiative, elle s&rsquo;est fragilis\u00e9e. L\u00e0, elle est face \u00e0 un d\u00e9fi majeur, le plus grand de son Histoire. [\u2026]\u00a0Les Fr\u00e8res \u00e9taient une petite poign\u00e9e discr\u00e8te en France, ils sont aujourd&rsquo;hui des milliers, puissamment organis\u00e9s, ayant pignon sur rue et ne manquant d&rsquo;aucun moyen d&rsquo;action. Gr\u00e2ce \u00e0 eux, mais pas seulement, l&rsquo;islamisme s&rsquo;est r\u00e9pandu en France et fait souche. Il a ses objectifs, ses programmes, ses institutions et ses relais dans la soci\u00e9t\u00e9 fran\u00e7aise dans tous ses compartiments. C&rsquo;est du billard pour eux car l&rsquo;\u00c9tat et la soci\u00e9t\u00e9 fran\u00e7aises en sont encore \u00e0 se demander ce qu&rsquo;ils ont en face d&rsquo;eux.\u00a0\u00bb<br \/>\n<\/span><\/p>\n<p><span style=\"color: #777777; font-family: Arial;\">Boualem Sansal a v\u00e9cu <span style=\"color: #0000ff;\"><a style=\"color: #0000ff;\" href=\"https:\/\/fr.wikipedia.org\/wiki\/D%C3%A9cennie_noire\">la guerre civile qui a oppos\u00e9 entre 1992 et 2002<\/a><\/span> le gouvernement alg\u00e9rien, disposant de l&rsquo;Arm\u00e9e nationale populaire (ANP), et divers groupes islamistes. Finalement les forces gouvernementales ont gagn\u00e9 et pouss\u00e9 \u00e0 la reddition l&rsquo;Arm\u00e9e islamique du salut (AIS) et le Groupe islamique arm\u00e9 (GIA). Et Boualem Sansal consid\u00e8re que beaucoup de ce qui arrive en France lui rappelle l&rsquo;\u00e9volution de l&rsquo;Alg\u00e9rie\u00a0: .<br \/>\n<\/span><\/p>\n<p style=\"margin-left: 28pt;\"><span style=\"color: #c00000; font-family: Arial;\">\u00ab\u00a0Les propos que j&rsquo;entends en France me rappellent ceux que nous tenions \u00e0 Alger lorsque l&rsquo;islamisme commen\u00e7ait \u00e0 occuper le terrain et installer ses bases. Il paraissait bien sympathique avec son folklore et ses promesses de justice et de fraternit\u00e9. \u00c7a tombait bien, nous \u00e9tions en r\u00e9volte contre les injustices et la corruption du pouvoir. Nous avions les m\u00eames sympathies pour eux que les gauchistes en France ont aujourd&rsquo;hui pour vos islamistes. Refuser les islamistes, c&rsquo;\u00e9tait quelque part soutenir la junte au pouvoir. Nous, nous n&rsquo;avions que ce choix, la peste ou le chol\u00e9ra, en France, le choix est heureusement plus large.\u00a0\u00bb<br \/>\n<\/span><\/p>\n<p><span style=\"color: #777777; font-family: Arial;\">Et Boualem Sansal met l&rsquo;accent sur le voile qui par sa visibilit\u00e9, de plus en plus ostensible, a d\u00e9montr\u00e9 en Alg\u00e9rie, l&rsquo;influence et la place des mouvements islamistes.<br \/>\n<\/span><\/p>\n<p><span style=\"color: #777777; font-family: Arial;\">Dans son essai \u00ab\u00a0<a href=\"https:\/\/www.librairie-gallimard.com\/livre\/9782072697005-gouverner-au-nom-d-allah-islamisation-et-soif-de-pouvoir-dans-le-monde-arabe-boualem-sansal\/\"><span style=\"color: #0000ff;\">Gouverner au nom d&rsquo;Allah\u00a0<\/span><\/a>\u00bb il a \u00e9crit que le \u00ab\u00a0<span style=\"color: #c00000;\">voile a \u00e9t\u00e9 un outil de conqu\u00eate<span style=\"color: #777777;\">\u00a0\u00bb.<br \/>\n<\/span><\/span><\/span><\/p>\n<p><span style=\"color: #777777; font-family: Arial;\">Sur ce petit bout de tissu que beaucoup jugent insignifiant et sans importance, je ne me lasserai pas de renvoyer vers une vid\u00e9o de <strong>Nasser<\/strong> que j&rsquo;avais d\u00e9j\u00e0 cit\u00e9 lors du mot du jour qui a fait suite \u00e0 l&rsquo;attentat contre Charlie Hebdo en janvier 2015<br \/>\n<\/span><\/p>\n<p><span style=\"color: #777777; font-family: Arial;\">Dans cette vid\u00e9o : <span style=\"color: blue;\">&lt;<span style=\"color: #0000ff;\"><a style=\"color: #0000ff;\" href=\"https:\/\/www.youtube.com\/watch?v=D-DZUnh8-Ro\">Entretien en 1953 avec les fr\u00e8res musulmans<\/a><\/span>&gt;, <span style=\"color: #777777;\">Nasser, lors d&rsquo;un meeting politique, explique qu&rsquo;il a voulu discuter avec les fr\u00e8res musulmans pour les associer au pouvoir. Et quand il dit que leur premi\u00e8re exigence est que \u00ab\u00a0<span style=\"color: #c00000;\">nos femmes sortent dans la rue voil\u00e9es\u00a0<span style=\"color: #777777;\">\u00bb vous entendez, la salle qui \u00e9clate de rire. <\/span><\/span><\/span><\/span><\/span><\/p>\n<p><span style=\"color: #777777; font-family: Arial;\"><span style=\"color: blue;\"><span style=\"color: #777777;\"><span style=\"color: #c00000;\"><span style=\"color: #777777;\">C&rsquo;\u00e9tait en 1953, en Egypte pays musulman historique, si\u00e8ge de l&rsquo;universit\u00e9 al-Azhar du Caire dont on dit qu&rsquo;il s&rsquo;agit de la plus haute institution d&rsquo;enseignement sunnite du monde.<br \/>\n<\/span><\/span><\/span><\/span><\/span><\/p>\n<p><span style=\"color: #777777; font-family: Arial;\">Aujourd&rsquo;hui, en France quand des personnes posent la question du voile Edwy Plenel ou Jean Luc M\u00e9lenchon, parmi d&rsquo;autres, les accusent de racisme et plus pr\u00e9cis\u00e9ment \u00ab d&rsquo;islamophobie \u00bb.<br \/>\n<\/span><\/p>\n<p><span style=\"color: #777777; font-family: Arial;\">Et Jean-Luc M\u00e9lenchon r\u00e9cemment s&rsquo;est aussi insurg\u00e9 contre l&rsquo;interdiction de l&rsquo;Abaya \u00e0 l&rsquo;\u00e9cole avec cette expression : \u00ab\u00a0<a href=\"https:\/\/www.lalsace.fr\/politique\/2023\/08\/28\/abaya-a-l-ecole-jean-luc-melenchon-denonce-une-absurde-guerre-de-religion\"><span style=\"color: #0000ff;\">Absurde guerre de religion<\/span>\u00a0<\/a>\u00bb<br \/>\n<\/span><\/p>\n<p><span style=\"color: #777777; font-family: Arial;\">Mais Jean-Luc Melenchon <a href=\"https:\/\/www.radiofrance.fr\/franceinter\/jean-luc-melenchon-trouvait-il-le-voile-obscene-en-2010-comme-l-affirme-marine-le-pen-4742072\"><span style=\"color: #0000ff;\">approuvait l&rsquo;interdiction de la Burqa<\/span> <\/a>, le 24 avril 2010, dans l&rsquo;\u00e9mission \u00ab\u00a0On n&rsquo;est pas couch\u00e9\u00a0\u00bb sur France 2.<br \/>\n<\/span><\/p>\n<p style=\"margin-left: 28pt;\"><span style=\"color: #c00000; font-family: Arial;\">\u00ab\u00a0Moi je consid\u00e8re que c&rsquo;est un traitement d\u00e9gradant et je consid\u00e8re que c&rsquo;est une provocation d&rsquo;un certain nombre de milieux int\u00e9gristes contre la R\u00e9publique. Et par cons\u00e9quent la R\u00e9publique a gagn\u00e9 et elle va gagner encore une fois : \u00e7a sera interdit\u00a0\u00bb, poursuit Jean-Luc M\u00e9lenchon. \u00ab\u00a0Et on le fera non seulement pour emp\u00eacher une absurdit\u00e9 qui consiste \u00e0 accepter l&rsquo;id\u00e9e qu&rsquo;une femme consid\u00e8re qu&rsquo;elle est un enjeu, un gibier, qu&rsquo;un homme ne peut la regarder qu&rsquo;avec un \u0153il de pr\u00e9dateur. Et deuxi\u00e8mement, parce que c&rsquo;est obsc\u00e8ne cette histoire de burqa, \u00e7a part de l&rsquo;id\u00e9e que les hommes ne sont que des pr\u00e9dateurs.\u00a0\u00bb<br \/>\n<\/span><\/p>\n<p><span style=\"color: #777777; font-family: Arial;\">Et il ajoutait m\u00eame \u00e0 l&rsquo;\u00e9gard de celles qui portent volontairement la burqa<br \/>\n<\/span><\/p>\n<p style=\"margin-left: 28pt;\"><span style=\"color: #c00000; font-family: Arial;\">\u00ab\u00a0Je leur donne le signal suivant : en R\u00e9publique fran\u00e7aise, les hommes et les femmes sont \u00e9gaux. J&rsquo;ai le droit de te regarder dans les yeux\u00a0\u00bb, r\u00e9pond-il. \u00ab\u00a0Dans ce pays, on va vivre ensemble et on ne se trimballera pas avec des fant\u00f4mes qui se prom\u00e8nent dans la rue et qui interdisent qu&rsquo;on les regarde.\u00a0\u00bb<br \/>\n<\/span><\/p>\n<p><span style=\"color: #777777; font-family: Arial;\">Alors, il est juste de dire qu&rsquo;il ne s&rsquo;agissait pas en l&rsquo;occurrence du simple voile islamique mais du voile int\u00e9gral.<br \/>\n<\/span><\/p>\n<p><span style=\"color: #777777; font-family: Arial;\">Toutefois dans \u00ab\u00a0<strong>Marianne<\/strong>\u00a0\u00bb \u00e0 propos d&rsquo;une candidate NPA qui \u00e9tait apparue voil\u00e9e aux R\u00e9gionales de 2010, Jean-Luc M\u00e9lenchon d\u00e9crivait<br \/>\n<\/span><\/p>\n<p style=\"margin-left: 28pt;\"><span style=\"color: #c00000; font-family: Arial;\">\u00ab\u00a0Une attitude immature et un peu racoleuse. On ne peut pas se dire f\u00e9ministe en affichant un signe de soumission patriarcale\u00a0\u00bb<br \/>\n<\/span><\/p>\n<p><span style=\"color: #777777; font-family: Arial;\">Je n&rsquo;en dis pas davantage\u00a0: un signe de soumission patriarcale et qui est le contraire du f\u00e9minisme.<br \/>\n<\/span><\/p>\n<p><span style=\"color: #777777; font-family: Arial;\">Mais voil\u00e0 ce que Boualem Sansal \u00e9crit sur l&rsquo;apparition du voile dans les rues d&rsquo;Alg\u00e9rie\u00a0:<br \/>\n<\/span><\/p>\n<p style=\"margin-left: 28pt;\"><span style=\"color: #c00000; font-family: Arial;\">\u00ab\u00a0Quelques filles avaient commenc\u00e9 \u00e0 le porter puis un jour le ph\u00e9nom\u00e8ne s&rsquo;est emball\u00e9 et le voile s&rsquo;est g\u00e9n\u00e9ralis\u00e9. On peut dire que l&rsquo;islamisation c&rsquo;est la victoire du voile avant d&rsquo;\u00eatre celle de l&rsquo;islam. Nous avions mal compris le but de guerre des islamistes, nous pensions qu&rsquo;ils visaient le pouvoir et nous sommes all\u00e9s les attendre de ce c\u00f4t\u00e9. En r\u00e9alit\u00e9, le pouvoir ne les int\u00e9resse pas, leur but, c&rsquo;est l&rsquo;islamisation de la soci\u00e9t\u00e9, c&rsquo;est la oumma, c&rsquo;est le califat mondial. On l&rsquo;a compris un peu tard.<br \/>\n<\/span><\/p>\n<p style=\"margin-left: 28pt;\"><span style=\"color: #c00000; font-family: Arial;\">La question du voile a provoqu\u00e9 autant sinon plus de d\u00e9bats qu&rsquo;en France. Elle a profond\u00e9ment agit\u00e9 les gens, les familles, elle a \u00e9t\u00e9 d\u00e9battue \u00e0 l&rsquo;Assembl\u00e9e nationale et une loi a \u00e9t\u00e9 vot\u00e9e en 1992, interdisant les signes religieux dans l&rsquo;espace public, le voile, l&rsquo;abaya, la calotte. Trop tard, ils avaient conquis le pays ; un an plut\u00f4t, aux \u00e9lections municipales ils avaient gagn\u00e9 1450 communes sur les 1500 que comptait le pays. Au fronton des mairies, la devise officielle \u00ab Par le peuple et pour le peuple \u00bb a \u00e9t\u00e9 remplac\u00e9e par des slogans islamistes. Apr\u00e8s avoir voil\u00e9 les filles, ils ont voil\u00e9 les villes et les villages gagn\u00e9s aux \u00e9lections. Le gouvernement ne s&rsquo;\u00e9tait pas pos\u00e9 la question de l&rsquo;application de sa loi, en cons\u00e9quence de quoi elle a \u00e9t\u00e9 frapp\u00e9e de nullit\u00e9 le jour m\u00eame de son entr\u00e9e en vigueur. \u00bb<br \/>\n<\/span><\/p>\n<p style=\"margin-left: 28pt;\"><span style=\"color: #c00000; font-family: Arial;\">On a compris que l&rsquo;on ne pouvait pas compter sur l&rsquo;\u00c9tat. Certains ont pris le chemin de l&rsquo;exil. Les autres se sont divis\u00e9s en r\u00e9conciliateurs qui voulaient un compromis avec les islamistes, et en \u00e9radicateurs qui voulaient extirper le mal \u00e0 la racine, et mobiliser contre lui au-del\u00e0 de l&rsquo;Alg\u00e9rie, partout o\u00f9 il pousse. En quelques jours, le pouvoir a arr\u00eat\u00e9 plusieurs centaines de milliers de personnes suspect\u00e9es d&rsquo;\u00eatre des activistes islamistes et les a enferm\u00e9s dans des camps \u00e9parpill\u00e9s en plein Sahara. L&rsquo;objectif \u00e9tait de casser les r\u00e9seaux qui avaient pu se former dans la clandestinit\u00e9 et cela a fonctionn\u00e9. L&rsquo;arm\u00e9e est ensuite pass\u00e9e \u00e0 l&rsquo;\u00e9radication militaire.<br \/>\n<\/span><\/p>\n<p style=\"margin-left: 28pt;\"><span style=\"color: #c00000; font-family: Arial;\">Les r\u00e9conciliateurs ont tent\u00e9 de d\u00e9placer le probl\u00e8me sur l&rsquo;Islam, leur id\u00e9e \u00e9tait que si les valeurs de l&rsquo;islam \u00e9taient parfaitement appliqu\u00e9es, les islamistes n&rsquo;auraient plus de raisons de combattre pour les imposer \u00e0 la soci\u00e9t\u00e9 et la r\u00e9conciliation se ferait d&rsquo;elle-m\u00eame. L&rsquo;\u00c9tat a jou\u00e9 cette carte avec tout le cynisme requis, en l&rsquo;espace de quelques ann\u00e9es, il a couvert l&rsquo;Alg\u00e9rie de mosqu\u00e9es, d&rsquo;instituts islamiques, et a ouvert aux islamistes l&rsquo;acc\u00e8s aux m\u00e9dias lourds t\u00e9l\u00e9s et radios, et mis en \u0153uvre une vraie police islamique des m\u0153urs. Cette strat\u00e9gie, qui s&rsquo;est concr\u00e9tis\u00e9e par une loi dite de r\u00e9conciliation nationale, a pu ramener au bercail un certain nombre de \u00a0\u00bbrepentis\u00a0\u00bb. Nous y avons cru. En fait non, ils avaient seulement chang\u00e9 de strat\u00e9gie. \u00ab Nous avons perdu les maquis pour gagner les villes \u00bb , se disaient-ils.<br \/>\n<\/span><\/p>\n<p><span style=\"color: #777777; font-family: Arial;\">Et il ajoute pour la France\u00a0:<br \/>\n<\/span><\/p>\n<p style=\"margin-left: 28pt;\"><span style=\"color: #c00000; font-family: Arial;\">\u00ab\u00a0S&rsquo;ils ont pu se construire aussi solidement, c&rsquo;est qu&rsquo;ils ont d\u00e9truit quelque chose dans la soci\u00e9t\u00e9 pour prendre sa place. En bons strat\u00e8ges, ils ont toujours peur que leur victime prenne conscience de leur domination et se r\u00e9volte. Il faut la \u00ab piquer \u00bb pour l&rsquo;endormir, la rassurer, avancer dans son dos. Il me semble qu&rsquo;ils sont all\u00e9s un peu trop vite ces derni\u00e8res ann\u00e9es, gris\u00e9s par leurs succ\u00e8s. La soci\u00e9t\u00e9 fran\u00e7aise commence \u00e0 r\u00e9agir, elle regimbe, la confrontation approche, ils font tout pour d\u00e9tendre l&rsquo;atmosph\u00e8re. Ils attendront un meilleur moment. Pendant que l&rsquo;on pense hexagone, eux pensent monde. Ils peuvent ais\u00e9ment d\u00e9placer le th\u00e9\u00e2tre des op\u00e9rations en Italie, en Belgique, ailleurs.\u00a0\u00bb<br \/>\n<\/span><\/p>\n<p><span style=\"color: #777777; font-family: Arial;\">J&rsquo;aimerai avoir cette conviction que la soci\u00e9t\u00e9 fran\u00e7aise commence \u00e0 r\u00e9agir.<br \/>\n<\/span><\/p>\n<p><span style=\"color: #777777; font-family: Arial;\">R\u00e9agissez-vous\u00a0?<br \/>\n<\/span><\/p>\n<p><span style=\"color: #777777; font-family: Arial;\">Continuez vous \u00e0 penser qu&rsquo;il s&rsquo;agit exclusivement d&rsquo;un probl\u00e8me socio-\u00e9conomique et que nous ne sommes pas dans un mouvement de r\u00e9gression incroyable dont quelques fanatiques tirent les ficelles\u00a0?<br \/>\n<\/span><\/p>\n<p><span style=\"color: #777777; font-family: Arial;\">Ces fanatiques ont su trouver des alli\u00e9s, j&rsquo;en ai cit\u00e9 deux.<br \/>\n<\/span><\/p>\n<p><span style=\"color: #777777; font-family: Arial;\">Boualem Sansal \u00e9crivait pour l&rsquo;Alg\u00e9rie\u00a0:<br \/>\n<\/span><\/p>\n<p style=\"margin-left: 28pt;\"><span style=\"color: #c00000; font-family: Arial;\">\u00ab\u00a0M\u00eame probl\u00e9matique, m\u00eames effets. Nos islamistes avaient leurs alli\u00e9s dans le syst\u00e8me, parmi les conservateurs, dans la gauche dont les troupes \u00e9taient toutes pass\u00e9es chez les islamistes, et parmi les opportunistes en tout genre. Le ressort de la culpabilit\u00e9 a \u00e9videmment jou\u00e9, les islamistes sont experts dans l&rsquo;art de le susciter et de le manipuler dans le sens qu&rsquo;ils veulent. C&rsquo;est une souffrance pour un musulman sinc\u00e8re d&rsquo;apprendre qu&rsquo;il n&rsquo;a pas toujours \u00e9t\u00e9 un bon musulman. Il y avait parmi nos islamistes qui \u00e9taient sinc\u00e8res dans leur d\u00e9marche, ils \u00e9taient en qu\u00eate de r\u00e9confort, d\u00e9\u00e7us qu&rsquo;ils \u00e9taient par le socialisme mat\u00e9rialiste import\u00e9 de Moscou.<br \/>\n<\/span><\/p>\n<p style=\"margin-left: 28pt;\"><span style=\"color: #c00000; font-family: Arial;\">Ils \u00e9taient faciles \u00e0 manipuler. Puis sont arriv\u00e9s les islamistes d&rsquo;Egypte, d&rsquo;Arabie, du Y\u00e9men, du Golfe, d&rsquo;Iran, des missionnaires aguerris, dont nombre de Fr\u00e8res musulmans. Les Alg\u00e9riens d&rsquo;un certain \u00e2ge se sont souvenus qu&rsquo;au lendemain de l&rsquo;ind\u00e9pendance en juillet 1962, le pays a vu d\u00e9barquer les T\u00e9moins de J\u00e9hovah et les \u00c9vang\u00e9listes venus d&rsquo;Europe. En quelques mois, ils ont converti des milliers de personnes, dont ma propre famille. La premi\u00e8re d\u00e9cision prise par le colonel Boumediene apr\u00e8s son putsch en mars 1965 a \u00e9t\u00e9 de les renvoyer d&rsquo;un coup de pied. Une bonne chose mais il n&rsquo;a pas renvoy\u00e9 les islamistes \u00e9trangers, ils s&rsquo;\u00e9taient dissous dans la population.\u00a0\u00bb<br \/>\n<\/span><\/p>\n<p><span style=\"color: #777777; font-family: Arial;\">En conclusion, Boualem Sansal rend hommage \u00e0 Florence Bergeaud-Blackler\u00a0:<br \/>\n<\/span><\/p>\n<p style=\"margin-left: 28pt;\"><span style=\"color: #c00000; font-family: Arial;\">Les islamistes travaillent dans le secret, sur la dur\u00e9e, sans r\u00e9pit, ne c\u00e9dant jamais sur rien. Ils p\u00e9n\u00e8trent la soci\u00e9t\u00e9 comme l&rsquo;humidit\u00e9 p\u00e9n\u00e8tre les murs et les d\u00e9sagr\u00e8ge. Quand on ne sait pas agir, on tergiverse, on culpabilise, on se pose encore et toujours les m\u00eames questions : Sommes-nous responsables de ce qui s&rsquo;est pass\u00e9, de ce qui se passe ? La fa\u00e7on dont on r\u00e9pondra \u00e0 ces questions d\u00e9terminera la suite. On s&rsquo;engage comme le fait Florence Bergeaud-Blackler, en alertant l&rsquo;opinion, en l&rsquo;informant, ou on se contente d&rsquo;observer et de commenter l&rsquo;actualit\u00e9 ou on rejoint les forces de l&rsquo;axe ?\u00a0\u00bb<br \/>\n<\/span><\/p>\n<p><span style=\"color: #777777; font-family: Arial;\">Florence Bergeaud-Blackler qui dit dans cet entretien\u00a0:<br \/>\n<\/span><\/p>\n<p style=\"margin-left: 28pt;\"><span style=\"color: #c00000; font-family: Arial;\">\u00ab\u00a0L\u00e0 o\u00f9 l&rsquo;islamisme se d\u00e9veloppe, la r\u00e9action des pouvoirs musulmans consiste \u00e0 injecter plus d&rsquo;islam. Je parle ici des \u00ab r\u00e9conciliateurs \u00bb . En France, la tendance est aussi \u00e0 la r\u00e9conciliation, mais plut\u00f4t par le march\u00e9 et par la culture de l&rsquo;excuse. Le halal en est la preuve. Face \u00e0 la demande d&rsquo;Islam, tout a \u00e9t\u00e9 fait en sorte pour que le commerce halal se d\u00e9veloppe, pour le business bien s\u00fbr mais avec l&rsquo;espoir de faire des musulmans des consommateurs combl\u00e9s et bien int\u00e9gr\u00e9s. En r\u00e9alit\u00e9 le probl\u00e8me n&rsquo;\u00e9tait pas qu&rsquo;identitaire. Le march\u00e9 halal propose bien plus qu&rsquo;une identit\u00e9, une fa\u00e7on de vivre en modernit\u00e9 dans l&rsquo;espace normatif du halal, selon une norme fondamentaliste.<br \/>\n<\/span><\/p>\n<p style=\"margin-left: 28pt;\"><span style=\"color: #c00000; font-family: Arial;\">Des opportunistes se sont \u00e9galement saisis du sujet de la pr\u00e9vention ou de la lutte contre la radicalisation et ont pr\u00e9sent\u00e9 leur rem\u00e8de bas\u00e9 sur la th\u00e9orie identitaire. Ils nous ont emp\u00each\u00e9s de r\u00e9soudre ces probl\u00e8mes par leur incompr\u00e9hension du syst\u00e8me fr\u00e9riste, des attentes qu&rsquo;il avait sem\u00e9es chez les jeunes r\u00e9islamis\u00e9s. Ces soi-disant experts n&rsquo;ont cess\u00e9 de parler de la responsabilit\u00e9 d&rsquo;une islamophobie g\u00e9n\u00e9ralis\u00e9e, soulignant les probl\u00e8mes socio-\u00e9conomiques et pla\u00e7ant dans l&rsquo;angle mort l&rsquo;action des Fr\u00e8res. Leurs solutions se sont av\u00e9r\u00e9es, sans surprise, inefficaces. Cette id\u00e9e qui consiste \u00e0 dire qu&rsquo;il faut plus d&rsquo;islam, d&rsquo;un islam fran\u00e7ais \u00ab apais\u00e9 \u00bb pour combattre le radicalisme est comparable aux politiques d&rsquo;accommodement du code de la famille men\u00e9es dans les pays musulmans, elle alimente le probl\u00e8me. Nous sommes pris dans ce pi\u00e8ge. Cependant, contrairement aux pays musulmans, nous avons une solide tradition de la\u00efcit\u00e9 et de s\u00e9cularisation.\u00a0\u00bb.<br \/>\n<\/span><\/p>\n<p><span style=\"color: #777777; font-family: Arial;\">Nous avons beaucoup recul\u00e9 par na\u00efvet\u00e9, par culpabilit\u00e9 aussi devant cet assaut r\u00e9gressif qui est tout sauf insignifiant.<br \/>\n<\/span><\/p>\n<p><span style=\"color: #777777; font-family: Arial;\">Je renvoie vers &lt;<a href=\"https:\/\/www.lefigaro.fr\/actualite-france\/florence-bergeaud-blackler-boualem-sansal-decivilisation-ou-choc-des-civilisations-20230707\"><span style=\"color: #0000ff;\">L&rsquo;entretien de Boualemm Sansal et Florence Bergeaux-Blacker<\/span><\/a>&gt; qui n\u00e9cessite cependant d&rsquo;\u00eatre abonn\u00e9.<br \/>\n<\/span><\/p>\n<p><span style=\"color: maroon; font-family: Arial;\">&lt;1764&gt;<\/span><\/p>\n","protected":false},"excerpt":{"rendered":"<p>\u00ab\u00a0Les propos que j&rsquo;entends en France me rappellent ceux que nous tenions \u00e0 Alger lorsque l&rsquo;islamisme commen\u00e7ait \u00e0 occuper le terrain et installer ses bases.\u00a0\u00bb Boualem Sansal Dans le mot du jour du 19 septembre 2023 j&rsquo;\u00e9voquais l&rsquo;ouvrage de Florence<\/p>\n","protected":false},"author":1,"featured_media":0,"comment_status":"open","ping_status":"closed","sticky":false,"template":"","format":"standard","meta":{"footnotes":""},"categories":[1],"tags":[187,15,86,7],"class_list":["post-14918","post","type-post","status-publish","format-standard","hentry","category-motdujour","tag-algerie","tag-france","tag-islam","tag-societe"],"_links":{"self":[{"href":"https:\/\/lemotdujour.fr\/index.php?rest_route=\/wp\/v2\/posts\/14918","targetHints":{"allow":["GET"]}}],"collection":[{"href":"https:\/\/lemotdujour.fr\/index.php?rest_route=\/wp\/v2\/posts"}],"about":[{"href":"https:\/\/lemotdujour.fr\/index.php?rest_route=\/wp\/v2\/types\/post"}],"author":[{"embeddable":true,"href":"https:\/\/lemotdujour.fr\/index.php?rest_route=\/wp\/v2\/users\/1"}],"replies":[{"embeddable":true,"href":"https:\/\/lemotdujour.fr\/index.php?rest_route=%2Fwp%2Fv2%2Fcomments&post=14918"}],"version-history":[{"count":7,"href":"https:\/\/lemotdujour.fr\/index.php?rest_route=\/wp\/v2\/posts\/14918\/revisions"}],"predecessor-version":[{"id":14929,"href":"https:\/\/lemotdujour.fr\/index.php?rest_route=\/wp\/v2\/posts\/14918\/revisions\/14929"}],"wp:attachment":[{"href":"https:\/\/lemotdujour.fr\/index.php?rest_route=%2Fwp%2Fv2%2Fmedia&parent=14918"}],"wp:term":[{"taxonomy":"category","embeddable":true,"href":"https:\/\/lemotdujour.fr\/index.php?rest_route=%2Fwp%2Fv2%2Fcategories&post=14918"},{"taxonomy":"post_tag","embeddable":true,"href":"https:\/\/lemotdujour.fr\/index.php?rest_route=%2Fwp%2Fv2%2Ftags&post=14918"}],"curies":[{"name":"wp","href":"https:\/\/api.w.org\/{rel}","templated":true}]}}