{"id":14881,"date":"2023-09-19T00:30:56","date_gmt":"2023-09-18T22:30:56","guid":{"rendered":"https:\/\/lemotdujour.fr\/?p=14881"},"modified":"2023-09-19T16:33:35","modified_gmt":"2023-09-19T14:33:35","slug":"mardi-19-septembre-2023","status":"publish","type":"post","link":"https:\/\/lemotdujour.fr\/?p=14881","title":{"rendered":"Mardi 19 septembre 2023"},"content":{"rendered":"<div class=\"mdjTexte\">\u00ab\u00a0Nous ne sommes plus qu&rsquo;une poign\u00e9e de chercheurs \u00e0 travailler sur l&rsquo;islamisme.\u00a0\u00bb<\/div>\n<div class=\"mdjAuteur\">Florence Bergeaud-Blackler lors d&rsquo;une interview sur France Inter<\/div>\n<p><span style=\"color: #777777; font-family: Arial;\">J&rsquo;ai commenc\u00e9 l&rsquo;\u00e9criture de ce mot du jour en f\u00e9vrier, juste apr\u00e8s la publication du livre \u00ab\u00a0<span style=\"color: #0000ff;\"><a style=\"color: #0000ff;\" href=\"https:\/\/www.odilejacob.fr\/catalogue\/sciences-humaines\/questions-de-societe\/frerisme-et-ses-reseaux_9782415003555.php\"><strong>Le fr\u00e9risme et ses r\u00e9seaux. L&rsquo;enqu\u00eate<\/strong>\u00a0<\/a><\/span>\u00bb par <strong>Florence Bergeaud-Blackler<\/strong>, anthropologue et charg\u00e9e de recherche au CNRS \u00e0 l&rsquo;Institut de recherches et d&rsquo;\u00e9tudes sur le monde arabe et musulman.<br \/>\n<\/span><\/p>\n<p><span style=\"color: #777777; font-family: Arial;\">Mais l&rsquo;\u00e9criture de ce mot du jour s&rsquo;est r\u00e9v\u00e9l\u00e9e tr\u00e8s compliqu\u00e9e.<br \/>\n<\/span><\/p>\n<p><span style=\"color: #777777; font-family: Arial;\">Car il faut dire ce qui nous arrive, tout en restant nuanc\u00e9 et \u00e9quilibr\u00e9.<br \/>\n<\/span><\/p>\n<p><img decoding=\"async\" class=\"alignleft\" src=\"https:\/\/lemotdujour.fr\/wp-content\/uploads\/2023\/09\/091823_2220_Mardi19sept1.jpg\" alt=\"\" align=\"left\" \/><span style=\"color: #777777; font-family: Arial;\">Je suis n\u00e9, il y a pr\u00e8s de 65 ans maintenant, dans une famille chr\u00e9tienne catholique.<br \/>\n<\/span><\/p>\n<p><span style=\"color: #777777; font-family: Arial;\">Plus tard, vers les 18 ans, j&rsquo;ai particip\u00e9 \u00e0 une exp\u00e9rience spirituelle assez intense dans une communaut\u00e9 chr\u00e9tienne mill\u00e9nariste.<br \/>\n<\/span><\/p>\n<p><span style=\"color: #777777; font-family: Arial;\">Cette exp\u00e9rience m&rsquo;a beaucoup appris.<br \/>\n<\/span><\/p>\n<p><span style=\"color: #777777; font-family: Arial;\">Elle m&rsquo;a surtout convaincu de l&rsquo;immense diff\u00e9rence qui existe entre \u00ab\u00a0<strong>la spiritualit\u00e9<\/strong>\u00a0\u00bb et \u00ab\u00a0<strong>la religion<\/strong>\u00a0\u00bb.<br \/>\n<\/span><\/p>\n<p><span style=\"color: #777777; font-family: Arial;\">La spiritualit\u00e9 constitue une \u00e9l\u00e9vation de l&rsquo;esprit pour d\u00e9passer le mat\u00e9rialisme du monde et se r\u00e9concilier avec la finitude de notre vie.<br \/>\n<\/span><\/p>\n<p><span style=\"color: #777777; font-family: Arial;\">La religion c&rsquo;est autre chose, c&rsquo;est une organisation qui pr\u00e9tend parler de spiritualit\u00e9. Mais quand on observe ces organisations avec lucidit\u00e9, on constate qu&rsquo;elles sont toujours dirig\u00e9es par des hommes de pouvoir qui imposent par la force et la terreur des r\u00e8gles \u00e0 la soci\u00e9t\u00e9. R\u00e8gles qui vont jusqu&rsquo;\u00e0 la chambre \u00e0 coucher et les choses les plus intimes de notre \u00eatre pour mieux asseoir le d\u00e9sir de puissance, l&rsquo;hubris et l&rsquo;\u00e9gocentrisme de ces chefs religieux.<br \/>\n<\/span><\/p>\n<p><span style=\"color: #777777; font-family: Arial;\"><strong>Christian Bobin<\/strong>, qui \u00e9tait croyant a \u00e9crit\u00a0:<br \/>\n<\/span><\/p>\n<p style=\"margin-left: 28pt;\"><span style=\"color: #c00000; font-family: Arial;\">\u00ab\u00a0Je n&rsquo;aime pas le mot \u00ab\u00a0religieux\u00a0\u00bb. Je lui pr\u00e9f\u00e8re le mot \u00ab\u00a0spirituel\u00a0\u00bb. Est spirituel ce qui en nous ne se suffit pas du monde, ne s&rsquo;accommode d&rsquo;aucun monde. C&rsquo;est quand le spirituel s&rsquo;affadit qu&rsquo;il devient du \u00ab\u00a0religieux\u00a0\u00bb\u00a0\u00bb.<br \/>\n<em>\u00ab\u00a0Autoportrait d&rsquo;un radiateur\u00a0\u00bb Vendredi 21 juin<br \/>\n<\/em><\/span><\/p>\n<p><span style=\"color: #777777; font-family: Arial;\"><strong>R\u00e9gis Debray<\/strong> avait \u00e9crit de mani\u00e8re plus prosa\u00efque\u00a0:<br \/>\n<\/span><\/p>\n<p style=\"margin-left: 28pt;\"><span style=\"color: #c00000; font-family: Arial;\">\u00ab Le spirituel nous pr\u00e9pare \u00e0 la mort, la religion pr\u00e9pare les obs\u00e8ques \u00bb<br \/>\n<\/span><\/p>\n<p><span style=\"color: #777777; font-family: Arial;\">Les religions quand elles exercent le pouvoir dans la soci\u00e9t\u00e9, que ce soit dans le monde d&rsquo;aujourd&rsquo;hui ou que ce fut dans le pass\u00e9, se r\u00e9v\u00e8lent invariablement brutales, tristes, perverses, liberticides et inhumaines.<br \/>\n<\/span><\/p>\n<p><span style=\"color: #777777; font-family: Arial;\">Parall\u00e8lement \u00e0 cette exp\u00e9rience personnelle, j&rsquo;ai grandi et vieilli dans une France qui s&rsquo;est \u00e9loign\u00e9e, s\u00e9par\u00e9e de la religion, dans la libert\u00e9 de s&rsquo;exprimer, de blasph\u00e9mer comme ils disent, dans la libert\u00e9 des m\u0153urs, des dogmes et des \u00e9volutions familiales, sexuelles et soci\u00e9tales jusqu&rsquo;au mariage pour tous.<br \/>\n<\/span><\/p>\n<p><span style=\"color: #777777; font-family: Arial;\">C&rsquo;\u00e9tait pendant le combat d&rsquo;arri\u00e8re garde que menait des int\u00e9gristes catholiques soutenus par l&rsquo;\u00c9glise contre la r\u00e9forme du mariage pour tous, que j&rsquo;avais pu citer lors d&rsquo;un mot du jour ce propos du cardinal de Paris, <strong>Andr\u00e9 Vingt-Trois<\/strong>, qui concluait sur ce constat\u00a0:<br \/>\n<\/span><\/p>\n<p style=\"margin-left: 28pt;\"><span style=\"color: #c00000; font-family: Arial;\">\u00ab Nous ne pouvons plus attendre des lois civiles qu&rsquo;elles d\u00e9fendent notre vision [chr\u00e9tienne] de l&rsquo;homme \u00bb<br \/>\n<\/span><\/p>\n<p><span style=\"color: #777777; font-family: Arial;\">Cette phrase a \u00e9t\u00e9 prononc\u00e9e le 16\/04\/2013 lors de son dernier discours de Pr\u00e9sident de la Conf\u00e9rence \u00c9piscopale de France<br \/>\n<\/span><\/p>\n<p><span style=\"color: #777777; font-family: Arial;\">J&rsquo;\u00e9tais profond\u00e9ment en accord et heureux avec cette \u00e9volution qui faisait reculer l&#8217;emprise archa\u00efque de la religion sur la soci\u00e9t\u00e9.<br \/>\n<\/span><\/p>\n<p><span style=\"color: #777777; font-family: Arial;\">Et voici que depuis les ann\u00e9es 1970, l&rsquo;immigration \u00e9conomique a conduit \u00e0 l&rsquo;installation sur notre territoire, largement lib\u00e9r\u00e9 des archa\u00efsmes religieux, une communaut\u00e9 musulmane de plus en plus importante, travers\u00e9e par des courants identitaires, d&rsquo;affirmation religieuse et pros\u00e9lytes.<br \/>\n<\/span><\/p>\n<p><span style=\"color: #777777; font-family: Arial;\">C&rsquo;est \u00e0 ce stade que toute la nuance est n\u00e9cessaire \u00e0 la fois dans mon expression, mais aussi dans votre lecture.<br \/>\n<\/span><\/p>\n<p><span style=\"color: #777777; font-family: Arial;\">Car il ne s&rsquo;agit pas de mettre en cause \u00ab les musulmans \u00bb dont la communaut\u00e9 est si diversifi\u00e9e.<br \/>\n<\/span><\/p>\n<p><span style=\"color: #777777; font-family: Arial;\">Il ne s&rsquo;agit pas non plus de parler de l&rsquo;Islam en g\u00e9n\u00e9ral, de cette extraordinaire civilisation qui a cr\u00e9\u00e9 un art de vivre, des chefs d&rsquo;\u0153uvre de l&rsquo;esprit, qui avant l&rsquo;Occident a initi\u00e9 l&rsquo;av\u00e8nement d&rsquo;une m\u00e9decine moderne. Et qui aussi par son \u00e9rudition et sa sagesse a su conserver les textes de l&rsquo;antiquit\u00e9 grecque pour notre savoir d&rsquo;aujourd&rsquo;hui.<br \/>\n<\/span><\/p>\n<p><span style=\"color: #777777; font-family: Arial;\">Ce dont il est question, ce sont les forces vives fondamentalistes et archa\u00efques qui sont \u00e0 l&rsquo;\u0153uvre dans l&rsquo;Islam d&rsquo;aujourd&rsquo;hui et qui h\u00e9las pour le monde, b\u00e9n\u00e9ficient des financement gigantesques que permettent l&rsquo;exploitation des hydrocarbures . C&rsquo;est elles qui sont \u00e0 l\u2019\u0153uvre et qui exercent un pouvoir d&rsquo;attraction et d&rsquo;influence sur de nombreuses personnes en qu\u00eate de sens et d&rsquo;identit\u00e9.<br \/>\n<\/span><\/p>\n<p><span style=\"color: #777777; font-family: Arial;\">Il existe toujours des esprits \u00e9pris de spiritualit\u00e9, comme par exemple <strong>Ghaleb Bencheikh<\/strong> qui anime l&rsquo;\u00e9mission de France Culture <a href=\"https:\/\/www.radiofrance.fr\/franceculture\/podcasts\/questions-d-islam\"><span style=\"color: #0000ff;\">\u00ab\u00a0Questions d&rsquo;Islam\u00a0\u00bb<\/span><\/a>.<br \/>\n<\/span><\/p>\n<p><span style=\"color: #777777; font-family: Arial;\">Dans son \u00e9mission du 3 septembre 2023 <span style=\"color: #0000ff;\">&lt;<a style=\"color: #0000ff;\" href=\"https:\/\/www.radiofrance.fr\/franceculture\/podcasts\/questions-d-islam\/enquete-historique-sur-les-origines-de-l-islam-7975918\">Enqu\u00eate historique sur les origines de l&rsquo;islam<\/a>&gt;<\/span> il avait invit\u00e9 l&rsquo;islamologue <strong>Michel Orcel <\/strong>auteur du livre \u00ab\u00a0<a href=\"https:\/\/www.lisez.com\/livre-de-poche\/naissance-de-lislam\/9782262103644\" target=\"_blank\" rel=\"noopener\"><span style=\"color: blue; text-decoration: underline;\"><strong><em>Naissance de l&rsquo;islam &#8211; Enqu\u00eate historique sur les origines<\/em><\/strong><\/span><\/a>\u00a0\u00bb.<br \/>\n<\/span><\/p>\n<p><span style=\"color: #777777; font-family: Arial;\">Dans cette \u00e9mission Michel Orcel qui est chr\u00e9tien, a dit toute son admiration de cette civilisation et a rappel\u00e9 des faits historiques que certains anti-musulmans tentaient de falsifier ou nier.<br \/>\n<\/span><\/p>\n<p><span style=\"color: #777777; font-family: Arial;\">Mais il a fini l&rsquo;\u00e9mission en fustigeant la d\u00e9rive sectaire des wahhabites qui est ce mouvement fondamentaliste cr\u00e9\u00e9 par Mohammed ben Abdelwahhab (1703-1792) et qui a fait alliance avec la dynastie de Ibn Saoud pour imposer une religion fig\u00e9e dans les normes suppos\u00e9es de l&rsquo;origine dans l&rsquo;Arabie qui est devenue saoudite. Cette secte s&rsquo;inscrit plus g\u00e9n\u00e9ralement dans un mouvement salafiste d\u00e9passant les fronti\u00e8res de l&rsquo;Arabie et qui pr\u00f4ne de la m\u00eame mani\u00e8re \u00ab un retour aux pratiques en vigueur dans la communaut\u00e9 musulmane du proph\u00e8te Mahomet et ses premiers successeurs ou califes \u00bb.<br \/>\n<\/span><\/p>\n<p><span style=\"color: #777777; font-family: Arial;\">Et c&rsquo;est en \u00c9gypte, qu&rsquo;en 1928 a \u00e9t\u00e9 cr\u00e9\u00e9e par Hassan el-Banna, \u00ab <strong>les Fr\u00e8res musulmans<\/strong> \u00bb qui poursuivent les m\u00eames buts mais qui, en outre, souhaitent disposer du pouvoir politique et temporel. Cette particularit\u00e9 les oppose aux wahhabites qui ont accept\u00e9 de laisser ce pouvoir \u00e0 la dynastie Ibn Saoud pour conserver ce qui est essentiel pour eux le pouvoir absolu sur la soci\u00e9t\u00e9 et les r\u00e8gles familiales et civiles. En \u00c9gypte, le mar\u00e9chal Sissi et l&rsquo;arm\u00e9e au pouvoir, ont d&rsquo;excellents rapports avec le mouvement salafiste \u00e9gyptien mais combattent et oppriment les fr\u00e8res musulmans qui veulent les chasser du pouvoir.<br \/>\n<\/span><\/p>\n<p><span style=\"color: #777777; font-family: Arial;\">C&rsquo;est cette organisation qui \u0153uvre en occident et particuli\u00e8rement en France que d\u00e9nonce <strong>Florence Bergeaud-Blackler <\/strong>dans son livre :\u00a0\u00ab\u00a0<a href=\"https:\/\/www.odilejacob.fr\/catalogue\/sciences-humaines\/questions-de-societe\/frerisme-et-ses-reseaux_9782415003555.php\"><strong><span style=\"color: #0000ff;\">Le fr\u00e9risme et ses r\u00e9seaux. L&rsquo;enqu\u00eate<\/span><\/strong>\u00a0<\/a>\u00bb.<br \/>\n<\/span><\/p>\n<p><span style=\"color: #777777; font-family: Arial;\">Parce que s&rsquo;il y a indiscutablement une demande identitaire chez les musulmans de France, les mouvements fr\u00e9ristes sont \u00e0 l&rsquo;\u0153uvre pour d&rsquo;abord convaincre le plus de de musulmans possibles de suivre leur vision de l&rsquo;islam et parall\u00e8lement de rendre la soci\u00e9t\u00e9 fran\u00e7aise \u00ab charia-compatible \u00bb comme l&rsquo;appelle <strong>Florence Bergeaud-Blackler.<br \/>\n<\/strong><\/span><\/p>\n<p><span style=\"color: #777777; font-family: Arial;\">C&rsquo;est un combat qui vise \u00e0 \u00e9vacuer le blasph\u00e8me et toute atteinte \u00e0 la religion en France, \u00e0 imposer des modes vestimentaires sp\u00e9cifiques qui distinguent les musulmans et d&rsquo;influer sur, ce qui est essentiel pour eux, l&rsquo;\u00e9ducation nationale et l&rsquo;Universit\u00e9. Un combat qui s&rsquo;inscrit dans la dur\u00e9e et vise \u00e0 faire \u00e9voluer le r\u00e9cit historique notamment \u00e0 l&rsquo;\u00e9gard de la shoah et de l&rsquo;enseignement du fait religieux, \u00e0 interdire ou restreindre l&rsquo;\u00e9ducation sexuelle, \u00e0 cr\u00e9er des quartiers dans lesquels la place publique est uniquement occup\u00e9e par des hommes etc.<br \/>\n<\/span><\/p>\n<p><span style=\"color: #777777; font-family: Arial;\">Et \u00e7a marche : il n&rsquo;y a plus de caricature, toute critique et m\u00eame toute description du ph\u00e9nom\u00e8ne est imm\u00e9diatement condamn\u00e9e comme un acte \u00ab islamophobe \u00bb. Les enseignants ne peuvent plus librement enseigner la shoah, sans parler de l&rsquo;ensemble des tentatives de faire rentrer les signes religieux dans les cours de l\u2019\u00c9cole.<br \/>\n<\/span><\/p>\n<p><span style=\"color: #777777; font-family: Arial;\">Dans les rues de nos villes, le nombre de femmes qui portent le voile ou d&rsquo;autre tenues plus couvrantes encore est en augmentation constante.<br \/>\n<\/span><\/p>\n<p><span style=\"color: #777777; font-family: Arial;\">Ce qui est arriv\u00e9 \u00e0 Samuel Paty et surtout le manque de soutien avant l&rsquo;assassinant montre que l&rsquo;administration n&rsquo;a pas d\u00e9fendu nos valeurs.<br \/>\n<\/span><\/p>\n<p><span style=\"color: #777777; font-family: Arial;\">Alors qu&rsquo;il s&rsquo;agit d&rsquo;un combat de gauche c&rsquo;est-\u00e0-dire d\u00e9fendre la libert\u00e9 de croyance et de spiritualit\u00e9 et refuser toute atteinte \u00e0 l&rsquo;universalisme par des organisations communautaristes, ennemis de la libert\u00e9 individuelle, toute une partie de la gauche par int\u00e9r\u00eat \u00e9lectoral, par aveuglement ou par facilit\u00e9 soutiennent ces mouvements s\u00e9paratistes.<br \/>\n<\/span><\/p>\n<p><span style=\"color: #777777; font-family: Arial;\">Et puis, d\u00e8s que quelqu&rsquo;un essaye d&rsquo;expliquer cela, il est ostracis\u00e9 par toute une partie de cette intelligentsia islamo-gauchiste et menac\u00e9 de mort. C&rsquo;est incroyable la rapidit\u00e9 avec laquelle des menaces de mort fleurissent, d\u00e8s qu&rsquo;il est question d&rsquo;islamisme. <\/span><span style=\"color: #777777; font-family: Arial;\">C&rsquo;est le cas pour <strong>Florence Bergeaud-Blackler <\/strong>qui vit d\u00e9sormais sous protection polici\u00e8re.<br \/>\n<\/span><\/p>\n<p><span style=\"color: #777777; font-family: Arial;\">Elle \u00e9tait l&rsquo;invit\u00e9e de L\u00e9a Salam\u00e9, le 23 mai 2023. <\/span><span style=\"color: #777777; font-family: Arial;\">Lors de cet entretien elle a d\u00e9clar\u00e9\u00a0:<br \/>\n<\/span><\/p>\n<p style=\"margin-left: 28pt;\"><span style=\"color: #c00000; font-family: Arial;\">\u00ab\u00a0Je n&rsquo;ai pas re\u00e7u des menaces de mort imm\u00e9diatement, j&rsquo;ai d&rsquo;abord re\u00e7u des intimidations \u00e0 l&rsquo;int\u00e9rieur de l&rsquo;universit\u00e9, des proches des milieux fr\u00e9ristes qui ont commenc\u00e9 \u00e0 faire circuler des calomnies \u00e0 mon \u00e9gard. [\u2026] Ensuite, j&rsquo;ai re\u00e7u un certain nombre de menaces qui viennent de France et de l&rsquo;\u00e9tranger, qui ont abouti notamment \u00e0 l&rsquo;arrestation d&rsquo;un personnage qui est maintenant \u00e9crou\u00e9\u00a0\u00bb<br \/>\n<\/span><\/p>\n<p><span style=\"color: #777777; font-family: Arial;\">Elle dit aussi\u00a0:<br \/>\n<\/span><\/p>\n<p style=\"margin-left: 28pt;\"><span style=\"color: #c00000; font-family: Arial;\">\u00ab\u00a0\u00c7a fait 30 ans que j&rsquo;ai vu \u00e9voluer l&rsquo;islamisme, que je dis qu&rsquo;il y a un probl\u00e8me, et de plus en plus j&rsquo;ai vu ma parole r\u00e9duite, parce que ces milieux \u00e9tant infiltr\u00e9s, je suis devenue une cible\u00a0\u00bb<br \/>\n<\/span><\/p>\n<p><span style=\"color: #777777; font-family: Arial;\">Dans un premier temps sa conf\u00e9rence sur le sujet du livre qui devait se tenir \u00e0 la Sorbonne le 12 mai a \u00e9t\u00e9 suspendue puis a \u00e9t\u00e9 renvoy\u00e9e \u00e0 une date ult\u00e9rieure pour des \u00ab\u00a0raisons de s\u00e9curit\u00e9\u00a0\u00bb par la doyenne de la Facult\u00e9 de Lettres de la Sorbonne.<br \/>\n<\/span><\/p>\n<p><span style=\"color: #777777; font-family: Arial;\">Cette conf\u00e9rence a finalement pu avoir lieu le 2 juin.<br \/>\n<\/span><\/p>\n<p><span style=\"color: #777777; font-family: Arial;\">\u00ab\u00a0<span style=\"color: #0000ff;\"><a style=\"color: #0000ff;\" href=\"https:\/\/www.lefigaro.fr\/actualite-france\/la-conference-sur-les-freres-musulmans-initialement-reportee-s-est-finalement-tenue-a-la-sorbonne-sous-haute-securite-20230603\">Le Figaro\u00a0<\/a><\/span>\u00bb d\u00e9crit le contexte de cette conf\u00e9rence\u00a0:<br \/>\n<\/span><\/p>\n<p style=\"margin-left: 28pt;\"><span style=\"color: #c00000; font-family: Arial;\">\u00ab\u00a0Le dispositif de s\u00e9curit\u00e9 d\u00e9ploy\u00e9 entre l&rsquo;entr\u00e9e du 46 rue Saint-Jacques et l&rsquo;amphith\u00e9\u00e2tre o\u00f9 la conf\u00e9rence va d\u00e9buter en dit long sur la nervosit\u00e9 qui accompagne l&rsquo;\u00e9v\u00e9nement. Pour p\u00e9n\u00e9trer dans les b\u00e2timents historiques de la Sorbonne, chaque participant doit \u00e9marger sur la liste des participants sous le regard s\u00e9v\u00e8re de trois agents de s\u00e9curit\u00e9 de l&rsquo;Universit\u00e9, flanqu\u00e9s de deux autres agents de s\u00e9curit\u00e9 d&rsquo;une agence priv\u00e9e. Une fois dans le hall, on vide ses poches avant de passer au d\u00e9tecteur de m\u00e9taux, comme \u00e0 l&rsquo;a\u00e9roport. En haut des marches qui m\u00e8nent \u00e0 l&rsquo;amphith\u00e9\u00e2tre Michelet o\u00f9 le public se rassemble, nouveau contr\u00f4le au d\u00e9tecteur de m\u00e9taux. S\u00e9curit\u00e9 oblige. \u00a0\u00bb<br \/>\n<\/span><\/p>\n<p><img loading=\"lazy\" decoding=\"async\" class=\"alignleft\" src=\"https:\/\/lemotdujour.fr\/wp-content\/uploads\/2023\/09\/091823_2220_Mardi19sept2.jpg\" alt=\"\" width=\"493\" height=\"329\" align=\"left\" \/><span style=\"color: #777777; font-family: Arial;\">La sortie de l&rsquo;anthropologue \u00e0 la fin de son intervention est dans le m\u00eame esprit\u00a0:<br \/>\n<\/span><\/p>\n<p style=\"margin-left: 28pt;\"><span style=\"color: #c00000; font-family: Arial;\">\u00ab\u00a0La sc\u00e8ne finale de cette soir\u00e9e n&rsquo;en reste pas moins \u00e9loquente, sur la vie qu&rsquo;une chercheuse qui travaille sur de tels sujets est condamn\u00e9e \u00e0 mener. Attendue par plusieurs journalistes devant le 46 rue Saint-Jacques, Florence Bergeaud-Blackler a finalement quitt\u00e9 les lieux par une autre sortie, \u00ab pour des raisons de s\u00e9curit\u00e9 \u00bb, explique Pierre-Henri Tavoillot.\u00a0\u00bb<br \/>\n<\/span><\/p>\n<p><span style=\"color: #777777; font-family: Arial;\">Il y a ceux qui insultent et menacent et puis il y a ceux qui pr\u00e9tendent argumenter\u00a0: ainsi l&rsquo;avocat et essayiste Rafik Chekkat qui publie sur \u00ab\u00a0<strong>Orient XXI<\/strong>\u00a0\u00bb cet article\u00a0: \u00ab\u00a0<a href=\"https:\/\/orientxxi.info\/lu-vu-entendu\/islamophobie-le-complotisme-d-atmosphere-de-florence-bergeaud-blackler,6282\"><span style=\"color: #0000ff;\">Islamophobie. Le complotisme d&rsquo;atmosph\u00e8re de Florence Bergeaud-Blackler<\/span>\u00a0<\/a>\u00bb qui d\u00e9bute ainsi<br \/>\n<\/span><\/p>\n<p style=\"margin-left: 28pt;\"><span style=\"color: #c00000; font-family: Arial;\">\u00ab\u00a0Le spectre des Fr\u00e8res musulmans hante l&rsquo;Europe. Administrations, entreprises, partis, associations, \u00e9coles, centres de soins, syndicats&#8230;, la menace de leurs r\u00e9seaux tentaculaires serait partout. Tel est le point de d\u00e9part de l&rsquo;argumentation que d\u00e9roule Florence Bergeaud-Blackler. Une vision parano\u00efaque au service d&rsquo;un traitement policier du fait musulman en France et en Europe.<br \/>\n<\/span><\/p>\n<p style=\"margin-left: 28pt;\"><span style=\"color: #c00000; font-family: Arial;\"> \u00ab\u00a0Tout vient du Juif, tout revient au Juif. Il y a l\u00e0 une v\u00e9ritable conqu\u00eate, une mise \u00e0 la gl\u00e8be de toute une nation par une minorit\u00e9 infime, mais coh\u00e9sive [\u2026] \u00bb. Au fil de la lecture de Le fr\u00e9risme et ses r\u00e9seaux, la r\u00e9f\u00e9rence au pamphlet antis\u00e9mite d&rsquo;\u00c9douard Drumont, La France juive (1885), dont sont extraites ces lignes, s&rsquo;imposent de mani\u00e8re troublante.<br \/>\n<\/span><\/p>\n<p style=\"margin-left: 28pt;\"><span style=\"color: #c00000; font-family: Arial;\">Et pour cause, Florence Bergeaud-Blackler partage avec Drumont une intention, une forme, et une m\u00e9thode : d\u00e9nouer dans la soci\u00e9t\u00e9 l&rsquo;\u00e9l\u00e9ment \u00ab fr\u00e9riste \u00bb \u2014 qui \u00e9tait nagu\u00e8re l&rsquo;\u00e9l\u00e9ment juif. Tous deux racontent l&rsquo;histoire de la France sur le mode tragique<br \/>\n<\/span><\/p>\n<p style=\"margin-left: 28pt;\"><span style=\"color: #c00000; font-family: Arial;\">Tous deux rel\u00e8vent la difficult\u00e9 de la t\u00e2che : l&rsquo;\u0153uvre du \u00ab fr\u00e9riste \u00bb est toujours cach\u00e9e, il est malais\u00e9 de d\u00e9terminer pr\u00e9cis\u00e9ment o\u00f9 elle commence et o\u00f9 elle finit (p. 68). \u00ab Tout d&rsquo;abord, \u00e9crit quant \u00e0 lui Drumont, l&rsquo;\u0153uvre latente du Juif est tr\u00e8s difficile \u00e0 analyser, il y a l\u00e0 toute une action souterraine, dont il est presque impossible de saisir le fil \u00bb. En somme, un grand complot contre la civilisation occidentale.<br \/>\n<\/span><\/p>\n<p style=\"margin-left: 28pt;\"><span style=\"color: #c00000; font-family: Arial;\">\u00c0 l&rsquo;instar d&rsquo;un Drumont, qui a voulu de son propre aveu d\u00e9crire la \u00ab conqu\u00eate juive \u00bb, Bergeaud-Blackler se propose d&rsquo;\u00e9tudier la \u00ab conqu\u00eate islamique \u00bb, dont la vis\u00e9e n&rsquo;est autre que \u00ab l&rsquo;instauration d&rsquo;une soci\u00e9t\u00e9 islamique mondiale \u00bb. \u00c0 chacun son ennemi mortel\u00a0\u00bb<br \/>\n<\/span><\/p>\n<p><span style=\"color: #777777; font-family: Arial;\">Pour cet avocat le point godwin ne se situe pas au niveau de Hitler et des nazis, mais en amont dans l&rsquo;\u00e9crivain antis\u00e9mite \u00c9douard Drumont, (1844 -1917) auteur de la France Juive.<br \/>\n<\/span><\/p>\n<p><span style=\"color: #777777; font-family: Arial;\">Avec cette accusation qui vise \u00e0 faire taire tout esprit qui interroge l&rsquo;action d&rsquo;organisation islamiste en France\u00a0: l&rsquo;islamophobie.<br \/>\n<\/span><\/p>\n<p><span style=\"color: #777777; font-family: Arial;\">J&rsquo;avais pos\u00e9 cette question \u00ab <a href=\"https:\/\/lemotdujour.fr\/?p=9900\"><span style=\"color: #0000ff;\">Qui est islamophobe\u00a0?<\/span>\u00a0<\/a>\u00bb dans un mot du jour \u00e9crit apr\u00e8s l&rsquo;assassinat de Samuel Paty.<br \/>\n<\/span><\/p>\n<p><span style=\"color: #777777; font-family: Arial;\">Plus le temps passe, plus l&rsquo;utilisation de ce mot me semble probl\u00e9matique et porteur d&rsquo;une profonde confusion.<br \/>\n<\/span><\/p>\n<p><span style=\"color: #777777; font-family: Arial;\">C&rsquo;est un mot dont la vocation est de faire taire et de stigmatiser.<br \/>\n<\/span><\/p>\n<p><span style=\"color: #777777; font-family: Arial;\">Il est beaucoup utilis\u00e9 par des gens et des m\u00e9dias qui se r\u00e9clament de la gauche.<br \/>\n<\/span><\/p>\n<p><span style=\"color: #777777; font-family: Arial;\">\u00ab\u00a0<strong>Lib\u00e9ration<\/strong>\u00a0\u00bb \u00e9crit un article remettant en cause le s\u00e9rieux du travail de <strong>Florence Bergeaud-Blackler\u00a0: <\/strong>&lt;<a href=\"https:\/\/www.liberation.fr\/idees-et-debats\/menaces-et-tensions-autour-dun-livre-sur-le-frerisme-musulman-20230505_WYWTT5GOPBBI7M7FMLVVGO66RE\/\"><span style=\"color: #0000ff;\">Menaces et tensions autour d&rsquo;un livre sur le \u00abfr\u00e9risme\u00bb musulman<\/span><\/a>&gt;. Florence Bergeaux-Blacker &lt;<a href=\"https:\/\/decolonialisme.fr\/reponse-a-larticle-menaces-et-tensions-autour-dun-livre-sur-le-frerisme-musulman-de-simon-blin-et-bernadette-sauvaget\/\"><span style=\"color: #0000ff;\">a r\u00e9pondu longuement \u00e0 l&rsquo;article de Libe<\/span><\/a>&gt;.<br \/>\n<\/span><\/p>\n<p><span style=\"color: #777777; font-family: Arial;\">Selon l&rsquo;outil de recherche de \u00ab\u00a0<strong>L&rsquo;OBS<\/strong>\u00a0\u00bb, cet hebdomadaire n&rsquo;a pas \u00e9voqu\u00e9 le livre de l&rsquo;anthropologue ni des menaces qui lui ont \u00e9t\u00e9 adress\u00e9s.<br \/>\n<\/span><\/p>\n<p><span style=\"color: #777777; font-family: Arial;\">\u00ab\u00a0<strong>MEDIAPART<\/strong>\u00a0\u00bb a attendu le 9 juillet pour publier un article \u00e0 charge\u00a0:<br \/>\n<\/span><\/p>\n<p style=\"margin-left: 28pt;\"><span style=\"color: #c00000; font-family: Arial;\">\u00ab\u00a0Invit\u00e9e dans tous les m\u00e9dias depuis trois mois, la chercheuse, qui d\u00e9nonce un projet mondial d&rsquo;infiltration des Fr\u00e8res musulmans, est s\u00e9v\u00e8rement jug\u00e9e par nombre de ses coll\u00e8gues, qui critiquent ses m\u00e9thodes consid\u00e9r\u00e9es plus militantes que scientifiques. Son entourage sulfureux interroge \u00e9galement.\u00a0\u00bb<br \/>\n<\/span><\/p>\n<p><span style=\"color: #777777; font-family: Arial;\">\u00abL&rsquo;entourage sulfureux\u00bb est probablement \u00ab\u00a0<a href=\"https:\/\/www.printempsrepublicain.fr\/\"><span style=\"color: #0000ff;\"><strong>Le Printemps R\u00e9publicain<\/strong><\/span>\u00a0<\/a>\u00bb fond\u00e9 par le regrett\u00e9 <strong>Laurent Bouvet<\/strong>, qui n&rsquo;est certainement pas exempt de critiques mais qui par rapport \u00e0 cet assaut d&rsquo;archa\u00efsme des fondamentalistes musulmans pr\u00e9sente l&rsquo;immense qualit\u00e9 d&rsquo;\u00eatre une force de gauche qui s&rsquo;oppose \u00e0 ces man\u0153uvres.<br \/>\n<\/span><\/p>\n<p><span style=\"color: #777777; font-family: Arial;\">Sur un des blogs de Mediapart, un ex coll\u00e8gue au CNRS de Bergeaud-Blacker\u00a0: &lt;<span style=\"color: #0000ff;\"><a style=\"color: #0000ff;\" href=\"https:\/\/blogs.mediapart.fr\/francois-burgat\/blog\/120423\/l-islamophobie-d-atmosphere-les-ressorts-d-une-vieille-obsession\">Fran\u00e7ois Burgat<\/a><\/span>&gt; l&rsquo;accuse de \u00ab\u00a0<span style=\"color: #c00000;\">d&rsquo;anti-islamisme primaire<span style=\"color: #777777;\">\u00a0\u00bb et s&rsquo;attaque \u00e0 tous ses soutiens\u00a0: <strong>Gilles Kepel, Pierre-Andr\u00e9 Taguieff, Caroline Fourest, Bernard Rougier<\/strong> l&rsquo;auteur du livre \u00ab\u00a0<a href=\"https:\/\/www.puf.com\/content\/Les_territoires_conquis_de_lislamisme\"><span style=\"color: #0000ff;\">Les Territoires conquis de l&rsquo;islamism<\/span>e\u00a0<\/a>\u00bb en les mettant dans le m\u00eame camp que Marine Le Pen et Eric Zemmour. Il montre que, pour lui, toute personne qui interroge les r\u00e9seaux d&rsquo;influence des fr\u00e8res musulmans en France ne peut \u00eatre qu&rsquo;un fasciste !<br \/>\n<\/span><\/span><\/span><\/p>\n<p><span style=\"color: #777777; font-family: Arial;\">La philosophe et islamologue <strong>Razika Adnani<\/strong>, lui r\u00e9pond dans \u00ab\u00a0<strong>Marianne<\/strong>\u00a0\u00bb.\u00a0: &lt;<a href=\"https:\/\/www.marianne.net\/agora\/tribunes-libres\/affaire-florence-bergeaud-blackler-lislamisation-de-loccident-les-islamistes-nont-jamais-cache-leur-intention\"><span style=\"color: #0000ff;\">L&rsquo;islamisation de l&rsquo;Occident, les islamistes n&rsquo;ont jamais cach\u00e9 leur intention<\/span><\/a>&gt;.<br \/>\n<\/span><\/p>\n<p><span style=\"color: #777777; font-family: Arial;\">Bien s\u00fbr, de m\u00eame qu&rsquo;il existe un fondamentalisme musulman, il en existe un chr\u00e9tien et un juif. Ils sont tout aussi condamnables. Mais force est de constater, qu&rsquo;en France, ce sont les r\u00e9seaux fr\u00e9ristes qui sont les plus visibles.<br \/>\n<\/span><\/p>\n<p><span style=\"color: #777777; font-family: Arial;\">Nous ne devons pas \u00eatre na\u00effs et emp\u00eacher ces fanatiques d&rsquo;agir pour faire \u00e9voluer notre soci\u00e9t\u00e9 vers une formidable r\u00e9gression. Nous devons accueillir et respecter la spiritualit\u00e9. Mais parall\u00e8lement nous devons \u00eatre sans faiblesse devant les religions et les contraindre \u00e0 respecter les Lois de la R\u00e9publique et le socle des valeurs fondamentales sur lesquelles s&rsquo;appuient notre soci\u00e9t\u00e9 : <\/span><\/p>\n<ul>\n<li><span style=\"color: #777777; font-family: Arial;\">L&rsquo;\u00e9galit\u00e9 entre les femmes et les hommes, aucune contrainte ne saurait \u00eatre impos\u00e9e \u00e0 un genre et non \u00e0 l&rsquo;autre. <\/span><\/li>\n<li><span style=\"color: #777777; font-family: Arial;\">Le droit absolu de changer de religion ou de quitter sa religion pour aucune autre. <\/span><\/li>\n<li><span style=\"color: #777777; font-family: Arial;\">La modestie et l&rsquo;humilit\u00e9 devant les consensus scientifiques et la recherche historique.<\/span><\/li>\n<\/ul>\n<p><span style=\"color: maroon; font-family: Arial;\">&lt;1763&gt;<\/span><\/p>\n","protected":false},"excerpt":{"rendered":"<p>\u00ab\u00a0Nous ne sommes plus qu&rsquo;une poign\u00e9e de chercheurs \u00e0 travailler sur l&rsquo;islamisme.\u00a0\u00bb Florence Bergeaud-Blackler lors d&rsquo;une interview sur France Inter J&rsquo;ai commenc\u00e9 l&rsquo;\u00e9criture de ce mot du jour en f\u00e9vrier, juste apr\u00e8s la publication du livre \u00ab\u00a0Le fr\u00e9risme et ses<\/p>\n","protected":false},"author":1,"featured_media":0,"comment_status":"open","ping_status":"closed","sticky":false,"template":"","format":"standard","meta":{"footnotes":""},"categories":[1],"tags":[15,86,7],"class_list":["post-14881","post","type-post","status-publish","format-standard","hentry","category-motdujour","tag-france","tag-islam","tag-societe"],"_links":{"self":[{"href":"https:\/\/lemotdujour.fr\/index.php?rest_route=\/wp\/v2\/posts\/14881","targetHints":{"allow":["GET"]}}],"collection":[{"href":"https:\/\/lemotdujour.fr\/index.php?rest_route=\/wp\/v2\/posts"}],"about":[{"href":"https:\/\/lemotdujour.fr\/index.php?rest_route=\/wp\/v2\/types\/post"}],"author":[{"embeddable":true,"href":"https:\/\/lemotdujour.fr\/index.php?rest_route=\/wp\/v2\/users\/1"}],"replies":[{"embeddable":true,"href":"https:\/\/lemotdujour.fr\/index.php?rest_route=%2Fwp%2Fv2%2Fcomments&post=14881"}],"version-history":[{"count":22,"href":"https:\/\/lemotdujour.fr\/index.php?rest_route=\/wp\/v2\/posts\/14881\/revisions"}],"predecessor-version":[{"id":14916,"href":"https:\/\/lemotdujour.fr\/index.php?rest_route=\/wp\/v2\/posts\/14881\/revisions\/14916"}],"wp:attachment":[{"href":"https:\/\/lemotdujour.fr\/index.php?rest_route=%2Fwp%2Fv2%2Fmedia&parent=14881"}],"wp:term":[{"taxonomy":"category","embeddable":true,"href":"https:\/\/lemotdujour.fr\/index.php?rest_route=%2Fwp%2Fv2%2Fcategories&post=14881"},{"taxonomy":"post_tag","embeddable":true,"href":"https:\/\/lemotdujour.fr\/index.php?rest_route=%2Fwp%2Fv2%2Ftags&post=14881"}],"curies":[{"name":"wp","href":"https:\/\/api.w.org\/{rel}","templated":true}]}}