{"id":14872,"date":"2023-09-15T00:03:59","date_gmt":"2023-09-14T22:03:59","guid":{"rendered":"https:\/\/lemotdujour.fr\/?p=14872"},"modified":"2023-09-15T00:11:40","modified_gmt":"2023-09-14T22:11:40","slug":"vendredi-15-septembre-2023","status":"publish","type":"post","link":"https:\/\/lemotdujour.fr\/?p=14872","title":{"rendered":"Vendredi 15 septembre 2023"},"content":{"rendered":"<div class=\"mdjTexte\">\u00ab\u00a0Je n&rsquo;ai absolument rien fait de cette journ\u00e9e [\u2026] et je me suis d\u00e9couvert heureux, combl\u00e9.\u00a0\u00bb<\/div>\n<div class=\"mdjAuteur\">Christian Bobin<\/div>\n<p><span style=\"color: #777777; font-family: Arial;\"><strong>Christian Bobin<\/strong> est mort un mois apr\u00e8s mon fr\u00e8re (<em>\u00e0 un jour pr\u00e8s<\/em>) : le 23 novembre 2022, lui aussi d&rsquo;un cancer fulgurant.<br \/>\n<\/span><\/p>\n<p><span style=\"color: #777777; font-family: Arial;\">Depuis j&rsquo;ai beaucoup lu Bobin.<br \/>\n<\/span><\/p>\n<p><span style=\"color: #777777; font-family: Arial;\">Bobin n&rsquo;est pas l&rsquo;\u00e9crivain de longs textes, de grandes arches litt\u00e9raires.<br \/>\n<\/span><\/p>\n<p><span style=\"color: #777777; font-family: Arial;\">Il est l&rsquo;\u00e9crivain des miniatures, des fulgurances.<br \/>\n<\/span><\/p>\n<p><span style=\"color: #777777; font-family: Arial;\">Il a \u00e9t\u00e9 confront\u00e9 avec la mort, tout au long de sa vie.<br \/>\n<\/span><\/p>\n<p><span style=\"color: #777777; font-family: Arial;\">En 1995, il a perdu brutalement, son amie de c\u0153ur Ghislaine Marion, d&rsquo;une mort pr\u00e9matur\u00e9e.<br \/>\n<\/span><\/p>\n<p><span style=\"color: #777777; font-family: Arial;\">Il \u00e9crira pour la c\u00e9l\u00e9brer, en 1996, \u00ab\u00a0<strong>La plus que vive<\/strong>\u00a0\u00bb, ouvrage que j&rsquo;ai lu d&rsquo;une traite, une nuit d&rsquo;insomnie de d\u00e9cembre.<br \/>\n<\/span><\/p>\n<p><span style=\"color: #777777; font-family: Arial;\">L&rsquo;ouvrage suivant sera en 1997 \u00ab\u00a0 <strong>Autoportrait au radiateur<\/strong> \u00a0\u00bb<br \/>\nDe ce livre, je partage ce texte\u00a0:<br \/>\n<\/span><\/p>\n<p style=\"margin-left: 28pt;\"><span style=\"color: #c00000; font-family: Arial;\">\u00ab\u00a0Je n&rsquo;ai absolument rien fait de cette journ\u00e9e,<br \/>\nqu&rsquo;ouvrir au matin les fen\u00eatres de la cuisine et de la chambre,<br \/>\nlaisser les nuages entrer dans l&rsquo;appartement,<br \/>\nfrotter leur silence r\u00e9gnant dans ces pi\u00e8ces,<br \/>\nOui, voil\u00e0 ce que j&rsquo;ai fait de ma journ\u00e9e,<br \/>\nj&rsquo;ai ouvert mes fen\u00eatres sur le jour, rien d&rsquo;autre,<br \/>\net dans ce rien beaucoup de choses se pr\u00e9paraient<br \/>\ndont je saurai plus tard le nom, beaucoup plus tard.<br \/>\n<\/span><\/p>\n<p style=\"margin-left: 28pt;\"><span style=\"color: #c00000; font-family: Arial;\">Au soir, parce que les nuages avaient repris leur errance<br \/>\net que le froid s&rsquo;invitait sans fa\u00e7on, j&rsquo;ai referm\u00e9 les fen\u00eatres, il \u00e9tait huit heures.<br \/>\nDe la cuisine, j&rsquo;ai vu un moineau se poser sur le sapin.<br \/>\nLa branche a trembl\u00e9 sous la maladresse de son atterrissage.<br \/>\nDans ce mouvement communiqu\u00e9 \u00e0 l&rsquo;immense par presque rien,<br \/>\nj&rsquo;ai reconnu l&rsquo;image de ma journ\u00e9e<br \/>\net je me suis d\u00e9couvert heureux, combl\u00e9.\u00a0\u00bb<br \/>\n<\/span><\/p>\n<p style=\"margin-left: 28pt;\"><span style=\"color: #c00000; font-family: Arial;\"><em>Autoportrait au radiateur<br \/>\nLundi 30 septembre<br \/>\n<\/em><\/span><\/p>\n<p style=\"margin-left: 28pt;\"><span style=\"color: #c00000; font-family: Arial;\"><em>Christian\u00a0Bobin<br \/>\n<\/em><\/span><\/p>\n<p><span style=\"color: maroon; font-family: Arial;\">&lt;1762&gt;<\/span><\/p>\n","protected":false},"excerpt":{"rendered":"<p>\u00ab\u00a0Je n&rsquo;ai absolument rien fait de cette journ\u00e9e [\u2026] et je me suis d\u00e9couvert heureux, combl\u00e9.\u00a0\u00bb Christian Bobin Christian Bobin est mort un mois apr\u00e8s mon fr\u00e8re (\u00e0 un jour pr\u00e8s) : le 23 novembre 2022, lui aussi d&rsquo;un cancer<\/p>\n","protected":false},"author":1,"featured_media":0,"comment_status":"open","ping_status":"closed","sticky":false,"template":"","format":"standard","meta":{"footnotes":""},"categories":[1],"tags":[54,8],"class_list":["post-14872","post","type-post","status-publish","format-standard","hentry","category-motdujour","tag-humanisme","tag-poesie"],"_links":{"self":[{"href":"https:\/\/lemotdujour.fr\/index.php?rest_route=\/wp\/v2\/posts\/14872","targetHints":{"allow":["GET"]}}],"collection":[{"href":"https:\/\/lemotdujour.fr\/index.php?rest_route=\/wp\/v2\/posts"}],"about":[{"href":"https:\/\/lemotdujour.fr\/index.php?rest_route=\/wp\/v2\/types\/post"}],"author":[{"embeddable":true,"href":"https:\/\/lemotdujour.fr\/index.php?rest_route=\/wp\/v2\/users\/1"}],"replies":[{"embeddable":true,"href":"https:\/\/lemotdujour.fr\/index.php?rest_route=%2Fwp%2Fv2%2Fcomments&post=14872"}],"version-history":[{"count":3,"href":"https:\/\/lemotdujour.fr\/index.php?rest_route=\/wp\/v2\/posts\/14872\/revisions"}],"predecessor-version":[{"id":14878,"href":"https:\/\/lemotdujour.fr\/index.php?rest_route=\/wp\/v2\/posts\/14872\/revisions\/14878"}],"wp:attachment":[{"href":"https:\/\/lemotdujour.fr\/index.php?rest_route=%2Fwp%2Fv2%2Fmedia&parent=14872"}],"wp:term":[{"taxonomy":"category","embeddable":true,"href":"https:\/\/lemotdujour.fr\/index.php?rest_route=%2Fwp%2Fv2%2Fcategories&post=14872"},{"taxonomy":"post_tag","embeddable":true,"href":"https:\/\/lemotdujour.fr\/index.php?rest_route=%2Fwp%2Fv2%2Ftags&post=14872"}],"curies":[{"name":"wp","href":"https:\/\/api.w.org\/{rel}","templated":true}]}}