{"id":14866,"date":"2023-09-08T00:18:00","date_gmt":"2023-09-07T22:18:00","guid":{"rendered":"https:\/\/lemotdujour.fr\/?p=14866"},"modified":"2023-09-07T22:40:16","modified_gmt":"2023-09-07T20:40:16","slug":"vendredi-8-septembre-2023","status":"publish","type":"post","link":"https:\/\/lemotdujour.fr\/?p=14866","title":{"rendered":"Vendredi 8 septembre 2023"},"content":{"rendered":"<div class=\"mdjTexte\">\u00ab\u00a0Le secteur du vin est-il intouchable ?\u00a0\u00bb<\/div>\n<div class=\"mdjAuteur\">Jean-Marie Leymarie<\/div>\n<p><span style=\"color: #777777; font-family: Arial;\"><strong>Jean-Marie Leymarie<\/strong> a pos\u00e9 cette question\u00a0: &lt;<a href=\"https:\/\/www.radiofrance.fr\/franceculture\/podcasts\/le-billet-politique\/le-billet-politique-du-vendredi-01-septembre-2023-5262814\"><span style=\"color: #0000ff;\">La R\u00e9publique est-elle alcoolique ?<\/span> <\/a>&gt; dans sa chronique sur France Culture du Vendredi 1 septembre 2023\u00a0:<br \/>\n<\/span><\/p>\n<p style=\"margin-left: 28pt;\"><span style=\"color: #c00000; font-family: Arial;\">\u00ab\u00a0Le secteur du vin est-il intouchable ? Finalement, le gouvernement n&rsquo;augmentera pas les taxes sur l&rsquo;alcool. Cet \u00e9t\u00e9, pourtant, il l&rsquo;a envisag\u00e9, pour faire entrer de l&rsquo;argent dans les caisses, et pour faire baisser la consommation d&rsquo;alcool. Le secteur viticole a protest\u00e9. Bercy et le minist\u00e8re de la sant\u00e9 ont discut\u00e9. Et la premi\u00e8re ministre a tranch\u00e9. Elisabeth Borne l&rsquo;a annonc\u00e9 elle-m\u00eame : pas question de relever les imp\u00f4ts sur l&rsquo;alcool.<br \/>\n<\/span><span style=\"color: #c00000; font-family: Arial;\">Le vin est beaucoup moins tax\u00e9 que le tabac.\u00a0\u00bb<br \/>\n<\/span><\/p>\n<p><span style=\"color: #777777; font-family: Arial;\">Sur le site de l&rsquo;<span style=\"color: #0000ff;\"><a style=\"color: #0000ff;\" href=\"https:\/\/www.ofdt.fr\/publications\/collections\/methode\/le-cout-social-des-drogues-estimation-en-france-en-2019\/\"><strong>OFT<\/strong><\/a><\/span> , organisme public qui a pour d\u00e9nomination compl\u00e8te : L&rsquo;Observatoire fran\u00e7ais des drogues et des tendances addictives, on peut lire :<br \/>\n<\/span><\/p>\n<p style=\"margin-left: 28pt;\"><span style=\"color: #c00000; font-family: Arial;\">\u00ab\u00a0En 2019, le co\u00fbt social du tabac et de l&rsquo;alcool est respectivement de 156 et 102 milliards d&rsquo;euros, et de 7,7 milliards d&rsquo;euros pour les drogues illicites. [\u2026]. Cette nouvelle estimation confirme que le co\u00fbt social des drogues reste tr\u00e8s sup\u00e9rieur aux recettes fiscales induites.\u00a0\u00bb<br \/>\n<\/span><\/p>\n<p><span style=\"color: #777777; font-family: Arial;\">Cette \u00e9valuation montre que l&rsquo;alcool n&rsquo;est pas significativement moins couteux pour la soci\u00e9t\u00e9 que le tabac. L&rsquo;utilisation du mot \u00ab\u00a0drogue\u00a0\u00bb dans l&rsquo;expression \u00ab\u00a0co\u00fbt social des drogues\u00a0\u00bb concerne les 3 produits tabac, alcool et drogues illicites.<br \/>\n<\/span><\/p>\n<p><span style=\"color: #777777; font-family: Arial;\">Et ce n&rsquo;est pas le site gouvernemental &lt;<a href=\"https:\/\/sante.gouv.fr\/prevention-en-sante\/addictions\/article\/l-addiction-a-l-alcool\"><span style=\"color: #0000ff;\">sant\u00e9.gouv.fr<\/span><\/a>&gt; qui contredira ce constat\u00a0:<br \/>\n<\/span><\/p>\n<p style=\"margin-left: 28pt;\"><span style=\"color: #c00000; font-family: Arial;\">\u00ab\u00a0La consommation d&rsquo;alcool repr\u00e9sente un enjeu de sant\u00e9 publique majeur en France, o\u00f9 elle est \u00e0 l&rsquo;origine de 49 000 d\u00e9c\u00e8s par an. Il en est de m\u00eame en Europe, o\u00f9 elle est responsable de plus de 7 % des maladies et d\u00e9c\u00e8s pr\u00e9matur\u00e9s. Au niveau mondial, l&rsquo;alcool est consid\u00e9r\u00e9 comme le troisi\u00e8me facteur de risque de morbidit\u00e9, apr\u00e8s l&rsquo;hypertension art\u00e9rielle et le tabac. La consommation d&rsquo;alcool provoque des dommages importants sur la sant\u00e9. Elle peut agir sur le \u00ab capital sant\u00e9 \u00bb des buveurs tout au long de la vie, depuis le stade embryonnaire jusqu&rsquo;au grand \u00e2ge.<br \/>\n<\/span><\/p>\n<p style=\"margin-left: 28pt;\"><span style=\"color: #c00000; font-family: Arial;\">[\u2026] Au-del\u00e0 d&rsquo;une certaine consommation (2 verres par jour pour les femmes et 3 verres par jour pour les hommes), l&rsquo;alcool est un facteur de risque majeur pour :<br \/>\n<\/span><\/p>\n<p style=\"margin-left: 28pt;\"><span style=\"color: #c00000; font-family: Arial;\">\u2013 certains cancers : bouche, gorge, \u0153sophage, colon-rectum, sein chez la femme.<br \/>\n<\/span><\/p>\n<p style=\"margin-left: 28pt;\"><span style=\"color: #c00000; font-family: Arial;\">Pour l&rsquo;OMS, l&rsquo;alcool est class\u00e9 comme une mol\u00e9cule canc\u00e9rig\u00e8ne av\u00e9r\u00e9e depuis 1988.<br \/>\n<\/span><\/p>\n<p style=\"margin-left: 28pt;\"><span style=\"color: #c00000; font-family: Arial;\">\u2013 certaines maladies chroniques : maladies du foie (cirrhose) et du pancr\u00e9as, troubles cardiovasculaires, hypertension art\u00e9rielle, maladies du syst\u00e8me nerveux et troubles psychiques (anxi\u00e9t\u00e9, d\u00e9pression, troubles du comportement), d\u00e9mence pr\u00e9coce, etc.\u00a0\u00bb<br \/>\n<\/span><\/p>\n<p><span style=\"color: #777777; font-family: Arial;\">Cette surconsommation d&rsquo;alcool pr\u00e9sente aussi un co\u00fbt suppl\u00e9mentaire pour les h\u00f4pitaux\u00a0:<br \/>\n<\/span><\/p>\n<p style=\"margin-left: 28pt;\"><span style=\"color: #c00000; font-family: Arial;\">\u00ab\u00a0Le co\u00fbt estim\u00e9 des hospitalisations li\u00e9es \u00e0 la consommation excessive d&rsquo;alcool s&rsquo;\u00e9l\u00e8ve \u00e0 pr\u00e8s de 3,6% de l&rsquo;ensemble des d\u00e9penses hospitali\u00e8res en 2012 (BEH 2015).<br \/>\n<\/span><\/p>\n<p style=\"margin-left: 28pt;\"><span style=\"color: #c00000; font-family: Arial;\">Le co\u00fbt de ces s\u00e9jours hospitaliers est estim\u00e9 \u00e0 2,64 milliards d&rsquo;euros.<br \/>\n<\/span><\/p>\n<p style=\"margin-left: 28pt;\"><span style=\"color: #c00000; font-family: Arial;\">Les cons\u00e9quences de la consommation excessive d&rsquo;alcool sont l&rsquo;un des tous premiers motifs d&rsquo;hospitalisation en France.\u00a0\u00bb<br \/>\n<\/span><\/p>\n<p><span style=\"color: #777777; font-family: Arial;\">Alors pourquoi le gouvernement a-t-il d\u00e9cid\u00e9 de renoncer \u00e0 augmenter les taxes sur l&rsquo;alcool\u00a0?<br \/>\n<\/span><\/p>\n<p><span style=\"color: #777777; font-family: Arial;\"><img loading=\"lazy\" decoding=\"async\" class=\"alignnone size-full wp-image-14870\" src=\"https:\/\/lemotdujour.fr\/wp-content\/uploads\/2023\/09\/Macron-boit-du-vin.jpg\" alt=\"\" width=\"1280\" height=\"828\" srcset=\"https:\/\/lemotdujour.fr\/wp-content\/uploads\/2023\/09\/Macron-boit-du-vin.jpg 1280w, https:\/\/lemotdujour.fr\/wp-content\/uploads\/2023\/09\/Macron-boit-du-vin-300x194.jpg 300w, https:\/\/lemotdujour.fr\/wp-content\/uploads\/2023\/09\/Macron-boit-du-vin-1024x662.jpg 1024w, https:\/\/lemotdujour.fr\/wp-content\/uploads\/2023\/09\/Macron-boit-du-vin-768x497.jpg 768w\" sizes=\"auto, (max-width: 1280px) 100vw, 1280px\" \/>Jean-Marie Leymarie explique\u00a0:<br \/>\n<\/span><\/p>\n<p style=\"margin-left: 28pt;\"><span style=\"color: #c00000; font-family: Arial;\">\u00ab\u00a0La raison en est simple : la France reste un immense producteur, et le secteur conna\u00eet des difficult\u00e9s. Une r\u00e9volution, m\u00eame. Prenez le Bordelais, le premier vignoble fran\u00e7ais, en appellation d&rsquo;origine contr\u00f4l\u00e9. Il subit \u00e0 la fois la surproduction, la baisse de la consommation, les cons\u00e9quences de la crise climatique, et cette ann\u00e9e, de surcro\u00eet, une redoutable attaque de mildiou.<br \/>\n<\/span><\/p>\n<p style=\"margin-left: 28pt;\"><span style=\"color: #c00000; font-family: Arial;\">Dans ces conditions, fallait-il augmenter les taxes ? Le nouveau ministre des Comptes publics n&rsquo;a pas h\u00e9sit\u00e9. Entre deux r\u00e9coltes &#8211; le raisin et les imp\u00f4ts &#8211; Thomas Cazenave a choisi : solidarit\u00e9 avec les viticulteurs ! Il les conna\u00eet bien. Juste avant d&rsquo;entrer au gouvernement, il \u00e9tait d\u00e9put\u00e9\u2026 de Gironde.<br \/>\n<\/span><\/p>\n<p style=\"margin-left: 28pt;\"><span style=\"color: #c00000; font-family: Arial;\">Regardez les d\u00e9bats sur l&rsquo;alcool, \u00e0 l&rsquo;Assembl\u00e9e nationale et au S\u00e9nat. Depuis des dizaines d&rsquo;ann\u00e9es, des parlementaires d\u00e9fendent la production et l&rsquo;image du vin. Peu importe qu&rsquo;ils soient de gauche ou de droite, ils ont un point commun : ils viennent de r\u00e9gions viticoles. Une vieille expression, p\u00e9jorative, les qualifiait de d\u00e9put\u00e9s \u00ab\u00a0pinardiers\u00a0\u00bb. Le poids politique du secteur reste fort, comme son pouvoir d&rsquo;influence, aussi. En 2017, quand Emmanuel Macron compose son cabinet, \u00e0 l&rsquo;Elys\u00e9e, qui choisit-il pour suivre les sujets agricoles ? Audrey Bourolleau, d\u00e9l\u00e9gu\u00e9e g\u00e9n\u00e9rale de Vin et soci\u00e9t\u00e9, le principal lobby viticole fran\u00e7ais.\u00a0\u00bb<br \/>\n<\/span><\/p>\n<p><span style=\"color: #777777; font-family: Arial;\">C&rsquo;est encore sur le site de l&rsquo;<a href=\"https:\/\/www.ofdt.fr\/produits-et-addictions\/de-z\/alcool\/\"><span style=\"color: #0000ff;\">OFT<\/span><\/a> qu&rsquo;on peut savoir que le vin repr\u00e9sente 54 % des quantit\u00e9s totales d&rsquo;alcool pur mises en vente (contre 23 % pour la bi\u00e8re et 21 % pour les spiritueux). Rapport\u00e9es \u00e0 la population \u00e2g\u00e9e de 15 ans ou plus, les quantit\u00e9s totales d&rsquo;alcool pur vendues en 2021 repr\u00e9sentent en moyenne l&rsquo;\u00e9quivalent de 2,3 verres standards de boissons alcoolis\u00e9es quotidiens par personne (un verre standard contenant 10 g d&rsquo;alcool pur).<br \/>\n<\/span><\/p>\n<p><span style=\"color: #777777; font-family: Arial;\">Il faut cependant constater que l&rsquo;\u00e9volution de la consommation va dans le bons sens. Par rapport au d\u00e9but des ann\u00e9es 1960, la consommation de boissons alcoolis\u00e9es (en \u00e9quivalent alcool pur) a \u00e9t\u00e9 r\u00e9duite de plus de moiti\u00e9 en France, cette diminution \u00e9tant essentiellement imputable \u00e0 la baisse de la consommation de vin.<br \/>\n<\/span><\/p>\n<p><span style=\"color: #777777; font-family: Arial;\">Mais au niveau mondial le site &lt;<span style=\"color: #0000ff;\"><a style=\"color: #0000ff;\" href=\"https:\/\/www.geo.fr\/voyage\/dans-quels-pays-du-monde-consomme-t-on-le-plus-dalcool-207260\">Geo<\/a><\/span>&gt; nous apprend que ce sont nettement les europ\u00e9ens qui sont les plus grands consommateurs d&rsquo;alcool\u00a0:<br \/>\n<\/span><\/p>\n<p style=\"margin-left: 28pt;\"><span style=\"color: #c00000; font-family: Arial;\">\u00ab\u00a0L&rsquo;Europe arrive en t\u00eate pour la consommation d&rsquo;alcool par habitant, huit des 10 pays ayant la plus forte consommation d&rsquo;alcool par habitant \u00e0 travers le monde se trouvent en effet en Europe.\u00a0\u00bb<br \/>\n<\/span><\/p>\n<p><span style=\"color: #777777; font-family: Arial;\">Et si on veut faire un classement par pays la premi\u00e8re place est disput\u00e9e par la R\u00e9publique Tch\u00e8que, la Lettonie et la Moldavie, selon le sites l&rsquo;ordre change mais ces trois pays se trouvent toujours sur le podium. Par exemple sur ce &lt;<a href=\"https:\/\/fr.statista.com\/statistiques\/1330443\/pays-plus-forte-consommation-alcool-par-habitant\/\"><span style=\"color: #0000ff;\">site<\/span><\/a>&gt;<br \/>\n<\/span><\/p>\n<p><span style=\"color: #777777; font-family: Arial;\">Il me semble aussi important de mettre fin \u00e0 un mythe\u00a0: \u00ab\u00a0<a href=\"https:\/\/sante.lefigaro.fr\/article\/non-boire-un-verre-de-vin-par-jour-n-est-pas-bon-pour-la-sante\/\"><span style=\"color: #0000ff;\">Non, boire un verre de vin par jour n&rsquo;est pas bon pour la sant\u00e9<\/span>\u00a0<\/a>\u00bb<br \/>\n<\/span><\/p>\n<p><span style=\"color: #777777; font-family: Arial;\">Jean-Marie Leymarie conclut\u00a0:<br \/>\n<\/span><\/p>\n<p style=\"margin-left: 28pt;\"><span style=\"color: #c00000; font-family: Arial;\">\u00ab\u00a0Une taxation plus forte changerait-elle la donne ? Pas s\u00fbr. Mais nous pouvons au moins, collectivement, poser la question. Ne pas \u00e9vacuer le sujet, au nom de la tradition ou de l&rsquo;\u00e9conomie. [\u2026].. Vous vous souvenez de Claude Evin, l&rsquo;ancien ministre de la sant\u00e9, l&rsquo;auteur de la fameuse loi Evin, sur le tabac et sur l&rsquo;alcool ? Aujourd&rsquo;hui, encore, il explique qu&rsquo;il comprend l&rsquo;importance du secteur viticole. Mais rappelle que la politique consiste \u00e0 \u00ab\u00a0arbitrer entre des int\u00e9r\u00eats contradictoires\u00a0\u00bb. Faire des choix. Tout mettre sur la table. La bouteille &#8211; \u00e7a peut \u00eatre agr\u00e9able ! &#8211; et ses cons\u00e9quences.\u00a0\u00bb<\/span><\/p>\n<p><span style=\"color: #800000;\">&lt;1761&gt;<\/span><\/p>\n","protected":false},"excerpt":{"rendered":"<p>\u00ab\u00a0Le secteur du vin est-il intouchable ?\u00a0\u00bb Jean-Marie Leymarie Jean-Marie Leymarie a pos\u00e9 cette question\u00a0: &lt;La R\u00e9publique est-elle alcoolique ? &gt; dans sa chronique sur France Culture du Vendredi 1 septembre 2023\u00a0: \u00ab\u00a0Le secteur du vin est-il intouchable ? Finalement,<\/p>\n","protected":false},"author":1,"featured_media":0,"comment_status":"open","ping_status":"closed","sticky":false,"template":"","format":"standard","meta":{"footnotes":""},"categories":[1],"tags":[21,13],"class_list":["post-14866","post","type-post","status-publish","format-standard","hentry","category-motdujour","tag-alimentation","tag-sante"],"_links":{"self":[{"href":"https:\/\/lemotdujour.fr\/index.php?rest_route=\/wp\/v2\/posts\/14866","targetHints":{"allow":["GET"]}}],"collection":[{"href":"https:\/\/lemotdujour.fr\/index.php?rest_route=\/wp\/v2\/posts"}],"about":[{"href":"https:\/\/lemotdujour.fr\/index.php?rest_route=\/wp\/v2\/types\/post"}],"author":[{"embeddable":true,"href":"https:\/\/lemotdujour.fr\/index.php?rest_route=\/wp\/v2\/users\/1"}],"replies":[{"embeddable":true,"href":"https:\/\/lemotdujour.fr\/index.php?rest_route=%2Fwp%2Fv2%2Fcomments&post=14866"}],"version-history":[{"count":4,"href":"https:\/\/lemotdujour.fr\/index.php?rest_route=\/wp\/v2\/posts\/14866\/revisions"}],"predecessor-version":[{"id":14871,"href":"https:\/\/lemotdujour.fr\/index.php?rest_route=\/wp\/v2\/posts\/14866\/revisions\/14871"}],"wp:attachment":[{"href":"https:\/\/lemotdujour.fr\/index.php?rest_route=%2Fwp%2Fv2%2Fmedia&parent=14866"}],"wp:term":[{"taxonomy":"category","embeddable":true,"href":"https:\/\/lemotdujour.fr\/index.php?rest_route=%2Fwp%2Fv2%2Fcategories&post=14866"},{"taxonomy":"post_tag","embeddable":true,"href":"https:\/\/lemotdujour.fr\/index.php?rest_route=%2Fwp%2Fv2%2Ftags&post=14866"}],"curies":[{"name":"wp","href":"https:\/\/api.w.org\/{rel}","templated":true}]}}