{"id":14862,"date":"2023-09-05T00:12:00","date_gmt":"2023-09-04T22:12:00","guid":{"rendered":"https:\/\/lemotdujour.fr\/?p=14862"},"modified":"2023-09-04T23:39:59","modified_gmt":"2023-09-04T21:39:59","slug":"mardi-5-septembre-2023","status":"publish","type":"post","link":"https:\/\/lemotdujour.fr\/?p=14862","title":{"rendered":"Mardi 5 septembre 2023"},"content":{"rendered":"<div class=\"mdjTexte\">\u00ab\u00a0Garder la part d&rsquo;humanit\u00e9, d&rsquo;humanisation de la relation d&rsquo;une personne \u00e0 une autre, et ne pas se laisser envahir par le num\u00e9rique.\u00a0\u00bb<\/div>\n<div class=\"mdjAuteur\">Daniel Cohen<\/div>\n<p><span style=\"color: #777777; font-family: Arial;\">Aujourd&rsquo;hui, je partage avec vous une courte vid\u00e9o que <strong>Daniel Cohen<\/strong> a r\u00e9alis\u00e9 en 2019 pour l&rsquo;Obs\u00a0: &lt;<a href=\"https:\/\/www.nouvelobs.com\/economie\/20230821.OBS77153\/quand-daniel-cohen-nous-parlait-de-l-avenir-du-travail-il-faut-absolument-garder-la-part-d-humanite.html\"><span style=\"color: #0000ff;\">Quand Daniel Cohen nous parlait de l&rsquo;avenir du travail : \u00ab Il faut absolument garder la part d&rsquo;humanit\u00e9<\/span><\/a><span style=\"color: #0000ff;\"> \u00bb<\/span>&gt;<br \/>\n<\/span><\/p>\n<p><span style=\"color: #777777; font-family: Arial;\">Daniel Cohen fait la distinction entre \u00ab deux r\u00e9volutions \u00bb successives.<br \/>\n<\/span><\/p>\n<p><span style=\"color: #777777; font-family: Arial;\">La premi\u00e8re, celle de l&rsquo;ordinateur de bureau et d&rsquo;internet, a permis de \u00ab r\u00e9organiser \u00e0 l&rsquo;\u00e9chelle plan\u00e9taire le fonctionnement des entreprises \u00bb, transformant l&rsquo;ensemble des travailleurs en \u00ab sous-traitants \u00bb qui se concurrencent \u00e0 l&rsquo;\u00e9chelle mondiale.<br \/>\n<\/span><\/p>\n<p><span style=\"color: #777777; font-family: Arial;\">Selon lui, cette r\u00e9volution montre ses limites et arrive un peu \u00e0 son terme.<br \/>\n<\/span><\/p>\n<p><span style=\"color: #777777; font-family: Arial;\">La seconde r\u00e9volution \u00e9voqu\u00e9e par l&rsquo;\u00e9conomiste est celle de l&rsquo;intelligence artificielle.<br \/>\n<\/span><\/p>\n<p><span style=\"color: #777777; font-family: Arial;\">C&rsquo;est cette seconde partie qui m&rsquo;a marqu\u00e9.<br \/>\n<\/span><\/p>\n<p><span style=\"color: #777777; font-family: Arial;\">Je vous en livre la retranscription int\u00e9grale\u00a0:<br \/>\n<\/span><\/p>\n<p style=\"margin-left: 28pt;\"><span style=\"color: #c00000; font-family: Arial;\">\u00ab\u00a0La r\u00e9volution qui commence aujourd&rsquo;hui est d&rsquo;une toute autre nature. C&rsquo;est celle de l&rsquo;intelligence artificielle.<br \/>\n<\/span><\/p>\n<p style=\"margin-left: 28pt;\"><span style=\"color: #c00000; font-family: Arial;\">Il est \u00e9videmment beaucoup trop t\u00f4t pour savoir exactement ce qu&rsquo;elle va produire mais on peut essayer d&rsquo;en d\u00e9finir la port\u00e9e.<br \/>\n<\/span><\/p>\n<p style=\"margin-left: 28pt;\"><span style=\"color: #c00000; font-family: Arial;\">La port\u00e9e, je crois tout simplement, c&rsquo;est que nous sommes dans une soci\u00e9t\u00e9 de services.<br \/>\n<\/span><\/p>\n<p style=\"margin-left: 28pt;\"><span style=\"color: #c00000; font-family: Arial;\">Dans laquelle ce qui compte c&rsquo;est s&rsquo;occuper des gens eux-m\u00eames, et non plus seulement comme dans la soci\u00e9t\u00e9 industrielle de la mati\u00e8re.<br \/>\n<\/span><\/p>\n<p style=\"margin-left: 28pt;\"><span style=\"color: #c00000; font-family: Arial;\"><strong>S&rsquo;occuper des gens, \u00e7a veut dire passer du temps avec eux, \u00e7a veut dire en r\u00e9alit\u00e9 augmenter les co\u00fbts.<\/strong><br \/>\n<\/span><\/p>\n<p style=\"margin-left: 28pt;\"><span style=\"color: #c00000; font-family: Arial;\">\u00c7a veut dire \u00ab\u00a0perdre son temps\u00a0\u00bb \u00e0 passer du temps avec les gens.<br \/>\n<\/span><\/p>\n<p style=\"margin-left: 28pt;\"><span style=\"color: #c00000; font-family: Arial;\">Cette id\u00e9e est inconcevable dans un capitalisme comme celui que l&rsquo;on conna\u00eet maintenant, qui cherche par d\u00e9finition \u00e0 rentabiliser, r\u00e9duire les co\u00fbts de fabrication.<br \/>\n<\/span><\/p>\n<p style=\"margin-left: 28pt;\"><span style=\"color: #c00000; font-family: Arial;\">La solution que le capitalisme contemporain est en train de trouver \u00e0 cette soci\u00e9t\u00e9 de service o\u00f9 les co\u00fbts sont trop \u00e9lev\u00e9s, c&rsquo;est tout simplement celle qui consiste \u00e0 num\u00e9riser, d\u00e9mat\u00e9rialiser tout ce qui peut l&rsquo;\u00eatre, de fa\u00e7on qu&rsquo;un humain, une fois qu&rsquo;il sera une immense banque de donn\u00e9es qui pourra \u00eatre trait\u00e9e par un algorithme et redevienne un objet de croissance, c&rsquo;est-\u00e0-dire de rentabilit\u00e9.<br \/>\n<\/span><\/p>\n<p style=\"margin-left: 28pt;\"><span style=\"color: #c00000; font-family: Arial;\">\u00c9videmment cette perspective est celle d&rsquo;une extraordinaire d\u00e9shumanisation de la relation d&rsquo;une personne \u00e0 une autre, d&rsquo;un m\u00e9decin avec son patient, d&rsquo;un enseignant \u00e0 son \u00e9l\u00e8ve.<br \/>\n<\/span><\/p>\n<p style=\"margin-left: 28pt;\"><span style=\"color: #c00000; font-family: Arial;\">Une d\u00e9shumanisation qui nous rappelle tout simplement ce que, dans \u00ab\u00a0les Temps modernes\u00a0\u00bb, Charlie Chaplin avait parfaitement illustr\u00e9 pour la soci\u00e9t\u00e9 industrielle.<br \/>\n<\/span><\/p>\n<p style=\"margin-left: 28pt;\"><span style=\"color: #c00000; font-family: Arial;\">Nous sommes en train, en r\u00e9alit\u00e9, d&rsquo;<strong>industrialiser la soci\u00e9t\u00e9 de services et c&rsquo;est \u00e7a qui m&rsquo;inqui\u00e8te beaucoup.<\/strong><br \/>\n<\/span><\/p>\n<p style=\"margin-left: 28pt;\"><span style=\"color: #c00000; font-family: Arial;\">Il faut absolument, comme on l&rsquo;a rappel\u00e9 au moment du travail \u00e0 la cha\u00eene, garder la part d&rsquo;humanit\u00e9, d&rsquo;humanisation de la relation d&rsquo;une personne \u00e0 une autre, et ne pas se laisser envahir par le num\u00e9rique.\u00a0\u00bb<br \/>\n<\/span><\/p>\n<p><span style=\"color: #777777; font-family: Arial;\">Ce que Daniel Cohen dit c&rsquo;est que ce qui est en cause c&rsquo;est la rentabilit\u00e9, l&rsquo;objet de croissance.<br \/>\n<\/span><\/p>\n<p><span style=\"color: #777777; font-family: Arial;\">Il parle des services \u00e0 la personne.<br \/>\n<\/span><\/p>\n<p><span style=\"color: #777777; font-family: Arial;\">Cela remet compl\u00e9ment en cause le mod\u00e8le \u00e9conomique dominant.<br \/>\n<\/span><\/p>\n<p><span style=\"color: #777777; font-family: Arial;\">Il me semble d&rsquo;ailleurs qu&rsquo;il en va de m\u00eame pour freiner le r\u00e9chauffement climatique, comme les atteintes \u00e0 la biodiversit\u00e9 et la prise en compte des limites des ressources plan\u00e9taires.<br \/>\n<\/span><\/p>\n<p><span style=\"color: #777777; font-family: Arial;\">Quel mod\u00e8le \u00e9conomique, pourra r\u00e9aliser ces id\u00e9es humanistes, voil\u00e0 la question\u00a0?<br \/>\n<\/span><\/p>\n<p><span style=\"color: #c00000; font-family: Arial;\">&lt;1760&gt;<\/span><\/p>\n","protected":false},"excerpt":{"rendered":"<p>\u00ab\u00a0Garder la part d&rsquo;humanit\u00e9, d&rsquo;humanisation de la relation d&rsquo;une personne \u00e0 une autre, et ne pas se laisser envahir par le num\u00e9rique.\u00a0\u00bb Daniel Cohen Aujourd&rsquo;hui, je partage avec vous une courte vid\u00e9o que Daniel Cohen a r\u00e9alis\u00e9 en 2019 pour<\/p>\n","protected":false},"author":1,"featured_media":0,"comment_status":"open","ping_status":"closed","sticky":false,"template":"","format":"standard","meta":{"footnotes":""},"categories":[1],"tags":[10,54,18],"class_list":["post-14862","post","type-post","status-publish","format-standard","hentry","category-motdujour","tag-economie","tag-humanisme","tag-international"],"_links":{"self":[{"href":"https:\/\/lemotdujour.fr\/index.php?rest_route=\/wp\/v2\/posts\/14862","targetHints":{"allow":["GET"]}}],"collection":[{"href":"https:\/\/lemotdujour.fr\/index.php?rest_route=\/wp\/v2\/posts"}],"about":[{"href":"https:\/\/lemotdujour.fr\/index.php?rest_route=\/wp\/v2\/types\/post"}],"author":[{"embeddable":true,"href":"https:\/\/lemotdujour.fr\/index.php?rest_route=\/wp\/v2\/users\/1"}],"replies":[{"embeddable":true,"href":"https:\/\/lemotdujour.fr\/index.php?rest_route=%2Fwp%2Fv2%2Fcomments&post=14862"}],"version-history":[{"count":2,"href":"https:\/\/lemotdujour.fr\/index.php?rest_route=\/wp\/v2\/posts\/14862\/revisions"}],"predecessor-version":[{"id":14865,"href":"https:\/\/lemotdujour.fr\/index.php?rest_route=\/wp\/v2\/posts\/14862\/revisions\/14865"}],"wp:attachment":[{"href":"https:\/\/lemotdujour.fr\/index.php?rest_route=%2Fwp%2Fv2%2Fmedia&parent=14862"}],"wp:term":[{"taxonomy":"category","embeddable":true,"href":"https:\/\/lemotdujour.fr\/index.php?rest_route=%2Fwp%2Fv2%2Fcategories&post=14862"},{"taxonomy":"post_tag","embeddable":true,"href":"https:\/\/lemotdujour.fr\/index.php?rest_route=%2Fwp%2Fv2%2Ftags&post=14862"}],"curies":[{"name":"wp","href":"https:\/\/api.w.org\/{rel}","templated":true}]}}