{"id":14856,"date":"2023-09-01T00:24:00","date_gmt":"2023-08-31T22:24:00","guid":{"rendered":"https:\/\/lemotdujour.fr\/?p=14856"},"modified":"2023-09-01T00:37:16","modified_gmt":"2023-08-31T22:37:16","slug":"vendredi-1er-septembre-2023","status":"publish","type":"post","link":"https:\/\/lemotdujour.fr\/?p=14856","title":{"rendered":"Vendredi 1er septembre 2023"},"content":{"rendered":"<div class=\"mdjTexte\">\u00ab\u00a0[Daniel Cohen] restera \u00e0 jamais mon interlocuteur imaginaire, celui qui m&rsquo;aide \u00e0 penser hors des clous.\u00a0\u00bb<\/div>\n<div class=\"mdjAuteur\">Esther Duflo, Prix Nobel d&rsquo;\u00c9conomie de 2019 parlant de son \u00ab\u00a0mentor\u00a0\u00bb Daniel Cohen<\/div>\n<p><span style=\"color: #777777; font-family: Arial;\">Daniel Cohen est mort le dimanche 20 ao\u00fbt, \u00e0 l&rsquo;\u00e2ge de 70 ans, \u00e0 l&rsquo;h\u00f4pital Necker, \u00e0 Paris.<br \/>\n<\/span><\/p>\n<p><span style=\"color: #777777; font-family: Arial;\">Il \u00e9tait gravement malade depuis plusieurs mois.<br \/>\n<\/span><\/p>\n<p><img decoding=\"async\" class=\"alignleft\" src=\"https:\/\/lemotdujour.fr\/wp-content\/uploads\/2023\/09\/083123_2222_Vendredi1er1.png\" alt=\"\" align=\"left\" \/><span style=\"color: #777777; font-family: Arial;\">Selon mes recherches, la derni\u00e8re vid\u00e9o que j&rsquo;ai trouv\u00e9e de lui sur internet date du 24 janvier 2023. Il \u00e9tait l&rsquo;invit\u00e9 du <strong>Cercle Humania<\/strong> qui est un groupe qui r\u00e9unit des Directeurs des Ressources Humaines. Nous pouvons \u00e9couter &lt;<a href=\"https:\/\/www.youtube.com\/watch?v=i95VmDcQyDs\"><span style=\"color: #0000ff;\">son introduction<\/span><\/a>&gt; dans laquelle il dit les choses suivantes<br \/>\n<\/span><\/p>\n<p style=\"margin-left: 28pt;\"><span style=\"color: #c00000; font-family: Arial;\">\u00ab\u00a0On est dans une p\u00e9riode o\u00f9 les incertitudes surgissent de partout. Incertitudes \u00e9conomiques, inflation, les taux d&rsquo;int\u00e9r\u00eat, la r\u00e9cession [\u2026] g\u00e9opolitique, la guerre en Ukraine, la Chine qui sort d&rsquo;une crise tumultueuse, les Etats-Unis qui ont une crise sp\u00e9cifique, ce qu&rsquo;on a appel\u00e9 la grande d\u00e9mission. [\u2026]<br \/>\n<\/span><\/p>\n<p style=\"margin-left: 28pt;\"><span style=\"color: #c00000; font-family: Arial;\">Le point important c&rsquo;est ce que disait J\u00e9r\u00f4me Fourquet, auteur magnifique d&rsquo;un tr\u00e8s beau livre, l&rsquo;Archipel fran\u00e7ais et d&rsquo;autres, qui expliquait [\u2026] que les Fran\u00e7ais h\u00e9sitent entre la col\u00e8re et la r\u00e9signation. On a ces deux sentiments, alors parfois pour des groupes sociaux diff\u00e9rents, mais souvent dans une m\u00eame personne.<br \/>\nLa col\u00e8re contre une situation qui au fond, ne permet plus de comprendre ce qu&rsquo;on fait, o\u00f9 on va.<br \/>\nL&rsquo;inflation est un facteur d&rsquo;anxi\u00e9t\u00e9. Ce n&rsquo;est pas exactement la m\u00eame chose de perdre son pouvoir d&rsquo;achat, en le sachant. Voil\u00e0, je vous le r\u00e9duis, \u00e7a ne fait pas plaisir mais au fond, on sait ce qui nous attend.<br \/>\nAlors que l&rsquo;inflation, m\u00eame si \u00e7a produit la m\u00eame chose, ajoute une couche d&rsquo;anxi\u00e9t\u00e9, parce qu&rsquo;on voit quelque chose, \u00e7a co\u00fbte plus cher d&rsquo;acheter des fruits frais, mais on ne sait pas quand \u00e7a va se terminer.<br \/>\n<\/span><\/p>\n<p style=\"margin-left: 28pt;\"><span style=\"color: #c00000; font-family: Arial;\">Donc tout \u00e7a g\u00e9n\u00e8re de la col\u00e8re, de ne pas \u00eatre en contr\u00f4le de sa vie [\u2026] et puis de la r\u00e9signation, parce qu&rsquo;en effet l&rsquo;avalanche de toutes ces crises fait qu&rsquo;on n&rsquo;arrive m\u00eame pas \u00e0 les hi\u00e9rarchiser soi-m\u00eame dans sa propre vie.<br \/>\n<\/span><\/p>\n<p style=\"margin-left: 28pt;\"><span style=\"color: #c00000; font-family: Arial;\">Et donc, il y a une esp\u00e8ce de laisser-aller de d\u00e9motivation. C&rsquo;est ce que disait aussi J\u00e9r\u00f4me Fourquet. Une grande partie des Fran\u00e7ais, 35-40%, dans ses statistiques, qui sont d\u00e9motiv\u00e9s, qui n&rsquo;arrivent plus \u00e0 trouver le jus pour repartir le matin \u00e0 la charge. [\u2026]<br \/>\nLa recherche d&rsquo;une ma\u00eetrise de ce qu&rsquo;on veut faire, [\u2026] Il y a une demande \u00e0 la fois de reconnaissance de ce qu&rsquo;on fait, c&rsquo;est une des plaintes des Fran\u00e7ais dans les enqu\u00eates. Ils disent j&rsquo;adore mon travail, mais personne ne se rend compte de ce que je fais, je ne suis pas suffisamment reconnu, quand j&rsquo;ai des id\u00e9es on ne les \u00e9coute pas. Donc \u00e7a, ce sont des probl\u00e8mes tr\u00e8s importants pour les membres de votre groupe\u00a0: comprendre les aspirations des gens.\u00a0\u00bb<br \/>\n<\/span><\/p>\n<p><span style=\"color: #777777; font-family: Arial;\">Et il dit encore cela du t\u00e9l\u00e9travail\u00a0:<br \/>\n<\/span><\/p>\n<p style=\"margin-left: 28pt;\"><span style=\"color: #c00000; font-family: Arial;\">\u00ab\u00a0C&rsquo;est la grande rupture qu&rsquo;a apport\u00e9 de mani\u00e8re tout \u00e0 fait impr\u00e9vue le Covid. On a d\u00e9couvert qu&rsquo;on pouvait t\u00e9l\u00e9travailler. En 2019 personne n&rsquo;aurait imagin\u00e9 qu&rsquo;une telle exigence sociale puisse se faire jour avec des technologies qu&rsquo;on connaissait d\u00e9j\u00e0 [depuis assez longtemps]. Il n&rsquo;y a pas eu de rupture technologique. [\u2026] Mais on n&rsquo;avait pas l&rsquo;id\u00e9e que \u00e7a puisse devenir un instrument de travail et \u00e7a l&rsquo;est devenu avec le Covid. Et c&rsquo;est devenu une revendication tr\u00e8s importante pour beaucoup de gens. Et les entreprises qui ne sont pas capable de proposer du t\u00e9l\u00e9travail [\u2026] ont du mal \u00e0 recruter. [\u2026]<br \/>\n<\/span><\/p>\n<p style=\"margin-left: 28pt;\"><span style=\"color: #c00000; font-family: Arial;\">Le t\u00e9l\u00e9travail c&rsquo;est un m\u00e9dicament et un poison \u00e0 la fin. C&rsquo;est un m\u00e9dicament parce que oui vous le savez que vous \u00eates chez vous. On contr\u00f4le, tr\u00e8s bien.<br \/>\nEt puis, c&rsquo;est un poison parce que le rapport au collectif, \u00e0 vos coll\u00e8gues [est appauvri].<br \/>\nOn est dans cette ambivalence, dans cette incertitude sur l&rsquo;effet net qui va s&rsquo;imposer dans les deux ou trois prochaines ann\u00e9es. On sait qu&rsquo;on est dans des soci\u00e9t\u00e9s de plus en plus, non seulement individualistes mais individualisantes. Et le t\u00e9l\u00e9travail est une couche de plus dans cette \u00e9volution. Avec beaucoup de difficult\u00e9s pour comprendre ce que cela va produire au bout du compte pour les collectifs eux-m\u00eames et pour les individus.\u00a0\u00bb<br \/>\n<\/span><\/p>\n<p><span style=\"color: #777777; font-family: Arial;\">Dans cet ultime entretien, Daniel Cohen se r\u00e9v\u00e8le tel qu&rsquo;en lui-m\u00eame\u00a0: un \u00e9conomiste qui d&rsquo;abord s&rsquo;int\u00e9resse \u00e0 l&rsquo;humain, au destin, aux aspirations, aux sentiments et au difficult\u00e9s des \u00eatres humains.<br \/>\n<\/span><\/p>\n<p><span style=\"color: #777777; font-family: Arial;\">Il partageait cette qualit\u00e9 avec l&rsquo;inoubliable <strong>Bernard Maris<\/strong> mort dans le carnage de Charlie Hebdo.<br \/>\n<\/span><\/p>\n<p><span style=\"color: #777777; font-family: Arial;\">Et puis, c&rsquo;\u00e9tait un formidable p\u00e9dagogue.<br \/>\n<\/span><\/p>\n<p><span style=\"color: #777777; font-family: Arial;\">C&rsquo;est le premier mot qu&rsquo;a utilis\u00e9 <strong>Thomas Piketty<\/strong> pour lui porter hommage \u00ab\u00a0<a href=\"https:\/\/www.francetvinfo.fr\/economie\/mort-de-daniel-cohen-l-economiste-thomas-piketty-salue-un-pedagogue-incroyable_6017543.html\"><span style=\"color: #0000ff;\">un p\u00e9dagogue incroyable<\/span>\u00a0<\/a>\u00bb<br \/>\n<\/span><\/p>\n<p><span style=\"color: #777777; font-family: Arial;\">Le Point parle d&rsquo;un \u00ab <a href=\"https:\/\/www.lepoint.fr\/societe\/immense-economiste-et-pedagogue-hors-pair-daniel-cohen-est-mort-20-08-2023-2532191_23.php\"><span style=\"color: #0000ff;\">Immense \u00e9conomiste et p\u00e9dagogue hors pair\u00a0<\/span><\/a>\u00bb :<br \/>\n<\/span><\/p>\n<p><span style=\"color: #777777; font-family: Arial;\"><strong>Pascal Rich\u00e9<\/strong> dans un article de l&rsquo;<strong>Obs<\/strong> \u00ab\u00a0<a href=\"https:\/\/www.nouvelobs.com\/idees\/20230821.OBS77124\/eblouissant-daniel-cohen.html\"><span style=\"color: #0000ff;\">Eblouissant Daniel Cohe<\/span>n<\/a>\u00a0\u00bb cite cet \u00e9pisode de sa vie\u00a0:<br \/>\n<\/span><\/p>\n<p style=\"margin-left: 28pt;\"><span style=\"color: #c00000; font-family: Arial;\">\u00ab\u00a0Un jour, pendant ses premiers mois \u00e0 l&rsquo;ENS, il expliquait une \u00e9quation quand une \u00e9tudiante lui a lanc\u00e9 : \u00ab Et en langue vernaculaire, \u00e7a donne quoi ? \u00bb \u00ab Cela, nous avait-il racont\u00e9, m&rsquo;a glac\u00e9\u2026 Je me suis rendu compte que je ne pouvais pas enseigner comme \u00e7a. \u00bb S&rsquo;\u00e9loignant de la froideur des pures math\u00e9matiques, il a commenc\u00e9 \u00e0 parler \u00e0 ses \u00e9tudiants de la vraie vie. Comme il l&rsquo;a fait dans ses livres. \u00ab Avec Daniel, derri\u00e8re chaque \u00e9quation, il y avait une histoire, nous avait racont\u00e9 Julia Cag\u00e9, prof \u00e0 Sciences-Po. C&rsquo;\u00e9tait un cours \u00e9nergique, qui avait de la vie\u2026 On d\u00e9battait, on avait l&rsquo;impression de tout comprendre. \u00bb<br \/>\nLorsque Esther Duflo a re\u00e7u le prix Nobel en 2019, je me souviens de son \u00e9motion. Ce jour-l\u00e0, il n&rsquo;y avait pas homme plus heureux.\u00a0\u00bb<br \/>\n<\/span><\/p>\n<p><span style=\"color: #777777; font-family: Arial;\"><strong>Esther Duflo<\/strong> fut, en effet, son \u00e9l\u00e8ve et lui a rendu le plus bel hommage : \u00ab <a href=\"https:\/\/www.nouvelobs.com\/idees\/20230822.OBS77178\/esther-duflo-sans-daniel-cohen-je-ne-serais-pas-ce-que-je-suis.html\"><span style=\"color: #0000ff;\">Sans Daniel Cohen, je ne serais pas ce que je suis<\/span><\/a> \u00bb\u00a0:<br \/>\n<\/span><\/p>\n<p style=\"margin-left: 28pt;\"><span style=\"color: #c00000; font-family: Arial;\">\u00ab\u00a0Toute vie est faite d&rsquo;accidents et de rencontres fortuites, et il peut \u00eatre difficile d&rsquo;attribuer son parcours \u00e0 telle ou telle personne. Mais mon cas est plus simple. Sans Daniel Cohen, je ne serais pas ce que je suis : je n&rsquo;aurais pas la m\u00eame profession, je ne vivrais pas o\u00f9 je vis, je n&rsquo;aurais pas la m\u00eame famille.<br \/>\nC&rsquo;est gr\u00e2ce \u00e0 Daniel que je suis devenue \u00e9conomiste. C&rsquo;est gr\u00e2ce \u00e0 lui que je le suis rest\u00e9e, apr\u00e8s un d\u00e9marrage un peu d\u00e9sastreux. C&rsquo;est gr\u00e2ce \u00e0 lui que je suis l&rsquo;\u00e9conomiste que je suis. Je lui dois ma vie telle qu&rsquo;elle est aujourd&rsquo;hui. C&rsquo;est aussi simple que cela. Et mon parcours, il me semble, illustre bien les qualit\u00e9s uniques de Daniel.\u00a0\u00bb<br \/>\n<\/span><\/p>\n<p style=\"margin-left: 28pt;\"><span style=\"color: #c00000; font-family: Arial;\">[\u2026]<br \/>\nPendant trente ans, je n&rsquo;ai jamais interrompu ce dialogue [\u2026] avec Daniel Cohen. A chacun de mes passages \u00e0 Paris nous d\u00e9jeunions ensemble pour le reprendre en personne. Je prenais soin de r\u00e9server tout l&rsquo;apr\u00e8s-midi car ces d\u00e9jeuners pouvaient durer. Nous parlions de politique, d&rsquo;\u00e9conomie, de ses projets et des miens. Je n&rsquo;ai jamais cess\u00e9 de le vouvoyer, et lui non plus, mais je me sentais extr\u00eamement proche de lui. Je sais que c&rsquo;\u00e9tait le cas pour beaucoup, car tel \u00e9tait le don incomparable de Daniel : une chaleur humaine telle que tous ceux qui le c\u00f4toyaient se sentaient imm\u00e9diatement ses amis.<br \/>\nIl n&rsquo;est plus l\u00e0 pour me faire rire de lui-m\u00eame, comme il aimait \u00e0 le faire, mais il restera \u00e0 jamais mon interlocuteur imaginaire, celui qui m&rsquo;aide \u00e0 penser hors des clous.\u00a0\u00bb<br \/>\n<\/span><\/p>\n<p><span style=\"color: #777777; font-family: Arial;\">Elle parlera encore de lui dans l&rsquo;\u00e9mission de &lt;<a href=\"https:\/\/www.youtube.com\/watch?v=WpKoDq53_Vc\"><span style=\"color: #0000ff;\">Thinkerview du 31\/08\/202<\/span>3<\/a>&gt; \u00e0 laquelle elle a particip\u00e9 et dans lequel elle le nomme \u00ab\u00a0son mentor\u00a0\u00bb.<br \/>\n<\/span><\/p>\n<p><span style=\"color: #777777; font-family: Arial;\">C&rsquo;est avec Daniel Cohen que j&rsquo;ai r\u00e9alis\u00e9 ma premi\u00e8re s\u00e9rie de mots du jour (5)\u00a0: \u00ab\u00a0<span style=\"color: #0000ff;\"><a style=\"color: #0000ff;\" href=\"https:\/\/lemotdujour.fr\/?page_id=2704\">Daniel Cohen \u2013 homo \u0153conomicus et la stagnation s\u00e9culaire\u00a0<\/a><\/span>\u00bb.<br \/>\n<\/span><\/p>\n<p><span style=\"color: #777777; font-family: Arial;\">J&rsquo;ai aussi fait appel \u00e0 lui deux fois pendant la p\u00e9riode aig\u00fce du Covid\u00a0:<br \/>\n<\/span><\/p>\n<p><span style=\"color: #777777; font-family: Arial;\">Le 8 avril 2020\u00a0: \u00ab<span style=\"color: #0000ff;\"> <a style=\"color: #0000ff;\" href=\"https:\/\/lemotdujour.fr\/?p=8507\">La crise du coronavirus signale l&rsquo;acc\u00e9l\u00e9ration d&rsquo;un nouveau capitalisme, le capitalisme num\u00e9rique<\/a><\/span> \u00bb<br \/>\n<\/span><\/p>\n<p><span style=\"color: #777777; font-family: Arial;\">Le 30 juin 2020\u00a0: \u00ab\u00a0<span style=\"color: #0000ff;\"><a style=\"color: #0000ff;\" href=\"https:\/\/lemotdujour.fr\/?p=9395\">Toute la panoplie des instruments que la doxa lib\u00e9rale a longtemps d\u00e9cri\u00e9e doit continuer \u00e0 \u00eatre mobilis\u00e9e pour lutter contre la crise<\/a>.<\/span>\u00bb<br \/>\n<\/span><\/p>\n<p><span style=\"color: #777777; font-family: Arial;\">Un intellectuel remarquable qui va manquer dans le d\u00e9bat d&rsquo;Id\u00e9es.<br \/>\n<\/span><\/p>\n<p><span style=\"color: #c00000; font-family: Arial;\">&lt;1759&gt;<\/span><\/p>\n","protected":false},"excerpt":{"rendered":"<p>\u00ab\u00a0[Daniel Cohen] restera \u00e0 jamais mon interlocuteur imaginaire, celui qui m&rsquo;aide \u00e0 penser hors des clous.\u00a0\u00bb Esther Duflo, Prix Nobel d&rsquo;\u00c9conomie de 2019 parlant de son \u00ab\u00a0mentor\u00a0\u00bb Daniel Cohen Daniel Cohen est mort le dimanche 20 ao\u00fbt, \u00e0 l&rsquo;\u00e2ge de<\/p>\n","protected":false},"author":1,"featured_media":0,"comment_status":"open","ping_status":"closed","sticky":false,"template":"","format":"standard","meta":{"footnotes":""},"categories":[1],"tags":[10,15,29],"class_list":["post-14856","post","type-post","status-publish","format-standard","hentry","category-motdujour","tag-economie","tag-france","tag-hommage"],"_links":{"self":[{"href":"https:\/\/lemotdujour.fr\/index.php?rest_route=\/wp\/v2\/posts\/14856","targetHints":{"allow":["GET"]}}],"collection":[{"href":"https:\/\/lemotdujour.fr\/index.php?rest_route=\/wp\/v2\/posts"}],"about":[{"href":"https:\/\/lemotdujour.fr\/index.php?rest_route=\/wp\/v2\/types\/post"}],"author":[{"embeddable":true,"href":"https:\/\/lemotdujour.fr\/index.php?rest_route=\/wp\/v2\/users\/1"}],"replies":[{"embeddable":true,"href":"https:\/\/lemotdujour.fr\/index.php?rest_route=%2Fwp%2Fv2%2Fcomments&post=14856"}],"version-history":[{"count":4,"href":"https:\/\/lemotdujour.fr\/index.php?rest_route=\/wp\/v2\/posts\/14856\/revisions"}],"predecessor-version":[{"id":14861,"href":"https:\/\/lemotdujour.fr\/index.php?rest_route=\/wp\/v2\/posts\/14856\/revisions\/14861"}],"wp:attachment":[{"href":"https:\/\/lemotdujour.fr\/index.php?rest_route=%2Fwp%2Fv2%2Fmedia&parent=14856"}],"wp:term":[{"taxonomy":"category","embeddable":true,"href":"https:\/\/lemotdujour.fr\/index.php?rest_route=%2Fwp%2Fv2%2Fcategories&post=14856"},{"taxonomy":"post_tag","embeddable":true,"href":"https:\/\/lemotdujour.fr\/index.php?rest_route=%2Fwp%2Fv2%2Ftags&post=14856"}],"curies":[{"name":"wp","href":"https:\/\/api.w.org\/{rel}","templated":true}]}}