{"id":1480,"date":"2016-11-03T01:00:00","date_gmt":"2016-11-02T22:00:00","guid":{"rendered":"http:\/\/lemotdujour.fr\/?p=1480"},"modified":"2017-05-08T13:29:39","modified_gmt":"2017-05-08T11:29:39","slug":"jeudi-03112016","status":"publish","type":"post","link":"https:\/\/lemotdujour.fr\/?p=1480","title":{"rendered":"Jeudi 03\/11\/2016"},"content":{"rendered":"<div class=\"mdjDate\">Jeudi 03\/11\/2016<\/div>\n<div class=\"mdjTexte\">\u00ab Et en l\u2019h\u00e9bergeant, j\u2019ai sem\u00e9 de bonnes graines. C\u2019\u00e9tait totalement gratos, mais ce que cela m\u2019a apport\u00e9 n\u2019a pas de prix. \u00bb<\/div>\n<div class=\"mdjAuteur\">Farshad, parisien, franco-iranien ayant accept\u00e9 d&rsquo;h\u00e9berger un r\u00e9fugi\u00e9 syrien dans le cadre du programme CALM<\/div>\n<div class=\"mdjComplements\">J&rsquo;\u00e9coute toujours avec attention l<a href=\"https:\/\/www.franceinter.fr\/emissions\/la-revue-de-presse-de-frederic-pommier\">a revue de presse du week end de Fr\u00e9d\u00e9ric Pommier,<\/a> moment de po\u00e9sie et de d\u00e9couvertes toujours \u00e9tonnant, souvent touchant.<\/div>\n<div class=\"mdjComplements\">Ainsi<a href=\"https:\/\/www.franceinter.fr\/emissions\/la-revue-de-presse-de-frederic-pommier\/la-revue-de-presse-de-frederic-pommier-30-octobre-2016\"> la revue de presse du dimanche 30 octobre<\/a>, o\u00f9 j&rsquo;ai appris l&rsquo;existence du mensuel<a href=\"http:\/\/www.neonmag.fr\/\"> NEON<\/a> et du dispositif <a href=\"https:\/\/singa.fr\/la-communaute\/calm-comme-a-la-maison\/\">CALM<\/a> : \u00ab Comme A La Maison .\u00a0\u00bb<\/div>\n<div class=\"mdjComplements\">Ainsi, Fr\u00e9d\u00e9ric Pommier rapporte : <\/div>\n<div class=\"mdjCiter\">\u00abA ce propos, on estime du reste \u00e0 10.000 le nombre de Fran\u00e7ais qui ont aujourd\u2019hui propos\u00e9 d\u2019ouvrir leurs portes aux r\u00e9fugi\u00e9s. 10.000 personnes l\u2019ont propos\u00e9, et 250 l\u2019ont fait \u00e0 travers le dispositif CALM, signifiant \u00ab Comme A La Maison \u00bb\u2026 C\u2019est dans ce cadre-l\u00e0 que Farshad, 35 ans, Parisien qui navigue entre l\u2019animation et la production musicale, a accueilli chez lui un jeune Syrien pendant deux mois\u2026 Il raconte son exp\u00e9rience dans le mensuel <a href=\"http:\/\/www.neonmag.fr\/nos-annees-90-decouvrez-neon-48-novembre-479758.html\">NEON<\/a> et, d\u2019embl\u00e9e, il pr\u00e9vient : \u00ab Je ne suis pas l\u2019Abb\u00e9 Pierre et pas un adepte de ce qu\u2019on appelle les \u2018bons sentiments\u2019\u2026 \u00bb<\/div>\n<div class=\"mdjCiter\">Mais au printemps dernier, un reportage \u00e0 la t\u00e9l\u00e9 lui \u00ab vrille \u00bb litt\u00e9ralement le c\u0153ur\u2026 On y voyait une m\u00e8re syrienne pataugeant dans une rivi\u00e8re en serrant son m\u00f4me dans les bras.<\/div>\n<div class=\"mdjCiter\">Ses bras \u00e0 lui, Farshad d\u00e9cide alors de ne pas les laisser crois\u00e9s. Et sans doute parce qu\u2019il est lui-m\u00eame un exil\u00e9 \u2013 ses parents ont quitt\u00e9 l\u2019Iran quand il n\u2019avait que quelques mois, il a donc contact\u00e9 une association qui met en lien des r\u00e9fugi\u00e9s et des particuliers pr\u00eats \u00e0 les h\u00e9berger. Et c\u2019est ainsi qu\u2019on lui a pr\u00e9sent\u00e9 Rudi, journaliste syrien maintes fois \u00e9crou\u00e9 dans les ge\u00f4les d\u2019Assad pour d\u00e9lit d\u2019opinion. Il y a connu la torture, a perdu des dizaines de proches. \u00ab On s\u2019est regard\u00e9, et j\u2019ai vu un mec \u00e9puis\u00e9. Epuis\u00e9 mais digne et qui ne portait pas sa douleur en bandouli\u00e8re. On s\u2019est illico sentit \u2018fr\u00e9rots\u2019 \u00bb, raconte-t-il\u2026<\/div>\n<div class=\"mdjCiter\">Bien s\u00fbr, la cohabitation a n\u00e9cessit\u00e9, au d\u00e9part, quelques ajustements. \u00ab En propri\u00e9taire mesquin, j\u2019avoue que j\u2019ai d\u2019abord craint qu\u2019il me pique des trucs. Et Rudi, lui, avait tendance \u00e0 se comporter chez moi comme une femme de m\u00e9nage, pour s\u2019excuser d\u2019\u00eatre l\u00e0. \u00bb Ensuite, ce ne fut qu\u2019une vie de partage. Le quotidien, les soir\u00e9es, jusqu\u2019\u00e0 ce que Rudi trouve un appartement \u00e0 louer. Deux mois de cohabitation, et une amiti\u00e9 devenue ind\u00e9fectible. \u00ab Ce mec, c\u2019est ma plus belle rencontre\u00bb, reconna\u00eet Farshad. \u00ab Et en l\u2019h\u00e9bergeant, j\u2019ai sem\u00e9 de bonnes graines. C\u2019\u00e9tait totalement gratos, mais ce que cela m\u2019a apport\u00e9 n\u2019a pas de prix. \u00bb Parfois, certains laissent de jolie traces sans m\u00eame s\u2019en rendre compte.<\/div>\n<div class=\"mdjCiter\">T\u00e9moignage simple et lumineux, \u00e0 lire donc dans le mensuel NEON.\u00bb, <\/div>\n<div class=\"mdjComplements\">Fr\u00e9d\u00e9ric Pommier, \u00e9voque les traces qu&rsquo;on laisse, parce qu&rsquo;avant de parler du geste de Farshad, il a \u00e9voqu\u00e9 le journal LA CROIX et une chronique de Bruno Frappat : <\/div>\n<div class=\"mdjCiter\">\u00abQuelle trace laisse-t-on sur terre une fois qu\u2019on n\u2019y est plus ? C\u2019est la question qu\u2019on se pose \u00e0 certaines \u00e9tapes de sa vie\u2026 Quand on prend de l\u2019\u00e2ge, souvent\u2026 Un anniversaire de plus. Ou alors quand on tombe malade. Et parfois, on r\u00e9alise que des traces, on n\u2019en laissera aucune\u2026 Parce qu\u2019on n\u2019a pas \u00e9t\u00e9 quelqu\u2019un d\u2019exceptionnel. Rien fait d\u2019exceptionnel. Rien cr\u00e9\u00e9 ni rien fait pour que le monde se porte mieux\u2026 Mais lorsque l\u2019on meurt, il arrive tout de m\u00eame que certains prennent la plume pour dire leur peine et dire qu\u2019ils pensent \u00e0 celle ou \u00e0 celui qui s\u2019est \u00e9teint. C\u2019est ce que fait, ce week-end, <a href=\"http:\/\/www.la-croix.com\/Debats\/Chroniques\/Le-Monsieur-sixieme-Bruno-Frappat-2016-10-29-1200799583\">Bruno Frappat dans LA CROIX, avec une chronique<\/a> qu\u2019il a tr\u00e8s sobrement titr\u00e9e \u00ab Le Monsieur du sixi\u00e8me \u00bb.<\/div>\n<div class=\"mdjCiter\">\u00ab Le monsieur du sixi\u00e8me est d\u00e9c\u00e9d\u00e9. Dans la discr\u00e9tion. Comme il avait v\u00e9cu. Enfin disons plut\u00f4t qu\u2019il s\u2019est \u00e9clips\u00e9, comme on le voyait faire quand, par extraordinaire, il franchissait le seuil de l\u2019immeuble cossu pour aller s\u2019acheter des cigarettes, toujours la m\u00eame marque menthol\u00e9e, par cartouches enti\u00e8res\u2026 \u00bb De son voisin, Bruno Frappat ne savait pas grand-chose. Tout juste qu\u2019il \u00e9tait le doyen de l\u2019immeuble et que dans sa jeunesse, il avait exerc\u00e9 le m\u00e9tier de contorsionniste. <\/div>\n<div class=\"mdjCiter\">Il n\u2019\u00e9tait pas causant, except\u00e9 avec la gardienne. Il avait peu de famille. Juste une s\u0153ur dans le Sud-Ouest, mais ils \u00e9taient brouill\u00e9s. Et puis il est tomb\u00e9 malade et il est mort \u00e0 l\u2019h\u00f4pital. \u00ab Il est sorti de la soci\u00e9t\u00e9 et de nos vies par la petite porte \u00bb, conclue le chroniqueur. <\/div>\n<div class=\"mdjCiter\">Et son tr\u00e8s joli texte est une forme d\u2019hommage \u00e0 tous ceux qui meurent sans qu\u2019on s\u2019en aper\u00e7oive. Un hommage \u00e0 tous ceux qu\u2019on n\u2019a pas pris le temps de regarder. \u00bb<\/div>\n","protected":false},"excerpt":{"rendered":"<p>Jeudi 03\/11\/2016 \u00ab Et en l\u2019h\u00e9bergeant, j\u2019ai sem\u00e9 de bonnes graines. C\u2019\u00e9tait totalement gratos, mais ce que cela m\u2019a apport\u00e9 n\u2019a pas de prix. \u00bb Farshad, parisien, franco-iranien ayant accept\u00e9 d&rsquo;h\u00e9berger un r\u00e9fugi\u00e9 syrien dans le cadre du programme CALM<\/p>\n","protected":false},"author":1,"featured_media":0,"comment_status":"closed","ping_status":"closed","sticky":false,"template":"","format":"standard","meta":{"footnotes":""},"categories":[1],"tags":[],"class_list":["post-1480","post","type-post","status-publish","format-standard","hentry","category-motdujour"],"_links":{"self":[{"href":"https:\/\/lemotdujour.fr\/index.php?rest_route=\/wp\/v2\/posts\/1480","targetHints":{"allow":["GET"]}}],"collection":[{"href":"https:\/\/lemotdujour.fr\/index.php?rest_route=\/wp\/v2\/posts"}],"about":[{"href":"https:\/\/lemotdujour.fr\/index.php?rest_route=\/wp\/v2\/types\/post"}],"author":[{"embeddable":true,"href":"https:\/\/lemotdujour.fr\/index.php?rest_route=\/wp\/v2\/users\/1"}],"replies":[{"embeddable":true,"href":"https:\/\/lemotdujour.fr\/index.php?rest_route=%2Fwp%2Fv2%2Fcomments&post=1480"}],"version-history":[{"count":1,"href":"https:\/\/lemotdujour.fr\/index.php?rest_route=\/wp\/v2\/posts\/1480\/revisions"}],"predecessor-version":[{"id":1481,"href":"https:\/\/lemotdujour.fr\/index.php?rest_route=\/wp\/v2\/posts\/1480\/revisions\/1481"}],"wp:attachment":[{"href":"https:\/\/lemotdujour.fr\/index.php?rest_route=%2Fwp%2Fv2%2Fmedia&parent=1480"}],"wp:term":[{"taxonomy":"category","embeddable":true,"href":"https:\/\/lemotdujour.fr\/index.php?rest_route=%2Fwp%2Fv2%2Fcategories&post=1480"},{"taxonomy":"post_tag","embeddable":true,"href":"https:\/\/lemotdujour.fr\/index.php?rest_route=%2Fwp%2Fv2%2Ftags&post=1480"}],"curies":[{"name":"wp","href":"https:\/\/api.w.org\/{rel}","templated":true}]}}