{"id":14793,"date":"2023-08-11T00:27:00","date_gmt":"2023-08-10T22:27:00","guid":{"rendered":"https:\/\/lemotdujour.fr\/?p=14793"},"modified":"2023-08-11T15:10:27","modified_gmt":"2023-08-11T13:10:27","slug":"vendredi-11-aout-2023","status":"publish","type":"post","link":"https:\/\/lemotdujour.fr\/?p=14793","title":{"rendered":"Vendredi 11 ao\u00fbt 2023"},"content":{"rendered":"<div class=\"mdjTexte\">\u00ab\u00a0Charlotte et moi.\u00a0\u00bb<\/div>\n<div class=\"mdjAuteur\">Olivier Clert<\/div>\n<p><span style=\"color: #777777; font-family: Arial;\">Aujourd&rsquo;hui, je vais parler d&rsquo;une bande dessin\u00e9e en trois tomes que je viens de lire\u00a0: \u00ab\u00a0<span style=\"color: #0000ff;\"><a style=\"color: #0000ff;\" href=\"https:\/\/makaka-editions.com\/produit\/charlotte-et-moi-tome-1\/\">Charlotte et moi\u00a0<\/a><\/span>\u00bb<br \/>\n<\/span><\/p>\n<p><img decoding=\"async\" class=\"alignleft\" src=\"https:\/\/lemotdujour.fr\/wp-content\/uploads\/2023\/08\/081023_2222_Vendredi11a1.jpg\" alt=\"\" align=\"left\" \/><span style=\"color: #777777; font-family: Arial;\">C&rsquo;est une Bd plut\u00f4t de jeunesse, mais qui peut se lire \u00e0 tout \u00e2ge.<br \/>\n<\/span><\/p>\n<p><span style=\"color: #777777; font-family: Arial;\">Les \u00e9ditions \u00ab\u00a0<strong>Makaka<\/strong>\u00a0\u00bb qui publient ce livre \u00e9crivent malicieusement qu&rsquo;elle est \u00e0 destination de lecteurs de \u00ab\u00a0<span style=\"color: #c00000;\">10 \u00e0 109 ans<span style=\"color: #777777;\">\u00a0\u00bb.<br \/>\n<\/span><\/span><\/span><\/p>\n<p><span style=\"color: #777777; font-family: Arial;\">J&rsquo;aurais d\u00fb lire ces 3 livres depuis longtemps, puisque le tome 1 est paru en novembre 2016 et que le tome 3 a \u00e9t\u00e9 publi\u00e9 en septembre 2018.<br \/>\n<\/span><\/p>\n<p><span style=\"color: #777777; font-family: Arial;\">Pourquoi aurais-je du lire ces 3 livres depuis plusieurs ann\u00e9es\u00a0? C&rsquo;est ce que je vais narrer dans la suite de ce mot du jour.<br \/>\n<\/span><\/p>\n<p><span style=\"color: #777777; font-family: Arial;\">Mais je voudrais d&rsquo;abord dire que j&rsquo;ai \u00e9t\u00e9 conquis par cette BD pleine de sensibilit\u00e9, d&rsquo;humanit\u00e9 et aussi de rebondissements qui rendent sa lecture \u00e0 la fois agr\u00e9able et pleine d&rsquo;int\u00e9r\u00eat jusqu&rsquo;au bout de l&rsquo;Histoire.<br \/>\n<\/span><\/p>\n<p><span style=\"color: #777777; font-family: Arial;\">Son auteur qui a \u00e9crit le texte et dessin\u00e9 les personnages pr\u00e9sente cette histoire dans &lt;<span style=\"color: #0000ff;\"><a style=\"color: #0000ff;\" href=\"https:\/\/www.ouest-france.fr\/bretagne\/quimper-29000\/quimper-charlotte-et-moi-une-bd-sur-les-hasards-de-la-vie-5158588\">Ouest France<\/a><\/span>&gt; de la mani\u00e8re suivante\u00a0:<br \/>\n<\/span><\/p>\n<p style=\"margin-left: 28pt;\"><span style=\"color: #c00000; font-family: Arial;\">\u00ab\u00a0[C&rsquo;est l&rsquo;histoire] d&rsquo;un petit gar\u00e7on, Gus, dont les parents divorcent. Il part vivre avec sa m\u00e8re dans un petit immeuble de province. Il n&rsquo;a pas envie. C&rsquo;est juste avant la rentr\u00e9e des classes et il s&rsquo;ennuie. Il se met \u00e0 observer les habitants de son immeuble. En particulier Charlotte, une grosse bonne femme timide qui ne parle pas, lui fait un peu peur et sur laquelle ragotent les gens du village. Il l&rsquo;espionne. Cette BD, c&rsquo;est l&rsquo;histoire de Gus, de Charlotte et des gens de leur immeuble. Avec un effet domino\u00a0: les actions des uns ont des cons\u00e9quences sur la vie des autres.\u00a0\u00bb<br \/>\n<\/span><\/p>\n<p><span style=\"color: #777777; font-family: Arial;\">En faisant une recherche sur le site des biblioth\u00e8ques de Lyon j&rsquo;ai pu constater que les 3 Tomes \u00e9taient pr\u00e9sents dans 10 des 16 \u00e9tablissements de la ville et que 5 de ces 10 exemplaires sont emprunt\u00e9s actuellement.<br \/>\n<\/span><\/p>\n<p><span style=\"color: #777777; font-family: Arial;\">Cela donne la double preuve que les administrateurs de la biblioth\u00e8que de Lyon ont beaucoup aim\u00e9 la s\u00e9rie et que les abonn\u00e9s de la biblioth\u00e8que l&rsquo;appr\u00e9cient toujours, 5 ans apr\u00e8s sa sortie.<br \/>\n<\/span><\/p>\n<p><span style=\"color: #777777; font-family: Arial;\">Sur ce &lt;<a href=\"https:\/\/reseaubibliotheques.rlv.eu\/a-decouvrir\/les-livres-entre-nous\/1905-charlotte-et-moi\"><span style=\"color: #0000ff;\">Site<\/span><\/a>&gt; j&rsquo;ai trouv\u00e9 cet avis qui fait \u00e9cho avec ce que j&rsquo;ai ressenti \u00e0 la lecture de ces pages qui racontent une histoire de qu\u00eate :<br \/>\n<\/span><\/p>\n<p style=\"margin-left: 28pt;\"><span style=\"color: #c00000; font-family: Arial;\">\u00ab\u00a0Cette bande dessin\u00e9e en 3 tomes est une merveille de tendresse, d&rsquo;humour et d&rsquo;aventures. [\u2026] La rencontre entre ces deux \u00eatres sera pourtant le point de d\u00e9part d&rsquo;une aventure extraordinairement \u00e9mouvante, autour d&rsquo;une qu\u00eate commune : celle des origines. Leur amiti\u00e9 se construira peu \u00e0 peu, nous donnant l&rsquo;envie de croiser le chemin d&rsquo;une Charlotte et d&rsquo;un Gus, un jour ou l&rsquo;autre\u2026 Mention sp\u00e9ciale pour le dessin, la colorisation et le fourmillement de petits d\u00e9tails auxquels pr\u00eater attention, notamment au niveau des transitions entre les sc\u00e8nes.<br \/>\n<\/span><span style=\"color: #c00000; font-family: Arial;\">Ode au vivre-ensemble et \u00e0 la lutte contre les pr\u00e9jug\u00e9s, voici une BD \u00e0 mettre entre toutes les mains.\u00a0\u00bb<br \/>\n<\/span><\/p>\n<p><span style=\"color: #777777; font-family: Arial;\">Mais l&rsquo;histoire que je veux partager et qui s&rsquo;entrem\u00eale avec celle de Gus et de Charlotte a commenc\u00e9 au milieu des ann\u00e9es 1990.<br \/>\n<\/span><\/p>\n<p><span style=\"color: #777777; font-family: Arial;\">Je travaillais alors dans l&rsquo;administration centrale d&rsquo;une Direction qui n&rsquo;existe plus depuis 2008 et qui \u00e9tait la Direction G\u00e9n\u00e9rale des Imp\u00f4ts. Mon bureau \u00e9tait situ\u00e9 au cinqui\u00e8me \u00e9tage, du b\u00e2timent Turgot, celui qui \u00e9tait le plus loin des bureaux des Ministres et le plus proche de la gare de Lyon.<br \/>\n<\/span><\/p>\n<p><span style=\"color: #777777; font-family: Arial;\">Mon bureau \u00e9tait juste \u00e0 c\u00f4t\u00e9 des ascenseurs, facilement accessible et ma porte \u00e9tait toujours ouverte.<br \/>\n<\/span><\/p>\n<p><span style=\"color: #777777; font-family: Arial;\">Ce devait \u00eatre en avril ou mai, nous \u00e9tions \u00e0 la fin de la journ\u00e9e, Andr\u00e9 est venu me rendre visite apr\u00e8s une r\u00e9union \u00e0 laquelle je n&rsquo;avais pas assist\u00e9. Pendant notre discussion qui fut assez longue dans mon souvenir, le soleil s&rsquo;\u00e9tait couch\u00e9 lentement, les fen\u00eatres \u00e9taient orient\u00e9es sud-ouest.<br \/>\n<\/span><\/p>\n<p><span style=\"color: #777777; font-family: Arial;\">La lumi\u00e8re chaude nous enveloppait et rendait ce moment inoubliable, c&rsquo;est pourquoi son souvenir ne m&rsquo;a pas abandonn\u00e9.<br \/>\n<\/span><\/p>\n<p><span style=\"color: #777777; font-family: Arial;\">Andr\u00e9 \u00e9tait mon ain\u00e9 de douze ans. Le travail commun nous avait rapproch\u00e9, il y avait de l&rsquo;affection parce que nous nous reconnaissions mutuellement la capacit\u00e9 de nous \u00e9couter, la volont\u00e9 de nous comprendre et d&rsquo;aboutir \u00e0 une solution qui nous convenait \u00e0 tous les deux et que nous pourrions d\u00e9fendre devant notre hi\u00e9rarchie. Il \u00e9tait responsable d&rsquo;une \u00e9quipe d&rsquo;informaticiens et moi je repr\u00e9sentais la ma\u00eetrise d&rsquo;ouvrage qui \u00e9crivait les cahiers des charges et exer\u00e7ait la recette des applications c&rsquo;est-\u00e0-dire leur r\u00e9ception et leur test.<br \/>\n<\/span><\/p>\n<p><span style=\"color: #777777; font-family: Arial;\">La confiance et surtout l&rsquo;\u00e9coute de l&rsquo;autre permet de passer \u00e0 un autre niveau de dialogue, plus engageant et qui touche davantage l&rsquo;intime.<br \/>\n<\/span><\/p>\n<p><span style=\"color: #777777; font-family: Arial;\">Nous parlions de nos enfants, mais les miens \u00e9taient encore dans leurs toutes premi\u00e8res ann\u00e9es.<br \/>\n<\/span><\/p>\n<p><span style=\"color: #777777; font-family: Arial;\">Andr\u00e9 Clert \u00e9tait particuli\u00e8rement pr\u00e9occup\u00e9 par son fils qui \u00e9tait dans l&rsquo;ann\u00e9e de son baccalaur\u00e9at et qui ne travaillait pas assez pour la r\u00e9ussite de cet examen selon les crit\u00e8res de son p\u00e8re. Il me disait et je sentais une angoisse dans sa voix\u00a0:<br \/>\n<\/span><\/p>\n<p style=\"margin-left: 28pt;\"><span style=\"color: #c00000; font-family: Arial;\">\u00ab\u00a0Tu comprends Alain, il trouve beaucoup plus important de dessiner toute la journ\u00e9e. Il s&rsquo;est pris de passion pour les dessins anim\u00e9s et la bande dessin\u00e9e. J&rsquo;essaie de lui expliquer de travailler pour son Bac et puis de dessiner apr\u00e8s.\u00a0\u00bb<br \/>\n<\/span><\/p>\n<p><span style=\"color: #777777; font-family: Arial;\">Et il a ajout\u00e9 cette phrase qui m&rsquo;est rest\u00e9\u00a0:<br \/>\n<\/span><\/p>\n<p style=\"margin-left: 28pt;\"><span style=\"color: #c00000; font-family: Arial;\">\u00ab\u00a0Nos enfants et nous les parents n&rsquo;avons d\u00e9cid\u00e9ment pas les m\u00eames priorit\u00e9s\u00a0!\u00a0\u00bb<br \/>\n<\/span><\/p>\n<p><span style=\"color: #777777; font-family: Arial;\">Apr\u00e8s mon d\u00e9part de Paris pour Lyon et m\u00eame apr\u00e8s sa retraite nous avons continu\u00e9 \u00e0 \u00e9changer par courriel.<br \/>\n<\/span><\/p>\n<p><span style=\"color: #777777; font-family: Arial;\">Et puis le 21 novembre 2016, j&rsquo;ai re\u00e7u, avec d&rsquo;autres, un message provenant de l&rsquo;adresse courriel d&rsquo;Andr\u00e9, mais ce n&rsquo;\u00e9tait pas lui qui \u00e9crivait\u00a0:<br \/>\n<\/span><\/p>\n<p style=\"margin-left: 28pt;\"><span style=\"color: #c00000; font-family: Arial;\">\u00ab\u00a0C&rsquo;est avec une immense tristesse que je vous annonce le d\u00e9c\u00e8s brutal d&rsquo;Andr\u00e9 survenu samedi soir dans un restaurant de Toulouse o\u00f9 nous \u00e9tions pour quelques jours.<br \/>\n<\/span><\/p>\n<p style=\"margin-left: 28pt;\"><span style=\"color: #c00000; font-family: Arial;\">Un s\u00e9jour pour circuler dans Toulouse o\u00f9 il a fait ses \u00e9tudes et qu&rsquo;il aimait beaucoup, et aussi pour aller \u00e0 un festival de bandes dessin\u00e9es o\u00f9 notre fils Olivier d\u00e9dica\u00e7ait sa bande dessin\u00e9e qui vient d&rsquo;\u00eatre publi\u00e9e (il en \u00e9tait heureux et fier).<br \/>\n<\/span><\/p>\n<p style=\"margin-left: 28pt;\"><span style=\"color: #c00000; font-family: Arial;\">Nous avions pass\u00e9 une merveilleuse journ\u00e9e&#8230;<br \/>\n<\/span><\/p>\n<p style=\"margin-left: 28pt;\"><span style=\"color: #c00000; font-family: Arial;\">Malgr\u00e9 une retraite pleine d&rsquo;occupations, il ne vous a pas oubli\u00e9s et nous gardons un excellent souvenir de nos ann\u00e9es parmi vous.\u00a0\u00bb<br \/>\n<\/span><\/p>\n<p><span style=\"color: #777777; font-family: Arial;\">Andr\u00e9 est donc d\u00e9c\u00e9d\u00e9 le 19 novembre 2016, le Tome 1 de \u00ab\u00a0<strong>Charlotte et moi<\/strong>\u00a0\u00bb \u00e9tait paru exactement le 4 novembre 2016.<br \/>\n<\/span><\/p>\n<p><span style=\"color: #777777; font-family: Arial;\">Le tome 2 paru en avril 2018, porte cette simple d\u00e9dicace : \u00ab <span style=\"color: #c00000;\">Pour mon p\u00e8re<span style=\"color: #777777;\">\u00a0\u00bb<br \/>\n<\/span><\/span><\/span><\/p>\n<p><span style=\"color: #777777; font-family: Arial;\">Dans l&rsquo;article d&rsquo;Ouest France d\u00e9j\u00e0 cit\u00e9, <strong>Olivier Clert<\/strong> expliquait en 2017 les diff\u00e9rentes facettes de son activit\u00e9 professionnelle\u00a0:<br \/>\n<\/span><\/p>\n<p style=\"margin-left: 28pt;\"><span style=\"color: #c00000; font-family: Arial;\">\u00ab\u00a0J&rsquo;ai 36 ans et je vis \u00e0 Paris. J&rsquo;ai toujours dessin\u00e9. Apr\u00e8s le lyc\u00e9e, j&rsquo;ai fait une fac d&rsquo;arts plastiques et pr\u00e9par\u00e9 le concours de l&rsquo;\u00e9cole des Gobelins. Je me suis form\u00e9 au film d&rsquo;animation, notamment en participant \u00e0 un court-m\u00e9trage collectif de fin d&rsquo;\u00e9tudes, Blind Spot. Je me suis occup\u00e9 de l&rsquo;histoire et de la mise en sc\u00e8ne. J&rsquo;ai ensuite travaill\u00e9 comme animateur sur plusieurs longs-m\u00e9trages comme Un monstre \u00e0 Paris [\u2026]<br \/>\n<\/span><\/p>\n<p style=\"margin-left: 28pt;\"><span style=\"color: #c00000; font-family: Arial;\">\u00catre storyboarder, c&rsquo;est travailler sur le script des r\u00e9alisateurs et en faire une BD du film.\u00a0\u00bb<br \/>\n<\/span><\/p>\n<p><span style=\"color: #777777; font-family: Arial;\">Et il raconte comment est n\u00e9 la BD\u00a0:<br \/>\n<\/span><\/p>\n<p style=\"margin-left: 28pt;\"><span style=\"color: #c00000; font-family: Arial;\">\u00ab\u00a0J&rsquo;ai eu une fen\u00eatre entre deux projets d&rsquo;animation. J&rsquo;ai commenc\u00e9 Charlotte et moi, puis je l&rsquo;ai propos\u00e9e \u00e0 des \u00e9diteurs.<br \/>\n<\/span><\/p>\n<p style=\"margin-left: 28pt;\"><span style=\"color: #c00000; font-family: Arial;\">[\u2026 J&rsquo;ai des id\u00e9es de BD mais tr\u00e8s vagues : il faut que je plonge dedans. En dessin anim\u00e9, je travaille sur Klaus (<span style=\"color: #0000ff;\"><a style=\"color: #0000ff;\" href=\"https:\/\/www.youtube.com\/watch?v=h5gR4vUb2rA\">paru en 2019<\/a><\/span>). Faire un film, c&rsquo;est tr\u00e8s long : environ cinq ans. On est nombreux \u00e0 travailler : cela permet \u00e0 la fois une \u00e9mulation int\u00e9ressante, c&rsquo;est pour \u00e7a qu&rsquo;il y a souvent beaucoup de gags et de trouvailles visuelles, mais \u00e7a peut aussi \u00eatre tr\u00e8s laborieux car on est beaucoup. Alors que quand on fait une BD, on est seul, on dessine et \u00e7a peut aller vite. C&rsquo;est la fa\u00e7on la plus simple de raconter une histoire. \u00c7a tombe bien, c&rsquo;est mon m\u00e9tier !\u00a0\u00bb<br \/>\n<\/span><\/p>\n<p><img decoding=\"async\" class=\"alignleft\" src=\"https:\/\/lemotdujour.fr\/wp-content\/uploads\/2023\/08\/081023_2222_Vendredi11a2.jpg\" alt=\"\" align=\"left\" \/><span style=\"color: #777777; font-family: Arial;\">Gus et Charlotte qui ont v\u00e9cu beaucoup d&rsquo;aventures ensemble, vont se quitter, avant la fin du Tome 3 parce que Charlotte va continuer sa qu\u00eate seule, loin de France.<br \/>\n<\/span><\/p>\n<p><span style=\"color: #777777; font-family: Arial;\">La mani\u00e8re dont Olivier Clert dessine cet instant me fait revenir en m\u00e9moire la parole d&rsquo;Eleanor Roosevelt l&rsquo;\u00e9pouse du Pr\u00e9sident Franklin D. Roosevelt :<br \/>\n<\/span><\/p>\n<p style=\"margin-left: 28pt;\"><span style=\"color: #c00000; font-family: Arial;\"> \u00ab The future belongs to those who believe in the beauty of their dreams.<br \/>\n<\/span><span style=\"color: #c00000; font-family: Arial;\">\u2013 L&rsquo;avenir appartient \u00e0 ceux qui croient \u00e0 la beaut\u00e9 de leurs r\u00eaves. \u00bb<br \/>\n<\/span><\/p>\n<p><span style=\"color: #c00000; font-family: Arial;\">&lt;1756&gt;<\/span><\/p>\n","protected":false},"excerpt":{"rendered":"<p>\u00ab\u00a0Charlotte et moi.\u00a0\u00bb Olivier Clert Aujourd&rsquo;hui, je vais parler d&rsquo;une bande dessin\u00e9e en trois tomes que je viens de lire\u00a0: \u00ab\u00a0Charlotte et moi\u00a0\u00bb C&rsquo;est une Bd plut\u00f4t de jeunesse, mais qui peut se lire \u00e0 tout \u00e2ge. Les \u00e9ditions \u00ab\u00a0Makaka\u00a0\u00bb<\/p>\n","protected":false},"author":1,"featured_media":0,"comment_status":"open","ping_status":"closed","sticky":false,"template":"","format":"standard","meta":{"footnotes":""},"categories":[1],"tags":[167,54,19],"class_list":["post-14793","post","type-post","status-publish","format-standard","hentry","category-motdujour","tag-bande-dessinee","tag-humanisme","tag-personnel"],"_links":{"self":[{"href":"https:\/\/lemotdujour.fr\/index.php?rest_route=\/wp\/v2\/posts\/14793","targetHints":{"allow":["GET"]}}],"collection":[{"href":"https:\/\/lemotdujour.fr\/index.php?rest_route=\/wp\/v2\/posts"}],"about":[{"href":"https:\/\/lemotdujour.fr\/index.php?rest_route=\/wp\/v2\/types\/post"}],"author":[{"embeddable":true,"href":"https:\/\/lemotdujour.fr\/index.php?rest_route=\/wp\/v2\/users\/1"}],"replies":[{"embeddable":true,"href":"https:\/\/lemotdujour.fr\/index.php?rest_route=%2Fwp%2Fv2%2Fcomments&post=14793"}],"version-history":[{"count":13,"href":"https:\/\/lemotdujour.fr\/index.php?rest_route=\/wp\/v2\/posts\/14793\/revisions"}],"predecessor-version":[{"id":14812,"href":"https:\/\/lemotdujour.fr\/index.php?rest_route=\/wp\/v2\/posts\/14793\/revisions\/14812"}],"wp:attachment":[{"href":"https:\/\/lemotdujour.fr\/index.php?rest_route=%2Fwp%2Fv2%2Fmedia&parent=14793"}],"wp:term":[{"taxonomy":"category","embeddable":true,"href":"https:\/\/lemotdujour.fr\/index.php?rest_route=%2Fwp%2Fv2%2Fcategories&post=14793"},{"taxonomy":"post_tag","embeddable":true,"href":"https:\/\/lemotdujour.fr\/index.php?rest_route=%2Fwp%2Fv2%2Ftags&post=14793"}],"curies":[{"name":"wp","href":"https:\/\/api.w.org\/{rel}","templated":true}]}}