{"id":14768,"date":"2023-07-12T00:12:00","date_gmt":"2023-07-11T22:12:00","guid":{"rendered":"https:\/\/lemotdujour.fr\/?p=14768"},"modified":"2023-07-12T00:16:58","modified_gmt":"2023-07-11T22:16:58","slug":"mercredi-12-juillet-2023","status":"publish","type":"post","link":"https:\/\/lemotdujour.fr\/?p=14768","title":{"rendered":"Mercredi 12 juillet 2023"},"content":{"rendered":"<div class=\"mdjTexte\">\u00ab\u00a0Dissuasif\u00a0\u00bb<\/div>\n<div class=\"mdjAuteur\">Terme peu compris et usit\u00e9 dans la soci\u00e9t\u00e9 fran\u00e7aise<\/div>\n<p><span style=\"color: #777777; font-family: Arial;\">Un policier, apr\u00e8s 9 jours de travail sans repos, au terme d&rsquo;une course poursuite d&rsquo;un d\u00e9linquant conduisant sans permis et enfreignant le code de la route, a commis la grave erreur de d\u00e9gainer son arme, puis de tirer sans ma\u00eetriser son tir.<br \/>\n<\/span><\/p>\n<p><span style=\"color: #777777; font-family: Arial;\">Il a commis une faute !<br \/>\n<\/span><\/p>\n<p><span style=\"color: #777777; font-family: Arial;\">Mais quand j&rsquo;entends et je lis les m\u00e9dias et la plupart des hommes politiques de gauche, il semblerait que \u00ab\u00a0LE PROBLEME\u00a0\u00bb est ce policier et le cort\u00e8ge de violences polici\u00e8res qu&rsquo;ils \u00e9num\u00e8rent.<br \/>\n<\/span><\/p>\n<p><img decoding=\"async\" class=\"alignleft\" src=\"https:\/\/lemotdujour.fr\/wp-content\/uploads\/2023\/07\/071123_1912_Lundixxfvri1.jpg\" alt=\"\" align=\"left\" \/><span style=\"color: #777777; font-family: Arial;\">Je ne dis pas qu&rsquo;il ne faille pas s&rsquo;interroger sur les m\u00e9thodes, la formation et certaines d\u00e9rives racistes de la Police, mais il y a un moment o\u00f9 quand les bornes sont franchies, il n&rsquo;y a plus de limite.<br \/>\n<\/span><\/p>\n<p><span style=\"color: #777777; font-family: Arial;\">Lib\u00e9ration dans un article\u00a0: &lt;<span style=\"color: #0000ff;\"><a style=\"color: #0000ff;\" href=\"https:\/\/www.liberation.fr\/societe\/police-justice\/mort-de-nahel-comment-gerald-darmanin-soutient-financierement-le-policier-mis-en-examen-20230710_64VC37SOEBHILH6XX4LLUCUFLI\/?redirected=1\">comment G\u00e9rald Darmanin soutient financi\u00e8rement le policier mis en examen<\/a><\/span>&gt; s&rsquo;offusque du fait que l&rsquo;administration a trouv\u00e9 un moyen juridique, pour permettre au policier de continuer \u00e0 toucher une partie de son traitement, bien qu&rsquo;il ne travaille plus et que de mani\u00e8re factuelle en l&rsquo;\u00ababsence de service fait\u00bb, il ne devrait pas \u00eatre pay\u00e9.<br \/>\n<\/span><\/p>\n<p><span style=\"color: #777777; font-family: Arial;\">Ce policier a commis une faute, encore faut-il laisser la Justice trancher, mais ce n&rsquo;est pas le plus grand criminel de la terre.<br \/>\n<\/span><\/p>\n<p><span style=\"color: #777777; font-family: Arial;\">Il est aussi possible d&rsquo;exprimer de la bienveillance \u00e0 son \u00e9gard.<br \/>\n<\/span><\/p>\n<p><span style=\"color: #777777; font-family: Arial;\">Il a eu mauvaise r\u00e9action prise dans l&rsquo;urgence, dans un quart de seconde, qui a caus\u00e9 des cons\u00e9quences terribles.<br \/>\n<\/span><\/p>\n<p><span style=\"color: #777777; font-family: Arial;\">Mais pourquoi s&rsquo;arr\u00eate t&rsquo;on \u00e0 ce tir du policier, en consid\u00e9rant qu&rsquo;il s&rsquo;agit de l&rsquo;alpha et l&rsquo;om\u00e9ga du probl\u00e8me pos\u00e9 \u00e0 la soci\u00e9t\u00e9 fran\u00e7aise\u00a0?<br \/>\n<\/span><\/p>\n<p><span style=\"color: #777777; font-family: Arial;\">Ce tir est la fin d&rsquo;une histoire, la derni\u00e8re \u00e9tape de toute une s\u00e9rie de manquements, de l\u00e2chet\u00e9s, de d\u00e9nis dans lesquels nous nous sommes enferm\u00e9s.<br \/>\n<\/span><\/p>\n<p><span style=\"color: #777777; font-family: Arial;\">Dans le mot du jour pr\u00e9c\u00e9dent, j&rsquo;avais d\u00e9j\u00e0 not\u00e9 que si le jeune Nahel n&rsquo;avait pas pris le volant de ce bolide ou s&rsquo;il s&rsquo;\u00e9tait soumis \u00e0 l&rsquo;injonction des policiers, il serait toujours vivant.<br \/>\n<\/span><\/p>\n<p><span style=\"color: #777777; font-family: Arial;\">Mais si un individu n&rsquo;avait pas cr\u00e9\u00e9, trois mois auparavant, une soci\u00e9t\u00e9 de location de voiture de \u00ab frimeur \u00bb avec la complicit\u00e9 de vendeurs polonais, dans le but de permettre \u00e0 des dealers ou autres trafiquants des quartiers de jouir de ce symbole de r\u00e9ussite qu&rsquo;est de conduire de telles automobiles qui ne servent \u00e0 rien d&rsquo;autre que de satisfaire le m\u00e2le alpha dans sa b\u00eatise et sa vacuit\u00e9, Nahel serait aussi en vie.<br \/>\n<\/span><\/p>\n<p><span style=\"color: #777777; font-family: Arial;\">Mais pourquoi existent-t &lsquo;il de telles soci\u00e9t\u00e9s de location dans des quartiers que les m\u00e9lenchonistes d\u00e9crivent simplement comme pauvres et d\u00e9laiss\u00e9es\u00a0?<br \/>\n<\/span><\/p>\n<p><span style=\"color: #777777; font-family: Arial;\">Parce que s&rsquo;il y a de la pauvret\u00e9, il y a aussi de la richesse dans des zones que l\u2019\u00c9tat a accept\u00e9 de laisser devenir des zones de non droit.<br \/>\n<\/span><\/p>\n<p><span style=\"color: #777777; font-family: Arial;\">Lors du mot du jour du \u00ab\u00a0<span style=\"color: #0000ff;\"><a style=\"color: #0000ff;\" href=\"https:\/\/lemotdujour.fr\/?p=970\">20 janvier 2015\u00a0<\/a><\/span>\u00bb je citais <strong>R\u00e9gis Debray<\/strong>\u00a0:<br \/>\n<\/span><\/p>\n<p style=\"margin-left: 28pt;\"><span style=\"color: #c00000; font-family: Arial;\"><strong>\u00ab Lorsque l&rsquo;Etat se d\u00e9grade et perd en autorit\u00e9 symbolique<br \/>\nil y a deux gagnants : les sectes et les mafias. \u00bb<br \/>\n<\/strong><\/span><\/p>\n<p><span style=\"color: #777777; font-family: Arial;\">Verser de l&rsquo;argent dans ces quartiers ne sert \u00e0 rien, s&rsquo;il n&rsquo;existe pas en parall\u00e8le des humains qui accompagnent, dialoguent et peuvent aussi aider \u00e0 sanctionner, le cas \u00e9ch\u00e9ant.<br \/>\n<\/span><\/p>\n<p><span style=\"color: #777777; font-family: Arial;\">Rappelons que c&rsquo;est le Pr\u00e9sident Nicolas Sarkozy qui a mis fin \u00e0 la Police de Proximit\u00e9.<br \/>\n<\/span><\/p>\n<p><span style=\"color: #777777; font-family: Arial;\">Les travailleurs sociaux sont manifestement insuffisants et insuffisamment soutenus.<br \/>\n<\/span><\/p>\n<p><span style=\"color: #777777; font-family: Arial;\">Ce sont des probl\u00e8mes d&rsquo;une grande complexit\u00e9, les aborder de mani\u00e8re simpliste est une faute.<br \/>\n<\/span><\/p>\n<p><span style=\"color: #777777; font-family: Arial;\">Mais je voudrais aujourd&rsquo;hui parler d&rsquo;un mot qui je crois n&rsquo;est pas bien compris, voire accept\u00e9 en France.<br \/>\n<\/span><\/p>\n<p><span style=\"color: #777777; font-family: Arial;\">La premi\u00e8re fois que j&rsquo;ai \u00e9t\u00e9 confront\u00e9, dans ma vie, au terme dissuasif c&rsquo;\u00e9tait au moment de l&rsquo;achat de notre appartement de Montreuil.<br \/>\n<\/span><\/p>\n<p><span style=\"color: #777777; font-family: Arial;\">Les propri\u00e9taires \u00e9taient un couple en instance de divorce et l&rsquo;appartement \u00e9tait toujours occup\u00e9 par l&rsquo;\u00e9pouse. Certaines r\u00e9flexions et signes, m&rsquo;ont donn\u00e9 l&rsquo;intuition que cette dame ne quitterait peut-\u00eatre pas l&rsquo;appartement apr\u00e8s la vente.<br \/>\n<\/span><\/p>\n<p><span style=\"color: #777777; font-family: Arial;\">Nous en avons parl\u00e9 \u00e0 notre notaire qui nous a suivi. Au moment de la promesse de vente, il a donc demand\u00e9 \u00e0 son coll\u00e8gue d&rsquo;introduire dans l&rsquo;acte, la mention d&rsquo;une astreinte de mille francs par jour, si l&rsquo;appartement n&rsquo;avait pas \u00e9t\u00e9 totalement vid\u00e9, le jour de la vente.<br \/>\n<\/span><\/p>\n<p><span style=\"color: #777777; font-family: Arial;\">Je me souviens encore de la r\u00e9action offusqu\u00e9e de la Dame qui s&rsquo;exclama\u00a0:<br \/>\n<\/span><\/p>\n<p style=\"margin-left: 28pt;\"><span style=\"color: #c00000; font-family: Arial;\">\u00ab\u00a0Mais c&rsquo;est plus cher qu&rsquo;une nuit d&rsquo;h\u00f4tel\u00a0\u00bb<br \/>\n<\/span><\/p>\n<p><span style=\"color: #777777; font-family: Arial;\">Et j&rsquo;ai trouv\u00e9 sur ce &lt;<span style=\"color: #0000ff;\"><a style=\"color: #0000ff;\" href=\"https:\/\/www.lesechos.fr\/1992\/04\/chaines-hotelieres-augmentation-moderee-des-tarifs-en-1991-924778\">site<\/a><\/span>&gt; qu&rsquo;en effet, en 1991, ann\u00e9e de cet achat, le prix d&rsquo;une chambre d&rsquo;h\u00f4tel de qualit\u00e9 se situait autour de 400 Francs.<br \/>\n<\/span><\/p>\n<p><span style=\"color: #777777; font-family: Arial;\">Mais devant la r\u00e9action de la dame scandalis\u00e9e, son notaire lui a r\u00e9pondu simplement :<br \/>\n<\/span><\/p>\n<p style=\"margin-left: 28pt;\"><span style=\"color: #c00000; font-family: Arial;\">\u00ab\u00a0Oui Madame c&rsquo;est beaucoup plus cher qu&rsquo;une nuit d&rsquo;h\u00f4tel. Mais c&rsquo;est fait pour cela. C&rsquo;est une mesure qui pr\u00e9sente un caract\u00e8re dissuasif\u00a0\u00bb.<br \/>\n<\/span><\/p>\n<p><span style=\"color: #777777; font-family: Arial;\">Dans cette situation, le caract\u00e8re dissuasif \u00e9tait d&rsquo;autant plus affirm\u00e9 que le montant de la vente serait dans les mains du notaire et qu&rsquo;il n&rsquo;y avait d\u00e8s lors aucune \u00e9chappatoire au d\u00e9clenchement effectif de l&rsquo;astreinte.<br \/>\n<\/span><\/p>\n<p><span style=\"color: #777777; font-family: Arial;\">Plus r\u00e9cemment, j&rsquo;ai eu la compr\u00e9hension de la signification du mot dissuasif par le t\u00e9moignage de mon fils lors de son s\u00e9jour \u00e0 New York. Je me plaignais que souvent en France, aux carrefours, les voitures d\u00e9clenchaient un embouteillage n\u00e9faste \u00e0 la s\u00e9curit\u00e9 des cyclistes et \u00e0 la fluidit\u00e9 de la circulation. Mon fils m&rsquo;a dit qu&rsquo;\u00e0 New York un tel ph\u00e9nom\u00e8ne n&rsquo;existait pas. Les r\u00e8gles imposaient qu&rsquo;une voiture ne devaient jamais s&rsquo;engager dans un carrefour si elle n&rsquo;avait pas la certitude de pouvoir en sortir avant le changement de feu. Et toute voiture \u00e9gar\u00e9e au milieu d&rsquo;un carrefour n&rsquo;ayant pas respect\u00e9 cette r\u00e8gle \u00e9tait sanctionn\u00e9e par une amende d&rsquo;un montant tr\u00e8s s\u00e9v\u00e8re.<br \/>\n<\/span><\/p>\n<p><span style=\"color: #777777; font-family: Arial;\">Mon fr\u00e8re G\u00e9rard \u00e9tait all\u00e9 dans la ville allemande, voisine du domicile parental, Sarrebruck. Il s&rsquo;\u00e9tait gar\u00e9 sur une grande avenue. Partout des panneaux indiquaient qu&rsquo;il fallait qu&rsquo;aucune voiture ne soit gar\u00e9e sur cette avenue \u00e0 partir de 17 heures. C&rsquo;\u00e9tait expliqu\u00e9, il fallait que les grandes avenues de la ville soient d\u00e9gag\u00e9es \u00e0 l&rsquo;heure o\u00f9 les salari\u00e9s allemands quittaient leur travail pour fluidifier la circulation. Mon fr\u00e8re, fran\u00e7ais de son \u00e9tat, est arriv\u00e9 \u00e0 sa voiture \u00e0 17h01, la discussion entre lui et l&rsquo;autorit\u00e9 allemande a tourn\u00e9 court. Il a d\u00fb s&rsquo;acquitter d&rsquo;une s\u00e9v\u00e8re amende. Mais il jura qu&rsquo;on ne le reprendrait plus.<br \/>\n<\/span><\/p>\n<p><span style=\"color: #777777; font-family: Arial;\">Alors en France on ne fait pas comme \u00e7a. Les dirigeants jusqu&rsquo;au fran\u00e7ais modestes estiment toujours qu&rsquo;il est possible de s&rsquo;arranger avec les r\u00e8gles et que si on ne les respecte pas, ce n&rsquo;est pas tr\u00e8s grave, c&rsquo;est quasi excusable et presque compr\u00e9hensible.<br \/>\n<\/span><\/p>\n<p><span style=\"color: #777777; font-family: Arial;\">\u00c9videmment si la sanction est une amende de 80 ou de 130 euros, que parfois d&rsquo;ailleurs on ne paie pas, nous ne sommes pas dans le domaine du dissuasif mais de la taxe : On paie une taxe et on a le droit de ne pas respecter la r\u00e8gle.<br \/>\n<\/span><\/p>\n<p><span style=\"color: #777777; font-family: Arial;\">Alors en France\u00a0:<br \/>\n<\/span><\/p>\n<ul>\n<li><span style=\"color: #777777; font-family: Arial;\">\u00c9norm\u00e9ment de cyclistes ne respectent pas les feux rouges, ni d&rsquo;ailleurs les passages pour pi\u00e9tons !<br \/>\n<\/span><\/li>\n<li><span style=\"color: #777777; font-family: Arial;\">Des parents insultent des enseignants<br \/>\n<\/span><\/li>\n<li><span style=\"color: #777777; font-family: Arial;\">Des personnes sans permis conduisent des voitures (vous comprenez ils ont en besoin\u00a0!). Selon une \u00e9tude de l&rsquo;Observatoire de la s\u00e9curit\u00e9 routi\u00e8re, 800 000 conducteurs rouleraient sans permis. Quasi autant circulent sans assurance.<br \/>\n<\/span><\/li>\n<li><span style=\"color: #777777; font-family: Arial;\">Des pompiers, des m\u00e9decins sont agress\u00e9s et bien s\u00fbr la Police. Et pour les pompiers et les m\u00e9decins, les arguments de certaines associations et groupes politiques ne peuvent m\u00eame pas \u00e9voquer les violences polici\u00e8res&#8230;<br \/>\n<\/span><\/li>\n<\/ul>\n<p><span style=\"color: #777777; font-family: Arial;\">Alors, peut \u00eatre existe-t-il trop de r\u00e8gles en France.<br \/>\n<\/span><\/p>\n<p><span style=\"color: #777777; font-family: Arial;\">Mais quand il existe une r\u00e8gle, on la respecte et on l&rsquo;a fait respecter.<br \/>\n<\/span><\/p>\n<p><span style=\"color: #777777; font-family: Arial;\">Et parall\u00e8lement on s&rsquo;attaque aux autres probl\u00e8mes, tous plus compliqu\u00e9s les uns que les autres, mais dans une soci\u00e9t\u00e9 de r\u00e8gles accept\u00e9es, d\u00e9fendues et respect\u00e9es sinon sanctionn\u00e9es.<br \/>\n<\/span><\/p>\n<p><span style=\"color: #777777; font-family: Arial;\">Les \u00e9lites doivent bien entendu donner l&rsquo;exemple.<br \/>\n<\/span><\/p>\n<p><span style=\"color: #777777; font-family: Arial;\">Sans ce socle, le reste est inatteignable. <\/span><\/p>\n<p><span style=\"color: #777777; font-family: Arial;\"><strong>Jean-Pierre Colombies,<\/strong> ex-policier, analyse l&rsquo;affaire de mani\u00e8re qui me semble tr\u00e8s pertinente dans &lt;<span style=\"color: #0000ff;\"><a style=\"color: #0000ff;\" href=\"https:\/\/www.youtube.com\/watch?v=uMgKVA54k6g\">Le Media pour tous<\/a><\/span>&gt;.<br \/>\nIl critique s\u00e9v\u00e8rement l&rsquo;intervention des deux policiers. Mais il ne s&rsquo;arr\u00eate pas l\u00e0 et analyse plus profond\u00e9ment les probl\u00e9matiques de la s\u00e9curit\u00e9, des quartiers et de la politique .<br \/>\n<\/span><\/p>\n<p><span style=\"color: #c00000; font-family: Arial;\">&lt;1754&gt;<\/span><\/p>\n","protected":false},"excerpt":{"rendered":"<p>\u00ab\u00a0Dissuasif\u00a0\u00bb Terme peu compris et usit\u00e9 dans la soci\u00e9t\u00e9 fran\u00e7aise Un policier, apr\u00e8s 9 jours de travail sans repos, au terme d&rsquo;une course poursuite d&rsquo;un d\u00e9linquant conduisant sans permis et enfreignant le code de la route, a commis la grave<\/p>\n","protected":false},"author":1,"featured_media":0,"comment_status":"open","ping_status":"closed","sticky":false,"template":"","format":"standard","meta":{"footnotes":""},"categories":[1],"tags":[16,15,51,7],"class_list":["post-14768","post","type-post","status-publish","format-standard","hentry","category-motdujour","tag-droit","tag-france","tag-justice","tag-societe"],"_links":{"self":[{"href":"https:\/\/lemotdujour.fr\/index.php?rest_route=\/wp\/v2\/posts\/14768","targetHints":{"allow":["GET"]}}],"collection":[{"href":"https:\/\/lemotdujour.fr\/index.php?rest_route=\/wp\/v2\/posts"}],"about":[{"href":"https:\/\/lemotdujour.fr\/index.php?rest_route=\/wp\/v2\/types\/post"}],"author":[{"embeddable":true,"href":"https:\/\/lemotdujour.fr\/index.php?rest_route=\/wp\/v2\/users\/1"}],"replies":[{"embeddable":true,"href":"https:\/\/lemotdujour.fr\/index.php?rest_route=%2Fwp%2Fv2%2Fcomments&post=14768"}],"version-history":[{"count":5,"href":"https:\/\/lemotdujour.fr\/index.php?rest_route=\/wp\/v2\/posts\/14768\/revisions"}],"predecessor-version":[{"id":14783,"href":"https:\/\/lemotdujour.fr\/index.php?rest_route=\/wp\/v2\/posts\/14768\/revisions\/14783"}],"wp:attachment":[{"href":"https:\/\/lemotdujour.fr\/index.php?rest_route=%2Fwp%2Fv2%2Fmedia&parent=14768"}],"wp:term":[{"taxonomy":"category","embeddable":true,"href":"https:\/\/lemotdujour.fr\/index.php?rest_route=%2Fwp%2Fv2%2Fcategories&post=14768"},{"taxonomy":"post_tag","embeddable":true,"href":"https:\/\/lemotdujour.fr\/index.php?rest_route=%2Fwp%2Fv2%2Ftags&post=14768"}],"curies":[{"name":"wp","href":"https:\/\/api.w.org\/{rel}","templated":true}]}}