{"id":14754,"date":"2023-07-07T01:03:10","date_gmt":"2023-07-06T23:03:10","guid":{"rendered":"https:\/\/lemotdujour.fr\/?p=14754"},"modified":"2023-07-07T10:48:36","modified_gmt":"2023-07-07T08:48:36","slug":"vendredi-7-juillet-2023","status":"publish","type":"post","link":"https:\/\/lemotdujour.fr\/?p=14754","title":{"rendered":"Vendredi 7 juillet 2023"},"content":{"rendered":"<div class=\"mdjTexte\">\u00ab&nbsp;Un d\u00e9bat bloqu\u00e9 [entre] deux camps caricaturaux et irr\u00e9conciliables : D&rsquo;un c\u00f4t\u00e9 une police parfaite qui ne fait jamais d&rsquo;erreur, de l&rsquo;autre des victimes indign\u00e9es qui ne sont que des anges.&nbsp;\u00bb<\/div>\n<div class=\"mdjAuteur\">La Tribune de Gen\u00e8ve \u00e0 propos des \u00e9v\u00e8nements en France suite \u00e0 la mort du jeune Nahel<\/div>\n<p><span style=\"color: #777777; font-family: Arial;\">Un jeune homme de 17 ans, fran\u00e7ais, de religion musulmane, a \u00e9t\u00e9 tu\u00e9, lors d&rsquo;un contr\u00f4le routier, par un tir, \u00e0 bout portant, d&rsquo;un motard de la police nationale.<br \/>\n<\/span><\/p>\n<p><span style=\"color: #777777; font-family: Arial;\">Le jeune gar\u00e7on conduisait une voiture, avec deux passagers \u00e0 bord.<br \/>\n<\/span><\/p>\n<p><span style=\"color: #777777; font-family: Arial;\">Cette sc\u00e8ne a \u00e9t\u00e9 film\u00e9e.<br \/>\n<\/span><\/p>\n<p><span style=\"color: #777777; font-family: Arial;\">La mort du jeune homme, d&rsquo;origine alg\u00e9rienne comme le mentionne le communiqu\u00e9 du ministre des affaires \u00e9trang\u00e8res alg\u00e9rien, a conduit \u00e0 des manifestations de protestation de jeunes gens qui s&rsquo;identifient \u00e0 la victime, dans un premier temps.<br \/>\n<\/span><\/p>\n<p><span style=\"color: #777777; font-family: Arial;\">Mais rapidement ces protestations ont fait place \u00e0 des sc\u00e8nes de pillages, de destructions, d&rsquo;agressions et de chaos dans les grandes m\u00e9tropoles fran\u00e7aises et aussi dans des villes de moindre population.<br \/>\n<\/span><\/p>\n<p><span style=\"color: #777777; font-family: Arial;\">En parler est d\u00e9licat, les choses sont compliqu\u00e9es.<br \/>\n<\/span><\/p>\n<p><span style=\"color: #777777; font-family: Arial;\">Il vaut peut-\u00eatre mieux se taire pour ne pas d\u00e9plaire.<br \/>\n<\/span><\/p>\n<p><span style=\"color: #777777; font-family: Arial;\">Mais ne pas savoir poser des mots sur ce qui se passe, c&rsquo;est laisser la place \u00e0 la violence.<br \/>\n<\/span><\/p>\n<p><span style=\"color: #777777; font-family: Arial;\">Les mots c&rsquo;est ce que la d\u00e9mocratie a trouv\u00e9 pour g\u00e9rer les conflits&nbsp;: d\u00e9battre pour ne pas se battre.<br \/>\n<\/span><\/p>\n<p><span style=\"color: #777777; font-family: Arial;\">Mais d&rsquo;abord, il faut en revenir aux faits.<br \/>\n<\/span><\/p>\n<p><span style=\"color: #777777; font-family: Arial;\">Il faudrait quand m\u00eame pouvoir se mettre d&rsquo;accord sur les faits, sinon comment d\u00e9battre, comment analyser&nbsp;?<br \/>\n<\/span><\/p>\n<p><span style=\"color: #777777; font-family: Arial;\">\u00ab&nbsp;<strong>Le Monde<\/strong>&nbsp;\u00bb a publi\u00e9 un article le 5 juillet donnant les \u00e9l\u00e9ments de l&rsquo;enqu\u00eate men\u00e9 par le parquet g\u00e9n\u00e9ral de Versailles \u00e0 ce jour&nbsp;: &lt;<span style=\"color: #0000ff;\"><a style=\"color: #0000ff;\" href=\"https:\/\/www.lemonde.fr\/societe\/article\/2023\/07\/05\/mort-de-nahel-m-les-premieres-constatations-de-l-enquete_6180715_3224.html\"> les premi\u00e8res constatations de l&rsquo;enqu\u00eate<\/a><\/span> &gt;<br \/>\n<\/span><\/p>\n<p><span style=\"color: #777777; font-family: Arial;\">La chronologie est la suivante&nbsp;:<br \/>\n<\/span><\/p>\n<ul>\n<li><span style=\"color: #777777; font-family: Arial;\">Lundi 26 juin, une Mercedes de type AMG, immatricul\u00e9e en Pologne, est lou\u00e9e aupr\u00e8s d&rsquo;une soci\u00e9t\u00e9 de location de voiture, FullUp Location \u00e0 Nanterre. Cette soci\u00e9t\u00e9 avait \u00e9t\u00e9 cr\u00e9\u00e9e trois mois auparavant. A ce stade, il n&rsquo;est pas pr\u00e9cis\u00e9 qui a lou\u00e9.<br \/>\n<\/span><\/li>\n<li><span style=\"color: #777777; font-family: Arial;\">Mardi 27 juin, Avant que le jeune Nahel n&rsquo;en prenne le volant, deux autres personnes l&rsquo;ont utilis\u00e9 dans des circonstances encore inconnues. Le jeune Nahel, 17ans, qui n&rsquo;a pas de permis, prend le volant de ce v\u00e9hicule on\u00e9reux et puissant capable de passer de 0 \u00e0 100 km\/h en 3,9 secondes, selon sa fiche technique.<br \/>\n<\/span><\/li>\n<li><span style=\"color: #777777; font-family: Arial;\">D&rsquo;apr\u00e8s le brigadier qui a tir\u00e9, les deux motards ont remarqu\u00e9 \u00ab une Mercedes dont le moteur vrombissait et qui circulait dans la voie de bus \u00bb.<br \/>\n<\/span><\/li>\n<li><span style=\"color: #777777; font-family: Arial;\">Lorsque la Mercedes regagne le flot normal de la circulation, les motards de la police tentent une premi\u00e8re fois de l&rsquo;intercepter. Le brigadier se porte alors \u00e0 la hauteur du passager et, sa sir\u00e8ne enclench\u00e9e, fait signe au conducteur de se ranger sur le c\u00f4t\u00e9. \u00ab Mais celui-ci, note le r\u00e9quisitoire, avait alors acc\u00e9l\u00e9r\u00e9 brusquement et pris la fuite . Poursuivi par les deux motards, il avait conduit \u00e0 vitesse \u00e9lev\u00e9e avec de brusques acc\u00e9l\u00e9rations, des franchissements de feux rouges fixes et passages de carrefours \u00ab\u00a0\u00e0 pleine vitesse\u00a0\u00bb et sans pr\u00e9caution pour les pi\u00e9tons\u2026\u2026 Il avait m\u00eame fait une embard\u00e9e volontaire vers son coll\u00e8gue qui \u00e9tait venu se mettre \u00e0 son niveau. \u00bb<br \/>\n<\/span><\/li>\n<li><span style=\"color: #777777; font-family: Arial;\">Apr\u00e8s examen de la vid\u00e9osurveillance, le parquet note que, au cours de son p\u00e9riple, la Mercedes a \u00ab failli percuter un cycliste tandis qu&rsquo;un pi\u00e9ton engag\u00e9 sur un passage prot\u00e9g\u00e9 avait d\u00fb faire demi-tour en courant pour \u00e9viter d&rsquo;\u00eatre percut\u00e9 \u00bb. Celle-ci aurait \u00e9galement roul\u00e9 plusieurs fois \u00e0 contresens.<br \/>\n<\/span><\/li>\n<li><span style=\"color: #777777; font-family: Arial;\">Une fois la Mercedes \u00e0 l&rsquo;arr\u00eat, bloqu\u00e9e par d&rsquo;autres v\u00e9hicules \u00e0 proximit\u00e9 de la place Nelson-Mandela o\u00f9 elle finira sa course, les deux policiers mettent leur moto sur b\u00e9quille et s&rsquo;en approchent, leur arme de service d\u00e9gain\u00e9e, la visi\u00e8re de leur casque relev\u00e9e. Le premier, gardien de la paix, que les enqu\u00eateurs de l&rsquo;inspection g\u00e9n\u00e9rale de la police nationale (IGPN) d\u00e9signent dans un rapport comme \u00ab P1 \u00bb, se place face \u00e0 la vitre du c\u00f4t\u00e9 du conducteur. Le second, le brigadier (\u00ab P2 \u00bb pour l&rsquo;IGPN), se positionne du c\u00f4t\u00e9 avant gauche du capot, son pistolet automatique Sig Sauer point\u00e9 en direction du conducteur.<br \/>\n<\/span><\/li>\n<li><span style=\"color: #777777; font-family: Arial;\">C&rsquo;est dans cette attitude que la s\u00e9quence vid\u00e9o tourn\u00e9e par une passante saisit les deux fonctionnaires, quelques secondes avant que ne soit tir\u00e9 le coup de feu mortel. C&rsquo;est \u00e9galement \u00e0 ce moment que le brigadier reconna\u00eet avoir cogn\u00e9 contre le pare-brise \u2013 l&rsquo;un des deux passagers \u00e9voque des coups de crosse contre Nahel M. \u2013 pour \u00ab attirer l&rsquo;attention du conducteur \u00bb.<br \/>\n<\/span><\/li>\n<li>\n<div><span style=\"color: #777777; font-family: Arial;\">L&rsquo;exploitation de la s\u00e9quence vid\u00e9o par l&rsquo;IGPN confirme les mots prononc\u00e9s par l&rsquo;un des policiers, sans pour autant que celui-ci soit identifi\u00e9 \u00e0 ce stade. Dans leur reconstitution des \u00e9changes, les enqu\u00eateurs notent : \u00ab Au d\u00e9but de la s\u00e9quence, on entend un \u00e9change entre trois voix diff\u00e9rentes (V1, V2, V3) avant la d\u00e9tonation, que nous interpr\u00e9tons comme suit :<br \/>\n<\/span><\/div>\n<ul>\n<li><span style=\"color: #777777; font-family: Arial;\">V1 : \u00ab\u00a0\u2026 une balle dans la t\u00eate\u00a0\u00bb<br \/>\n<\/span><\/li>\n<li><span style=\"color: #777777; font-family: Arial;\">V2 : \u00ab\u00a0Coupe ! Coupe !\u00a0\u00bb<br \/>\n<\/span><\/li>\n<li><span style=\"color: #777777; font-family: Arial;\">V3 : \u00ab\u00a0Pousse-toi !\u00a0\u00bb<br \/>\n<\/span><\/li>\n<li><span style=\"color: #777777; font-family: Arial;\">V1 : \u00ab\u00a0Tu vas prendre une balle dans la t\u00eate\u00a0\u00bb (propos pouvant \u00eatre attribu\u00e9s \u00e0 P1 qui agite son bras droit au m\u00eame moment).<br \/>\n<\/span><\/li>\n<li><span style=\"color: #777777; font-family: Arial;\">V2 : \u00ab\u00a0Coupe !\u00a0\u00bb \u00bb<br \/>\n<\/span><\/li>\n<\/ul>\n<\/li>\n<li><span style=\"color: #777777; font-family: Arial;\">D&rsquo;apr\u00e8s cette premi\u00e8re analyse, ce serait donc le coll\u00e8gue du brigadier et non ce dernier qui aurait cri\u00e9 \u00e0 l&rsquo;adresse de Nahel \u00ab Tu vas prendre une balle dans la t\u00eate \u00bb, des propos que le policier auteur du tir a, du reste, constamment ni\u00e9 avoir tenus lors de sa garde \u00e0 vue.<br \/>\n<\/span><\/li>\n<li><span style=\"color: #777777; font-family: Arial;\">Nahel red\u00e9marre et le Brigadier (P2) tire, \u00e0 bout portant, une balle mortelle.<br \/>\n<\/span><\/li>\n<\/ul>\n<p><span style=\"color: #777777; font-family: Arial;\">Il existe ensuite une ambig\u00fcit\u00e9. Tous les m\u00e9dias ont repris l&rsquo;information que le Brigadier a menti en affirmant que la voiture fon\u00e7ait sur lui alors qu&rsquo;il \u00e9tait \u00e0 c\u00f4t\u00e9 de la voiture.<br \/>\n<\/span><\/p>\n<p><span style=\"color: #777777; font-family: Arial;\">Je cite&nbsp;:<br \/>\n<\/span><\/p>\n<p style=\"margin-left: 28pt;\"><span style=\"color: #c00000; font-family: Arial;\">\u00ab Le parquet souligne que le premier compte rendu policier, \u00e0 8 h 22, six minutes apr\u00e8s le tir policier, \u00e9voque un \u00ab individu bless\u00e9 par balle \u00e0 la poitrine gauche \u00bb. L&rsquo;op\u00e9rateur signale, dans une fiche de r\u00e9sum\u00e9 d&rsquo;intervention Pegase (pilotage des \u00e9v\u00e9nements, gestion des activit\u00e9s et s\u00e9curisation des \u00e9quipages) que \u00ab le fonctionnaire de police s&rsquo;est mis \u00e0 l&rsquo;avant pour le stopper \u00bb et que \u00ab le conducteur a essay\u00e9 de repartir en fon\u00e7ant sur le fonctionnaire \u00bb. Ce qui soul\u00e8ve une interrogation importante sur l&rsquo;origine de cette information d\u00e9mentie par la vid\u00e9o de la passante : comment est-elle remont\u00e9e jusqu&rsquo;\u00e0 l&rsquo;op\u00e9rateur ? Le parquet note que le brigadier n&rsquo;utilise jamais ces mots dans les conversations enregistr\u00e9es sur la \u00ab conf\u00e9rence 32 \u00bb \u2013 en r\u00e9alit\u00e9, la \u00ab conf\u00e9rence 132 \u00bb qui est le r\u00e9seau radio utilis\u00e9 par l&rsquo;ensemble des effectifs de la direction de l&rsquo;ordre public et de la circulation, \u00e0 laquelle appartenaient les deux policiers motocyclistes. \u00bb<br \/>\n<\/span><\/p>\n<p><span style=\"color: #777777; font-family: Arial;\">Selon cette version, le brigadier n&rsquo;aurait pas, lui-m\u00eame, d\u00e9clar\u00e9 que la voiture lui fon\u00e7ait dessus.<br \/>\n<\/span><\/p>\n<p><span style=\"color: #777777; font-family: Arial;\">Dans sa version, le brigadier a d\u00e9clar\u00e9 qu&rsquo;il avait peur que son co\u00e9quipier soit entra\u00een\u00e9 par la voiture parce qu&rsquo;il pensait que son corps \u00e9tait engag\u00e9 dans l&rsquo;habitacle, alors qu&rsquo;en r\u00e9alit\u00e9 ce n&rsquo;\u00e9tait que le bras qui \u00e9tait concern\u00e9. Enfin, il a affirm\u00e9 que sa volont\u00e9 \u00e9tait de viser vers les jambes du conducteur mais que d\u00e9stabilis\u00e9 par le d\u00e9marrage le coup est parti vers le thorax.<br \/>\n<\/span><\/p>\n<p><span style=\"color: #777777; font-family: Arial;\">Le brigadier, auteur du tir, a \u00e9galement r\u00e9v\u00e9l\u00e9 qu&rsquo;il encha\u00eenait son neuvi\u00e8me jour cons\u00e9cutif de travail<br \/>\n<\/span><\/p>\n<p><span style=\"color: #777777; font-family: Arial;\">L&rsquo;article du Monde fait aussi mention d&rsquo;une situation extr\u00eamement tendue d\u00e8s les minutes qui ont suivi la mort de Nahel.<br \/>\n<\/span><\/p>\n<p><span style=\"color: #777777; font-family: Arial;\">Le parquet rel\u00e8ve que, au moment de la s\u00e9curisation des lieux, des \u00ab jeunes hostiles \u00e9taient pr\u00e9sents \u00bb ainsi que des proches de la victime.<br \/>\n<\/span><\/p>\n<ul>\n<li><span style=\"color: #777777; font-family: Arial;\">Selon les policiers, la grand-m\u00e8re de la victime aurait tenu les propos suivants : \u00ab Les deux policiers, ils vont pas sortir (\u2026). Je les attendrai. J&rsquo;ai des copains qui travaillent au d\u00e9p\u00f4t. (\u2026) Il y a un terroriste qui va tous les attraper Inch&rsquo;Allah, un terroriste qui va tous les massacrer. \u00bb<br \/>\n<\/span><\/li>\n<li><span style=\"color: #777777; font-family: Arial;\">Un gardien de la paix, lui, est pris \u00e0 partie par un ambulancier, dans une s\u00e9quence \u00e9galement film\u00e9e et devenue virale o\u00f9 l&rsquo;on peut entendre les propos, r\u00e9p\u00e9t\u00e9s \u00e0 deux reprises : \u00ab Tu vas plus vivre tranquille, fr\u00e8re. \u00bb<br \/>\n<\/span><\/li>\n<li><span style=\"color: #777777; font-family: Arial;\">Le m\u00eame jour, un jeune homme \u00e2g\u00e9 de 20 ans a \u00e9t\u00e9 condamn\u00e9 \u00e0 dix-huit mois de prison dont douze mois avec sursis probatoire pour avoir diffus\u00e9 les coordonn\u00e9es personnelles du brigadier.<br \/>\n<\/span><\/li>\n<\/ul>\n<p><span style=\"color: #777777; font-family: Arial;\">J&rsquo;ai entendu un journaliste affirmer que l&rsquo;adresse de l&rsquo;h\u00f4tel dans lequel, la famille du policier avait trouv\u00e9 refuge, a \u00e9galement \u00e9t\u00e9 divulgu\u00e9.<br \/>\n<\/span><\/p>\n<p><span style=\"color: #777777; font-family: Arial;\">Tr\u00e8s rapidement le Ministre de l&rsquo;int\u00e9rieur a eu des propos qui exprimait une d\u00e9fiance par rapport \u00e0 l&rsquo;attitude du policier. Et le Pr\u00e9sident de la R\u00e9publique a eu ces mots, en contradiction formelle avec la pr\u00e9somption d&rsquo;innocence, traitant le geste du policier \u00ab <span style=\"color: #c00000;\">d&rsquo;inexcusable\u00a0\u00bb et d&rsquo;inexplicable<span style=\"color: #777777;\">&nbsp;\u00bb<br \/>\n<\/span><\/span><\/span><\/p>\n<p><span style=\"color: #777777; font-family: Arial;\">Probablement que le Pr\u00e9sident de la R\u00e9publique et son Ministre esp\u00e9raient ainsi calmer la col\u00e8re des jeunes de banlieue qu&rsquo;ils craignaient.<br \/>\n<\/span><\/p>\n<p><span style=\"color: #777777; font-family: Arial;\">Il n&rsquo;en fut rien&nbsp;: La France s&rsquo;est embras\u00e9e malgr\u00e9 ces propos prenant d\u00e9lib\u00e9r\u00e9ment partie contre le policier.<br \/>\n<\/span><\/p>\n<p><span style=\"color: #777777; font-family: Arial;\">La Justice qui a pourtant inculp\u00e9 le brigadier pour \u00ab&nbsp;<strong>homicide volontaire<\/strong>&nbsp;\u00bb et plac\u00e9 en d\u00e9tention provisoire n&rsquo;est pas davantage parvenue \u00e0 \u00e9viter ce qui allait devenir un chaos de destruction et de pillage.<br \/>\n<\/span><\/p>\n<p><span style=\"color: #777777; font-family: Arial;\">Dans leur ensemble, tous les m\u00e9dias, mis \u00e0 part ceux d&rsquo;extr\u00eame droite, ont exprim\u00e9 leur compassion pour le jeune homme, certain parlant \u00ab&nbsp;d&rsquo;enfant&nbsp;\u00bb et ont pr\u00e9sent\u00e9 le brigadier comme un assassin.<br \/>\n<\/span><\/p>\n<p><span style=\"color: #777777; font-family: Arial;\">Le footballeur n\u00e9 \u00e0 Bondy et mondialement connu<strong> Kylian Mbapp\u00e9 <\/strong>a publi\u00e9 ce tweet en direction de ses 12,6 millions d&rsquo;abonn\u00e9s en \u00e9voquant \u00ab un petit ange ! \u00bb :<br \/>\n<\/span><\/p>\n<p style=\"margin-left: 28pt;\"><span style=\"color: #c00000; font-family: Arial;\">\u00ab&nbsp;J&rsquo;ai mal \u00e0 ma France. Une situation inacceptable. Toutes mes pens\u00e9es vont pour la famille et les proches de Nahel, ce petit ange parti beaucoup trop t\u00f4t&nbsp;\u00bb.<br \/>\n<\/span><\/p>\n<p><span style=\"color: #777777; font-family: Arial;\">Quand le chaos \u00e9tait \u00e0 son comble, <a href=\"https:\/\/www.youtube.com\/watch?v=-wQVNRI0mKc\"><strong><span style=\"color: #0000ff;\">Jean-Luc Melenchon<\/span><\/strong><\/a> a pris la parole.<br \/>\n<\/span><\/p>\n<p><span style=\"color: #777777; font-family: Arial;\">Il a \u00e9t\u00e9 fid\u00e8le \u00e0 son r\u00e9cit&nbsp;: Toutes ces horreurs viennent des in\u00e9galit\u00e9s \u00e9conomiques, de la discrimination \u00e0 l&rsquo;\u00e9gard de la population des banlieues et du mauvais fonctionnement de la police qui tue et qui est raciste.<br \/>\n<\/span><\/p>\n<p><span style=\"color: #777777; font-family: Arial;\">Il n&rsquo;a pas appel\u00e9 \u00ab&nbsp;au calme&nbsp;\u00bb mais \u00e0 \u00ab&nbsp;la justice&nbsp;\u00bb<br \/>\n<\/span><\/p>\n<p><span style=\"color: #777777; font-family: Arial;\">Il a demand\u00e9 que les jeunes ne s&rsquo;attaquent pas aux \u00ab&nbsp;<span style=\"color: #c00000;\">Ecoles&nbsp;<span style=\"color: #777777;\">\u00bb, \u00ab&nbsp;<span style=\"color: #c00000;\">aux Biblioth\u00e8ques<span style=\"color: #777777;\">&nbsp;\u00bb \u00ab&nbsp;<span style=\"color: #c00000;\">aux gymnases<span style=\"color: #777777;\">&nbsp;\u00bb, ce qui laisse \u00e0 penser que pour les autres cibles, le saccage est une option&nbsp;?<br \/>\n<\/span><\/span><\/span><\/span><\/span><\/span><\/span><\/p>\n<p><span style=\"color: #777777; font-family: Arial;\"><strong>Michel Onfray <\/strong>lui a r\u00e9pondu avec v\u00e9h\u00e9mence&nbsp;: \u00ab&nbsp;<a href=\"https:\/\/www.youtube.com\/watch?v=vYBneMwlsfY\"><span style=\"color: #0000ff;\">Melenchon est pr\u00eat \u00e0 tout pour arriver au pouvoir&nbsp;<\/span><\/a>\u00bb&nbsp;:<br \/>\n<\/span><\/p>\n<p style=\"margin-left: 28pt;\"><span style=\"color: #c00000; font-family: Arial;\">\u00ab&nbsp;Quand je dis tout, c&rsquo;est-\u00e0-dire d\u00e9truire la France. C&rsquo;est-\u00e0-dire mettre la France \u00e0 feu et \u00e0 sang. C&rsquo;est-\u00e0-dire contribuer \u00e0 ce que le sang puisse couler. Melenchon est pr\u00eat \u00e0 tout \u00e7a&nbsp;\u00bb<br \/>\n<\/span><\/p>\n<p><span style=\"color: #777777; font-family: Arial;\">et il ajoute:<br \/>\n<\/span><\/p>\n<p style=\"margin-left: 28pt;\"><span style=\"color: #c00000; font-family: Arial;\">\u00ab&nbsp;[on dit] Les gens sont m\u00e9contents, ils descendent dans la rue. Non ce ne sont pas des gens qui sont m\u00e9contents dans la rue. C&rsquo;est un peuple qui se soul\u00e8ve contre un autre peuple&nbsp;!&nbsp;\u00bb<br \/>\n<\/span><\/p>\n<p><span style=\"color: #777777; font-family: Arial;\">Michel Onfray poursuit un autre r\u00e9cit, totalement oppos\u00e9 \u00e0 celui de Melenchon, celui d&rsquo;une \u00ab&nbsp;<strong>guerre civile \u00e0 bas bruit<\/strong>&nbsp;\u00bb<br \/>\n<\/span><\/p>\n<p><span style=\"color: #777777; font-family: Arial;\">A ce propos, j&rsquo;ai entendu un sociologue estimer \u00e0 0,2% de la population des banlieues concern\u00e9es par les faits de violence.<br \/>\n<\/span><\/p>\n<p><span style=\"color: #777777; font-family: Arial;\">Par ailleurs pour qu&rsquo;on puisse parler de \u00ab Peuple \u00bb, il faudrait que ces personnes aient une conscience politique d&rsquo;\u00eatre un peuple ayant un destin commun. Je ne vois pas ce dessin politique mais surtout une rage de se d\u00e9fouler et un d\u00e9sir irr\u00e9fragable de consommer des chaussures Nike, des Smartphones et autres marques de r\u00e9ussite.<br \/>\n<\/span><\/p>\n<p><span style=\"color: #777777; font-family: Arial;\">Et lors du 20h de <strong>Darius Rochebin<\/strong> sur LCI le 1er juillet 2023, le premier argument utilis\u00e9 par <strong>Hubert Vedrine<\/strong>, le secr\u00e9taire g\u00e9n\u00e9ral de la pr\u00e9sidence de la R\u00e9publique de Fran\u00e7ois Mitterrand et le ministre des affaires \u00e9trang\u00e8res de Lionel Jospin est celui d&rsquo;une immigration mal ma\u00eetris\u00e9e et il en appelle \u00e0 l&rsquo;exemple danois.<br \/>\n<\/span><\/p>\n<p><span style=\"color: #777777; font-family: Arial;\">Chacun suit son r\u00e9cit, sans jamais rencontrer et m\u00eame chercher \u00e0 \u00e9changer avec l&rsquo;autre.<br \/>\n<\/span><\/p>\n<p><span style=\"color: #777777; font-family: Arial;\">&lt;<a href=\"https:\/\/www.lemonde.fr\/societe\/article\/2023\/06\/29\/la-mort-de-nahel-a-nanterre-vue-par-la-presse-etrangere-le-feu-l-incendie-la-honte_6179788_3224.html?utm_source=pocket-newtab-bff\"><span style=\"color: #0000ff;\">Le Monde<\/span><\/a>&gt; cite un \u00e9ditorial de \u00ab&nbsp;<strong>La Tribune de Gen\u00e8ve<\/strong>&nbsp;\u00bb qui appelle de son c\u00f4t\u00e9 \u00e0 sortir d&rsquo;un \u00ab <span style=\"color: #c00000;\">d\u00e9bat bloqu\u00e9<span style=\"color: #777777;\"> \u00bb entre \u00ab <span style=\"color: #c00000;\">deux camps caricaturaux et irr\u00e9conciliables<span style=\"color: #777777;\"> \u00bb : \u00ab <span style=\"color: #c00000;\">D&rsquo;un c\u00f4t\u00e9 une police parfaite qui ne fait jamais d&rsquo;erreur, de l&rsquo;autre des victimes indign\u00e9es qui ne sont que des anges. <span style=\"color: #777777;\">\u00bb \u00ab <span style=\"color: #c00000;\">Selon toute apparence, le policier n&rsquo;avait pas \u00e0 tirer<span style=\"color: #777777;\"> \u00bb, analyse l&rsquo;auteur, qui ajoute, au sujet du jeune conducteur tu\u00e9, que, \u00ab <span style=\"color: #c00000;\">s&rsquo;il avait obtemp\u00e9r\u00e9 \u00e0 la police, il vivrait<span style=\"color: #777777;\"> \u00bb. \u00ab <span style=\"color: #c00000;\">Dans le d\u00e9bat politique fran\u00e7ais, ces deux v\u00e9rit\u00e9s ne sont jamais confront\u00e9es, elles s&rsquo;affrontent st\u00e9rilement, d\u00e9plore le journal suisse. Pauvre d\u00e9bat, triste d\u00e9bat, qui ne fait qu&rsquo;entretenir la violence, car chacun ne veut voir que celle de l&rsquo;autre<span style=\"color: #777777;\">. \u00bb<br \/>\n<\/span><\/span><\/span><\/span><\/span><\/span><\/span><\/span><\/span><\/span><\/span><\/span><\/span><\/p>\n<p><span style=\"color: #777777; font-family: Arial;\">Si je dois donner quelques mots de conclusion, ce serait les suivants&nbsp;:<br \/>\n<\/span><\/p>\n<ul>\n<li><span style=\"color: #777777; font-family: Arial;\">Si ce jeune homme n&rsquo;avait pas pris le volant d&rsquo;une voiture excessivement puissante alors qu&rsquo;il n&rsquo;avait ni le permis, ni d&rsquo;assurance, il n&rsquo;aurait pas \u00e9t\u00e9 tu\u00e9.<br \/>\n<\/span><\/li>\n<li><span style=\"color: #777777; font-family: Arial;\">S&rsquo;il avait obtemp\u00e9r\u00e9 \u00e0 l&rsquo;ordre de la police, il n&rsquo;aurait pas \u00e9t\u00e9 tu\u00e9.<br \/>\n<\/span><\/li>\n<li><span style=\"color: #777777; font-family: Arial;\">On a \u00e9crit, il n&rsquo;avait pas d&rsquo;arme dans cette voiture. Mais enfin, la voiture qu&rsquo;il conduisait pouvait tuer. D&rsquo;ailleurs il a faill\u00e9 renverser un pi\u00e9ton et un cycliste. Il \u00e9tait donc non seulement dans l&rsquo;ill\u00e9galit\u00e9 mais aussi un danger pour autrui.<br \/>\n<\/span><\/li>\n<li><span style=\"color: #777777; font-family: Arial;\">Les policiers n&rsquo;auraient sans doute pas du sortir leur arme pour menacer parce que dans ce cas il se mettaient en posture et en risque de tirer et de mal tirer.<br \/>\n<\/span><\/li>\n<li><span style=\"color: #777777; font-family: Arial;\">Mais \u00e9tait-il raisonnable de laisser repartir cette voiture qui risquait de cr\u00e9er des accidents \u00e9tant donn\u00e9 l&rsquo;\u00e9tat d&rsquo;excitation du jeune Nahel et probablement sa ma\u00eetrise limit\u00e9e du bolide qu&rsquo;il conduisait ? Je n&rsquo;ai entendu personne expliquer comment immobiliser ce v\u00e9hicule de mani\u00e8re efficace et sans utilisation d&rsquo;arme l\u00e9tale. Il me semble que laisser repartir la voiture n&rsquo;\u00e9tait pas une option.<br \/>\n<\/span><\/li>\n<\/ul>\n<p><span style=\"color: #777777; font-family: Arial;\">Il y a certainement des probl\u00e8mes au sein de la police. Sans doute une formation insuffisante, peut \u00eatre une organisation et des m\u00e9thodes d&rsquo;interpellation \u00e0 revoir. Il existe probablement des racistes au sein de la Police qu&rsquo;il faut combattre.<br \/>\n<\/span><\/p>\n<p><span style=\"color: #777777; font-family: Arial;\">Mais le d\u00e9chainement de violence qui a eu lieu ces derniers jours doit aussi nous interroger sur ce que vivent nos policiers dans ces quartiers.<br \/>\n<\/span><\/p>\n<p><span style=\"color: #777777; font-family: Arial;\">Que ferions nous s&rsquo;il n&rsquo;y avait plus de Police&nbsp;?<br \/>\n<\/span><\/p>\n<p><span style=\"color: #777777; font-family: Arial;\">SI tous les policiers d\u00e9posaient brusquement tous leurs attributs en disant nous en avons marre de vivre cette violence, ces insultes et incivilit\u00e9s au quotidien, ce rejet syst\u00e9matique de l&rsquo;autorit\u00e9.<br \/>\n<\/span><\/p>\n<p><span style=\"color: #777777; font-family: Arial;\">D&rsquo;ailleurs contrairement \u00e0 ce que pense ces gauchistes qui ont perturb\u00e9 <a href=\"https:\/\/veridik.fr\/2023\/07\/05\/lyon-interruption-et-evacuation-au-tribunal-de-lyon-pendant-le-jugement-des-emeutiers\/\"><span style=\"color: #0000ff;\">les comparutions aux Palais de Justice<\/span><\/a> de Lyon et qui scandaient cette affirmation&nbsp;:&nbsp;\u00ab&nbsp;<span style=\"color: #c00000;\">Tout le monde d\u00e9teste la Police<span style=\"color: #777777;\">&nbsp;\u00bb, les fran\u00e7ais sont plut\u00f4t du c\u00f4t\u00e9 de la police.<br \/>\n<\/span><\/span><\/span><\/p>\n<p><span style=\"color: #0000ff;\"><a style=\"color: #0000ff;\" href=\"https:\/\/www.ifop.com\/publication\/le-regard-des-francais-sur-la-police-et-les-violences-apres-la-mort-du-jeune-nahel\/\"><span style=\"font-family: Arial;\">&lt;Selon ce sondage IFOP r\u00e9alis\u00e9 apr\u00e8s la mort de Nahel&gt;<\/span><\/a><\/span><span style=\"font-family: Arial;\"> <span style=\"color: #777777;\">43% et 14% ressentent de la confiance ou de la sympathie envers les forces du maintien de l&rsquo;ordre, soit un total de 57% d&rsquo;avis positifs. La police inspire de l&rsquo;inqui\u00e9tude ou de l&rsquo;hostilit\u00e9 pour 32% des Fran\u00e7ais, tandis que 11% d&rsquo;entre eux n&rsquo;ont pas d&rsquo;opinion.<br \/>\n<\/span><\/span><\/p>\n<p><span style=\"color: #777777; font-family: Arial;\">Alors, il ne s&rsquo;agit pas de nier les probl\u00e8mes mais gardons-nous bien de solution simpliste comme croire que tout est la faute de la Police ou inversement que tout est de la faute de l&rsquo;immigration.<br \/>\n<\/span><\/p>\n<p><span style=\"color: #777777; font-family: Arial;\">Les choses sont infiniment plus complexes que cela.<br \/>\n<\/span><\/p>\n<p><span style=\"color: #c00000; font-family: Arial;\">&lt;1753&gt;<\/span><\/p>\n","protected":false},"excerpt":{"rendered":"<p>\u00ab&nbsp;Un d\u00e9bat bloqu\u00e9 [entre] deux camps caricaturaux et irr\u00e9conciliables : D&rsquo;un c\u00f4t\u00e9 une police parfaite qui ne fait jamais d&rsquo;erreur, de l&rsquo;autre des victimes indign\u00e9es qui ne sont que des anges.&nbsp;\u00bb La Tribune de Gen\u00e8ve \u00e0 propos des \u00e9v\u00e8nements en<\/p>\n","protected":false},"author":1,"featured_media":0,"comment_status":"open","ping_status":"closed","sticky":false,"template":"","format":"standard","meta":{"footnotes":""},"categories":[1],"tags":[15,103,169,136],"class_list":["post-14754","post","type-post","status-publish","format-standard","hentry","category-motdujour","tag-france","tag-racisme","tag-republique","tag-securite"],"_links":{"self":[{"href":"https:\/\/lemotdujour.fr\/index.php?rest_route=\/wp\/v2\/posts\/14754","targetHints":{"allow":["GET"]}}],"collection":[{"href":"https:\/\/lemotdujour.fr\/index.php?rest_route=\/wp\/v2\/posts"}],"about":[{"href":"https:\/\/lemotdujour.fr\/index.php?rest_route=\/wp\/v2\/types\/post"}],"author":[{"embeddable":true,"href":"https:\/\/lemotdujour.fr\/index.php?rest_route=\/wp\/v2\/users\/1"}],"replies":[{"embeddable":true,"href":"https:\/\/lemotdujour.fr\/index.php?rest_route=%2Fwp%2Fv2%2Fcomments&post=14754"}],"version-history":[{"count":6,"href":"https:\/\/lemotdujour.fr\/index.php?rest_route=\/wp\/v2\/posts\/14754\/revisions"}],"predecessor-version":[{"id":14765,"href":"https:\/\/lemotdujour.fr\/index.php?rest_route=\/wp\/v2\/posts\/14754\/revisions\/14765"}],"wp:attachment":[{"href":"https:\/\/lemotdujour.fr\/index.php?rest_route=%2Fwp%2Fv2%2Fmedia&parent=14754"}],"wp:term":[{"taxonomy":"category","embeddable":true,"href":"https:\/\/lemotdujour.fr\/index.php?rest_route=%2Fwp%2Fv2%2Fcategories&post=14754"},{"taxonomy":"post_tag","embeddable":true,"href":"https:\/\/lemotdujour.fr\/index.php?rest_route=%2Fwp%2Fv2%2Ftags&post=14754"}],"curies":[{"name":"wp","href":"https:\/\/api.w.org\/{rel}","templated":true}]}}