{"id":1474,"date":"2016-10-27T02:00:00","date_gmt":"2016-10-26T22:00:00","guid":{"rendered":"http:\/\/lemotdujour.fr\/?p=1474"},"modified":"2017-05-08T13:29:33","modified_gmt":"2017-05-08T11:29:33","slug":"jeudi-27102016","status":"publish","type":"post","link":"https:\/\/lemotdujour.fr\/?p=1474","title":{"rendered":"Jeudi 27\/10\/2016"},"content":{"rendered":"<div class=\"mdjDate\">Jeudi 27\/10\/2016<\/div>\n<div class=\"mdjTexte\">\u00ab\u00a0Pardonne-moi mon Anne\u00a0\u00bb<\/div>\n<div class=\"mdjAuteur\">Fran\u00e7ois Mitterrand, dans <a href=\"https:\/\/www.chez-mon-libraire.fr\/livre\/9782070197248-lettres-a-anne-1962-1995-francois-mitterrand\/\">\u00ab\u00a0Les lettres \u00e0 Anne\u00a0\u00bb<\/a> qui ont \u00e9t\u00e9 publi\u00e9es le 13 octobre.<\/div>\n<div class=\"mdjComplements\">Et Mitterrand mourut. Plus pr\u00e9cis\u00e9ment, on le sait maintenant, il demanda qu\u2019on lui donne la mort parce que la souffrance \u00e9tait devenue trop grande et qu\u2019il ne voulait pas que vivant, il perde le contr\u00f4le de lui-m\u00eame.<\/div>\n<div class=\"mdjComplements\">Quelques mois auparavant, pouss\u00e9 par les \u00e9v\u00e8nements, il accepta ou plut\u00f4t participa finalement au d\u00e9voilement de l\u2019existence de sa fille cach\u00e9e\u00a0: Mazarine. Et il organisa ses fun\u00e9railles, mettant en sc\u00e8ne ses deux familles\u00a0: l\u2019officielle avec Danielle Mitterrand et ses deux fils Jean-Christophe et Gilbert, la secr\u00e8te Anne Pingeot et sa fille Mazarine.<\/div>\n<div class=\"mdjComplements\">Nous savons aujourd\u2019hui, que Jean-Christophe et Gilbert rencontr\u00e8rent pour la premi\u00e8re fois leur s\u0153ur Mazarine le matin de l\u2019enterrement.<\/div>\n<div class=\"mdjComplements\">Beaucoup s\u2019en offusqu\u00e8rent. Le monarque r\u00e9publicain qui condamne la polygamie, pr\u00e9sente dans les faits en France \u00e0 cause de l\u2019immigration, montre au monde entier que lui-m\u00eame a pratiqu\u00e9 cette culture de la soumission des femmes.<\/div>\n<div class=\"mdjComplements\">J\u2019\u00e9tais dans ce camp.<\/div>\n<div class=\"mdjComplements\">J\u2019aimais cette r\u00e9ponse d\u2019Andr\u00e9 Gide \u00e0 l\u2019interpellation\u00a0: M Gide, il ne faut pas juger : \u00ab\u00a0Je ne juge pas, je condamne ! \u00bb.<\/div>\n<div class=\"mdjComplements\">Anne Pingeot a publi\u00e9, 5 ans apr\u00e8s le d\u00e9c\u00e8s de Danielle Mitterrand, deux livres issus de la plume de Fran\u00e7ois Mitterrand. Le plus imposant est le recueil de plus de 1000 lettres de Fran\u00e7ois Mitterrand lui a adress\u00e9es.<\/div>\n<div class=\"mdjComplements\">Anne Pingeot a accept\u00e9 de r\u00e9pondre dans l\u2019\u00e9mission <a href=\"https:\/\/www.franceculture.fr\/emissions\/voix-nue\">&lt;A voix nue&gt;<\/a>, aux questions de Jean-No\u00ebl Jeanneney pendant 5 \u00e9missions d\u2019une demi-heure chacune. Il est annonc\u00e9 que ces entretiens seront les seuls auxquels, elle acceptera de r\u00e9pondre.<\/div>\n<div class=\"mdjComplements\">J\u2019ai \u00e9cout\u00e9 ces 2 heures 30 d\u2019\u00e9mission, totalement sous le charme de cette femme de 73 ans \u00e0 la voix jeune et enthousiaste, au rire cristallin. Irr\u00e9sistiblement j\u2019ai \u00e9t\u00e9 pouss\u00e9 \u00e0 entrer dans une librairie pour acheter ce livre, h\u00e9las pour moi un trop grand nombre avait d\u00e9j\u00e0 eu cette id\u00e9e et il n\u2019y avait plus d\u2019exemplaire pour moi.<\/div>\n<div class=\"mdjComplements\">Le monde binaire du manich\u00e9isme, constitue une facilit\u00e9 coupable. Le monde, la vie sont complexit\u00e9.<\/div>\n<div class=\"mdjComplements\">Nous apprenons donc qu\u2019Anne Pingeot a rencontr\u00e9 pour la premi\u00e8re fois Fran\u00e7ois Mitterrand \u00e0 l\u2019\u00e2ge de 14 ans alors que son p\u00e8re avait invit\u00e9 apr\u00e8s une partie de golf, Fran\u00e7ois Mitterrand et Andr\u00e9 Rousselet son grand ami et son ex\u00e9cuteur testamentaire, rencontre dont elle se souvient encore aujourd\u2019hui.<\/div>\n<div class=\"mdjComplements\">C\u2019est autour de 19 ans que commenc\u00e8rent leurs \u00e9changes \u00e9pistolaires en 1962. Cette histoire d\u2019amour dura donc plus de 30 ans.<\/div>\n<div class=\"mdjComplements\">Au d\u00e9but des entretiens, Anne Pingeot r\u00e9v\u00e8le que c\u2019est Hubert V\u00e9drine, pr\u00e9sident de l\u2019institut Fran\u00e7ois Mitterrand et Jean-No\u00ebl Jeanneney qui lui ont demand\u00e9 si elle disposait de documents qui pourraient \u00e9clairer la vie de Fran\u00e7ois Mitterrand, \u00e0 l\u2019occasion de son centi\u00e8me anniversaire. Et elle parle de ses doutes\u00a0: \u00ab Fallait-il le publier ? (&#8230;) Je ne sais pas, je ne sais pas. Il savait que je conservais tout, par m\u00e9tier et par nature. Mais, est-ce qu\u2019il voulait que ce soit publi\u00e9&#8230; Vous voyez&#8230; Toujours, je me pose la question\u00a0\u00bb.<\/div>\n<div class=\"mdjComplements\">Elle parle de l\u2019influence de Jean-No\u00ebl Jeanneney \u00e0 qui elle a pos\u00e9 la question et qui bien s\u00fbr, en qualit\u00e9 d\u2019historien toujours \u00e0 la recherche de sources premi\u00e8res, ne pouvait dire que oui. Elle lui reproche un peu de l&rsquo;avoir pouss\u00e9 \u00e0 publier. Elle parle aussi de ce dilemme : laisser le soin d&rsquo;ouvrir et de traiter ces archives \u00e0 d&rsquo;autres et \u00e0 titre posthume avec le risque de trahir ou de mal comprendre, ou s&rsquo;en charger soi-m\u00eame avec le risque d&rsquo;une publication pr\u00e9matur\u00e9e et de devoir recevoir toutes les critiques de tous ceux qui \u00e0 juste titre auraient pr\u00e9f\u00e9r\u00e9 attendre. <\/div>\n<div class=\"mdjComplements\">Elle explique comment a \u00e9t\u00e9 possible pour une femme moderne et intelligente d\u2019accepter cette vie dans l\u2019ombre d\u2019un homme pendant plus de 30 ans. Situation totalement r\u00e9voltante \u00e0 l\u2019\u00e8re moderne et dans le contexte de l\u2019\u00e9mancipation f\u00e9minine.<\/div>\n<div class=\"mdjComplements\">Elle utilise, elle-m\u00eame le terme \u00abinacceptable\u00bb et \u00e9voque le monde \u00abr\u00e9actionnaire\u00bb dans lequel elle a v\u00e9cu son enfance\u00a0: \u00ab\u00a0Quand on a eu le droit de parler \u00e0 table, je n&rsquo;ai qu&rsquo;entendu&#8230; Par exemple sur la vision de la femme : la femme est quelqu&rsquo;un qui doit \u00eatre soumis, qui ne doit avoir aucune vie intellectuelle, et \u00e7a \u00e7a a compt\u00e9 beaucoup quand m\u00eame. \u00c7a emp\u00eache. Il va falloir l&rsquo;aide de Fran\u00e7ois Mitterrand pour essayer autrement, dans une autre direction. En m\u00eame temps, ce c\u00f4t\u00e9 de soumission a fait en sorte que j&rsquo;ai accept\u00e9 l&rsquo;inacceptable. \u00bb<\/div>\n<div class=\"mdjComplements\">Le reste de sa vie fut une suite de combats pour \u00eatre ind\u00e9pendante, gagner sa vie, avoir son propre appartement. Elle \u00e9voque le d\u00e9but de son existence \u00e0 Paris d\u2019abord l&rsquo;apprentissage des vitraux &#8211; qui ne m\u00e8ne \u00e0 rien -, puis finalement du droit et l&rsquo;Ecole du Louvre en parall\u00e8le, pour se retrouver dans le monde des mus\u00e9es. Rappelons qu\u2019elle fut la conservatrice du mus\u00e9e d\u2019Orsay.<\/div>\n<div class=\"mdjComplements\">Et tr\u00e8s rapidement, \u00e0 Paris, Mitterrand sera tr\u00e8s pr\u00e9sent. Elle utilise pourtant, pour le qualifier, du terme de \u00ab\u00a0pr\u00e9dateur\u00a0\u00bb.<\/div>\n<div class=\"mdjComplements\">Elle raconte cette liaison faite de crises et de r\u00e9conciliations. Elle a voulu le quitter plusieurs fois, vivre sa vie avec des jeunes de son \u00e2ge\u00a0: \u00ab\u00a0 J\u2019ai \u00e9videmment essay\u00e9 de le quitter, beaucoup. Ces lettres sont souvent le reflet des essais. Mais pour simplifier, personne n\u2019arrivait \u00e0 \u00eatre aussi int\u00e9ressant. Personne n\u2019\u00e9tait aussi fascinant. C\u2019est tellement important de ne jamais s\u2019ennuyer. \u00bb<\/div>\n<div class=\"mdjComplements\">Mais \u00ab\u00a0\u00e0 la fin je lui reprochais ses lettres trop belles. Je trouvais que la vie, \u00e7a aurait \u00e9t\u00e9 mieux.\u00a0\u00bb<\/div>\n<div class=\"mdjComplements\">Et Fran\u00e7ois Mitterrand d\u2019\u00e9crire\u00a0: \u00abAnne au c\u0153ur donn\u00e9 et \u00e0 l\u2019\u00e2me fi\u00e8re. Tu es ma lumi\u00e8re, mais que t\u2019ai-je donn\u00e9, plus que tu dis, moins qu\u2019il ne faut. Notre histoire est si difficile qu\u2019elle a bien le droit d\u2019\u00eatre unique.\u00bb<\/div>\n<div class=\"mdjComplements\">Mitterrand \u00e9tait un homme secret qui disposait de plusieurs cercles de relations qui ne se rencontraient pas. Probablement qu\u2019Anne Pingeot, fut au cours de ces plus de trente ans la personne qui le connaissait le mieux, \u00e0 qui il a r\u00e9v\u00e9l\u00e9 le plus de choses.<\/div>\n<div class=\"mdjComplements\">Anne Pingeot aussi raconte le Fran\u00e7ois Mitterrand, homme politique\u00a0:\u00a0\u00ab\u00a0Chaque hameau \u00e9tait marqu\u00e9&#8230; C\u2019\u00e9tait syst\u00e9matique. Il avait un vrai contact avec les gens. Et moi je l\u2019ai suivi, au d\u00e9but. J\u2019ai assist\u00e9 aux r\u00e9unions de conseil municipal. Il connaissait tout. C\u2019est \u00e7a qui lui a donn\u00e9 cette connaissance que les autres n\u2019ont plus maintenant. Ils ne savent plus ce que c\u2019est. Ils ont des attach\u00e9s parlementaires, il allait dans les champs, voir les gens.\u00a0\u00bb<\/div>\n<div class=\"mdjComplements\">Et puis il y a cette confidence lorsqu\u2019elle avait pris la d\u00e9cision de le quitter pour se marier avec un ing\u00e9nieur de grande \u00e9cole, il part en Inde, et se heurte de plein fouet \u00e0 la mis\u00e8re du monde. Il lui raconte dans ses missives, et dans le \u00ab\u00a0journal de bord\u00a0\u00bb qu\u2019il tient et lui rapporte \u00e0 son retour.<\/div>\n<div class=\"mdjComplements\">Anne Pingeot\u00a0: \u00ab\u00a0Lui, sa r\u00e9action, c\u2019est de partir dans un slum [bidonville], en Inde, aupr\u00e8s d\u2019un P\u00e8re assez extraordinaire d\u2019ailleurs. Moi \u00e7a m\u2019a boulevers\u00e9e. Et je suis rest\u00e9e.\u00a0\u00bb<\/div>\n<div class=\"mdjComplements\">Fran\u00e7ois Mitterrand\u00a0: \u00abLe P\u00e8re Laborde a peut-\u00eatre 45 ans, est maigre, \u00e0 forte m\u00e2choire, des cheveux gris bien peign\u00e9s, un rire frais, presque enfantin, des lunettes de fer. Il ne se d\u00e9place qu\u2019\u00e0 bicyclette, ou en train. Il sait tout faire, et n\u2019est qu\u2019humilit\u00e9. J\u2019irai demain m\u2019installer avec lui dans son cagibi du slum, et je suis d\u00e9j\u00e0 embauch\u00e9 pour aider un jeune m\u00e9decin libanais qui soigne comme il peut. (\u2026) Pas d\u2019air, pas d\u2019arbres, des milliers de gens dans la rue. (\u2026) Selon Christian, la moyenne de vie est de 30 ans. Il soigne des gens dans la rue, amass\u00e9s le long des rigoles.(\u2026) Je me force terriblement, je n\u2019ai pas la vocation du malheur. \u00bb <\/div>\n<div class=\"mdjComplements\">Mais c\u2019est aussi la maternit\u00e9 qui fit rester Anne Pingeot dans le cercle intime de Fran\u00e7ois Mitterrand. Elle \u00e9voque cette importance, pour elle, d\u2019avoir eu un enfant avec lui : \u00ab\u00a0Et au fond, je pensais que c\u2019\u00e9tait le seul acte altruiste qu\u2019il avait fait. Et le comble, c\u2019est que cet acte altruiste a \u00e9t\u00e9 un des bonheurs de sa vie.\u00a0\u00bb<\/div>\n<div class=\"mdjComplements\">Car elle raconte que l\u2019enfance de Mazarine fut finalement tr\u00e8s proche de son p\u00e8re qui passait, sauf quand il \u00e9tait en voyage, les soir\u00e9es et les nuits avec elles. Elle raconte qu\u2019il lui racontait des histoires et qu\u2019il chantait pour l\u2019endormir\u2026 Comme nous le faisions pour nos enfants.<\/div>\n<div class=\"mdjComplements\">Dans ces \u00e9missions j\u2019appris aussi que contrairement \u00e0 ce qu\u2019on a affirm\u00e9, Fran\u00e7ois Mitterrand aimait la musique\u00a0: Beethoven, Schumann, Dvorak mais aussi Leo Ferr\u00e9 et Barbara.<\/div>\n<div class=\"mdjComplements\">Dans la derni\u00e8re \u00e9mission, Anne Pingeot lit quelques po\u00e9sies qu\u2019il lui a \u00e9crites. Je partage avec vous celle-ci\u00a0:<\/div>\n<div class=\"mdjCiter\"> \u00abPour les fleurs que tu n\u2019as pas re\u00e7us<\/div>\n<div class=\"mdjCiter\">Pour les livres que je ne t\u2019ai pas lus,<\/div>\n<div class=\"mdjCiter\">Pour les pays que nous n\u2019avons pas vus,<\/div>\n<div class=\"mdjCiter\">Pour les bonheurs perdus,<\/div>\n<div class=\"mdjCiter\">Je te demande pardon, mon Anne<\/div>\n<div class=\"mdjCiter\">Pour l\u2019amour que je t\u2019ai mesur\u00e9,<\/div>\n<div class=\"mdjCiter\">Pour la paix que je t\u2019ai refus\u00e9e<\/div>\n<div class=\"mdjCiter\">Pour les heures que je ne t\u2019ai pas donn\u00e9es<\/div>\n<div class=\"mdjCiter\">Pour l\u2019esp\u00e9rance d\u00e9laiss\u00e9e<\/div>\n<div class=\"mdjCiter\">Je te demande pardon, mon Anne<\/div>\n<div class=\"mdjCiter\">Pour les paroles inutiles<\/div>\n<div class=\"mdjCiter\">Pour les silences distraits<\/div>\n<div class=\"mdjCiter\">Pour les rendez-vous manqu\u00e9s<\/div>\n<div class=\"mdjCiter\">Pour les pas dispers\u00e9s<\/div>\n<div class=\"mdjCiter\">Pour les pri\u00e8res oubli\u00e9es<\/div>\n<div class=\"mdjCiter\">Je te demande pardon, mon Anne<\/div>\n<div class=\"mdjCiter\">Pour la ferveur de chaque jour,<\/div>\n<div class=\"mdjCiter\">Pour l\u2019attente de chaque nuit<\/div>\n<div class=\"mdjCiter\">Pour la pens\u00e9e de chaque matin<\/div>\n<div class=\"mdjCiter\">Pour la passion de chaque \u00e9treinte<\/div>\n<div class=\"mdjCiter\">Pardonne-moi mon Anne. \u00bb<\/div>\n<div class=\"mdjComplements\">Lors de sa pr\u00e9sidence, Fran\u00e7ois Mitterrand partagea donc ses soir\u00e9es et nuits parisiennes avec Anne Pingeot et sa fille. Les ultimes mois de sa vie, il les passa avenue Fr\u00e9d\u00e9ric-Le-Play, dans le VIIe arrondissement de Paris, o\u00f9 Anne Pingeot \u00e9tait \u00e0 ses c\u00f4t\u00e9s, chaque jour, chaque nuit.<\/div>\n<div class=\"mdjComplements\">Le 22 septembre 1995, l&rsquo;ultime lettre que Fran\u00e7ois Mitterrand adresse \u00e0 Anne Pingeot \u2014se cl\u00f4t par ces mots <\/div>\n<div class=\"mdjCiter\">\u00ab Tu as \u00e9t\u00e9 la chance de ma vie. Comment ne pas t&rsquo;aimer davantage ? \u00bb<\/div>\n<div class=\"mdjComplements\">Au terme de ce long mot consacr\u00e9 \u00e0 un homme que j\u2019ai longtemps d\u00e9test\u00e9 mais aussi \u00e0 une femme qui m&rsquo;\u00e9meut, j\u2019abandonne le mot de Gide\u00a0: \u00ab\u00a0Je ne juge pas je condamne\u00a0\u00bb pour celui de Jean Cocteau qui fut le mot du jour du 9 septembre 2013<\/div>\n<div class=\"mdjComplements\">\u00a0\u00abSurtout, surtout\u2026 sois indulgent, <\/div>\n<div class=\"mdjComplements\">H\u00e9site sur le seuil du bl\u00e2me. <\/div>\n<div class=\"mdjComplements\">On ne sait jamais les raisons<\/div>\n<div class=\"mdjComplements\">Ni l\u2019enveloppe int\u00e9rieure de l\u2019\u00e2me, <\/div>\n<div class=\"mdjComplements\">Ni ce qu\u2019il y a dans les maisons, <\/div>\n<div class=\"mdjComplements\">Sous les toits, entre les gens. \u00bb<\/div>\n","protected":false},"excerpt":{"rendered":"<p>Jeudi 27\/10\/2016 \u00ab\u00a0Pardonne-moi mon Anne\u00a0\u00bb Fran\u00e7ois Mitterrand, dans \u00ab\u00a0Les lettres \u00e0 Anne\u00a0\u00bb qui ont \u00e9t\u00e9 publi\u00e9es le 13 octobre. Et Mitterrand mourut. Plus pr\u00e9cis\u00e9ment, on le sait maintenant, il demanda qu\u2019on lui donne la mort parce que la souffrance \u00e9tait<\/p>\n","protected":false},"author":1,"featured_media":0,"comment_status":"closed","ping_status":"closed","sticky":false,"template":"","format":"standard","meta":{"footnotes":""},"categories":[1],"tags":[],"class_list":["post-1474","post","type-post","status-publish","format-standard","hentry","category-motdujour"],"_links":{"self":[{"href":"https:\/\/lemotdujour.fr\/index.php?rest_route=\/wp\/v2\/posts\/1474","targetHints":{"allow":["GET"]}}],"collection":[{"href":"https:\/\/lemotdujour.fr\/index.php?rest_route=\/wp\/v2\/posts"}],"about":[{"href":"https:\/\/lemotdujour.fr\/index.php?rest_route=\/wp\/v2\/types\/post"}],"author":[{"embeddable":true,"href":"https:\/\/lemotdujour.fr\/index.php?rest_route=\/wp\/v2\/users\/1"}],"replies":[{"embeddable":true,"href":"https:\/\/lemotdujour.fr\/index.php?rest_route=%2Fwp%2Fv2%2Fcomments&post=1474"}],"version-history":[{"count":1,"href":"https:\/\/lemotdujour.fr\/index.php?rest_route=\/wp\/v2\/posts\/1474\/revisions"}],"predecessor-version":[{"id":1475,"href":"https:\/\/lemotdujour.fr\/index.php?rest_route=\/wp\/v2\/posts\/1474\/revisions\/1475"}],"wp:attachment":[{"href":"https:\/\/lemotdujour.fr\/index.php?rest_route=%2Fwp%2Fv2%2Fmedia&parent=1474"}],"wp:term":[{"taxonomy":"category","embeddable":true,"href":"https:\/\/lemotdujour.fr\/index.php?rest_route=%2Fwp%2Fv2%2Fcategories&post=1474"},{"taxonomy":"post_tag","embeddable":true,"href":"https:\/\/lemotdujour.fr\/index.php?rest_route=%2Fwp%2Fv2%2Ftags&post=1474"}],"curies":[{"name":"wp","href":"https:\/\/api.w.org\/{rel}","templated":true}]}}