{"id":14737,"date":"2023-06-22T00:32:45","date_gmt":"2023-06-21T22:32:45","guid":{"rendered":"https:\/\/lemotdujour.fr\/?p=14737"},"modified":"2023-06-22T18:40:31","modified_gmt":"2023-06-22T16:40:31","slug":"jeudi-22-juin-2023","status":"publish","type":"post","link":"https:\/\/lemotdujour.fr\/?p=14737","title":{"rendered":"Jeudi 22 juin 2023"},"content":{"rendered":"<div class=\"mdjTexte\">\u00ab&nbsp;La mort est au bout du chemin, mais elle s&rsquo;est un peu \u00e9loign\u00e9e.&nbsp;\u00bb<\/div>\n<div class=\"mdjAuteur\">Cl\u00e9mentine Vergnaud<\/div>\n<p><span style=\"color: #777777; font-family: Arial;\">Elle s&rsquo;appelle <strong>Cl\u00e9mentine Vergnaud<\/strong>, elle est journaliste \u00e0 France Info, elle a trente ans.<br \/>\n<\/span><\/p>\n<p><span style=\"color: #777777; font-family: Arial;\">Elle est atteinte d&rsquo;un cancer digestif des voies biliaires dont le nom scientifique est&nbsp;: \u00ab&nbsp;<a href=\"https:\/\/fr.wikipedia.org\/wiki\/Cholangiocarcinome\"><strong><span style=\"color: #0000ff;\">le cholangiocarcinom<\/span><\/strong><span style=\"color: #0000ff;\"><strong>e<\/strong>&nbsp;<\/span><\/a><span style=\"color: #0000ff;\">\u00bb<\/span><br \/>\n<\/span><\/p>\n<p><span style=\"color: #777777; font-family: Arial;\">C&rsquo;est un cancer rare et extr\u00eamement agressif.<br \/>\n<\/span><\/p>\n<p><span style=\"color: #777777; font-family: Arial;\">Un jour de grande douleur Cl\u00e9mentine Vergnaud a craqu\u00e9 et a recherch\u00e9 l&rsquo;esp\u00e9rance de vie pour cette pathologie. Elle a trouv\u00e9 que pour les malades qui peuvent \u00eatre op\u00e9r\u00e9s, 10% restent en vie au bout de 5 ans.<br \/>\n<\/span><\/p>\n<p><span style=\"color: #777777; font-family: Arial;\">Les m\u00e9decins lui ont dit qu&rsquo;elle n&rsquo;\u00e9tait pas op\u00e9rable, \u00e0 cause de la diffusion de m\u00e9tastases en dehors de l&rsquo;organe initial touch\u00e9.<br \/>\n<\/span><\/p>\n<p><span style=\"color: #777777; font-family: Arial;\">Un coll\u00e8gue journaliste <strong>Samuel Aslanoff<\/strong> lui a propos\u00e9 d&rsquo;enregistrer un podcast racontant son combat contre le cancer r\u00e9v\u00e9lant ses sentiments, ses rapports \u00e0 sa maladie, aux m\u00e9decins, \u00e0 ses proches, ses moments de d\u00e9couragement, d&rsquo;espoir, de peur, de joie.<br \/>\n<\/span><\/p>\n<p><span style=\"color: #777777; font-family: Arial;\">Je me promenais et \u00e9coutais son entretien dans \u00ab&nbsp;<span style=\"color: #0000ff;\"><a style=\"color: #0000ff;\" href=\"https:\/\/www.youtube.com\/watch?v=NOicgBdGEoo\">C \u00e0 Vous&nbsp;<\/a><\/span>\u00bb (qui existe sous format de podcast audio) dans lequel j&rsquo;apprenais l&rsquo;existence de son podcast en dix \u00e9pisodes de 10 \u00e0 12 minutes.<br \/>\n<\/span><\/p>\n<p><span style=\"color: #777777; font-family: Arial;\">J&rsquo;ai imm\u00e9diatement \u00e9cout\u00e9 le premier &lt; <a href=\"https:\/\/www.francetvinfo.fr\/replay-radio\/ma-vie-face-au-cancer-le-journal-de-clementine\/ma-vie-face-au-cancer-j-ai-l-impression-que-le-bateau-est-en-train-de-couler_5859557.html\"><span style=\"color: #0000ff;\">J&rsquo;ai l&rsquo;impression que le bateau est en train de couler<\/span><\/a> &gt;, puis le second, le troisi\u00e8me et tous les suivants, \u00e0 la fin de ma promenade j&rsquo;avais fini les dix \u00e9pisodes.<br \/>\n<\/span><\/p>\n<p><span style=\"color: #777777; font-family: Arial;\">C&rsquo;est bouleversant et plein d&rsquo;enseignement.<br \/>\n<\/span><\/p>\n<p><span style=\"color: #777777; font-family: Arial;\">Celles et ceux qui sont dans un combat similaire y apprendront beaucoup.<br \/>\n<\/span><\/p>\n<p><a href=\"https:\/\/www.francetvinfo.fr\/replay-radio\/ma-vie-face-au-cancer-le-journal-de-clementine\/\"><img decoding=\"async\" class=\"alignleft\" src=\"https:\/\/lemotdujour.fr\/wp-content\/uploads\/2023\/06\/062123_2232_Jeudi22juin1.png\" alt=\"\" border=\"0\" align=\"left\"><\/a><span style=\"color: #777777; font-family: Arial;\">Et peut-\u00eatre, que celles et ceux qui accompagnent ou sont des proches d&rsquo;un malade qui poursuit une telle lutte, apprendront encore davantage.<br \/>\n<\/span><\/p>\n<p><span style=\"color: #777777; font-family: Arial;\">Elle raconte comment des amis qui sont plein de bienveillance mais ne sachant que dire, lui ass\u00e8ne&nbsp;: \u00ab&nbsp;Je suis s\u00fbr, tu vas t&rsquo;en sortir&nbsp;!&nbsp;\u00bb<br \/>\n<\/span><\/p>\n<p><span style=\"color: #777777; font-family: Arial;\">Mais il faut comprendre que pour le malade, conscient de son \u00e9tat, cela sonne faux et n&rsquo;aide pas.<br \/>\n<\/span><\/p>\n<p><span style=\"color: #777777; font-family: Arial;\">Elle donne la solution, il faut juste \u00eatre pr\u00e9sent, \u00eatre l\u00e0.<br \/>\n<\/span><\/p>\n<p><span style=\"color: #777777; font-family: Arial;\">Elle avoue sa peur de la mort&nbsp;:<br \/>\n<\/span><\/p>\n<p style=\"margin-left: 28pt;\"><span style=\"color: #c00000; font-family: Arial;\">\u00ab&nbsp;La peur de la mort vous saisit dans vos entrailles&nbsp;\u00bb<br \/>\n<\/span><\/p>\n<p><span style=\"color: #777777; font-family: Arial;\">Mais quand elle dit \u00e0 sa m\u00e8re et son p\u00e8re&nbsp;: \u00ab&nbsp;il faut pr\u00e9parer ma mort, mon d\u00e9part&nbsp;\u00bb, ses parents disent simplement&nbsp;:&nbsp;\u00ab&nbsp;Nous sommes l\u00e0 pour toi et nous allons en parler et prendre les d\u00e9cisions qu&rsquo;il faut.&nbsp;\u00bb<br \/>\n<\/span><\/p>\n<p><span style=\"color: #777777; font-family: Arial;\">Ainsi, ses parents sont dans cette pr\u00e9sence dont elle a besoin pour avancer.<br \/>\n<\/span><\/p>\n<p><span style=\"color: #777777; font-family: Arial;\">Elle dit aussi combien le patient a besoin de m\u00e9decins qui sont dans l&rsquo;\u00e9coute et si possible dans l&#8217;empathie.<br \/>\n<\/span><\/p>\n<p><img loading=\"lazy\" decoding=\"async\" class=\"alignright\" src=\"https:\/\/lemotdujour.fr\/wp-content\/uploads\/2023\/06\/062123_2232_Jeudi22juin2.png\" alt=\"\" width=\"441\" height=\"354\" align=\"left\"><span style=\"color: #777777; font-family: Arial;\">Elle raconte son exp\u00e9rience d&rsquo;un m\u00e9decin qui n&rsquo;\u00e9coutait rien de ce qu&rsquo;elle lui disait et concluait que ses terribles douleurs provenaient d&rsquo;une d\u00e9chirure musculaire.<br \/>\n<\/span><\/p>\n<p><span style=\"color: #777777; font-family: Arial;\">Heureusement, elle a aussi rencontr\u00e9 beaucoup de m\u00e9decins remarquables sur lesquels elle a pu s&rsquo;appuyer dans son combat.<br \/>\n<\/span><\/p>\n<p><span style=\"color: #777777; font-family: Arial;\">La douceur de celui qu&rsquo;elle appelle le docteur H qui lui a annonc\u00e9 la terrible nouvelle et lui a indiqu\u00e9 l&rsquo;h\u00f4pital o\u00f9 elle devrait se rendre d\u00e8s le lendemain et la proc\u00e9dure qui s&rsquo;enclencherait alors, est bouleversante.<br \/>\n<\/span><\/p>\n<p><span style=\"color: #777777; font-family: Arial;\">Quand tout ce qui devait \u00eatre dit dans l&rsquo;op\u00e9rationnel avait \u00e9t\u00e9 dit, Cl\u00e9mentine Vergnaud et sa m\u00e8re pleuraient, le docteur H a alors entour\u00e9 sa main avec ses deux mains et dit&nbsp;:<br \/>\n<\/span><\/p>\n<p style=\"margin-left: 28pt;\"><span style=\"color: #c00000; font-family: Arial;\">\u00ab&nbsp;Un m\u00e9decin n&rsquo;a pas le droit de pleurer.&nbsp;\u00bb<br \/>\n<\/span><\/p>\n<p><span style=\"color: #777777; font-family: Arial;\">Par la suite, elle croisera encore plusieurs fois la route du Docteur H qui chaque fois sera pr\u00e9sent et aidant.<br \/>\n<\/span><\/p>\n<p><span style=\"color: #777777; font-family: Arial;\">Elle d\u00e9taille aussi ses d\u00e9m\u00eal\u00e9s avec la bureaucratie et les bugs informatiques de la S\u00e9curit\u00e9 Sociale. Ce serait comique, si on ne baignait pas dans la trag\u00e9die.<br \/>\n<\/span><\/p>\n<p><span style=\"color: #777777; font-family: Arial;\">Elle a aussi cette formule qui me parait tr\u00e8s juste&nbsp;:<br \/>\n<\/span><\/p>\n<p style=\"margin-left: 28pt;\"><span style=\"color: #c00000; font-family: Arial;\">\u00ab&nbsp;\u00catre malade, c&rsquo;est un vrai boulot&nbsp;\u00bb<br \/>\n<\/span><\/p>\n<p><span style=\"color: #777777; font-family: Arial;\">Elle dit, \u00e0 mon sens, des choses tr\u00e8s importantes \u00e0 comprendre.<br \/>\n<\/span><\/p>\n<p><span style=\"color: #777777; font-family: Arial;\">Elle explique qu&rsquo;elle ne donne jamais pr\u00e9cis\u00e9ment les dates de ses s\u00e9ances de scanner \u00e0 ses proches, de peur d&rsquo;\u00eatre envahie par des questionnements incessants et imm\u00e9diats. Alors que le diagnostic apr\u00e8s le scanner doit \u00eatre accueilli par le patient avec calme et paix. Il est possible qu&rsquo;il lui \u00ab&nbsp;<span style=\"color: #c00000;\">faille faire le deuil d&rsquo;un traitement qui n&rsquo;a pas fonctionn\u00e9<span style=\"color: #777777;\">.&nbsp;\u00bb<br \/>\n<\/span><\/span><\/span><\/p>\n<p><span style=\"color: #777777; font-family: Arial;\">Et puis elle explique qu&rsquo;elle a re\u00e7u l&rsquo;annonce de sa maladie, comme une immense injustice, avec une r\u00e9volte intense. Mais qu&rsquo;avec le temps et les conseils de m\u00e9decins avis\u00e9s, elle a compris qu&rsquo;elle devait faire une place \u00e0 ses cellules malades, accepter de vivre avec elles pour avancer et faire reculer la maladie.<br \/>\n<\/span><\/p>\n<p><span style=\"color: #777777; font-family: Arial;\"><img loading=\"lazy\" decoding=\"async\" class=\" wp-image-14740 alignleft\" src=\"https:\/\/lemotdujour.fr\/wp-content\/uploads\/2023\/06\/Clementine3.png\" alt=\"\" width=\"483\" height=\"277\" srcset=\"https:\/\/lemotdujour.fr\/wp-content\/uploads\/2023\/06\/Clementine3.png 860w, https:\/\/lemotdujour.fr\/wp-content\/uploads\/2023\/06\/Clementine3-300x172.png 300w, https:\/\/lemotdujour.fr\/wp-content\/uploads\/2023\/06\/Clementine3-768x439.png 768w\" sizes=\"auto, (max-width: 483px) 100vw, 483px\" \/>Apr\u00e8s des traitements qui l&rsquo;ont beaucoup affaibli, fait souffrir et eu des cons\u00e9quences collat\u00e9rales telles qu&rsquo;ils ne pouvaient \u00eatre poursuivis, l&rsquo;H\u00f4pital Paul-Brousse lui a propos\u00e9 un traitement innovant qui a pu am\u00e9liorer son \u00e9tat de sant\u00e9 et stabiliser sa maladie.<br \/>\n<\/span><\/p>\n<p><span style=\"color: #777777; font-family: Arial;\">Et c&rsquo;est Cl\u00e9mentine Vergnaud qui a rapport\u00e9 avec force et sagesse cette phrase de sa m\u00e8re, ancienne infirmi\u00e8re&nbsp;:<br \/>\n<\/span><\/p>\n<p style=\"margin-left: 28pt;\"><span style=\"color: #c00000; font-family: Arial;\">\u00ab&nbsp;La mort est au bout du chemin, mais elle s&rsquo;est un peu \u00e9loign\u00e9e.&nbsp;\u00bb<br \/>\n<\/span><\/p>\n<p><span style=\"color: #777777; font-family: Arial;\">Depuis la mise en ligne de son podcast, la journaliste a re\u00e7u des centaines de messages de soutien.<\/span><\/p>\n<p style=\"margin-left: 28pt;\"><span style=\"color: #c00000; font-family: Arial;\">\u00ab On m&rsquo;\u00e9crit des tas de choses. Cela peut \u00eatre des malades qui me disent qu&rsquo;ils se sentent enfin moins seuls : Je me sens compris, vous avez mis des mots sur nos maux. Cela peut-\u00eatre des proches de malades aussi \u00bb,<br \/>\n<\/span><\/p>\n<p><span style=\"color: #777777; font-family: Arial;\">Elle a aussi rapport\u00e9 l&rsquo;histoire de l&rsquo;amie d&rsquo;une femme atteinte d&rsquo;un cancer&nbsp;:<br \/>\n<\/span><\/p>\n<p style=\"margin-left: 28pt;\"><span style=\"color: #c00000; font-family: Arial;\"> \u00ab&nbsp;J&rsquo;ai \u00e9cout\u00e9 votre podcast juste avant de d\u00eener avec elle et maintenant, je sais quoi lui dire.&nbsp;\u00bb<br \/>\n<\/span><\/p>\n<p><span style=\"color: #777777; font-family: Arial;\">Voici le <span style=\"color: #0000ff;\"><a style=\"color: #0000ff;\" href=\"https:\/\/www.francetvinfo.fr\/replay-radio\/ma-vie-face-au-cancer-le-journal-de-clementine\/\">&lt;Lien&gt;<\/a> <\/span>vers la Page pr\u00e9sentant les 10 podcasts : \u00ab Ma vie face au cancer : le journal de Cl\u00e9mentine. \u00bb<br \/>\n<\/span><\/p>\n<p><span style=\"color: #777777; font-family: Arial;\">Un monument d&rsquo;humanit\u00e9&nbsp;!<br \/>\n<\/span><\/p>\n<p><span style=\"color: #c00000; font-family: Arial;\">&lt;1752&gt;<\/span><\/p>\n","protected":false},"excerpt":{"rendered":"<p>\u00ab&nbsp;La mort est au bout du chemin, mais elle s&rsquo;est un peu \u00e9loign\u00e9e.&nbsp;\u00bb Cl\u00e9mentine Vergnaud Elle s&rsquo;appelle Cl\u00e9mentine Vergnaud, elle est journaliste \u00e0 France Info, elle a trente ans. Elle est atteinte d&rsquo;un cancer digestif des voies biliaires dont le<\/p>\n","protected":false},"author":1,"featured_media":0,"comment_status":"open","ping_status":"closed","sticky":false,"template":"","format":"standard","meta":{"footnotes":""},"categories":[1],"tags":[54,132,13],"class_list":["post-14737","post","type-post","status-publish","format-standard","hentry","category-motdujour","tag-humanisme","tag-medecine","tag-sante"],"_links":{"self":[{"href":"https:\/\/lemotdujour.fr\/index.php?rest_route=\/wp\/v2\/posts\/14737","targetHints":{"allow":["GET"]}}],"collection":[{"href":"https:\/\/lemotdujour.fr\/index.php?rest_route=\/wp\/v2\/posts"}],"about":[{"href":"https:\/\/lemotdujour.fr\/index.php?rest_route=\/wp\/v2\/types\/post"}],"author":[{"embeddable":true,"href":"https:\/\/lemotdujour.fr\/index.php?rest_route=\/wp\/v2\/users\/1"}],"replies":[{"embeddable":true,"href":"https:\/\/lemotdujour.fr\/index.php?rest_route=%2Fwp%2Fv2%2Fcomments&post=14737"}],"version-history":[{"count":12,"href":"https:\/\/lemotdujour.fr\/index.php?rest_route=\/wp\/v2\/posts\/14737\/revisions"}],"predecessor-version":[{"id":14752,"href":"https:\/\/lemotdujour.fr\/index.php?rest_route=\/wp\/v2\/posts\/14737\/revisions\/14752"}],"wp:attachment":[{"href":"https:\/\/lemotdujour.fr\/index.php?rest_route=%2Fwp%2Fv2%2Fmedia&parent=14737"}],"wp:term":[{"taxonomy":"category","embeddable":true,"href":"https:\/\/lemotdujour.fr\/index.php?rest_route=%2Fwp%2Fv2%2Fcategories&post=14737"},{"taxonomy":"post_tag","embeddable":true,"href":"https:\/\/lemotdujour.fr\/index.php?rest_route=%2Fwp%2Fv2%2Ftags&post=14737"}],"curies":[{"name":"wp","href":"https:\/\/api.w.org\/{rel}","templated":true}]}}