{"id":14727,"date":"2023-06-14T01:01:25","date_gmt":"2023-06-13T23:01:25","guid":{"rendered":"https:\/\/lemotdujour.fr\/?p=14727"},"modified":"2023-09-04T23:56:40","modified_gmt":"2023-09-04T21:56:40","slug":"mercredi-14-juin-2023","status":"publish","type":"post","link":"https:\/\/lemotdujour.fr\/?p=14727","title":{"rendered":"Mercredi 14 juin 2023"},"content":{"rendered":"<div class=\"mdjTexte\">\u00ab\u00a0Il faut de l&rsquo;apaisement, il faut de la stabilit\u00e9. Il faut r\u00e9tablir des ponts et r\u00e9parer les fractures et ne pas les creuser davantage.\u00a0\u00bb<\/div>\n<div class=\"mdjAuteur\">Fran\u00e7ois Ruffin, d\u00e9put\u00e9 LFI de la Somme, \u00e0 propos de la soci\u00e9t\u00e9 politique fran\u00e7aise<\/div>\n<p><span style=\"color: #777777; font-family: Arial;\"><strong>Fran\u00e7ois Ruffin <\/strong>\u00e9tait l&rsquo;invit\u00e9 de France Info le 1<sup>er<\/sup> juin 2023.<br \/>\n<\/span><\/p>\n<p><span style=\"color: #777777; font-family: Arial;\"><span style=\"color: #0000ff;\">&lt;<\/span><a href=\"https:\/\/www.francetvinfo.fr\/replay-radio\/8h30-fauvelle-dely\/retraites-rn-inflation-presidentielle-2027-ce-qu-il-faut-retenir-de-l-interview-de-francois-ruffin_5829806.html\"><span style=\"color: #0000ff;\">Il r\u00e9pondait aux questions de Marc Fauvelle et Salhia Brakhlia<\/span><\/a><span style=\"color: #0000ff;\">&gt;<\/span>.<br \/>\n<\/span><\/p>\n<p><span style=\"color: #777777; font-family: Arial;\"><img loading=\"lazy\" decoding=\"async\" class=\"wp-image-14731 alignleft\" src=\"https:\/\/lemotdujour.fr\/wp-content\/uploads\/2023\/06\/Francois-Ruffin.png\" alt=\"\" width=\"500\" height=\"314\" srcset=\"https:\/\/lemotdujour.fr\/wp-content\/uploads\/2023\/06\/Francois-Ruffin.png 852w, https:\/\/lemotdujour.fr\/wp-content\/uploads\/2023\/06\/Francois-Ruffin-300x188.png 300w, https:\/\/lemotdujour.fr\/wp-content\/uploads\/2023\/06\/Francois-Ruffin-768x482.png 768w\" sizes=\"auto, (max-width: 500px) 100vw, 500px\" \/>A une des questions, il a r\u00e9pondu\u00a0:<br \/>\n<\/span><\/p>\n<p style=\"margin-left: 28pt;\"><span style=\"color: #c00000; font-family: Arial;\">\u00ab\u00a0Pour moi, le c\u0153ur du sujet, c&rsquo;est le travail, c&rsquo;est le partage des richesses, c&rsquo;est la d\u00e9mocratie. On a une soci\u00e9t\u00e9 profond\u00e9ment fractur\u00e9e en France. Le r\u00e9sultat des derni\u00e8res \u00e9lections n&rsquo;est pas le fruit du hasard (&#8230;.) <\/span><\/p>\n<p style=\"margin-left: 28pt;\"><span style=\"color: #c00000; font-family: Arial;\">Dans ce climat de tension, d&rsquo;\u00e9puisement des esprits, il faut de l&rsquo;apaisement, de la stabilit\u00e9\u00a0\u00bb.<br \/>\n<\/span><\/p>\n<p><span style=\"color: #777777; font-family: Arial;\">En tout cas, c&rsquo;est ainsi que l&rsquo;a r\u00e9sum\u00e9 <strong>Jean Leymarie<\/strong> dans son \u00ab\u00a0<strong>Billet Politique<\/strong>\u00a0\u00bb\u00a0: <span style=\"color: #0000ff;\">&lt;<a style=\"color: #0000ff;\" href=\"https:\/\/www.radiofrance.fr\/franceculture\/podcasts\/le-billet-politique\/le-billet-politique-du-lundi-05-juin-2023-9245024\">La gauche a-t-elle le sens du progr\u00e8s ?<\/a>&gt;<\/span><br \/>\n<\/span><\/p>\n<p><span style=\"color: #777777; font-family: Arial;\">Quelle \u00e9tait la question\u00a0?<br \/>\n<\/span><\/p>\n<p><span style=\"color: #777777; font-family: Arial;\">La question \u00e9tait de savoir s&rsquo;il \u00e9tait prioritaire pour la Gauche, dans l&rsquo;hypoth\u00e8se o\u00f9 elle arrivait au pouvoir, de voter une loi pour permettre \u00e0 des jeunes de 16 ans de changer de genre, sans l&rsquo;accord de leurs parents ?<br \/>\n<\/span><\/p>\n<p><span style=\"color: #777777; font-family: Arial;\">Ce d\u00e9bat avait divis\u00e9 la gauche espagnole. Le parti PODEMOS l&rsquo;a impos\u00e9 et une Loi espagnole le permet d\u00e9sormais.<br \/>\n<\/span><\/p>\n<p><span style=\"color: #777777; font-family: Arial;\">Pour \u00eatre le plus pr\u00e9cis possible je cite \u00ab\u00a0<strong>Le Monde<\/strong>\u00a0\u00bb du &lt;<a href=\"https:\/\/www.lemonde.fr\/international\/article\/2023\/02\/16\/l-espagne-adopte-une-loi-permettant-de-changer-librement-de-genre-des-16-ans_6162092_3210.html\"><span style=\"color: #0000ff;\">16\/02\/2023<\/span><\/a>&gt;<br \/>\n<\/span><\/p>\n<p style=\"margin-left: 28pt;\"><span style=\"color: #c00000; font-family: Arial;\">\u00ab\u00a0Les d\u00e9put\u00e9s espagnols ont adopt\u00e9 d\u00e9finitivement, jeudi 16 f\u00e9vrier 2023, une loi permettant de changer librement de genre d\u00e8s 16 ans. Cheval de bataille du parti de gauche radicale Podemos, alli\u00e9 des socialistes au sein du gouvernement de Pedro S\u00e1nchez, cette loi dite \u00ab transgenre \u00bb permet aux personnes qui le souhaitent de faire changer leur genre sur leurs papiers d&rsquo;identit\u00e9 via une simple d\u00e9claration administrative d\u00e8s l&rsquo;\u00e2ge de 16 ans.<br \/>\n<\/span><\/p>\n<p style=\"margin-left: 28pt;\"><span style=\"color: #c00000; font-family: Arial;\">Il ne sera donc plus n\u00e9cessaire de fournir des rapports m\u00e9dicaux attestant d&rsquo;une dysphorie de genre et des preuves d&rsquo;un traitement hormonal suivi durant deux ans, comme c&rsquo;\u00e9tait le cas jusqu&rsquo;ici pour les personnes majeures. Le texte \u2013 adopt\u00e9 par 191 voix contre 60 et 91 abstentions \u2013 \u00e9tend \u00e9galement ce droit aux 14-16 ans, \u00e0 condition qu&rsquo;ils soient accompagn\u00e9s dans la proc\u00e9dure par leurs tuteurs l\u00e9gaux, ainsi qu&rsquo;aux 12-14 ans, s&rsquo;ils obtiennent le feu vert de la justice.\u00a0\u00bb<br \/>\n<\/span><\/p>\n<p><span style=\"color: #777777; font-family: Arial;\">Donc pour Fran\u00e7ois Ruffin, cette \u00e9volution l\u00e9gislative ne doit pas constituer une priorit\u00e9 pour la Gauche.<br \/>\n<\/span><\/p>\n<p><span style=\"color: #777777; font-family: Arial;\">Mais en disant cela, il s&rsquo;oppose frontalement \u00e0 <strong>Jean-Luc M\u00e9lenchon<\/strong> qui souhaite inscrire la possibilit\u00e9 de changer de genre dans la Constitution.<br \/>\n<\/span><\/p>\n<p><span style=\"color: #777777; font-family: Arial;\">D\u00e8s lors, les \u00ab\u00a0Insoumis\u00a0\u00bb, au moins celles et ceux qui s&rsquo;expriment ont vivement critiqu\u00e9 Fran\u00e7ois Ruffin.<br \/>\n<\/span><\/p>\n<p><span style=\"color: #777777; font-family: Arial;\">&lt;<a href=\"https:\/\/www.francetvinfo.fr\/societe\/lgbt\/je-dois-progresser-francois-ruffin-repond-aux-critiques-apres-une-sortie-polemique-sur-les-droits-lgbt_5863658.html\"><span style=\"color: #0000ff;\">France Info<\/span><\/a>&gt; rapporte\u00a0:<br \/>\n<\/span><\/p>\n<p style=\"margin-left: 28pt;\"><span style=\"color: #c00000; font-family: Arial;\">\u00ab\u00a0Une fois l&rsquo;extrait diffus\u00e9 sur le compte Twitter de franceinfo, les premi\u00e8res critiques fusent. Quelques heures plus tard, le compte \u00ab\u00a0Le coin des LGBT+\u00a0\u00bb, aux pr\u00e8s de 48 000 abonn\u00e9s, relaye la vid\u00e9o, assorti de ce commentaire : \u00ab\u00a0Fran\u00e7ois Ruffin ne veut pas d&rsquo;une loi permettant de changer plus facilement sa mention de genre car il faut &lsquo;de l&rsquo;apaisement&rsquo; pour que son parti acc\u00e8de au pouvoir\u00a0\u00bb.<br \/>\n<\/span><\/p>\n<p style=\"margin-left: 28pt;\"><span style=\"color: #c00000; font-family: Arial;\">Dans la foul\u00e9e, Fran\u00e7ois Ruffin se voit critiqu\u00e9 par ses pairs, sur le m\u00eame r\u00e9seau social. \u00ab\u00a0Ce n&rsquo;est en rien une position de La France insoumise ni du groupe parlementaire\u00a0\u00bb, recadre la d\u00e9put\u00e9e Sophia Chikirou, proche de Jean-Luc M\u00e9lenchon. \u00ab\u00a0Ce propos, en ce jour, est au mieux maladroit, au pire une faute politique\u00a0\u00bb, cingle-t-elle. [\u2026]<br \/>\n<\/span><\/p>\n<p style=\"margin-left: 28pt;\"><span style=\"color: #c00000; font-family: Arial;\">Dans un tweet, le d\u00e9put\u00e9 LFI Antoine L\u00e9aument rappelle que le programme de son parti pr\u00e9voit de \u00ab\u00a0garantir le droit au changement de la mention du sexe \u00e0 l&rsquo;\u00e9tat civil, librement et gratuitement devant un officier d&rsquo;\u00e9tat civil, sans condition m\u00e9dicale\u00a0\u00bb<br \/>\n<\/span><\/p>\n<p><span style=\"color: #777777; font-family: Arial;\">Si bien que Fran\u00e7ois Ruffin se sent oblig\u00e9 de faire marche arri\u00e8re :<br \/>\n<\/span><\/p>\n<p><span style=\"color: #777777; font-family: Arial;\">Il twitte :<br \/>\n<\/span><\/p>\n<p style=\"margin-left: 28pt;\"><span style=\"color: #c00000; font-family: Arial;\">\u00ab\u00a0Ma r\u00e9ponse sur le genre, \u00e7a va pas\u00a0\u00bb.<br \/>\n<\/span><\/p>\n<p><span style=\"color: #777777; font-family: Arial;\">Puis ajoute :<br \/>\n<\/span><\/p>\n<p style=\"margin-left: 28pt;\"><span style=\"color: #c00000; font-family: Arial;\">\u00ab\u00a0Sur ce sujet [des droits LGBT+] comme sur pas mal d&rsquo;autres, en toute humilit\u00e9, je dois progresser\u00a0\u00bb<br \/>\n<\/span><\/p>\n<p><span style=\"color: #777777; font-family: Arial;\">Cela rappelle furieusement la culture de l&rsquo;autocritique pratiqu\u00e9e dans les partis et r\u00e9gimes communistes d&rsquo;antan.<br \/>\n<\/span><\/p>\n<p><span style=\"color: #777777; font-family: Arial;\">Mais revenons exactement au verbatim de l&rsquo;interview de France Info\u00a0:<br \/>\n<\/span><\/p>\n<p><span style=\"color: #777777; font-family: Arial;\"><strong>Marc Fauvelle<\/strong> contextualise et pose sa question<br \/>\n<\/span><\/p>\n<p style=\"margin-left: 28pt;\"><span style=\"color: #c00000; font-family: Arial;\">\u00ab\u00a0En Espagne, votre alli\u00e9, le parti PODEMOS a pris une claque aux \u00e9lections locales. 3% des voix seulement\u00a0! Certains \u00e9lecteurs ont, semble-t-il, consid\u00e9r\u00e9 que PODEMOS qui gouverne avec les socialistes avait mis en place des lois trop clivantes. Comme par exemple la Loi qui permet de changer librement de genre \u00e0 16 ans, sans l&rsquo;accord des parents. Est-ce que vous feriez la m\u00eame chose en France\u00a0?<br \/>\n<\/span><\/p>\n<p><span style=\"color: #777777; font-family: Arial;\">R\u00e9ponse de Fran\u00e7ois Ruffin\u00a0:<br \/>\n<\/span><\/p>\n<p style=\"margin-left: 28pt;\"><span style=\"color: #c00000; font-family: Arial;\">\u00ab Je vous l&rsquo;ai dit que pour moi le c\u0153ur du sujet, c&rsquo;est le travail, c&rsquo;est le partage des richesses, c&rsquo;est la d\u00e9mocratie. \u00bb<br \/>\n<\/span><\/p>\n<p><span style=\"color: #777777; font-family: Arial;\">Marc Fauvelle\u00a0:<br \/>\n<\/span><\/p>\n<p style=\"margin-left: 28pt;\"><span style=\"color: #c00000; font-family: Arial;\">\u00ab\u00a0Ce n&rsquo;est pas les lois de soci\u00e9t\u00e9\u00a0?\u00a0\u00bb<br \/>\n<\/span><\/p>\n<p><span style=\"color: #777777; font-family: Arial;\">Fran\u00e7ois Ruffin<br \/>\n<\/span><\/p>\n<p style=\"margin-left: 28pt;\"><span style=\"color: #c00000; font-family: Arial;\">\u00ab Je pense qu&rsquo;on a une soci\u00e9t\u00e9 qui est profond\u00e9ment fractur\u00e9e en France. Le r\u00e9sultat des derni\u00e8res \u00e9lections ne sont pas le fruit du hasard.<br \/>\n<\/span><\/p>\n<p style=\"margin-left: 28pt;\"><span style=\"color: #c00000; font-family: Arial;\">Il y a un bloc lib\u00e9ral, central qui s&rsquo;effrite dans la dur\u00e9e, il y a un bloc d&rsquo;extr\u00eame droite, il y a un bloc de gauche. Dans ce climat l\u00e0 de tension, d&rsquo;\u00e9puisement des esprits, qu&rsquo;est-ce qu&rsquo;il faut\u00a0? <strong>Il faut de l&rsquo;apaisement, il faut de la stabilit\u00e9. Il faut r\u00e9tablir des ponts et r\u00e9parer les fractures et ne pas les creuser davantage<\/strong>. Je pense que dans ce cadre-l\u00e0, on ne devra pas faire tout ce qui nous passe par la t\u00eate. Tout ce qu&rsquo;on souhaite. Tout ce qui est peut-\u00eatre, m\u00eame, bon en soi. Mais il faudra chercher les chemins qui permettent de r\u00e9concilier la soci\u00e9t\u00e9.<br \/>\n<\/span><\/p>\n<p><span style=\"color: #777777; font-family: Arial;\">Marc Fauvelle\u00a0:<br \/>\n<\/span><\/p>\n<p style=\"margin-left: 28pt;\"><span style=\"color: #c00000; font-family: Arial;\">\u00ab\u00a0Pas de loi qui fracture la soci\u00e9t\u00e9, cela veut dire par exemple pas de GPA. Pas de Loi sur le genre.<br \/>\n<\/span><\/p>\n<p><span style=\"color: #777777; font-family: Arial;\"> Fran\u00e7ois Ruffin<br \/>\n<\/span><\/p>\n<p style=\"margin-left: 28pt;\"><span style=\"color: #c00000; font-family: Arial;\">\u00ab\u00a0Je ne suis pas personnellement favorable \u00e0 la GPA. Mais je ne crois pas que c&rsquo;est \u00e7a qu&rsquo;on doit placer au c\u0153ur de notre projet. C&rsquo;est clair. Apr\u00e8s il y a des choses sur lesquelles ont peut chercher \u00e0 avancer avec pr\u00e9caution, avec sagesse, il faut avancer avec tendresse, avec compr\u00e9hension \u00e0 l&rsquo;\u00e9gard de l&rsquo;opposition\u00a0\u00bb<br \/>\n<\/span><\/p>\n<p><span style=\"color: #777777; font-family: Arial;\">Marc Fauvelle\u00a0:<br \/>\n<\/span><\/p>\n<p style=\"margin-left: 28pt;\"><span style=\"color: #c00000; font-family: Arial;\">\u00ab\u00a0Si vous \u00e9tiez au pouvoir, vous ne feriez pas la Loi sur la Fin de vie\u00a0?<br \/>\n<\/span><\/p>\n<p><span style=\"color: #777777; font-family: Arial;\">Fran\u00e7ois Ruffin<br \/>\n<\/span><\/p>\n<p style=\"margin-left: 28pt;\"><span style=\"color: #c00000; font-family: Arial;\">\u00ab Si ! En tout cas ouvrir la r\u00e9flexion sur la fin de vie. \u00c9couter les avis des fran\u00e7ais. Demander ce qu&rsquo;ils en pensent. Demander comment ils vivent la fin de vie de leurs parents, comment ils appr\u00e9hendent leur propre fin de vie. Est-ce qu&rsquo;il a des choses \u00e0 am\u00e9nager ? [\u2026] Bien s\u00fbr pour aboutir \u00e0 un texte \u00e0 la fin.<br \/>\n<\/span><\/p>\n<p style=\"margin-left: 28pt;\"><span style=\"color: #c00000; font-family: Arial;\">Je crois qu&rsquo;il y a des tas de sujets o\u00f9 on peu chercher\u2026Emmanuel Macron fait des Lois qui reposent su 1\/3 ou 1\/4 des fran\u00e7ais. Ben non, il faut chercher les 2\/3 ou le 3\/4 des fran\u00e7ais pour avancer avec l&rsquo;ensemble de la soci\u00e9t\u00e9.<br \/>\n<\/span><\/p>\n<p style=\"margin-left: 28pt;\"><span style=\"color: #c00000; font-family: Arial;\">Je crois qu&rsquo;il y a un sujet sur lequel la soci\u00e9t\u00e9 recule depuis 40 ans, c&rsquo;est le travail, \u00e0 cause de la mondialisation.<br \/>\n<\/span><\/p>\n<p style=\"margin-left: 28pt;\"><span style=\"color: #c00000; font-family: Arial;\">Je veux aussi qu&rsquo;on montre tout ce sur quoi la soci\u00e9t\u00e9, elle avance. Elle avance avec des limites. Mais la reconnaissance de l&rsquo;homosexualit\u00e9, elle a avanc\u00e9. Les lois sur le Handicap, \u00e7a a avanc\u00e9. La place des femmes dans la soci\u00e9t\u00e9 \u00e7a a avanc\u00e9. M\u00eame des choses comme la s\u00e9curit\u00e9 routi\u00e8re \u00e7a a avanc\u00e9.<br \/>\n<\/span><\/p>\n<p style=\"margin-left: 28pt;\"><span style=\"color: #c00000; font-family: Arial;\">Je ne veux qu&rsquo;on ait une vision sur ce qui se passe en France depuis 40 ou 50 ans comme \u00e9tant une r\u00e9gression sur tous les points.\u00a0\u00bb<br \/>\n<\/span><\/p>\n<p><span style=\"color: #777777; font-family: Arial;\">Et il dit encore que la Gauche doit rassurer, parler \u00e0 toute la soci\u00e9t\u00e9 et ne pas imposer une humiliation et ne pas m\u00e9priser ceux qu&rsquo;elle ne convainc pas.<br \/>\n<\/span><\/p>\n<p><span style=\"color: #777777; font-family: Arial;\">Je dois dire que je suis d&rsquo;accord sur tous ces points avec Fran\u00e7ois Ruffin.<br \/>\n<\/span><\/p>\n<p><span style=\"color: #777777; font-family: Arial;\">Je veux dire que je suis d&rsquo;accord avec la version originale pas celle de l&rsquo;auto-critique.<br \/>\n<\/span><\/p>\n<p><span style=\"color: #777777; font-family: Arial;\">Une majorit\u00e9 de fran\u00e7ais a vot\u00e9 Emmanuel Macron pour faire barrage \u00e0 Le Pen. Mais, lui avait mis pour priorit\u00e9 une Loi brutale et non n\u00e9gociable sur la retraite.<br \/>\n<\/span><\/p>\n<p><span style=\"color: #777777; font-family: Arial;\">Il ne faudrait pas que les fran\u00e7ais votent pour la Gauche pour plus de justice sociale, une am\u00e9lioration de la vie au travail, un programme \u00e9cologique plus offensif et structur\u00e9 et qu&rsquo;au final la priorit\u00e9 soit la Loi sur le genre.<br \/>\n<\/span><\/p>\n<p><span style=\"color: #777777; font-family: Arial;\">Je pense d&rsquo;ailleurs que ce type de projet servirait de repoussoir pour beaucoup de fran\u00e7ais.<br \/>\n<\/span><\/p>\n<p><span style=\"color: #777777; font-family: Arial;\">Au fond, je suis plein de doutes. <\/span><span style=\"color: #777777; font-family: Arial;\">Je pense \u00e0 l&rsquo;\u00ab l&rsquo;homo deus \u00bb de <strong>Yuval Noah Harari.<\/strong><br \/>\n<\/span><\/p>\n<p><span style=\"color: #777777; font-family: Arial;\">L&rsquo;individualisme pouss\u00e9 \u00e0 l&rsquo;extr\u00eame ! L&rsquo;individu doit pouvoir tout choisir, m\u00eame son genre et son sexe. Rien ne saurait lui \u00eatre oppos\u00e9 comme limite ou contrainte.<br \/>\n<\/span><\/p>\n<p><span style=\"color: #777777; font-family: Arial;\">Est-ce ainsi qu&rsquo;on peut faire soci\u00e9t\u00e9\u00a0?<br \/>\n<\/span><\/p>\n<p><span style=\"color: #777777; font-family: Arial;\">Or, il faut faire soci\u00e9t\u00e9, si on veut pouvoir faire face aux d\u00e9fis qui sont l\u00e0.<br \/>\n<\/span><\/p>\n<p><span style=\"color: #777777; font-family: Arial;\">Et plus encore pour pouvoir faire vivre un \u00c9tat social, il faut faire soci\u00e9t\u00e9, une assembl\u00e9e d&rsquo;individus ne le permet pas.<br \/>\n<\/span><\/p>\n<p><span style=\"color: #777777; font-family: Arial;\">Dans le mot du jour du &lt;<span style=\"color: #0000ff;\"><a style=\"color: #0000ff;\" href=\"https:\/\/lemotdujour.fr\/?p=820\">12 septembre 2014<\/a><\/span>&gt; j&rsquo;avais cit\u00e9 Emile Durkheim<br \/>\n<\/span><\/p>\n<p style=\"margin-left: 28pt;\"><span style=\"color: #c00000; font-family: Arial;\">\u00ab Pour que les hommes se reconnaissent et se garantissent mutuellement des droits, ils faut qu&rsquo;ils s&rsquo;aiment et que pour une raison quelconque ils tiennent les uns aux autres et \u00e0 une m\u00eame soci\u00e9t\u00e9 dont ils fassent partie. \u00bb<br \/>\n<\/span><\/p>\n<p><span style=\"color: #777777; font-family: Arial;\">C&rsquo;est pourquoi le propos de Fran\u00e7ois Ruffin : il vaut chercher \u00e0 avancer avec l&rsquo;ensemble de la soci\u00e9t\u00e9, me parait tr\u00e8s sage.<br \/>\n<\/span><\/p>\n<p><span style=\"color: #777777; font-family: Arial;\">Jean Leymarie finit son billet politique par cette conclusion\u00a0:<br \/>\n<\/span><\/p>\n<p style=\"margin-left: 28pt;\"><span style=\"color: #c00000; font-family: Arial;\">\u00ab\u00a0Quels \u00ab\u00a0progr\u00e8s\u00a0\u00bb la gauche veut-elle porter ? Que consid\u00e8re-t-elle comme un \u00ab\u00a0progr\u00e8s\u00a0\u00bb, d&rsquo;ailleurs ? Des mesures soci\u00e9tales, bien s\u00fbr &#8211; depuis quelques ann\u00e9es, elle les met beaucoup en avant. Mais est-ce que \u00e7a suffit ? Il y a dix ans, le mariage pour tous, d\u00e9fendu par Fran\u00e7ois Hollande, \u00e9tait une mesure d&rsquo;\u00e9galit\u00e9. Un progr\u00e8s, largement admis aujourd&rsquo;hui, y compris \u00e0 droite. Ce progr\u00e8s n&rsquo;a pas emp\u00each\u00e9 la d\u00e9sillusion de nombreux \u00e9lecteurs, en tout cas de ceux qui voulaient d&rsquo;abord des mesures sur le travail, sur la fiscalit\u00e9.<br \/>\n<\/span><\/p>\n<p style=\"margin-left: 28pt;\"><span style=\"color: #c00000; font-family: Arial;\">Finalement, quels sont les marqueurs de la gauche ? Ceux qui feront revenir ses \u00e9lecteurs perdus ? Une grande partie d&rsquo;entre eux &#8211; des ouvriers, des employ\u00e9s notamment &#8211; r\u00e9clame plus de justice sociale. \u00c7a ne signifie pas que la gauche doit balayer tout le reste. Mais si elle veut convaincre, et si elle veut s&rsquo;unir, il faudra qu&rsquo;elle soit claire. Elle doit choisir ses combats.\u00a0\u00bb<br \/>\n<\/span><\/p>\n<p><span style=\"color: #c00000; font-family: Arial;\">&lt;1751&gt;<\/span><\/p>\n","protected":false},"excerpt":{"rendered":"<p>\u00ab\u00a0Il faut de l&rsquo;apaisement, il faut de la stabilit\u00e9. Il faut r\u00e9tablir des ponts et r\u00e9parer les fractures et ne pas les creuser davantage.\u00a0\u00bb Fran\u00e7ois Ruffin, d\u00e9put\u00e9 LFI de la Somme, \u00e0 propos de la soci\u00e9t\u00e9 politique fran\u00e7aise Fran\u00e7ois Ruffin<\/p>\n","protected":false},"author":1,"featured_media":0,"comment_status":"open","ping_status":"closed","sticky":false,"template":"","format":"standard","meta":{"footnotes":""},"categories":[1],"tags":[15,3,76],"class_list":["post-14727","post","type-post","status-publish","format-standard","hentry","category-motdujour","tag-france","tag-politique","tag-social"],"_links":{"self":[{"href":"https:\/\/lemotdujour.fr\/index.php?rest_route=\/wp\/v2\/posts\/14727","targetHints":{"allow":["GET"]}}],"collection":[{"href":"https:\/\/lemotdujour.fr\/index.php?rest_route=\/wp\/v2\/posts"}],"about":[{"href":"https:\/\/lemotdujour.fr\/index.php?rest_route=\/wp\/v2\/types\/post"}],"author":[{"embeddable":true,"href":"https:\/\/lemotdujour.fr\/index.php?rest_route=\/wp\/v2\/users\/1"}],"replies":[{"embeddable":true,"href":"https:\/\/lemotdujour.fr\/index.php?rest_route=%2Fwp%2Fv2%2Fcomments&post=14727"}],"version-history":[{"count":5,"href":"https:\/\/lemotdujour.fr\/index.php?rest_route=\/wp\/v2\/posts\/14727\/revisions"}],"predecessor-version":[{"id":14733,"href":"https:\/\/lemotdujour.fr\/index.php?rest_route=\/wp\/v2\/posts\/14727\/revisions\/14733"}],"wp:attachment":[{"href":"https:\/\/lemotdujour.fr\/index.php?rest_route=%2Fwp%2Fv2%2Fmedia&parent=14727"}],"wp:term":[{"taxonomy":"category","embeddable":true,"href":"https:\/\/lemotdujour.fr\/index.php?rest_route=%2Fwp%2Fv2%2Fcategories&post=14727"},{"taxonomy":"post_tag","embeddable":true,"href":"https:\/\/lemotdujour.fr\/index.php?rest_route=%2Fwp%2Fv2%2Ftags&post=14727"}],"curies":[{"name":"wp","href":"https:\/\/api.w.org\/{rel}","templated":true}]}}