{"id":1472,"date":"2016-10-26T02:00:00","date_gmt":"2016-10-25T22:00:00","guid":{"rendered":"http:\/\/lemotdujour.fr\/?p=1472"},"modified":"2017-05-08T13:29:32","modified_gmt":"2017-05-08T11:29:32","slug":"mercredi-26102016","status":"publish","type":"post","link":"https:\/\/lemotdujour.fr\/?p=1472","title":{"rendered":"Mercredi 26\/10\/2016"},"content":{"rendered":"<div class=\"mdjDate\">Mercredi 26\/10\/2016<\/div>\n<div class=\"mdjTexte\">\u00abFran\u00e7ois Mitterrand\u00bb<\/div>\n<div class=\"mdjAuteur\">(26\/10\/1916 &#8211; 08\/01\/1996)<\/div>\n<div class=\"mdjComplements\">Fran\u00e7ois Maurice Adrien Marie Mitterrand est n\u00e9 le 26 octobre 1916 \u00e0 Jarnac, il y a 100 ans.<\/div>\n<div class=\"mdjComplements\">Jarnac est une ville du d\u00e9partement de Charente, situ\u00e9e sur la rive droite du fleuve Charente, entre Angoul\u00eame et Cognac et qui comptait en 2013, 4 449 habitants.<\/div>\n<div class=\"mdjComplements\">Mais le nom de Jarnac est surtout connu en raison de l&rsquo;expression \u00ab coup de Jarnac \u00bb qui d\u00e9signe un coup violent, habile et impr\u00e9vu. Il a pris une connotation de coup d\u00e9loyal ou pernicieux, qui n&rsquo;existait pas \u00e0 l&rsquo;origine.<\/div>\n<div class=\"mdjComplements\">Car dans son sens premier et d\u2019escrime, il s\u2019agit d\u2019un coup \u00e0 l\u2019arri\u00e8re du genou ou de la cuisse, rendu c\u00e9l\u00e8bre par Guy Chabot de Jarnac, qui le porte lors d&rsquo;un duel judiciaire en 1547.<\/div>\n<div class=\"mdjComplements\">Vous trouverez, <a href=\"http:\/\/www.ville-de-jarnac.fr\/decouvrir-jarnac\/histoire-et-patrimoine\/le-coup-de-jarnac\/\">sur le site<\/a> de la ville de Jarnac, une explication d\u00e9taill\u00e9e et historique dans laquelle les habitants de Jarnac tente de dissocier le nom de \u00abJarnac\u00bb de l&rsquo;adjectif  \u00abd\u00e9loyaut\u00e9\u00bb.<\/div>\n<div class=\"mdjComplements\">Toujours est-il que Fran\u00e7ois Mitterrand est n\u00e9 jarnacais, qu&rsquo;il a toujours conserv\u00e9 des liens \u00e9troits avec sa ville natale et qu<a href=\"http:\/\/www.agoravox.fr\/tribune-libre\/article\/francois-mitterrand-et-le-mont-16515\">&lsquo;\u00e0 la fin de quelques tergiversations<\/a>, il d\u00e9cida d&rsquo;y retourner pour sa derni\u00e8re demeure.<\/div>\n<div class=\"mdjComplements\">Si je ne me soumets pas \u00e0 un profond et exigeant\u00a0travail intellectuel, \u00e0 l&rsquo;appel de la raison la plus objective, je tombe tout naturellement dans un r\u00e9quisitoire \u00e0 charge qui d\u00e9nonce le d\u00e9magogue, l&rsquo;homme assoiff\u00e9 de pouvoir, aux relations sulfureuses.<\/div>\n<div class=\"mdjComplements\">En 1981, plein d&rsquo;espoir, j&rsquo;ai vot\u00e9 pour celui qui disait et \u00e9crivait : <\/div>\n<div class=\"mdjComplements\"> \u00abLa droite n&rsquo;a qu&rsquo;une ambition c&rsquo;est de conserver le pouvoir, moi je n&rsquo;ai qu&rsquo;un objectif vous le rendre\u00bb, \u00abL&rsquo;Europe sera sociale ou ne sera pas\u00bb<\/div>\n<div class=\"mdjComplements\">Son programme \u00e9conomique de 1981, notamment les nationalisations \u00e0 100%, d\u00e9nonc\u00e9es par Michel Rocard, a \u00e9t\u00e9 une absurdit\u00e9. Il a d&rsquo;ailleurs d\u00fb y renoncer en 1983, sans l&rsquo;assumer et sans l&rsquo;expliquer.<\/div>\n<div class=\"mdjComplements\">Il nous a entra\u00een\u00e9s dans une course \u00e0 l&rsquo;abime, en dissolvant la France dans une Europe du march\u00e9 concurrentiel sans limite, sans structure, sans pouvoir politique, et \u00e9largie sans cesse vers de nouveaux entrants sans que les r\u00e8gles de prise de d\u00e9cision n&rsquo;aient \u00e9t\u00e9 adapt\u00e9es \u00e0 cette nouvelle configuration.<\/div>\n<div class=\"mdjComplements\">Il a pens\u00e9 que l&rsquo;Euro serait une arme qui permettrait \u00e0 la France de contraindre l&rsquo;Allemagne, alors que c&rsquo;est  exactement le contraire. L&rsquo;Euro est configur\u00e9 sur le mod\u00e8le du Mark en harmonie avec le grand pays industriel, compos\u00e9 d&rsquo;une population vieillissante et renti\u00e8re, l&rsquo;Allemagne.<\/div>\n<div class=\"mdjComplements\">L&rsquo;Euro est avant tout une contrainte pour un pays ayant une jeunesse beaucoup plus vigoureuse et un tissu industriel beaucoup moins puissant que son voisin germanique.<\/div>\n<div class=\"mdjComplements\">Il a d\u00e9cid\u00e9 de la retraite \u00e0 60 ans, v\u00e9cu certes par ceux qui ont en b\u00e9n\u00e9fici\u00e9 comme un magnifique cadeau, mais qui dans cette extraordinaire et bienheureuse explosion de l&rsquo;esp\u00e9rance de\u00a0 vie des humains\u00a0 et dans un\u00a0 contexte de syst\u00e8me de retraite par r\u00e9partition constituait un acte irresponsable contre notre jeunesse et son avenir.<\/div>\n<div class=\"mdjComplements\">Il a aussi accompagn\u00e9 la d\u00e9rive de l&rsquo;individualisme : <\/div>\n<div class=\"mdjComplements\">\u00abMoi, moi seul et tout de suite\u00bb ce que R\u00e9gis Debray qualifie du \u00abtout \u00e0 l&rsquo;ego\u00bb au d\u00e9pens du \u00abnous\u00bb, de ce qui fait soci\u00e9t\u00e9 et pr\u00e9pare l&rsquo;avenir.<\/div>\n<div class=\"mdjComplements\">Dans un des premiers mots du jour, celui du 27 novembre 2012, je rapportais des propos priv\u00e9s que\u00a0Jean-Pierre Chev\u00e8nement citait dans son livre \u00ab\u00a0La France est-elle finie\u00a0\u00bb et que Mitterrand lui avait tenu en 1979 <\/div>\n<div class=\"mdjCiter\">\u00abJe ne pense pas qu&rsquo;aujourd&rsquo;hui, \u00e0 notre \u00e9poque, la France puisse faire autre chose, h\u00e9las, que passer \u00e0 travers les gouttes\u00bb. <\/div>\n<div class=\"mdjComplements\">C&rsquo;\u00e9tait le propos lucide d&rsquo;un homme politique habile et d\u00e9magogue qui en public magnifiait la grandeur de la France et qui en priv\u00e9 n&rsquo;y croyait pas.<\/div>\n<div class=\"mdjComplements\">Ce \u00e0 quoi il croyait c&rsquo;est au pouvoir. Il restera dans le livre des records comme le Pr\u00e9sident de la R\u00e9publique \u00e9tant rest\u00e9 le plus longtemps dans ses fonctions, deux septennats. Personne ne pourra le d\u00e9passer d\u00e9sormais, puisque le quinquennat a remplac\u00e9 le septennat et que le nombre de mandats est limit\u00e9 \u00e0 deux.<\/div>\n<div class=\"mdjComplements\">Et puis il y eut toute cette boue au cours de sa carri\u00e8re, ses d\u00e9buts dans l&rsquo;extr\u00eame droite, son attitude ambig\u00fce au d\u00e9but de r\u00e9gime de Vichy, des amiti\u00e9s coupables avec des criminels de cette \u00e9poque comme Ren\u00e9 Bousquet, son manque de clairvoyance lors de la guerre d&rsquo;Alg\u00e9rie, son approbation active dans l\u2019ex\u00e9cution des condamn\u00e9s \u00e0 mort alg\u00e9rien.<\/div>\n<div class=\"mdjComplements\">Et encore son attitude versatile \u00e0 l&rsquo;\u00e9gard de la 5\u00e8me r\u00e9publique, \u00e9crivant un pamphlet flamboyant contre elle &lt;<a href=\"https:\/\/fr.wikipedia.org\/wiki\/Le_Coup_d%27%C3%89tat_permanent\">Le coup d&rsquo;\u00e9tat permanent<\/a>&gt; et d\u00e8s qu&rsquo;il est parvenu, apr\u00e8s 3 tentatives, \u00e0 s&rsquo;installer sur le tr\u00f4ne de ce r\u00e9gime honni, il s&rsquo;y est plu et a profit\u00e9 de toutes les manettes que lui donnait ce r\u00e9gime qu&rsquo;il d\u00e9non\u00e7ait.<\/div>\n<div class=\"mdjComplements\">Il a utilis\u00e9, pour prot\u00e9ger sa vie priv\u00e9e, des outils r\u00e9galiens r\u00e9serv\u00e9s pour l&rsquo;int\u00e9r\u00eat sup\u00e9rieur de l&rsquo;Etat et notamment fait \u00e9couter des dizaines de fran\u00e7aises et de fran\u00e7ais, en toute ill\u00e9galit\u00e9.<\/div>\n<div class=\"mdjComplements\">Dans la plupart des pays \u00e9quivalents, ces man\u0153uvres auraient \u00e9t\u00e9 d\u00e9nonc\u00e9es et conduit \u00e0 sa destitution. Mais la France n&rsquo;est pas le pays des droits de l&rsquo;homme &#8230; La France est un pays monarchique qui croit en le pouvoir d&rsquo;un homme et qui continue \u00e0 y croire en profondeur, alors que m\u00eame tout prouve que cela est devenu absolument contre-productif.<\/div>\n<div class=\"mdjComplements\">Jean d&rsquo;Ormesson l&rsquo;a d\u00e9crit de la mani\u00e8re suivante : \u00abc&rsquo;est un homme qui avait un rapport complexe avec la v\u00e9rit\u00e9\u00bb.<\/div>\n<div class=\"mdjComplements\">Finalement ce qui le caract\u00e9riserait avant tout, dans son combat politique ce serait ce mot d&rsquo;ordre : \u00ab l&rsquo;essentiel c&rsquo;est de durer\u00bb.<\/div>\n<div class=\"mdjComplements\">Voil\u00e0 ce que j&rsquo;\u00e9crirais si je me laissais aller.<\/div>\n<div class=\"mdjComplements\">Mais tu l&rsquo;as \u00e9crit !<\/div>\n<div class=\"mdjComplements\">Oui &#8230;<\/div>\n<div class=\"mdjComplements\">Je me suis laiss\u00e9 aller.<\/div>\n<div class=\"mdjComplements\">Mais depuis nous avons eu d&rsquo;autres pr\u00e9sidents de la R\u00e9publique et d&rsquo;autres discours, et d&rsquo;autres attitudes&#8230;<\/div>\n<div class=\"mdjComplements\">Et alors, quand on lit les discours de Mitterrand, qu&rsquo;on lit ses livres ou qu&rsquo;on \u00e9coute ou lit ses interviews, la comparaison est accablante.<\/div>\n<div class=\"mdjComplements\">C&rsquo;\u00e9tait un homme de culture, de profondeur, d&rsquo;esprit.<\/div>\n<div class=\"mdjComplements\">On dit Fran\u00e7ois Hollande tr\u00e8s intelligent. Probablement, mais ce n&rsquo;est pas l&rsquo;intelligence de Mitterrand.<\/div>\n<div class=\"mdjComplements\">Et malgr\u00e9 toutes mes r\u00e9ticences et critiques, si je peux me nourrir intellectuellement dans l&rsquo;expression de l&rsquo;intelligence de Mitterrand, je n&rsquo;y arrive pas avec l&rsquo;intelligence du pr\u00e9sident actuel.<\/div>\n<div class=\"mdjComplements\">Lorsque Fran\u00e7ois Mitterrand annon\u00e7a \u00e0 tous son cancer de la prostate en 1992,<a href=\"http:\/\/www.ina.fr\/video\/CAB92052609\"> il eut cette phrase<\/a> : \u00abDans la hi\u00e9rarchie des choses agr\u00e9ables, \u00e7a ne vient pas en premier rang, c&rsquo;est un combat honorable \u00e0 mener contre soi-m\u00eame.\u00bb<\/div>\n<div class=\"mdjComplements\"> \u00abUn combat honorable\u00bb ce fut l&rsquo;expression que j&rsquo;ai utilis\u00e9e, quand j&rsquo;ai eu \u00e0 annoncer \u00e0 mes coll\u00e8gues de travail que j&rsquo;allais devoir m&rsquo;absenter, quelques temps, pour cette m\u00eame raison qui tourmenta Fran\u00e7ois Mitterrand \u00e0 la fin de son existence.<\/div>\n<div class=\"mdjComplements\">Dans ce type de circonstance, on devient brusquement moins critique.<\/div>\n<div class=\"mdjComplements\">Et quand on regarde cette \u00e9mission, <a href=\"https:\/\/www.youtube.com\/watch?v=YJ0hNuDUMV8\">Mitterrand face \u00e0 la mort<\/a>, on ne peut \u00eatre que saisi par la profondeur et la richesse du personnage. Il y aussi ce t\u00e9moignage de gens simples du Morvan o\u00f9 il avait \u00e9t\u00e9 si longtemps d\u00e9put\u00e9 et qui l&rsquo;avait aid\u00e9 et soutenu pendant ses premi\u00e8res ann\u00e9es et \u00e0 qui il envoyait pendant toute sa pr\u00e9sidence et au cours de ses voyages des cartes \u00e9crites de sa main avec des pens\u00e9es amicales, car cet homme rus\u00e9 et manipulateur \u00e9tait aussi fid\u00e8le en amiti\u00e9 et capable de gestes gratuits simplement par reconnaissance et fid\u00e9lit\u00e9.<\/div>\n<div class=\"mdjComplements\">C&rsquo;\u00e9tait un homme de culture et d&rsquo;Histoire. Ses discours sont des moments habit\u00e9s o\u00f9 le verbe se fait chair et la technocratie n&rsquo;a pas sa place.<\/div>\n<div class=\"mdjComplements\">Son dernier discours des v\u0153ux le 31 d\u00e9cembre 1994 : <\/div>\n<div class=\"mdjCiter\">\u00ab L&rsquo;an prochain, ce sera mon successeur qui vous exprimera ses v\u0153ux. L\u00e0 o\u00f9 je serai, je l&rsquo;\u00e9couterai le c\u0153ur plein de reconnaissance pour le peuple fran\u00e7ais qui m&rsquo;aura si longtemps confi\u00e9 son destin et plein d&rsquo;espoir en vous. Je crois aux forces de l&rsquo;esprit et je ne vous quitterai pas. Je forme ce soir des v\u0153ux pour vous tous en m&rsquo;adressant d&rsquo;abord \u00e0 ceux qui souffrent, \u00e0 ceux qui sont seuls, \u00e0 ceux qui sont loin de chez eux. Bonne ann\u00e9e et longue vie. Vive la R\u00e9publique. Vive la France\u00bb<\/div>\n<div class=\"mdjComplements\">Il y a aussi <a href=\"https:\/\/www.youtube.com\/watch?v=b5HasW8HJiY\">ce dernier discours<\/a> au Parlement europ\u00e9en o\u00f9 on voit son \u00e9tat de sant\u00e9 fragile et pourtant son message reste plein de force et fascine son auditoire : \u00abLe nationalisme c&rsquo;est la guerre !\u00bb<\/div>\n<div class=\"mdjComplements\">Et il y aussi <a href=\"https:\/\/www.youtube.com\/watch?v=0qhUclYnJJM\">cet entretien<\/a> o\u00f9 il se livre \u00e0 Jean-Pierre Elkabbach en septembre 1994 et o\u00f9 il parle de son parcours, de l&rsquo;influence de son milieu et de son \u00e9ducation et aussi de ses relations avec Vichy.<\/div>\n<div class=\"mdjComplements\">R\u00e9cemment j&rsquo;ai entendu, lors de l&rsquo;\u00e9mission de France Inter consacr\u00e9 au livre d&rsquo;entretiens de Fran\u00e7ois Hollande avec deux journalistes, que le pr\u00e9sident actuel se sentait parfois bien seul dans le palais de l&rsquo;Elys\u00e9e et qu&rsquo;il passait certaines de ses soir\u00e9es avec un plateau repas devant les chaines d&rsquo;info, devant des chaines d&rsquo;info ! Fran\u00e7ois Mitterrand, dans la m\u00eame situation se serait r\u00e9fugi\u00e9 dans la lecture, car les livres le nourrissaient et lui donnaient sa consistance et sa force. C&rsquo;est Piketty qui dit : les hommes politiques d&rsquo;aujourd&rsquo;hui ne lisent plus.<\/div>\n<div class=\"mdjComplements\">Que dire encore ?<\/div>\n<div class=\"mdjComplements\">Probablement parler des lettres \u00e0 Anne, je le ferai demain.\u200b<\/div>\n","protected":false},"excerpt":{"rendered":"<p>Mercredi 26\/10\/2016 \u00abFran\u00e7ois Mitterrand\u00bb (26\/10\/1916 &#8211; 08\/01\/1996) Fran\u00e7ois Maurice Adrien Marie Mitterrand est n\u00e9 le 26 octobre 1916 \u00e0 Jarnac, il y a 100 ans. Jarnac est une ville du d\u00e9partement de Charente, situ\u00e9e sur la rive droite du fleuve<\/p>\n","protected":false},"author":1,"featured_media":0,"comment_status":"closed","ping_status":"closed","sticky":false,"template":"","format":"standard","meta":{"footnotes":""},"categories":[1],"tags":[],"class_list":["post-1472","post","type-post","status-publish","format-standard","hentry","category-motdujour"],"_links":{"self":[{"href":"https:\/\/lemotdujour.fr\/index.php?rest_route=\/wp\/v2\/posts\/1472","targetHints":{"allow":["GET"]}}],"collection":[{"href":"https:\/\/lemotdujour.fr\/index.php?rest_route=\/wp\/v2\/posts"}],"about":[{"href":"https:\/\/lemotdujour.fr\/index.php?rest_route=\/wp\/v2\/types\/post"}],"author":[{"embeddable":true,"href":"https:\/\/lemotdujour.fr\/index.php?rest_route=\/wp\/v2\/users\/1"}],"replies":[{"embeddable":true,"href":"https:\/\/lemotdujour.fr\/index.php?rest_route=%2Fwp%2Fv2%2Fcomments&post=1472"}],"version-history":[{"count":1,"href":"https:\/\/lemotdujour.fr\/index.php?rest_route=\/wp\/v2\/posts\/1472\/revisions"}],"predecessor-version":[{"id":1473,"href":"https:\/\/lemotdujour.fr\/index.php?rest_route=\/wp\/v2\/posts\/1472\/revisions\/1473"}],"wp:attachment":[{"href":"https:\/\/lemotdujour.fr\/index.php?rest_route=%2Fwp%2Fv2%2Fmedia&parent=1472"}],"wp:term":[{"taxonomy":"category","embeddable":true,"href":"https:\/\/lemotdujour.fr\/index.php?rest_route=%2Fwp%2Fv2%2Fcategories&post=1472"},{"taxonomy":"post_tag","embeddable":true,"href":"https:\/\/lemotdujour.fr\/index.php?rest_route=%2Fwp%2Fv2%2Ftags&post=1472"}],"curies":[{"name":"wp","href":"https:\/\/api.w.org\/{rel}","templated":true}]}}