{"id":14712,"date":"2023-06-08T00:01:00","date_gmt":"2023-06-07T22:01:00","guid":{"rendered":"https:\/\/lemotdujour.fr\/?p=14712"},"modified":"2023-06-09T21:18:00","modified_gmt":"2023-06-09T19:18:00","slug":"vendredi-9-juin-2023","status":"publish","type":"post","link":"https:\/\/lemotdujour.fr\/?p=14712","title":{"rendered":"Vendredi 9 juin 2023"},"content":{"rendered":"<div class=\"mdjTexte\">\u00ab\u00a0Sans le dire, sans en d\u00e9battre, les pays industriels ont \u00ab choisi \u00bb la croissance et le r\u00e9chauffement, et s&rsquo;en sont remis \u00e0 l&rsquo;adaptation.\u00a0\u00bb<\/div>\n<div class=\"mdjAuteur\">Jean-Baptiste Fressoz<\/div>\n<p><span style=\"color: #777777; font-family: Arial;\">La Statue de la Libert\u00e9 est entour\u00e9e d&rsquo;une brume due aux incendies de for\u00eat qui font rage dans les provinces canadiennes du Qu\u00e9bec et de la Nouvelle-\u00c9cosse \u00e0 plus de 1000 km de New York.<br \/>\n<\/span><\/p>\n<p><img loading=\"lazy\" decoding=\"async\" class=\"alignleft\" src=\"https:\/\/lemotdujour.fr\/wp-content\/uploads\/2023\/06\/060823_0756_Vendredi9ju1.jpg\" alt=\"\" width=\"458\" height=\"305\" align=\"left\" \/><span style=\"color: #777777; font-family: Arial;\">C&rsquo;est une photo qu&rsquo;on peut voir sur le site de la grande cha\u00eene de t\u00e9l\u00e9vision am\u00e9ricaine &lt;<\/span><span style=\"font-family: Arial; color: #0000ff;\"><a style=\"color: #0000ff;\" href=\"https:\/\/www.nbcnews.com\/news\/us-news\/photos-show-new-york-haze-canadian-wildfire-smoke-rcna88071\">NBC<\/a><\/span><span style=\"color: #777777; font-family: Arial;\">&gt;.<br \/>\n<\/span><\/p>\n<p><span style=\"color: #777777; font-family: Arial;\">Cette cha\u00eene pr\u00e9cise que les autorit\u00e9s de l&rsquo;\u00c9tat de New York ont d\u00e9clar\u00e9 plusieurs zones, dont la r\u00e9gion m\u00e9tropolitaine de New York et Long Island, comme ayant une qualit\u00e9 de l&rsquo;air \u00ab\u00a0malsaine pour les groupes sensibles\u00a0\u00bb.<br \/>\n<\/span><\/p>\n<p><span style=\"color: #777777; font-family: Arial;\">Plus personne ne conteste que le nombre et l&rsquo;importance de ces \u00ab m\u00e9ga-feux \u00bb sont la cons\u00e9quence directe du r\u00e9chauffement climatique.<br \/>\n<\/span><\/p>\n<p><span style=\"color: #777777; font-family: Arial;\">Une v\u00e9g\u00e9tation s\u00e8che, des records de temp\u00e9ratures et des vents puissants : cette accumulation de ph\u00e9nom\u00e8nes m\u00e9t\u00e9orologiques explique ces feux de for\u00eats d&rsquo;une ampleur in\u00e9dite.<br \/>\n<\/span><\/p>\n<p><img loading=\"lazy\" decoding=\"async\" class=\"alignright\" src=\"https:\/\/lemotdujour.fr\/wp-content\/uploads\/2023\/06\/060823_0756_Vendredi9ju2.jpg\" alt=\"\" width=\"538\" height=\"266\" align=\"left\" \/><span style=\"color: #777777; font-family: Arial;\">Dans un article du 8 juin \u00ab\u00a0L&rsquo;OBS\u00a0\u00bb parle \u00ab\u00a0<span style=\"color: #0000ff;\"><a style=\"color: #0000ff;\" href=\"https:\/\/www.nouvelobs.com\/ecologie\/20230608.OBS74246\/le-quebec-touche-par-des-incendies-jamais-vus-au-canada.html\">d&rsquo;incendie jamais vus\u00a0<\/a><\/span>\u00bb<br \/>\n<\/span><\/p>\n<p><span style=\"color: #777777; font-family: Arial;\">Et cite la porte-parole de la Maison Blanche <strong>Karine Jean-Pierre, <\/strong>mercredi,<br \/>\n<\/span><\/p>\n<p style=\"margin-left: 28pt;\"><span style=\"color: #c00000; font-family: Arial;\">\u00ab\u00a0Cet \u00e9v\u00e9nement est \u00ab un autre signe inqui\u00e9tant de la mani\u00e8re dont la crise climatique affecte nos vies \u00bb.<br \/>\n<\/span><\/p>\n<p><span style=\"color: #777777; font-family: Arial;\">M\u00eame la Pr\u00e9sidence des \u00c9tats-Unis, encore faut il que ce ne soit pas Trump ou un de ses affid\u00e9s qui occupent le bureau ovale, reconnait d\u00e9sormais ce fait<br \/>\n<\/span><\/p>\n<p><span style=\"color: #777777; font-family: Arial;\">Simultan\u00e9ment, nous avons appris que selon les scientifiques, Il est trop tard pour sauver la banquise estivale de l&rsquo;Arctique.<br \/>\n<\/span><\/p>\n<p><span style=\"color: #777777; font-family: Arial;\">En hiver, jusqu&rsquo;\u00e0 pr\u00e9sent elle atteignait son maximum en mars et couvrait la quasi-totalit\u00e9 de l&rsquo;oc\u00e9an Arctique, soit plus de 15,5 millions de kilom\u00e8tres carr\u00e9s.<br \/>\n<\/span><\/p>\n<p><span style=\"color: #777777; font-family: Arial;\"><a href=\"https:\/\/reporterre.net\/Finie-la-glace-en-Arctique-en-septembre-des-2030\" data-wplink-edit=\"true\"><img loading=\"lazy\" decoding=\"async\" class=\"wp-image-14717 alignleft\" src=\"https:\/\/lemotdujour.fr\/wp-content\/uploads\/2023\/06\/Fin-de-la-glace-en-Arctique.jpg\" alt=\"\" width=\"482\" height=\"322\" srcset=\"https:\/\/lemotdujour.fr\/wp-content\/uploads\/2023\/06\/Fin-de-la-glace-en-Arctique.jpg 725w, https:\/\/lemotdujour.fr\/wp-content\/uploads\/2023\/06\/Fin-de-la-glace-en-Arctique-300x200.jpg 300w\" sizes=\"auto, (max-width: 482px) 100vw, 482px\" \/><\/a>Des \u00e9t\u00e9s sans glace en Arctique semblent d\u00e9sormais in\u00e9vitables, m\u00eame avec de fortes r\u00e9ductions des \u00e9missions de gaz \u00e0 effet de serre, estiment plusieurs scientifiques dans une \u00e9tude publi\u00e9e dans la revue \u00ab Nature Communications \u00bb.<br \/>\n<\/span><\/p>\n<p><span style=\"color: #777777; font-family: Arial;\">&lt;<a href=\"https:\/\/www.ouest-france.fr\/environnement\/rechauffement-climatique\/il-est-trop-tard-pour-sauver-la-banquise-estivale-de-larctique-alertent-des-scientifiques-e54aa2ce-0505-11ee-bbc6-e146b6805f8d\"><span style=\"color: #0000ff;\">Ouest France<\/span><\/a>&gt; cite <strong>Dirk Notz<\/strong> de l&rsquo;universit\u00e9 de Hambourg, co-auteur de cette \u00e9tude sur les glaces de mer de l&rsquo;Arctique :<br \/>\n<\/span><\/p>\n<p style=\"margin-left: 28pt;\"><span style=\"color: #c00000; font-family: Arial;\">\u00ab Les scientifiques ont alert\u00e9 sur cette disparition pendant des d\u00e9cennies et c&rsquo;est triste de voir que ces mises en garde n&rsquo;ont pour l&rsquo;essentiel pas \u00e9t\u00e9 \u00e9cout\u00e9es. Maintenant, c&rsquo;est trop tard. \u00bb<br \/>\n<\/span><\/p>\n<p><span style=\"color: #777777; font-family: Arial;\">\u00ab\u00a0Le Monde\u00a0\u00bb a publi\u00e9 le 7 juin\u00a0: &lt;<a href=\"https:\/\/www.lemonde.fr\/planete\/article\/2023\/06\/07\/l-arctique-pourrait-etre-prive-de-banquise-en-ete-des-les-annees-2030_6176584_3244.html\"><span style=\"color: #0000ff;\">L&rsquo;Arctique pourrait \u00eatre priv\u00e9 de banquise en \u00e9t\u00e9 d\u00e8s les ann\u00e9es 2030<\/span><\/a>&gt; et cite un autre co-auteur de cet article\u00a0: <strong>Seung-Ki Min<\/strong>, des universit\u00e9s sud-cor\u00e9ennes de Pohang et Yonsei\u00a0:<br \/>\n<\/span><\/p>\n<p style=\"margin-left: 28pt;\"><span style=\"color: #c00000; font-family: Arial;\">\u00ab\u00a0La disparition de la glace \u00ab acc\u00e9l\u00e9rera le r\u00e9chauffement arctique, ce qui peut augmenter les \u00e9v\u00e9nements m\u00e9t\u00e9orologiques extr\u00eames aux latitudes moyennes, comme les canicules et les feux de for\u00eats \u00bb.<br \/>\n<\/span><\/p>\n<p><span style=\"color: #777777; font-family: Arial;\">Dans ce contexte, j&rsquo;ai lu avec d&rsquo;autant plus d&rsquo;attention l&rsquo;article de <strong>Jean-Baptiste Fressoz, h<\/strong>istorien et chercheur au CNRS, publi\u00e9 le 7 juin par \u00ab\u00a0Le Monde\u00a0\u00bb : \u00ab <a href=\"https:\/\/www.lemonde.fr\/idees\/article\/2023\/06\/07\/les-pays-industriels-ont-choisi-la-croissance-et-le-rechauffement-climatique-et-s-en-sont-remis-a-l-adaptation_6176573_3232.html\"><span style=\"color: #0000ff;\">Les pays industriels ont \u00abchoisi\u00bb la croissance et le r\u00e9chauffement climatique, et s&rsquo;en sont remis \u00e0 l&rsquo;adaptation<\/span><\/a> \u00bb<br \/>\n<\/span><\/p>\n<p><span style=\"color: #777777; font-family: Arial;\">Jean-Baptiste Fressoz explique que d\u00e8s la fin des ann\u00e9es 1970, les gouvernements des pays industriels, constatant l&rsquo;in\u00e9luctabilit\u00e9 du r\u00e9chauffement, ont d\u00e9lib\u00e9r\u00e9ment poursuivi leurs activit\u00e9s polluantes quitte \u00e0 s&rsquo;adapter \u00e0 leurs effets sur le climat.<br \/>\n<\/span><\/p>\n<p><span style=\"color: #777777; font-family: Arial;\">J&rsquo;avais d\u00e9j\u00e0 \u00e9voqu\u00e9 lors du &lt;<a href=\"https:\/\/lemotdujour.fr\/?p=14617\"><span style=\"color: #0000ff;\">mot du jour du 9 mai<\/span><\/a>&gt; que le gouvernement avait engag\u00e9 une r\u00e9flexion sur les possibilit\u00e9s de s&rsquo;adapter \u00e0 un r\u00e9chauffement \u00e0 4\u00b0C \u00e0 la fin du si\u00e8cle.<br \/>\n<\/span><\/p>\n<p><span style=\"color: #777777; font-family: Arial;\">Jean-Baptiste Fressoz s&rsquo;insurge contre la th\u00e8se que cette id\u00e9e de s&rsquo;adapter soit nouvelle :<br \/>\n<\/span><\/p>\n<p style=\"margin-left: 28pt;\"><span style=\"color: #c00000; font-family: Arial;\">\u00ab\u00a0Mais feindre la surprise donne l&rsquo;impression d&rsquo;avoir essay\u00e9 : l&rsquo;adaptation serait donc le r\u00e9sultat d&rsquo;un \u00e9chec, celui de nos efforts de transition. Or, ce r\u00e9cit moralement r\u00e9confortant est une fable. En r\u00e9alit\u00e9, l&rsquo;adaptation a \u00e9t\u00e9 tr\u00e8s t\u00f4t choisie comme la strat\u00e9gie optimale.\u00a0\u00bb<br \/>\n<\/span><\/p>\n<p><span style=\"color: #777777; font-family: Arial;\">Et il cite un groupe de r\u00e9flexion d&rsquo;origine militaire proche de la Maison Blanche qui d\u00e8s <strong>novembre 1976<\/strong>, il y a pr\u00e8s de 50 ans, organisait un congr\u00e8s intitul\u00e9 \u00ab Living with Climate Change : Phase II \u00bb. Dans le pr\u00e9ambule du rapport qu&rsquo;ils avaient produit alors, il consid\u00e9rait le r\u00e9chauffement comme inexorable.<br \/>\n<\/span><\/p>\n<p><span style=\"color: #777777; font-family: Arial;\">Et il cite encore\u00a0:<br \/>\n<\/span><\/p>\n<p style=\"margin-left: 28pt;\"><span style=\"color: #c00000; font-family: Arial;\">\u00ab\u00a0En 1983, le rapport \u00ab Changing Climate \u00bb de l&rsquo;Acad\u00e9mie des sciences am\u00e9ricaine [\u2026] Le dernier chapitre reconnaissait l&rsquo;impact du r\u00e9chauffement sur l&rsquo;agriculture, mais comme son poids dans l&rsquo;\u00e9conomie nationale \u00e9tait faible, cela n&rsquo;avait pas grande importance. Concernant les \u00ab zones affect\u00e9es de mani\u00e8re catastrophique \u00bb, leur sacrifice \u00e9tait n\u00e9cessaire pour ne pas entraver la croissance du reste du pays, m\u00eame s&rsquo;il faudra probablement les d\u00e9dommager.\u00a0\u00bb<br \/>\n<\/span><\/p>\n<p><span style=\"color: #777777; font-family: Arial;\">M\u00eame Margareth Thatcher s&rsquo;\u00e9tait int\u00e9ress\u00e9\u00a0\u00bb au sujet tout en baissant les bras\u00a0:<br \/>\n<\/span><\/p>\n<p style=\"margin-left: 28pt;\"><span style=\"color: #c00000; font-family: Arial;\">\u00ab\u00a0Au Royaume-Uni, un s\u00e9minaire gouvernemental d&rsquo;avril 1989 exprimait \u00e9galement bien ce point de vue. La premi\u00e8re ministre Margaret Thatcher (1979-1990) avait demand\u00e9 \u00e0 son gouvernement d&rsquo;identifier les moyens de r\u00e9duire les \u00e9missions. Les r\u00e9ponses vont toutes dans le m\u00eame sens : inutile de se lancer dans une bataille perdue d&rsquo;avance. On pourrait certes am\u00e9liorer l&rsquo;efficacit\u00e9 des v\u00e9hicules, mais les gains seraient probablement annihil\u00e9s par ce que les \u00e9conomistes d\u00e9finissent comme les \u00ab effets rebonds \u00bb.<br \/>\n<\/span><\/p>\n<p><span style=\"color: #777777; font-family: Arial;\">Ce qui am\u00e8ne Jean-Baptiste Fressoz \u00e0 cette conclusion\u00a0:<br \/>\n<\/span><\/p>\n<p style=\"margin-left: 28pt;\"><span style=\"color: #c00000; font-family: Arial;\">\u00ab\u00a0Sans le dire, sans en d\u00e9battre, les pays industriels ont \u00ab choisi \u00bb la croissance et le r\u00e9chauffement, et s&rsquo;en sont remis \u00e0 l&rsquo;adaptation. Cette r\u00e9signation n&rsquo;a jamais \u00e9t\u00e9 explicit\u00e9e, les populations n&rsquo;ont pas \u00e9t\u00e9 consult\u00e9es, surtout celles qui en seront et en sont d\u00e9j\u00e0 les victimes.\u00a0\u00bb<br \/>\n<\/span><\/p>\n<p><span style=\"color: #777777; font-family: Arial;\">Jean-Baptiste Fressoz \u00e9tait aussi l&rsquo;invit\u00e9 des matins de France Culture du 8 juin 2023 consacr\u00e9 \u00e0 ce groupe de militants \u00e9cologiques r\u00e9volt\u00e9s par l&rsquo;inaction des d\u00e9cideurs\u00a0: <a href=\"https:\/\/www.radiofrance.fr\/franceculture\/podcasts\/l-invite-e-des-matins\/les-soulevements-de-la-terre-nouvelles-tetes-pensantes-de-l-ecologie-politique-7450490\"><span style=\"color: #0000ff;\">\u00ab\u00a0Les Soul\u00e8vements de la terre \u00a0<\/span><\/a><span style=\"color: #0000ff;\">\u00bb<\/span><br \/>\n<\/span><\/p>\n<p><span style=\"color: #777777; font-family: Arial;\">Ces militants pensent que seules les actions d&rsquo;\u00e9clat, voire la violence permet que l&rsquo;on parle des sujets essentiels qui concernent la vie d&rsquo;homo sapiens sur terre.<br \/>\n<\/span><\/p>\n<p><span style=\"color: #777777; font-family: Arial;\">Et il est vrai qu&rsquo;avant cela je n&rsquo;avais pas beaucoup entendu parler de la captation de la ressource en eau dans des mega-bassines destin\u00e9es pour l&rsquo;essentiel \u00e0 aider \u00e0 produire du ma\u00efs pour nourrir du b\u00e9tail destin\u00e9 \u00e0 l&rsquo;exportation.<br \/>\n<\/span><\/p>\n<p><span style=\"color: #777777; font-family: Arial;\">Alors qu&rsquo;est ce qui est le plus juste ? Parler d&rsquo;\u00ab \u00e9coterrorisme \u00bb ou d&rsquo;\u00ab \u00e9cocide \u00bb ?<br \/>\n<\/span><\/p>\n<p><span style=\"color: #777777; font-family: Arial;\">Ce qui apparait assez clairement c&rsquo;est que les d\u00e9cideurs continuent \u00e0 vouloir faire perdurer le syst\u00e8me \u00e9conomique et agricole qui nous a conduit dans cette situation. Les \u00ab m\u00e9gas bassines \u00bb ne sont qu&rsquo;un exemple parmi d&rsquo;autres de l&rsquo;ent\u00eatement et de cette strat\u00e9gie qui consiste \u00e0 penser que nous arriverons bien \u00e0 nous adapter.<br \/>\n<\/span><\/p>\n<p><span style=\"color: #777777; font-family: Arial;\">Mais les d\u00e9cideurs ne sont pas seuls en cause.<br \/>\n<\/span><\/p>\n<p><span style=\"color: #777777; font-family: Arial;\">Savez vous que par exemple <strong>Jean-Marc Jancovici<\/strong> qui r\u00e9fl\u00e9chit et calcule, a donn\u00e9 comme indication que si on voulait conserver un r\u00e9chauffement climatique \u00ab raisonnable \u00bb \u00e0 2\u00b0C (<em>mais est ce raisonnable ?<\/em>) concernant les vols en avion, avec le syst\u00e8me \u00e9nerg\u00e9tique actuel de l&rsquo;aviation, il fallait qu&rsquo;en moyenne chaque \u00eatre humain ne d\u00e9passe <strong>pas 4 vols d&rsquo;avion dans sa vie<\/strong>. Ce chiffre pour donner une vision de l&rsquo;exigence \u00e9cologique.<br \/>\n<\/span><\/p>\n<p><span style=\"color: #777777; font-family: Arial;\">Alors on parle d&rsquo;\u00e9cologie punitive\u00a0!<br \/>\n<\/span><\/p>\n<p><span style=\"color: #777777; font-family: Arial;\">Mais sommes-nous conscients de ce qui est en train de nous arriver\u00a0?<br \/>\n<\/span><\/p>\n<p><span style=\"color: #777777; font-family: Arial;\">Sommes-nous pr\u00eats \u00e0 nous adapter \u00e0 cette situation\u00a0?<br \/>\n<\/span><\/p>\n<p><span style=\"color: #777777; font-family: Arial;\">Ne serait-il pas plus raisonnable d&rsquo;essayer de la limiter au maximum\u00a0?<br \/>\n<\/span><\/p>\n<p><span style=\"color: #777777; font-family: Arial;\">Dans ce cas il faut vraiment interroger la croissance.<br \/>\n<\/span><\/p>\n<p><span style=\"color: #777777; font-family: Arial;\">Mais pour ce faire, je crois qu&rsquo;aucune \u00e9volution ne sera possible si nous ne parvenons pas \u00e0 diminuer les in\u00e9galit\u00e9s et l&rsquo;injustice de la r\u00e9partition des richesses dans ce monde.<br \/>\n<\/span><\/p>\n<p><span style=\"color: #777777; font-family: Arial;\">Et c&rsquo;est bien les riches qui, dans ce cadre l\u00e0, doivent faire le plus d&rsquo;efforts. Je parle des tr\u00e8s riches \u00e9videmment, mais aussi de nous, membres de la classe moyenne des pays occidentaux qui sommes riches par rapport \u00e0 la moyenne mondiale.<br \/>\n<\/span><\/p>\n<p><span style=\"color: #777777; font-family: Arial;\">Sinon, on peut consid\u00e9rer que c&rsquo;est d&rsquo;abord aux autres \u00e0 faire les efforts et continuer comme avant avec cette supplique de Madame du Barry\u00a0:<br \/>\n<\/span><\/p>\n<p style=\"margin-left: 28pt;\"><span style=\"color: #c00000; font-family: Arial;\">\u00ab Encore un instant Monsieur le Bourreau \u00bb.<br \/>\n<\/span><\/p>\n<p><span style=\"color: #777777; font-family: Arial;\">Pour finir cette autre photo de New York, le Washington Bridge, publi\u00e9 par le &lt;<span style=\"color: #0000ff;\"><a style=\"color: #0000ff;\" href=\"https:\/\/www.ft.com\/content\/57f950ef-1110-4080-9324-903454770f5e\">Financial Times<\/a><\/span>&gt; le 8 juin 2023<br \/>\n<\/span><\/p>\n<p><img decoding=\"async\" src=\"https:\/\/lemotdujour.fr\/wp-content\/uploads\/2023\/06\/060823_0756_Vendredi9ju3.jpg\" alt=\"\" \/><span style=\"color: #777777; font-family: Arial;\"><br \/>\n<\/span><\/p>\n<p><span style=\"color: #c00000; font-family: Arial;\">&lt;1750&gt;<\/span><\/p>\n","protected":false},"excerpt":{"rendered":"<p>\u00ab\u00a0Sans le dire, sans en d\u00e9battre, les pays industriels ont \u00ab choisi \u00bb la croissance et le r\u00e9chauffement, et s&rsquo;en sont remis \u00e0 l&rsquo;adaptation.\u00a0\u00bb Jean-Baptiste Fressoz La Statue de la Libert\u00e9 est entour\u00e9e d&rsquo;une brume due aux incendies de for\u00eat<\/p>\n","protected":false},"author":1,"featured_media":0,"comment_status":"open","ping_status":"closed","sticky":false,"template":"","format":"standard","meta":{"footnotes":""},"categories":[1],"tags":[43,10,54],"class_list":["post-14712","post","type-post","status-publish","format-standard","hentry","category-motdujour","tag-ecologie","tag-economie","tag-humanisme"],"_links":{"self":[{"href":"https:\/\/lemotdujour.fr\/index.php?rest_route=\/wp\/v2\/posts\/14712","targetHints":{"allow":["GET"]}}],"collection":[{"href":"https:\/\/lemotdujour.fr\/index.php?rest_route=\/wp\/v2\/posts"}],"about":[{"href":"https:\/\/lemotdujour.fr\/index.php?rest_route=\/wp\/v2\/types\/post"}],"author":[{"embeddable":true,"href":"https:\/\/lemotdujour.fr\/index.php?rest_route=\/wp\/v2\/users\/1"}],"replies":[{"embeddable":true,"href":"https:\/\/lemotdujour.fr\/index.php?rest_route=%2Fwp%2Fv2%2Fcomments&post=14712"}],"version-history":[{"count":8,"href":"https:\/\/lemotdujour.fr\/index.php?rest_route=\/wp\/v2\/posts\/14712\/revisions"}],"predecessor-version":[{"id":14726,"href":"https:\/\/lemotdujour.fr\/index.php?rest_route=\/wp\/v2\/posts\/14712\/revisions\/14726"}],"wp:attachment":[{"href":"https:\/\/lemotdujour.fr\/index.php?rest_route=%2Fwp%2Fv2%2Fmedia&parent=14712"}],"wp:term":[{"taxonomy":"category","embeddable":true,"href":"https:\/\/lemotdujour.fr\/index.php?rest_route=%2Fwp%2Fv2%2Fcategories&post=14712"},{"taxonomy":"post_tag","embeddable":true,"href":"https:\/\/lemotdujour.fr\/index.php?rest_route=%2Fwp%2Fv2%2Ftags&post=14712"}],"curies":[{"name":"wp","href":"https:\/\/api.w.org\/{rel}","templated":true}]}}